{"id":13685,"date":"2025-03-30T07:37:00","date_gmt":"2025-03-30T10:37:00","guid":{"rendered":"https:\/\/treslineasnoticias.com.ar\/?p=13685"},"modified":"2025-03-30T11:52:05","modified_gmt":"2025-03-30T14:52:05","slug":"importadores-se-llevaron-us10-000-millones-en-20-dias-y-se-recalienta-la-inflacion-a-la-espera-del-fmi","status":"publish","type":"post","link":"https:\/\/treslineasnoticias.com.ar\/?p=13685","title":{"rendered":"Importadores se llevaron u$s10.000 millones en 20 d\u00edas y se recalienta la inflaci\u00f3n a la espera del FMI"},"content":{"rendered":"\n<p><strong>En solo 20 d\u00edas duplicaron las compras de febrero, la deuda externa privada amenaza al Banco Central en medio de la incertidumbre y la volatilidad ya se traslada a los precios: a las constructoras les llegaron listas nuevas con aumentos de dos d\u00edgitos.<\/strong> (N. de la R.: para que se entienda \u00abLa deuda comercial externa es la <strong>deuda que contraen empresas y particulares de un pa\u00eds<\/strong> con entidades extranjeras\u00bb, ahora saca tus propias conclusiones a donde van a ir los fondos del FMI).<\/p>\n\n\n\n<figure class=\"wp-block-image size-full is-resized\"><img loading=\"lazy\" decoding=\"async\" width=\"730\" height=\"416\" src=\"http:\/\/treslineasnoticias.com.ar\/wp-content\/uploads\/2025\/03\/whatsapp-image-2025-03-29-at-183124jpeg.webp\" alt=\"\" class=\"wp-image-13687\" style=\"width:840px;height:auto\" srcset=\"https:\/\/treslineasnoticias.com.ar\/wp-content\/uploads\/2025\/03\/whatsapp-image-2025-03-29-at-183124jpeg.webp 730w, https:\/\/treslineasnoticias.com.ar\/wp-content\/uploads\/2025\/03\/whatsapp-image-2025-03-29-at-183124jpeg-300x171.webp 300w\" sizes=\"auto, (max-width: 730px) 100vw, 730px\" \/><\/figure>\n\n\n\n<p>La confirmaci\u00f3n de que el nuevo programa con el Fondo Monetario Internacional ser\u00e1 de u$s 20.000 millones no alcanz\u00f3 para revertir la incertidumbre. Un consultor del sector financiero le dijo a un portal de noticias que se puso en marcha el \u201cefecto anti carry trade\u201d: <strong>los importadores se llevaron u$s10.000 millones en 20 d\u00edas, mientras los exportadores relajan el ritmo de liquidaci\u00f3n<\/strong>. El cambio en las expectativas lleg\u00f3 a los precios, la inflaci\u00f3n se aceler\u00f3 en marzo y en la construcci\u00f3n, que ya tiene costos alt\u00edsimos, volvieron las remarcaciones de dos d\u00edgitos.<\/p>\n\n\n\n<p>El Gobierno puso en dudas su estricta regla cambiaria. Lo hizo el ministro de Econom\u00eda Luis Caputo el 18 de marzo en una entrevista televisiva. A partir de ese momento comenz\u00f3 lo que un reconocido consultor le defini\u00f3 a este medio como el \u201cefecto anti carry trade\u201d.<\/p>\n\n\n\n<p>El economista de la city que prefiri\u00f3 guardar el anonimato lo puso de esta forma: \u201cAnte la duda, los importadores tratan de adelantar sus pagos, mientras los exportadores esperan y se financian en pesos\u201d. El fen\u00f3meno explica en gran parte que el Banco Central haya tenido que vender m\u00e1s de u$s1.6000 millones en las \u00faltimas diez ruedas.<\/p>\n\n\n\n<p>El efecto \u201canti carry trade\u201d tom\u00f3 una velocidad considerable. Los importadores pasaron de pagar u$s5.794 millones en todo el mes de febrero a m\u00e1s de u$s9.695 en los \u00faltimos 20 d\u00edas, seg\u00fan datos de Eco GO. Mientras que, tal como anticip\u00f3 \u00c1mbito, las liquidaciones de los agroexportadores cayeron de unos u$s120 millones diarios a unos u$s80 millones.<\/p>\n\n\n\n<p><strong>Se recalienta la inflaci\u00f3n<br><\/strong>Como es habitual en la Argentina, la volatilidad se traduce en incrementos de precios. Al margen de que marzo es un mes con alta estacionalidad, pr\u00e1cticamente todos los monitores de precios detectaron una aceleraci\u00f3n en el proceso inflacionario con respecto a febrero y particularmente un salto relevante en consumo masivo.<\/p>\n\n\n\n<p>Seg\u00fan un relevamiento de LCG la inflaci\u00f3n de alimentos en la tercera semana de marzo fue de 2,4% y se transform\u00f3 en la variaci\u00f3n m\u00e1s alta en un a\u00f1o. El repunte lleg\u00f3 justo a la par de que se despertaron los d\u00f3lares paralelos. Un cl\u00e1sico. Para el nivel general, la medici\u00f3n de PxQ estima que el \u00edndice de precios al consumidor de este mes cerrar\u00e1 en torno al 2,9%.<\/p>\n\n\n\n<p>Malas noticias para el Gobierno que tiene a la baja de la inflaci\u00f3n como su principal activo electoral. Para m\u00e1s, las listas nuevas llegaron a los Whatsapp de los empresarios de la construcci\u00f3n que arrancar\u00e1n la semana con un incremento del 13% en los ladrillos, que ya hab\u00edan subido un 80%.<\/p>\n\n\n\n<p>La construcci\u00f3n est\u00e1 car\u00edsima en d\u00f3lares. Unos u$s1.500 el metro cuadrado sin contar el terreno. Subi\u00f3 entre un 50% y un 60% en moneda extranjera desde 2023, mientras que los precios de venta con suerte se movieron un 10%. Con estas condiciones, muchos empresarios est\u00e1n meditando sus decisiones de inversi\u00f3n en un sector empleo intensivo.<\/p>\n\n\n\n<p><strong>La otra amenaza<br><\/strong>El efecto \u201canti carry trade\u201d tambi\u00e9n amenaza a los cr\u00e9ditos en d\u00f3lares del sector privado. El mecanismo que us\u00f3 el Banco Central durante los \u00faltimos meses para acumular d\u00f3lares. Desde octubre el stock se increment\u00f3 en u$s7.000 millones hasta los u$s13.000 millones seg\u00fan datos de Eco Go.<\/p>\n\n\n\n<p>Pero hay m\u00e1s potenciales problemas: la deuda privada comercial. PxQ lo puso en cifras: u$s27.400 millones con fecha de vencimiento entre 0 y 3 meses, tal como cont\u00f3 un portal de noticias d\u00edas atr\u00e1s. <\/p>\n\n\n\n<p>El informe de la consultora que dirige el exviceministro de Econom\u00eda Emmanuel \u00c1lvarez Agis dice que \u201cestos pasivos crecieron como consecuencia de un esquema cambiario\/monetario que hoy est\u00e1 en dudas\u201d. Ante la consulta de si se podr\u00edan desarmar esas posiciones en caso de que se prolongue, en la city fueron tajantes: \u201cYa estamos ah\u00ed\u201d.<\/p>\n","protected":false},"excerpt":{"rendered":"<p>En solo 20 d\u00edas duplicaron las compras de febrero, la deuda externa privada amenaza al Banco Central en medio de la incertidumbre y la volatilidad ya se traslada a los precios: a las constructoras les llegaron listas nuevas con aumentos de dos d\u00edgitos. (N. de la R.: para que se entienda \u00abLa deuda comercial externa [&hellip;]<\/p>\n","protected":false},"author":3,"featured_media":13686,"comment_status":"open","ping_status":"open","sticky":false,"template":"","format":"standard","meta":{"_jetpack_memberships_contains_paid_content":false,"footnotes":""},"categories":[14,9],"tags":[],"class_list":["post-13685","post","type-post","status-publish","format-standard","has-post-thumbnail","hentry","category-interes-general","category-nacionales"],"yoast_head":"<!-- This site is optimized with the Yoast SEO plugin v24.7 - https:\/\/yoast.com\/wordpress\/plugins\/seo\/ -->\n<title>Importadores se llevaron u$s10.000 millones en 20 d\u00edas y se recalienta la inflaci\u00f3n a la espera del FMI - Tres Lineas Noticias<\/title>\n<meta name=\"robots\" content=\"index, follow, max-snippet:-1, max-image-preview:large, max-video-preview:-1\" \/>\n<link rel=\"canonical\" href=\"https:\/\/treslineasnoticias.com.ar\/?p=13685\" \/>\n<meta property=\"og:locale\" content=\"es_ES\" \/>\n<meta property=\"og:type\" content=\"article\" \/>\n<meta property=\"og:title\" content=\"Importadores se llevaron u$s10.000 millones en 20 d\u00edas y se recalienta la inflaci\u00f3n a la espera del FMI - Tres Lineas Noticias\" \/>\n<meta property=\"og:description\" content=\"En solo 20 d\u00edas duplicaron las compras de febrero, la deuda externa privada amenaza al Banco Central en medio de la incertidumbre y la volatilidad ya se traslada a los precios: a las constructoras les llegaron listas nuevas con aumentos de dos d\u00edgitos. (N. de la R.: para que se entienda \u00abLa deuda comercial externa [&hellip;]\" \/>\n<meta property=\"og:url\" content=\"https:\/\/treslineasnoticias.com.ar\/?p=13685\" \/>\n<meta property=\"og:site_name\" content=\"Tres Lineas Noticias\" \/>\n<meta property=\"article:published_time\" content=\"2025-03-30T10:37:00+00:00\" \/>\n<meta property=\"article:modified_time\" content=\"2025-03-30T14:52:05+00:00\" \/>\n<meta property=\"og:image\" content=\"http:\/\/treslineasnoticias.com.ar\/wp-content\/uploads\/2025\/03\/exportaciones-importaciones-comercio-barcojpg.webp\" \/>\n\t<meta property=\"og:image:width\" content=\"655\" \/>\n\t<meta property=\"og:image:height\" content=\"368\" \/>\n\t<meta property=\"og:image:type\" content=\"image\/webp\" \/>\n<meta name=\"author\" content=\"Horacio L\u00f3pez\" \/>\n<meta name=\"twitter:card\" content=\"summary_large_image\" \/>\n<meta name=\"twitter:label1\" content=\"Escrito por\" \/>\n\t<meta name=\"twitter:data1\" content=\"Horacio L\u00f3pez\" \/>\n\t<meta name=\"twitter:label2\" content=\"Tiempo de lectura\" \/>\n\t<meta name=\"twitter:data2\" content=\"4 minutos\" \/>\n<script type=\"application\/ld+json\" class=\"yoast-schema-graph\">{\"@context\":\"https:\/\/schema.org\",\"@graph\":[{\"@type\":\"WebPage\",\"@id\":\"https:\/\/treslineasnoticias.com.ar\/?p=13685\",\"url\":\"https:\/\/treslineasnoticias.com.ar\/?p=13685\",\"name\":\"Importadores se llevaron u$s10.000 millones en 20 d\u00edas y se recalienta la inflaci\u00f3n a la espera del FMI - Tres Lineas Noticias\",\"isPartOf\":{\"@id\":\"https:\/\/treslineasnoticias.com.ar\/#website\"},\"primaryImageOfPage\":{\"@id\":\"https:\/\/treslineasnoticias.com.ar\/?p=13685#primaryimage\"},\"image\":{\"@id\":\"https:\/\/treslineasnoticias.com.ar\/?p=13685#primaryimage\"},\"thumbnailUrl\":\"https:\/\/treslineasnoticias.com.ar\/wp-content\/uploads\/2025\/03\/exportaciones-importaciones-comercio-barcojpg.webp\",\"datePublished\":\"2025-03-30T10:37:00+00:00\",\"dateModified\":\"2025-03-30T14:52:05+00:00\",\"author\":{\"@id\":\"https:\/\/treslineasnoticias.com.ar\/#\/schema\/person\/c5f7249e50517b84c2379b145ca14895\"},\"breadcrumb\":{\"@id\":\"https:\/\/treslineasnoticias.com.ar\/?p=13685#breadcrumb\"},\"inLanguage\":\"es\",\"potentialAction\":[{\"@type\":\"ReadAction\",\"target\":[\"https:\/\/treslineasnoticias.com.ar\/?p=13685\"]}]},{\"@type\":\"ImageObject\",\"inLanguage\":\"es\",\"@id\":\"https:\/\/treslineasnoticias.com.ar\/?p=13685#primaryimage\",\"url\":\"https:\/\/treslineasnoticias.com.ar\/wp-content\/uploads\/2025\/03\/exportaciones-importaciones-comercio-barcojpg.webp\",\"contentUrl\":\"https:\/\/treslineasnoticias.com.ar\/wp-content\/uploads\/2025\/03\/exportaciones-importaciones-comercio-barcojpg.webp\",\"width\":655,\"height\":368},{\"@type\":\"BreadcrumbList\",\"@id\":\"https:\/\/treslineasnoticias.com.ar\/?p=13685#breadcrumb\",\"itemListElement\":[{\"@type\":\"ListItem\",\"position\":1,\"name\":\"Portada\",\"item\":\"https:\/\/treslineasnoticias.com.ar\/\"},{\"@type\":\"ListItem\",\"position\":2,\"name\":\"Importadores se llevaron u$s10.000 millones en 20 d\u00edas y se recalienta la inflaci\u00f3n a la espera del FMI\"}]},{\"@type\":\"WebSite\",\"@id\":\"https:\/\/treslineasnoticias.com.ar\/#website\",\"url\":\"https:\/\/treslineasnoticias.com.ar\/\",\"name\":\"Tres Lineas Noticias\",\"description\":\"\",\"potentialAction\":[{\"@type\":\"SearchAction\",\"target\":{\"@type\":\"EntryPoint\",\"urlTemplate\":\"https:\/\/treslineasnoticias.com.ar\/?s={search_term_string}\"},\"query-input\":{\"@type\":\"PropertyValueSpecification\",\"valueRequired\":true,\"valueName\":\"search_term_string\"}}],\"inLanguage\":\"es\"},{\"@type\":\"Person\",\"@id\":\"https:\/\/treslineasnoticias.com.ar\/#\/schema\/person\/c5f7249e50517b84c2379b145ca14895\",\"name\":\"Horacio L\u00f3pez\",\"image\":{\"@type\":\"ImageObject\",\"inLanguage\":\"es\",\"@id\":\"https:\/\/treslineasnoticias.com.ar\/#\/schema\/person\/image\/\",\"url\":\"https:\/\/treslineasnoticias.com.ar\/wp-content\/litespeed\/avatar\/ddbec442f0224f940ce000570a0cb216.jpg?ver=1777068930\",\"contentUrl\":\"https:\/\/treslineasnoticias.com.ar\/wp-content\/litespeed\/avatar\/ddbec442f0224f940ce000570a0cb216.jpg?ver=1777068930\",\"caption\":\"Horacio L\u00f3pez\"},\"sameAs\":[\"http:\/\/treslineasnoticias.com.ar\"],\"url\":\"https:\/\/treslineasnoticias.com.ar\/?author=3\"}]}<\/script>\n<!-- \/ Yoast SEO plugin. -->","yoast_head_json":{"title":"Importadores se llevaron u$s10.000 millones en 20 d\u00edas y se recalienta la inflaci\u00f3n a la espera del FMI - Tres Lineas Noticias","robots":{"index":"index","follow":"follow","max-snippet":"max-snippet:-1","max-image-preview":"max-image-preview:large","max-video-preview":"max-video-preview:-1"},"canonical":"https:\/\/treslineasnoticias.com.ar\/?p=13685","og_locale":"es_ES","og_type":"article","og_title":"Importadores se llevaron u$s10.000 millones en 20 d\u00edas y se recalienta la inflaci\u00f3n a la espera del FMI - Tres Lineas Noticias","og_description":"En solo 20 d\u00edas duplicaron las compras de febrero, la deuda externa privada amenaza al Banco Central en medio de la incertidumbre y la volatilidad ya se traslada a los precios: a las constructoras les llegaron listas nuevas con aumentos de dos d\u00edgitos. (N. de la R.: para que se entienda \u00abLa deuda comercial externa [&hellip;]","og_url":"https:\/\/treslineasnoticias.com.ar\/?p=13685","og_site_name":"Tres Lineas Noticias","article_published_time":"2025-03-30T10:37:00+00:00","article_modified_time":"2025-03-30T14:52:05+00:00","og_image":[{"width":655,"height":368,"url":"http:\/\/treslineasnoticias.com.ar\/wp-content\/uploads\/2025\/03\/exportaciones-importaciones-comercio-barcojpg.webp","type":"image\/webp"}],"author":"Horacio L\u00f3pez","twitter_card":"summary_large_image","twitter_misc":{"Escrito por":"Horacio L\u00f3pez","Tiempo de lectura":"4 minutos"},"schema":{"@context":"https:\/\/schema.org","@graph":[{"@type":"WebPage","@id":"https:\/\/treslineasnoticias.com.ar\/?p=13685","url":"https:\/\/treslineasnoticias.com.ar\/?p=13685","name":"Importadores se llevaron u$s10.000 millones en 20 d\u00edas y se recalienta la inflaci\u00f3n a la espera del FMI - Tres Lineas Noticias","isPartOf":{"@id":"https:\/\/treslineasnoticias.com.ar\/#website"},"primaryImageOfPage":{"@id":"https:\/\/treslineasnoticias.com.ar\/?p=13685#primaryimage"},"image":{"@id":"https:\/\/treslineasnoticias.com.ar\/?p=13685#primaryimage"},"thumbnailUrl":"https:\/\/treslineasnoticias.com.ar\/wp-content\/uploads\/2025\/03\/exportaciones-importaciones-comercio-barcojpg.webp","datePublished":"2025-03-30T10:37:00+00:00","dateModified":"2025-03-30T14:52:05+00:00","author":{"@id":"https:\/\/treslineasnoticias.com.ar\/#\/schema\/person\/c5f7249e50517b84c2379b145ca14895"},"breadcrumb":{"@id":"https:\/\/treslineasnoticias.com.ar\/?p=13685#breadcrumb"},"inLanguage":"es","potentialAction":[{"@type":"ReadAction","target":["https:\/\/treslineasnoticias.com.ar\/?p=13685"]}]},{"@type":"ImageObject","inLanguage":"es","@id":"https:\/\/treslineasnoticias.com.ar\/?p=13685#primaryimage","url":"https:\/\/treslineasnoticias.com.ar\/wp-content\/uploads\/2025\/03\/exportaciones-importaciones-comercio-barcojpg.webp","contentUrl":"https:\/\/treslineasnoticias.com.ar\/wp-content\/uploads\/2025\/03\/exportaciones-importaciones-comercio-barcojpg.webp","width":655,"height":368},{"@type":"BreadcrumbList","@id":"https:\/\/treslineasnoticias.com.ar\/?p=13685#breadcrumb","itemListElement":[{"@type":"ListItem","position":1,"name":"Portada","item":"https:\/\/treslineasnoticias.com.ar\/"},{"@type":"ListItem","position":2,"name":"Importadores se llevaron u$s10.000 millones en 20 d\u00edas y se recalienta la inflaci\u00f3n a la espera del FMI"}]},{"@type":"WebSite","@id":"https:\/\/treslineasnoticias.com.ar\/#website","url":"https:\/\/treslineasnoticias.com.ar\/","name":"Tres Lineas Noticias","description":"","potentialAction":[{"@type":"SearchAction","target":{"@type":"EntryPoint","urlTemplate":"https:\/\/treslineasnoticias.com.ar\/?s={search_term_string}"},"query-input":{"@type":"PropertyValueSpecification","valueRequired":true,"valueName":"search_term_string"}}],"inLanguage":"es"},{"@type":"Person","@id":"https:\/\/treslineasnoticias.com.ar\/#\/schema\/person\/c5f7249e50517b84c2379b145ca14895","name":"Horacio L\u00f3pez","image":{"@type":"ImageObject","inLanguage":"es","@id":"https:\/\/treslineasnoticias.com.ar\/#\/schema\/person\/image\/","url":"https:\/\/treslineasnoticias.com.ar\/wp-content\/litespeed\/avatar\/ddbec442f0224f940ce000570a0cb216.jpg?ver=1777068930","contentUrl":"https:\/\/treslineasnoticias.com.ar\/wp-content\/litespeed\/avatar\/ddbec442f0224f940ce000570a0cb216.jpg?ver=1777068930","caption":"Horacio L\u00f3pez"},"sameAs":["http:\/\/treslineasnoticias.com.ar"],"url":"https:\/\/treslineasnoticias.com.ar\/?author=3"}]}},"jetpack_featured_media_url":"https:\/\/treslineasnoticias.com.ar\/wp-content\/uploads\/2025\/03\/exportaciones-importaciones-comercio-barcojpg.webp","jetpack_sharing_enabled":true,"_links":{"self":[{"href":"https:\/\/treslineasnoticias.com.ar\/index.php?rest_route=\/wp\/v2\/posts\/13685","targetHints":{"allow":["GET"]}}],"collection":[{"href":"https:\/\/treslineasnoticias.com.ar\/index.php?rest_route=\/wp\/v2\/posts"}],"about":[{"href":"https:\/\/treslineasnoticias.com.ar\/index.php?rest_route=\/wp\/v2\/types\/post"}],"author":[{"embeddable":true,"href":"https:\/\/treslineasnoticias.com.ar\/index.php?rest_route=\/wp\/v2\/users\/3"}],"replies":[{"embeddable":true,"href":"https:\/\/treslineasnoticias.com.ar\/index.php?rest_route=%2Fwp%2Fv2%2Fcomments&post=13685"}],"version-history":[{"count":1,"href":"https:\/\/treslineasnoticias.com.ar\/index.php?rest_route=\/wp\/v2\/posts\/13685\/revisions"}],"predecessor-version":[{"id":13688,"href":"https:\/\/treslineasnoticias.com.ar\/index.php?rest_route=\/wp\/v2\/posts\/13685\/revisions\/13688"}],"wp:featuredmedia":[{"embeddable":true,"href":"https:\/\/treslineasnoticias.com.ar\/index.php?rest_route=\/wp\/v2\/media\/13686"}],"wp:attachment":[{"href":"https:\/\/treslineasnoticias.com.ar\/index.php?rest_route=%2Fwp%2Fv2%2Fmedia&parent=13685"}],"wp:term":[{"taxonomy":"category","embeddable":true,"href":"https:\/\/treslineasnoticias.com.ar\/index.php?rest_route=%2Fwp%2Fv2%2Fcategories&post=13685"},{"taxonomy":"post_tag","embeddable":true,"href":"https:\/\/treslineasnoticias.com.ar\/index.php?rest_route=%2Fwp%2Fv2%2Ftags&post=13685"}],"curies":[{"name":"wp","href":"https:\/\/api.w.org\/{rel}","templated":true}]}}