{"id":14052,"date":"2025-04-11T16:09:00","date_gmt":"2025-04-11T19:09:00","guid":{"rendered":"https:\/\/treslineasnoticias.com.ar\/?p=14052"},"modified":"2025-04-11T20:40:40","modified_gmt":"2025-04-11T23:40:40","slug":"la-inflacion-de-marzo-fue-del-37-y-acumula-un-559-en-los-ultimos-12-meses","status":"publish","type":"post","link":"https:\/\/treslineasnoticias.com.ar\/?p=14052","title":{"rendered":"La inflaci\u00f3n de marzo fue del 3,7% y acumula un 55,9% en los \u00faltimos 12 meses (?)"},"content":{"rendered":"\n<p><strong>El organismo estad\u00edstico dio a conocer el \u00cdndice de Precios al Consumidor (IPC) del tercer mes del a\u00f1o. Qu\u00e9 cifra esperaba el Gobierno y qu\u00e9 dec\u00edan las proyecciones privadas.<\/strong><\/p>\n\n\n\n<p>El Instituto Nacional de Estad\u00edsticas y Censos (INDEC) dio a conocer este viernes el \u00cdndice de Precios al Consumidor (IPC) de marzo 2025, que rebot\u00f3 con fuerza y se ubic\u00f3 en 3,7%, acumulando un aumento del 55,9% en los \u00faltimos doce meses y una variaci\u00f3n del 8,6% en lo que va del a\u00f1o.<\/p>\n\n\n\n<p>La cifra mensual es la m\u00e1s alta registrada desde agosto de 2024, cuando el \u00edndice se fij\u00f3 en 4,2%.<\/p>\n\n\n\n<p>La divisi\u00f3n de mayor aumento en el mes fue Educaci\u00f3n (21,6%), con subas en todos los niveles educativos por el inicio del ciclo lectivo. Le sigui\u00f3 Alimentos y bebidas no alcoh\u00f3licas (5,9%), principalmente por incrementos en Verduras, tub\u00e9rculos y legumbres y Carnes y derivados.<\/p>\n\n\n\n<p>La divisi\u00f3n que registr\u00f3 la mayor incidencia en todas las regiones fue Alimentos y bebidas no alcoh\u00f3licas (3,2%), por los aumentos en Carnes y derivados y Verduras, tub\u00e9rculos y legumbres.<\/p>\n\n\n\n<figure class=\"wp-block-image size-full\"><img loading=\"lazy\" decoding=\"async\" width=\"895\" height=\"577\" src=\"http:\/\/treslineasnoticias.com.ar\/wp-content\/uploads\/2025\/04\/67f96812ea4cf-1.jpg\" alt=\"\" class=\"wp-image-14057\" srcset=\"https:\/\/treslineasnoticias.com.ar\/wp-content\/uploads\/2025\/04\/67f96812ea4cf-1.jpg 895w, https:\/\/treslineasnoticias.com.ar\/wp-content\/uploads\/2025\/04\/67f96812ea4cf-1-300x193.jpg 300w, https:\/\/treslineasnoticias.com.ar\/wp-content\/uploads\/2025\/04\/67f96812ea4cf-1-768x495.jpg 768w\" sizes=\"auto, (max-width: 895px) 100vw, 895px\" \/><\/figure>\n\n\n\n<p>Por el contrario, las dos divisiones que registraron las menores variaciones en marzo de 2025 fueron Bebidas alcoh\u00f3licas y tabaco (0,8%) y Recreaci\u00f3n y cultura (0,2%).<\/p>\n\n\n\n<p>A nivel de las categor\u00edas, los precios Estacionales (8,4%) lideraron el incremento, seguida de Regulados (3,2%) e IPC N\u00facleo (3,2%).<\/p>\n\n\n\n<p>Si bien el Gobierno mantuvo hasta \u00faltimo momento la esperanza de romper finalmente con el piso del 2%, las proyecciones de consultoras privadas daban por descontado que la inflaci\u00f3n del mes superar\u00eda a la del segundo mes del a\u00f1o.<\/p>\n\n\n\n<p>En la distinci\u00f3n por regiones, Noroeste fue donde se registr\u00f3 la mayor suba mensual (4,3%), escoltada por el Gran Buenos Aires (3,9%).<\/p>\n\n\n\n<p>Desde el Ministerio de Econom\u00eda destacaron el dato de la comparaci\u00f3n interanual: \u00abUna ca\u00edda sustancial respecto al mismo mes del a\u00f1o pasado, que fue de 11% (\u2026) Fuerte tendencia de desinflaci\u00f3n en el \u00faltimo a\u00f1o\u00bb.<\/p>\n\n\n\n<p><strong>El INDEC dio a conocer la inflaci\u00f3n de marzo: qu\u00e9 anticiparon las consultoras<\/strong><\/p>\n\n\n\n<p>De acuerdo con el \u00faltimo Relevamiento de Expectativas de Mercado (REM) el IPC de marzo se mantendr\u00eda en 2,2%. Es decir, 0,2% por debajo al \u00edndice de febrero 2025.<\/p>\n\n\n\n<figure class=\"wp-block-image size-large\"><img loading=\"lazy\" decoding=\"async\" width=\"1024\" height=\"683\" src=\"http:\/\/treslineasnoticias.com.ar\/wp-content\/uploads\/2025\/04\/67f6720f50bd0-1-1024x683.jpg\" alt=\"\" class=\"wp-image-14056\" srcset=\"https:\/\/treslineasnoticias.com.ar\/wp-content\/uploads\/2025\/04\/67f6720f50bd0-1-1024x683.jpg 1024w, https:\/\/treslineasnoticias.com.ar\/wp-content\/uploads\/2025\/04\/67f6720f50bd0-1-300x200.jpg 300w, https:\/\/treslineasnoticias.com.ar\/wp-content\/uploads\/2025\/04\/67f6720f50bd0-1-768x512.jpg 768w, https:\/\/treslineasnoticias.com.ar\/wp-content\/uploads\/2025\/04\/67f6720f50bd0-1-1536x1024.jpg 1536w, https:\/\/treslineasnoticias.com.ar\/wp-content\/uploads\/2025\/04\/67f6720f50bd0-1-2048x1365.jpg 2048w\" sizes=\"auto, (max-width: 1024px) 100vw, 1024px\" \/><\/figure>\n\n\n\n<p>Sin embargo, las consultoras privadas estimaban que los precios mantendr\u00edan una tendencia alcista en relaci\u00f3n al \u00faltimo dato. Desde C&amp;T consideraron que el porcentaje de inflaci\u00f3n alcance el 2,7% en marzo. En este marco la inflaci\u00f3n de doce meses pas\u00f3 de 70,1% en febrero a 55,3% en marzo.<\/p>\n\n\n\n<p>Indicaron que la categor\u00eda que sufri\u00f3 la suba m\u00e1s fuerte fue la de alimentos y bebidas, que lleg\u00f3 al 5,4%.<\/p>\n\n\n\n<p>\u00abEn los servicios p\u00fablicos tambi\u00e9n hubo un mayor ritmo de aumento. En este caso, lo m\u00e1s influyente en la regi\u00f3n fue el ajuste de 10% en el transporte p\u00fablico implementado en febrero y que termin\u00f3 impactando, en su mayor parte, en marzo\u00bb, detallaron en el informe.<\/p>\n\n\n\n<p>Por su parte, Analytica estim\u00f3 que el IPC alcanzar\u00eda el 2,5%, debido tambi\u00e9n a la fuerte suba de alimentos y bebidas. De acuerdo al informe, las verduras se incrementaron un 13,6% en el \u00faltimo mes. En tanto, desde Eco GO estiman que este n\u00famero sea superior y alcance el 2,7%.<\/p>\n\n\n\n<p>En un informe difundido por la consultora LCG se la inflaci\u00f3n de alimentos acumulada en las \u00faltimas 4 semanas trep\u00f3 a 3,8%. Se trata del valor m\u00e1s alto desde mayo 2024.<\/p>\n\n\n\n<p><strong>La inflaci\u00f3n de CABA fue de 3,2% en marzo<\/strong><br>Tras un aumento del 2,1% en febrero, los precios en la ciudad de Buenos Aires volvieron a acelerarse impulsados por rubros como educaci\u00f3n, indumentaria y alimentos y bebidas no alcoh\u00f3licas.<\/p>\n\n\n\n<p>La inflaci\u00f3n en CABA acumul\u00f3 en los \u00faltimos doce meses una suba del 63,5%, mientras que el primer trimestre cerr\u00f3 con un aumento de precios del 8,6%.<\/p>\n\n\n\n<p>Durante marzo la variaci\u00f3n del IPCBA respondi\u00f3 fundamentalmente a las subas en las siguientes divisiones: alimentos y bebidas no alcoh\u00f3licas, Educaci\u00f3n, Vivienda, agua, electricidad, gas y otros combustibles, Transporte y Salud, que en conjunto explicaron el 77,5% del alza del Nivel General.<\/p>\n\n\n\n<p>Alimentos y bebidas no alcoh\u00f3licas, el rubro con mayor incidencia en el \u00edndice, aument\u00f3 4,7%. Al interior de la divisi\u00f3n, los principales impulsos provinieron de verduras, tub\u00e9rculos y legumbres (25,8%) y Carnes y derivados (5,7%).<\/p>\n\n\n\n<p>Vivienda, agua, electricidad, gas y otros combustibles registr\u00f3 un incremento de 2,7%, al impactar principalmente las actualizaciones en los precios de los alquileres y en los gastos comunes por la vivienda.<\/p>\n\n\n\n<p>Educaci\u00f3n promedi\u00f3 una suba de 14,3% como resultado de las alzas en las cuotas de los establecimientos de ense\u00f1anza formal.<\/p>\n","protected":false},"excerpt":{"rendered":"<p>El organismo estad\u00edstico dio a conocer el \u00cdndice de Precios al Consumidor (IPC) del tercer mes del a\u00f1o. Qu\u00e9 cifra esperaba el Gobierno y qu\u00e9 dec\u00edan las proyecciones privadas. El Instituto Nacional de Estad\u00edsticas y Censos (INDEC) dio a conocer este viernes el \u00cdndice de Precios al Consumidor (IPC) de marzo 2025, que rebot\u00f3 con [&hellip;]<\/p>\n","protected":false},"author":3,"featured_media":14056,"comment_status":"open","ping_status":"open","sticky":false,"template":"","format":"standard","meta":{"_jetpack_memberships_contains_paid_content":false,"footnotes":""},"categories":[14,9],"tags":[],"class_list":["post-14052","post","type-post","status-publish","format-standard","has-post-thumbnail","hentry","category-interes-general","category-nacionales"],"yoast_head":"<!-- This site is optimized with the Yoast SEO plugin v24.7 - https:\/\/yoast.com\/wordpress\/plugins\/seo\/ -->\n<title>La inflaci\u00f3n de marzo fue del 3,7% y acumula un 55,9% en los \u00faltimos 12 meses (?) - Tres Lineas Noticias<\/title>\n<meta name=\"robots\" content=\"index, follow, max-snippet:-1, max-image-preview:large, max-video-preview:-1\" \/>\n<link rel=\"canonical\" href=\"https:\/\/treslineasnoticias.com.ar\/?p=14052\" \/>\n<meta property=\"og:locale\" content=\"es_ES\" \/>\n<meta property=\"og:type\" content=\"article\" \/>\n<meta property=\"og:title\" content=\"La inflaci\u00f3n de marzo fue del 3,7% y acumula un 55,9% en los \u00faltimos 12 meses (?) - Tres Lineas Noticias\" \/>\n<meta property=\"og:description\" content=\"El organismo estad\u00edstico dio a conocer el \u00cdndice de Precios al Consumidor (IPC) del tercer mes del a\u00f1o. Qu\u00e9 cifra esperaba el Gobierno y qu\u00e9 dec\u00edan las proyecciones privadas. El Instituto Nacional de Estad\u00edsticas y Censos (INDEC) dio a conocer este viernes el \u00cdndice de Precios al Consumidor (IPC) de marzo 2025, que rebot\u00f3 con [&hellip;]\" \/>\n<meta property=\"og:url\" content=\"https:\/\/treslineasnoticias.com.ar\/?p=14052\" \/>\n<meta property=\"og:site_name\" content=\"Tres Lineas Noticias\" \/>\n<meta property=\"article:published_time\" content=\"2025-04-11T19:09:00+00:00\" \/>\n<meta property=\"article:modified_time\" content=\"2025-04-11T23:40:40+00:00\" \/>\n<meta property=\"og:image\" content=\"http:\/\/treslineasnoticias.com.ar\/wp-content\/uploads\/2025\/04\/67f6720f50bd0-1-scaled.jpg\" \/>\n\t<meta property=\"og:image:width\" content=\"2560\" \/>\n\t<meta property=\"og:image:height\" content=\"1707\" \/>\n\t<meta property=\"og:image:type\" content=\"image\/jpeg\" \/>\n<meta name=\"author\" content=\"Horacio L\u00f3pez\" \/>\n<meta name=\"twitter:card\" content=\"summary_large_image\" \/>\n<meta name=\"twitter:label1\" content=\"Escrito por\" \/>\n\t<meta name=\"twitter:data1\" content=\"Horacio L\u00f3pez\" \/>\n\t<meta name=\"twitter:label2\" content=\"Tiempo de lectura\" \/>\n\t<meta name=\"twitter:data2\" content=\"5 minutos\" \/>\n<script type=\"application\/ld+json\" class=\"yoast-schema-graph\">{\"@context\":\"https:\/\/schema.org\",\"@graph\":[{\"@type\":\"WebPage\",\"@id\":\"https:\/\/treslineasnoticias.com.ar\/?p=14052\",\"url\":\"https:\/\/treslineasnoticias.com.ar\/?p=14052\",\"name\":\"La inflaci\u00f3n de marzo fue del 3,7% y acumula un 55,9% en los \u00faltimos 12 meses (?) - Tres Lineas Noticias\",\"isPartOf\":{\"@id\":\"https:\/\/treslineasnoticias.com.ar\/#website\"},\"primaryImageOfPage\":{\"@id\":\"https:\/\/treslineasnoticias.com.ar\/?p=14052#primaryimage\"},\"image\":{\"@id\":\"https:\/\/treslineasnoticias.com.ar\/?p=14052#primaryimage\"},\"thumbnailUrl\":\"https:\/\/treslineasnoticias.com.ar\/wp-content\/uploads\/2025\/04\/67f6720f50bd0-1-scaled.jpg\",\"datePublished\":\"2025-04-11T19:09:00+00:00\",\"dateModified\":\"2025-04-11T23:40:40+00:00\",\"author\":{\"@id\":\"https:\/\/treslineasnoticias.com.ar\/#\/schema\/person\/c5f7249e50517b84c2379b145ca14895\"},\"breadcrumb\":{\"@id\":\"https:\/\/treslineasnoticias.com.ar\/?p=14052#breadcrumb\"},\"inLanguage\":\"es\",\"potentialAction\":[{\"@type\":\"ReadAction\",\"target\":[\"https:\/\/treslineasnoticias.com.ar\/?p=14052\"]}]},{\"@type\":\"ImageObject\",\"inLanguage\":\"es\",\"@id\":\"https:\/\/treslineasnoticias.com.ar\/?p=14052#primaryimage\",\"url\":\"https:\/\/treslineasnoticias.com.ar\/wp-content\/uploads\/2025\/04\/67f6720f50bd0-1-scaled.jpg\",\"contentUrl\":\"https:\/\/treslineasnoticias.com.ar\/wp-content\/uploads\/2025\/04\/67f6720f50bd0-1-scaled.jpg\",\"width\":2560,\"height\":1707},{\"@type\":\"BreadcrumbList\",\"@id\":\"https:\/\/treslineasnoticias.com.ar\/?p=14052#breadcrumb\",\"itemListElement\":[{\"@type\":\"ListItem\",\"position\":1,\"name\":\"Portada\",\"item\":\"https:\/\/treslineasnoticias.com.ar\/\"},{\"@type\":\"ListItem\",\"position\":2,\"name\":\"La inflaci\u00f3n de marzo fue del 3,7% y acumula un 55,9% en los \u00faltimos 12 meses (?)\"}]},{\"@type\":\"WebSite\",\"@id\":\"https:\/\/treslineasnoticias.com.ar\/#website\",\"url\":\"https:\/\/treslineasnoticias.com.ar\/\",\"name\":\"Tres Lineas Noticias\",\"description\":\"\",\"potentialAction\":[{\"@type\":\"SearchAction\",\"target\":{\"@type\":\"EntryPoint\",\"urlTemplate\":\"https:\/\/treslineasnoticias.com.ar\/?s={search_term_string}\"},\"query-input\":{\"@type\":\"PropertyValueSpecification\",\"valueRequired\":true,\"valueName\":\"search_term_string\"}}],\"inLanguage\":\"es\"},{\"@type\":\"Person\",\"@id\":\"https:\/\/treslineasnoticias.com.ar\/#\/schema\/person\/c5f7249e50517b84c2379b145ca14895\",\"name\":\"Horacio L\u00f3pez\",\"image\":{\"@type\":\"ImageObject\",\"inLanguage\":\"es\",\"@id\":\"https:\/\/treslineasnoticias.com.ar\/#\/schema\/person\/image\/\",\"url\":\"https:\/\/treslineasnoticias.com.ar\/wp-content\/litespeed\/avatar\/ddbec442f0224f940ce000570a0cb216.jpg?ver=1777068930\",\"contentUrl\":\"https:\/\/treslineasnoticias.com.ar\/wp-content\/litespeed\/avatar\/ddbec442f0224f940ce000570a0cb216.jpg?ver=1777068930\",\"caption\":\"Horacio L\u00f3pez\"},\"sameAs\":[\"http:\/\/treslineasnoticias.com.ar\"],\"url\":\"https:\/\/treslineasnoticias.com.ar\/?author=3\"}]}<\/script>\n<!-- \/ Yoast SEO plugin. -->","yoast_head_json":{"title":"La inflaci\u00f3n de marzo fue del 3,7% y acumula un 55,9% en los \u00faltimos 12 meses (?) - Tres Lineas Noticias","robots":{"index":"index","follow":"follow","max-snippet":"max-snippet:-1","max-image-preview":"max-image-preview:large","max-video-preview":"max-video-preview:-1"},"canonical":"https:\/\/treslineasnoticias.com.ar\/?p=14052","og_locale":"es_ES","og_type":"article","og_title":"La inflaci\u00f3n de marzo fue del 3,7% y acumula un 55,9% en los \u00faltimos 12 meses (?) - Tres Lineas Noticias","og_description":"El organismo estad\u00edstico dio a conocer el \u00cdndice de Precios al Consumidor (IPC) del tercer mes del a\u00f1o. Qu\u00e9 cifra esperaba el Gobierno y qu\u00e9 dec\u00edan las proyecciones privadas. El Instituto Nacional de Estad\u00edsticas y Censos (INDEC) dio a conocer este viernes el \u00cdndice de Precios al Consumidor (IPC) de marzo 2025, que rebot\u00f3 con [&hellip;]","og_url":"https:\/\/treslineasnoticias.com.ar\/?p=14052","og_site_name":"Tres Lineas Noticias","article_published_time":"2025-04-11T19:09:00+00:00","article_modified_time":"2025-04-11T23:40:40+00:00","og_image":[{"width":2560,"height":1707,"url":"http:\/\/treslineasnoticias.com.ar\/wp-content\/uploads\/2025\/04\/67f6720f50bd0-1-scaled.jpg","type":"image\/jpeg"}],"author":"Horacio L\u00f3pez","twitter_card":"summary_large_image","twitter_misc":{"Escrito por":"Horacio L\u00f3pez","Tiempo de lectura":"5 minutos"},"schema":{"@context":"https:\/\/schema.org","@graph":[{"@type":"WebPage","@id":"https:\/\/treslineasnoticias.com.ar\/?p=14052","url":"https:\/\/treslineasnoticias.com.ar\/?p=14052","name":"La inflaci\u00f3n de marzo fue del 3,7% y acumula un 55,9% en los \u00faltimos 12 meses (?) - Tres Lineas Noticias","isPartOf":{"@id":"https:\/\/treslineasnoticias.com.ar\/#website"},"primaryImageOfPage":{"@id":"https:\/\/treslineasnoticias.com.ar\/?p=14052#primaryimage"},"image":{"@id":"https:\/\/treslineasnoticias.com.ar\/?p=14052#primaryimage"},"thumbnailUrl":"https:\/\/treslineasnoticias.com.ar\/wp-content\/uploads\/2025\/04\/67f6720f50bd0-1-scaled.jpg","datePublished":"2025-04-11T19:09:00+00:00","dateModified":"2025-04-11T23:40:40+00:00","author":{"@id":"https:\/\/treslineasnoticias.com.ar\/#\/schema\/person\/c5f7249e50517b84c2379b145ca14895"},"breadcrumb":{"@id":"https:\/\/treslineasnoticias.com.ar\/?p=14052#breadcrumb"},"inLanguage":"es","potentialAction":[{"@type":"ReadAction","target":["https:\/\/treslineasnoticias.com.ar\/?p=14052"]}]},{"@type":"ImageObject","inLanguage":"es","@id":"https:\/\/treslineasnoticias.com.ar\/?p=14052#primaryimage","url":"https:\/\/treslineasnoticias.com.ar\/wp-content\/uploads\/2025\/04\/67f6720f50bd0-1-scaled.jpg","contentUrl":"https:\/\/treslineasnoticias.com.ar\/wp-content\/uploads\/2025\/04\/67f6720f50bd0-1-scaled.jpg","width":2560,"height":1707},{"@type":"BreadcrumbList","@id":"https:\/\/treslineasnoticias.com.ar\/?p=14052#breadcrumb","itemListElement":[{"@type":"ListItem","position":1,"name":"Portada","item":"https:\/\/treslineasnoticias.com.ar\/"},{"@type":"ListItem","position":2,"name":"La inflaci\u00f3n de marzo fue del 3,7% y acumula un 55,9% en los \u00faltimos 12 meses (?)"}]},{"@type":"WebSite","@id":"https:\/\/treslineasnoticias.com.ar\/#website","url":"https:\/\/treslineasnoticias.com.ar\/","name":"Tres Lineas Noticias","description":"","potentialAction":[{"@type":"SearchAction","target":{"@type":"EntryPoint","urlTemplate":"https:\/\/treslineasnoticias.com.ar\/?s={search_term_string}"},"query-input":{"@type":"PropertyValueSpecification","valueRequired":true,"valueName":"search_term_string"}}],"inLanguage":"es"},{"@type":"Person","@id":"https:\/\/treslineasnoticias.com.ar\/#\/schema\/person\/c5f7249e50517b84c2379b145ca14895","name":"Horacio L\u00f3pez","image":{"@type":"ImageObject","inLanguage":"es","@id":"https:\/\/treslineasnoticias.com.ar\/#\/schema\/person\/image\/","url":"https:\/\/treslineasnoticias.com.ar\/wp-content\/litespeed\/avatar\/ddbec442f0224f940ce000570a0cb216.jpg?ver=1777068930","contentUrl":"https:\/\/treslineasnoticias.com.ar\/wp-content\/litespeed\/avatar\/ddbec442f0224f940ce000570a0cb216.jpg?ver=1777068930","caption":"Horacio L\u00f3pez"},"sameAs":["http:\/\/treslineasnoticias.com.ar"],"url":"https:\/\/treslineasnoticias.com.ar\/?author=3"}]}},"jetpack_featured_media_url":"https:\/\/treslineasnoticias.com.ar\/wp-content\/uploads\/2025\/04\/67f6720f50bd0-1-scaled.jpg","jetpack_sharing_enabled":true,"_links":{"self":[{"href":"https:\/\/treslineasnoticias.com.ar\/index.php?rest_route=\/wp\/v2\/posts\/14052","targetHints":{"allow":["GET"]}}],"collection":[{"href":"https:\/\/treslineasnoticias.com.ar\/index.php?rest_route=\/wp\/v2\/posts"}],"about":[{"href":"https:\/\/treslineasnoticias.com.ar\/index.php?rest_route=\/wp\/v2\/types\/post"}],"author":[{"embeddable":true,"href":"https:\/\/treslineasnoticias.com.ar\/index.php?rest_route=\/wp\/v2\/users\/3"}],"replies":[{"embeddable":true,"href":"https:\/\/treslineasnoticias.com.ar\/index.php?rest_route=%2Fwp%2Fv2%2Fcomments&post=14052"}],"version-history":[{"count":1,"href":"https:\/\/treslineasnoticias.com.ar\/index.php?rest_route=\/wp\/v2\/posts\/14052\/revisions"}],"predecessor-version":[{"id":14058,"href":"https:\/\/treslineasnoticias.com.ar\/index.php?rest_route=\/wp\/v2\/posts\/14052\/revisions\/14058"}],"wp:featuredmedia":[{"embeddable":true,"href":"https:\/\/treslineasnoticias.com.ar\/index.php?rest_route=\/wp\/v2\/media\/14056"}],"wp:attachment":[{"href":"https:\/\/treslineasnoticias.com.ar\/index.php?rest_route=%2Fwp%2Fv2%2Fmedia&parent=14052"}],"wp:term":[{"taxonomy":"category","embeddable":true,"href":"https:\/\/treslineasnoticias.com.ar\/index.php?rest_route=%2Fwp%2Fv2%2Fcategories&post=14052"},{"taxonomy":"post_tag","embeddable":true,"href":"https:\/\/treslineasnoticias.com.ar\/index.php?rest_route=%2Fwp%2Fv2%2Ftags&post=14052"}],"curies":[{"name":"wp","href":"https:\/\/api.w.org\/{rel}","templated":true}]}}