{"id":14103,"date":"2025-04-12T07:36:00","date_gmt":"2025-04-12T10:36:00","guid":{"rendered":"https:\/\/treslineasnoticias.com.ar\/?p=14103"},"modified":"2025-04-13T11:43:20","modified_gmt":"2025-04-13T14:43:20","slug":"kicillof-critico-a-milei-tras-los-anuncios-economicos-la-farsa-y-la-tragedia-se-repiten","status":"publish","type":"post","link":"https:\/\/treslineasnoticias.com.ar\/?p=14103","title":{"rendered":"Kicillof critic\u00f3 a Milei tras los anuncios econ\u00f3micos: \u00abLa farsa y la tragedia se repiten\u00bb"},"content":{"rendered":"\n<p><strong>El gobernador calific\u00f3 al presidente como \u00abestafador de fama mundial\u00bb y habl\u00f3 de \u00abfracaso\u00bb del gobierno nacional.<\/strong><\/p>\n\n\n\n<p>El gobernador de la Provincia de Buenos Aires (PBA), Axel Kicillof, critic\u00f3 duramente al presidente Javier Milei, tras la cadena nacional que sigui\u00f3 a las medidas anunciadas por el ministro de Econom\u00eda, Luis Caputo.<\/p>\n\n\n\n<p>\u00abEl presidente balbucea penosamente la confesi\u00f3n de su fracaso. Mientras se agrava la inflaci\u00f3n y contin\u00faa cayendo el consumo, Milei celebra m\u00e1s deuda, ajuste y sumisi\u00f3n al FMI\u00bb, comenz\u00f3 el descargo del gobernador Kicillof en redes sociales.<\/p>\n\n\n\n<p>\u00abTras destruir jubilaciones y salarios, paralizar la obra p\u00fablica y la producci\u00f3n, secuestrando los recursos de las provincias, el Presidente (estafador de fama mundial) intenta vender como \u00e9xitos lo que en realidad son p\u00e9simas noticias para el pueblo\u00bb, continu\u00f3.<\/p>\n\n\n\n<p>Finalmente, resumi\u00f3: \u00abM\u00e1s deuda, desigualdad, ajuste y represi\u00f3n\u2026 la farsa y la tragedia se repiten, pero el futuro no es de Milei, el futuro es del pueblo\u00bb.<\/p>\n\n\n\n<figure class=\"wp-block-image size-full is-resized\"><img loading=\"lazy\" decoding=\"async\" width=\"680\" height=\"445\" src=\"http:\/\/treslineasnoticias.com.ar\/wp-content\/uploads\/2025\/04\/GoTRbDQWkAAXx2H.jpeg\" alt=\"\" class=\"wp-image-14105\" style=\"width:840px;height:auto\" srcset=\"https:\/\/treslineasnoticias.com.ar\/wp-content\/uploads\/2025\/04\/GoTRbDQWkAAXx2H.jpeg 680w, https:\/\/treslineasnoticias.com.ar\/wp-content\/uploads\/2025\/04\/GoTRbDQWkAAXx2H-300x196.jpeg 300w\" sizes=\"auto, (max-width: 680px) 100vw, 680px\" \/><\/figure>\n\n\n\n<p><strong>Quintela, tambi\u00e9n critic\u00f3<\/strong><br>El gobernador de La Rioja, Ricardo Quintela, compar\u00f3 los anuncios del presidente Javier Milei con la situaci\u00f3n de 2018, cuando el Gobierno de Mauricio Macri hab\u00eda hecho los propios.<\/p>\n\n\n\n<p>\u00abEl Gobierno Nacional (de nuevo, como en 2018) tom\u00f3 una decisi\u00f3n que solo beneficia a los grandes grupos econ\u00f3micos y a los especuladores financieros. Liberar el d\u00f3lar sin control no significa una libertad econ\u00f3mica, significa una devaluaci\u00f3n brutal con una enorme inflaci\u00f3n\u00bb, escribi\u00f3 Quintela en X, en un posteo que conten\u00eda tambi\u00e9n una imagen de la tapa del diario Clar\u00edn, de 2018, cuando el Gobierno hab\u00eda anunciado acuerdo con el FMI y d\u00f3lar flotante. Luego de aquel anuncio, se termin\u00f3 de derrumbar la econom\u00eda del macrismo.<\/p>\n\n\n\n<p>\u00abNo vamos a mirar para otro lado mientras una minor\u00eda decide el precio del d\u00f3lar, de los alimentos y de la vida\u00bb, complet\u00f3 Quintela.<\/p>\n","protected":false},"excerpt":{"rendered":"<p>El gobernador calific\u00f3 al presidente como \u00abestafador de fama mundial\u00bb y habl\u00f3 de \u00abfracaso\u00bb del gobierno nacional. El gobernador de la Provincia de Buenos Aires (PBA), Axel Kicillof, critic\u00f3 duramente al presidente Javier Milei, tras la cadena nacional que sigui\u00f3 a las medidas anunciadas por el ministro de Econom\u00eda, Luis Caputo. \u00abEl presidente balbucea penosamente [&hellip;]<\/p>\n","protected":false},"author":3,"featured_media":14104,"comment_status":"open","ping_status":"open","sticky":false,"template":"","format":"standard","meta":{"_jetpack_memberships_contains_paid_content":false,"footnotes":""},"categories":[9,8],"tags":[],"class_list":["post-14103","post","type-post","status-publish","format-standard","has-post-thumbnail","hentry","category-nacionales","category-provincia"],"yoast_head":"<!-- This site is optimized with the Yoast SEO plugin v24.7 - https:\/\/yoast.com\/wordpress\/plugins\/seo\/ -->\n<title>Kicillof critic\u00f3 a Milei tras los anuncios econ\u00f3micos: \u00abLa farsa y la tragedia se repiten\u00bb - Tres Lineas Noticias<\/title>\n<meta name=\"robots\" content=\"index, follow, max-snippet:-1, max-image-preview:large, max-video-preview:-1\" \/>\n<link rel=\"canonical\" href=\"https:\/\/treslineasnoticias.com.ar\/?p=14103\" \/>\n<meta property=\"og:locale\" content=\"es_ES\" \/>\n<meta property=\"og:type\" content=\"article\" \/>\n<meta property=\"og:title\" content=\"Kicillof critic\u00f3 a Milei tras los anuncios econ\u00f3micos: \u00abLa farsa y la tragedia se repiten\u00bb - Tres Lineas Noticias\" \/>\n<meta property=\"og:description\" content=\"El gobernador calific\u00f3 al presidente como \u00abestafador de fama mundial\u00bb y habl\u00f3 de \u00abfracaso\u00bb del gobierno nacional. El gobernador de la Provincia de Buenos Aires (PBA), Axel Kicillof, critic\u00f3 duramente al presidente Javier Milei, tras la cadena nacional que sigui\u00f3 a las medidas anunciadas por el ministro de Econom\u00eda, Luis Caputo. \u00abEl presidente balbucea penosamente [&hellip;]\" \/>\n<meta property=\"og:url\" content=\"https:\/\/treslineasnoticias.com.ar\/?p=14103\" \/>\n<meta property=\"og:site_name\" content=\"Tres Lineas Noticias\" \/>\n<meta property=\"article:published_time\" content=\"2025-04-12T10:36:00+00:00\" \/>\n<meta property=\"article:modified_time\" content=\"2025-04-13T14:43:20+00:00\" \/>\n<meta property=\"og:image\" content=\"http:\/\/treslineasnoticias.com.ar\/wp-content\/uploads\/2025\/04\/27-02-2025-Axel-kicillof-_Conferencia-de-Verano_La-Costa-fotom-Gobernacion-794.jpg\" \/>\n\t<meta property=\"og:image:width\" content=\"1200\" \/>\n\t<meta property=\"og:image:height\" content=\"800\" \/>\n\t<meta property=\"og:image:type\" content=\"image\/jpeg\" \/>\n<meta name=\"author\" content=\"Horacio L\u00f3pez\" \/>\n<meta name=\"twitter:card\" content=\"summary_large_image\" \/>\n<meta name=\"twitter:label1\" content=\"Escrito por\" \/>\n\t<meta name=\"twitter:data1\" content=\"Horacio L\u00f3pez\" \/>\n\t<meta name=\"twitter:label2\" content=\"Tiempo de lectura\" \/>\n\t<meta name=\"twitter:data2\" content=\"2 minutos\" \/>\n<script type=\"application\/ld+json\" class=\"yoast-schema-graph\">{\"@context\":\"https:\/\/schema.org\",\"@graph\":[{\"@type\":\"WebPage\",\"@id\":\"https:\/\/treslineasnoticias.com.ar\/?p=14103\",\"url\":\"https:\/\/treslineasnoticias.com.ar\/?p=14103\",\"name\":\"Kicillof critic\u00f3 a Milei tras los anuncios econ\u00f3micos: \u00abLa farsa y la tragedia se repiten\u00bb - Tres Lineas Noticias\",\"isPartOf\":{\"@id\":\"https:\/\/treslineasnoticias.com.ar\/#website\"},\"primaryImageOfPage\":{\"@id\":\"https:\/\/treslineasnoticias.com.ar\/?p=14103#primaryimage\"},\"image\":{\"@id\":\"https:\/\/treslineasnoticias.com.ar\/?p=14103#primaryimage\"},\"thumbnailUrl\":\"https:\/\/treslineasnoticias.com.ar\/wp-content\/uploads\/2025\/04\/27-02-2025-Axel-kicillof-_Conferencia-de-Verano_La-Costa-fotom-Gobernacion-794.jpg\",\"datePublished\":\"2025-04-12T10:36:00+00:00\",\"dateModified\":\"2025-04-13T14:43:20+00:00\",\"author\":{\"@id\":\"https:\/\/treslineasnoticias.com.ar\/#\/schema\/person\/c5f7249e50517b84c2379b145ca14895\"},\"breadcrumb\":{\"@id\":\"https:\/\/treslineasnoticias.com.ar\/?p=14103#breadcrumb\"},\"inLanguage\":\"es\",\"potentialAction\":[{\"@type\":\"ReadAction\",\"target\":[\"https:\/\/treslineasnoticias.com.ar\/?p=14103\"]}]},{\"@type\":\"ImageObject\",\"inLanguage\":\"es\",\"@id\":\"https:\/\/treslineasnoticias.com.ar\/?p=14103#primaryimage\",\"url\":\"https:\/\/treslineasnoticias.com.ar\/wp-content\/uploads\/2025\/04\/27-02-2025-Axel-kicillof-_Conferencia-de-Verano_La-Costa-fotom-Gobernacion-794.jpg\",\"contentUrl\":\"https:\/\/treslineasnoticias.com.ar\/wp-content\/uploads\/2025\/04\/27-02-2025-Axel-kicillof-_Conferencia-de-Verano_La-Costa-fotom-Gobernacion-794.jpg\",\"width\":1200,\"height\":800},{\"@type\":\"BreadcrumbList\",\"@id\":\"https:\/\/treslineasnoticias.com.ar\/?p=14103#breadcrumb\",\"itemListElement\":[{\"@type\":\"ListItem\",\"position\":1,\"name\":\"Portada\",\"item\":\"https:\/\/treslineasnoticias.com.ar\/\"},{\"@type\":\"ListItem\",\"position\":2,\"name\":\"Kicillof critic\u00f3 a Milei tras los anuncios econ\u00f3micos: \u00abLa farsa y la tragedia se repiten\u00bb\"}]},{\"@type\":\"WebSite\",\"@id\":\"https:\/\/treslineasnoticias.com.ar\/#website\",\"url\":\"https:\/\/treslineasnoticias.com.ar\/\",\"name\":\"Tres Lineas Noticias\",\"description\":\"\",\"potentialAction\":[{\"@type\":\"SearchAction\",\"target\":{\"@type\":\"EntryPoint\",\"urlTemplate\":\"https:\/\/treslineasnoticias.com.ar\/?s={search_term_string}\"},\"query-input\":{\"@type\":\"PropertyValueSpecification\",\"valueRequired\":true,\"valueName\":\"search_term_string\"}}],\"inLanguage\":\"es\"},{\"@type\":\"Person\",\"@id\":\"https:\/\/treslineasnoticias.com.ar\/#\/schema\/person\/c5f7249e50517b84c2379b145ca14895\",\"name\":\"Horacio L\u00f3pez\",\"image\":{\"@type\":\"ImageObject\",\"inLanguage\":\"es\",\"@id\":\"https:\/\/treslineasnoticias.com.ar\/#\/schema\/person\/image\/\",\"url\":\"https:\/\/treslineasnoticias.com.ar\/wp-content\/litespeed\/avatar\/ddbec442f0224f940ce000570a0cb216.jpg?ver=1777068930\",\"contentUrl\":\"https:\/\/treslineasnoticias.com.ar\/wp-content\/litespeed\/avatar\/ddbec442f0224f940ce000570a0cb216.jpg?ver=1777068930\",\"caption\":\"Horacio L\u00f3pez\"},\"sameAs\":[\"http:\/\/treslineasnoticias.com.ar\"],\"url\":\"https:\/\/treslineasnoticias.com.ar\/?author=3\"}]}<\/script>\n<!-- \/ Yoast SEO plugin. -->","yoast_head_json":{"title":"Kicillof critic\u00f3 a Milei tras los anuncios econ\u00f3micos: \u00abLa farsa y la tragedia se repiten\u00bb - Tres Lineas Noticias","robots":{"index":"index","follow":"follow","max-snippet":"max-snippet:-1","max-image-preview":"max-image-preview:large","max-video-preview":"max-video-preview:-1"},"canonical":"https:\/\/treslineasnoticias.com.ar\/?p=14103","og_locale":"es_ES","og_type":"article","og_title":"Kicillof critic\u00f3 a Milei tras los anuncios econ\u00f3micos: \u00abLa farsa y la tragedia se repiten\u00bb - Tres Lineas Noticias","og_description":"El gobernador calific\u00f3 al presidente como \u00abestafador de fama mundial\u00bb y habl\u00f3 de \u00abfracaso\u00bb del gobierno nacional. El gobernador de la Provincia de Buenos Aires (PBA), Axel Kicillof, critic\u00f3 duramente al presidente Javier Milei, tras la cadena nacional que sigui\u00f3 a las medidas anunciadas por el ministro de Econom\u00eda, Luis Caputo. \u00abEl presidente balbucea penosamente [&hellip;]","og_url":"https:\/\/treslineasnoticias.com.ar\/?p=14103","og_site_name":"Tres Lineas Noticias","article_published_time":"2025-04-12T10:36:00+00:00","article_modified_time":"2025-04-13T14:43:20+00:00","og_image":[{"width":1200,"height":800,"url":"http:\/\/treslineasnoticias.com.ar\/wp-content\/uploads\/2025\/04\/27-02-2025-Axel-kicillof-_Conferencia-de-Verano_La-Costa-fotom-Gobernacion-794.jpg","type":"image\/jpeg"}],"author":"Horacio L\u00f3pez","twitter_card":"summary_large_image","twitter_misc":{"Escrito por":"Horacio L\u00f3pez","Tiempo de lectura":"2 minutos"},"schema":{"@context":"https:\/\/schema.org","@graph":[{"@type":"WebPage","@id":"https:\/\/treslineasnoticias.com.ar\/?p=14103","url":"https:\/\/treslineasnoticias.com.ar\/?p=14103","name":"Kicillof critic\u00f3 a Milei tras los anuncios econ\u00f3micos: \u00abLa farsa y la tragedia se repiten\u00bb - Tres Lineas Noticias","isPartOf":{"@id":"https:\/\/treslineasnoticias.com.ar\/#website"},"primaryImageOfPage":{"@id":"https:\/\/treslineasnoticias.com.ar\/?p=14103#primaryimage"},"image":{"@id":"https:\/\/treslineasnoticias.com.ar\/?p=14103#primaryimage"},"thumbnailUrl":"https:\/\/treslineasnoticias.com.ar\/wp-content\/uploads\/2025\/04\/27-02-2025-Axel-kicillof-_Conferencia-de-Verano_La-Costa-fotom-Gobernacion-794.jpg","datePublished":"2025-04-12T10:36:00+00:00","dateModified":"2025-04-13T14:43:20+00:00","author":{"@id":"https:\/\/treslineasnoticias.com.ar\/#\/schema\/person\/c5f7249e50517b84c2379b145ca14895"},"breadcrumb":{"@id":"https:\/\/treslineasnoticias.com.ar\/?p=14103#breadcrumb"},"inLanguage":"es","potentialAction":[{"@type":"ReadAction","target":["https:\/\/treslineasnoticias.com.ar\/?p=14103"]}]},{"@type":"ImageObject","inLanguage":"es","@id":"https:\/\/treslineasnoticias.com.ar\/?p=14103#primaryimage","url":"https:\/\/treslineasnoticias.com.ar\/wp-content\/uploads\/2025\/04\/27-02-2025-Axel-kicillof-_Conferencia-de-Verano_La-Costa-fotom-Gobernacion-794.jpg","contentUrl":"https:\/\/treslineasnoticias.com.ar\/wp-content\/uploads\/2025\/04\/27-02-2025-Axel-kicillof-_Conferencia-de-Verano_La-Costa-fotom-Gobernacion-794.jpg","width":1200,"height":800},{"@type":"BreadcrumbList","@id":"https:\/\/treslineasnoticias.com.ar\/?p=14103#breadcrumb","itemListElement":[{"@type":"ListItem","position":1,"name":"Portada","item":"https:\/\/treslineasnoticias.com.ar\/"},{"@type":"ListItem","position":2,"name":"Kicillof critic\u00f3 a Milei tras los anuncios econ\u00f3micos: \u00abLa farsa y la tragedia se repiten\u00bb"}]},{"@type":"WebSite","@id":"https:\/\/treslineasnoticias.com.ar\/#website","url":"https:\/\/treslineasnoticias.com.ar\/","name":"Tres Lineas Noticias","description":"","potentialAction":[{"@type":"SearchAction","target":{"@type":"EntryPoint","urlTemplate":"https:\/\/treslineasnoticias.com.ar\/?s={search_term_string}"},"query-input":{"@type":"PropertyValueSpecification","valueRequired":true,"valueName":"search_term_string"}}],"inLanguage":"es"},{"@type":"Person","@id":"https:\/\/treslineasnoticias.com.ar\/#\/schema\/person\/c5f7249e50517b84c2379b145ca14895","name":"Horacio L\u00f3pez","image":{"@type":"ImageObject","inLanguage":"es","@id":"https:\/\/treslineasnoticias.com.ar\/#\/schema\/person\/image\/","url":"https:\/\/treslineasnoticias.com.ar\/wp-content\/litespeed\/avatar\/ddbec442f0224f940ce000570a0cb216.jpg?ver=1777068930","contentUrl":"https:\/\/treslineasnoticias.com.ar\/wp-content\/litespeed\/avatar\/ddbec442f0224f940ce000570a0cb216.jpg?ver=1777068930","caption":"Horacio L\u00f3pez"},"sameAs":["http:\/\/treslineasnoticias.com.ar"],"url":"https:\/\/treslineasnoticias.com.ar\/?author=3"}]}},"jetpack_featured_media_url":"https:\/\/treslineasnoticias.com.ar\/wp-content\/uploads\/2025\/04\/27-02-2025-Axel-kicillof-_Conferencia-de-Verano_La-Costa-fotom-Gobernacion-794.jpg","jetpack_sharing_enabled":true,"_links":{"self":[{"href":"https:\/\/treslineasnoticias.com.ar\/index.php?rest_route=\/wp\/v2\/posts\/14103","targetHints":{"allow":["GET"]}}],"collection":[{"href":"https:\/\/treslineasnoticias.com.ar\/index.php?rest_route=\/wp\/v2\/posts"}],"about":[{"href":"https:\/\/treslineasnoticias.com.ar\/index.php?rest_route=\/wp\/v2\/types\/post"}],"author":[{"embeddable":true,"href":"https:\/\/treslineasnoticias.com.ar\/index.php?rest_route=\/wp\/v2\/users\/3"}],"replies":[{"embeddable":true,"href":"https:\/\/treslineasnoticias.com.ar\/index.php?rest_route=%2Fwp%2Fv2%2Fcomments&post=14103"}],"version-history":[{"count":1,"href":"https:\/\/treslineasnoticias.com.ar\/index.php?rest_route=\/wp\/v2\/posts\/14103\/revisions"}],"predecessor-version":[{"id":14106,"href":"https:\/\/treslineasnoticias.com.ar\/index.php?rest_route=\/wp\/v2\/posts\/14103\/revisions\/14106"}],"wp:featuredmedia":[{"embeddable":true,"href":"https:\/\/treslineasnoticias.com.ar\/index.php?rest_route=\/wp\/v2\/media\/14104"}],"wp:attachment":[{"href":"https:\/\/treslineasnoticias.com.ar\/index.php?rest_route=%2Fwp%2Fv2%2Fmedia&parent=14103"}],"wp:term":[{"taxonomy":"category","embeddable":true,"href":"https:\/\/treslineasnoticias.com.ar\/index.php?rest_route=%2Fwp%2Fv2%2Fcategories&post=14103"},{"taxonomy":"post_tag","embeddable":true,"href":"https:\/\/treslineasnoticias.com.ar\/index.php?rest_route=%2Fwp%2Fv2%2Ftags&post=14103"}],"curies":[{"name":"wp","href":"https:\/\/api.w.org\/{rel}","templated":true}]}}