{"id":14167,"date":"2025-04-15T07:38:00","date_gmt":"2025-04-15T10:38:00","guid":{"rendered":"https:\/\/treslineasnoticias.com.ar\/?p=14167"},"modified":"2025-04-15T11:43:44","modified_gmt":"2025-04-15T14:43:44","slug":"gambina-sobre-la-salida-del-cepo-se-lo-vende-como-flotacion-pero-es-una-devaluacion","status":"publish","type":"post","link":"https:\/\/treslineasnoticias.com.ar\/?p=14167","title":{"rendered":"Gambina sobre la salida del cepo: \u201cSe lo vende como flotaci\u00f3n, pero es una devaluaci\u00f3n\u201d"},"content":{"rendered":"\n<p><em>En di\u00e1logo con <strong>Canal E<\/strong>, el economista Julio Gambina calific\u00f3 la salida del cepo como \u201cuna devaluaci\u00f3n\u201d y critic\u00f3 duramente las consecuencias para los sectores m\u00e1s vulnerables.<\/em><\/p>\n\n\n\n<p><strong>\u201cSe lo vende como flotaci\u00f3n, pero es una devaluaci\u00f3n\u201d<\/strong><br>El economista no dud\u00f3 en calificar el nuevo esquema cambiario y expres\u00f3 que, \u201cse lo vende como flotaci\u00f3n, pero es una devaluaci\u00f3n\u201d. El viernes el d\u00f3lar cotizaba a 1.074 pesos y hoy lleg\u00f3 a los 1.210 en el Banco Naci\u00f3n. \u201cHay matices entre los distintos bancos\u201d, aclar\u00f3.<\/p>\n\n\n\n<p>Para Gambina, la multiplicidad de tipos de cambio es clave para entender el impacto inflacionario: \u201cLa inflaci\u00f3n hay que medirla en el combo de la combinaci\u00f3n de las distintas cotizaciones\u201d. A pesar de la narrativa oficial, el entrevistado subray\u00f3 la contradicci\u00f3n: \u201cEl ministro de Econom\u00eda dijo que esto no es una devaluaci\u00f3n\u2026 bueno, que se la crea el que se la quiera creer\u201d.<\/p>\n\n\n\n<p><strong>Un d\u00f3lar, muchas verdades<\/strong><br>El nuevo sistema de bandas, que permite una cotizaci\u00f3n entre los 1.000 y los 1.400 pesos, refleja la flexibilidad del mercado para elegir el tipo de d\u00f3lar que m\u00e1s le conviene en cada situaci\u00f3n.<\/p>\n\n\n\n<p>\u201cCuando conviene el d\u00f3lar que sirve es el blue, cuando conviene es el contado con liquidaci\u00f3n, cuando conviene es el MEP\u201d, se\u00f1al\u00f3 Gambina, advirtiendo que incluso el d\u00f3lar MEP \u201ccotizaba m\u00e1s cerca de los 1.400\u201d.<\/p>\n\n\n\n<p><strong>El respaldo pol\u00edtico de EE.UU. y su peso en el FMI<\/strong><br>Gambina destac\u00f3 la visita del secretario del Tesoro de EE.UU. como una se\u00f1al pol\u00edtica: \u201cTrae un abrazo, eso queda claro, es el aval pol\u00edtico del gobierno de los Estados Unidos\u201d. Seg\u00fan el economista, este respaldo tiene consecuencias directas: \u201cMilei es el socio pol\u00edtico m\u00e1s importante a nivel global\u201d.<\/p>\n\n\n\n<p>Adem\u00e1s, cuestion\u00f3 la incoherencia del FMI: \u201cAs\u00ed como no era correcto otorgarle 57.000 millones a Macri, tampoco tiene sentido hoy otorgar estos 20.000 millones y un aval para otros 6.000 m\u00e1s\u201d. Para Gambina, estas decisiones reflejan m\u00e1s una l\u00f3gica pol\u00edtica que econ\u00f3mica.<\/p>\n\n\n\n<p><strong>\u201c\u00bfA cu\u00e1ntos jubilados les sobran 120 mil pesos para comprar 100 d\u00f3lares?\u201d<br><\/strong>La pregunta clave para Gambina es: \u00bfa qui\u00e9n beneficia la salida del cepo? \u201cSalir del cepo le sirve a grandes operadores econ\u00f3micos\u201d, afirm\u00f3. En cambio, para la mayor\u00eda de la poblaci\u00f3n, la medida no tiene impacto positivo. \u201c100 d\u00f3lares es much\u00edsimo dinero para una parte importante de la sociedad argentina\u201d, remarc\u00f3.<\/p>\n\n\n\n<p>\u201cEl que va a comprar pan, el que se toma el bondi todos los d\u00edas, no tiene 120 mil pesos para comprar d\u00f3lares\u201d, insisti\u00f3. Y agreg\u00f3: \u201cMuchos han festejado salir del cepo, pero muy pocos saben realmente qu\u00e9 significa\u201d.<\/p>\n\n\n\n<p><strong>Suba de la bolsa vs. aumento del riesgo pa\u00eds<br><\/strong>Pese al entusiasmo oficial por la suba en los mercados, Gambina advirti\u00f3 sobre una se\u00f1al contradictoria: \u201cEl riesgo pa\u00eds crece\u201d. Para \u00e9l, esto se debe a que los inversores siguen viendo con desconfianza la sostenibilidad del plan econ\u00f3mico.<\/p>\n\n\n\n<p>\u201cLa inflaci\u00f3n es una, pero incluso m\u00e1s que el \u00edndice, est\u00e1 el interrogante sobre qu\u00e9 va a pasar con la Argentina\u201d, concluy\u00f3.<\/p>\n","protected":false},"excerpt":{"rendered":"<p>En di\u00e1logo con Canal E, el economista Julio Gambina calific\u00f3 la salida del cepo como \u201cuna devaluaci\u00f3n\u201d y critic\u00f3 duramente las consecuencias para los sectores m\u00e1s vulnerables. \u201cSe lo vende como flotaci\u00f3n, pero es una devaluaci\u00f3n\u201dEl economista no dud\u00f3 en calificar el nuevo esquema cambiario y expres\u00f3 que, \u201cse lo vende como flotaci\u00f3n, pero es [&hellip;]<\/p>\n","protected":false},"author":3,"featured_media":14168,"comment_status":"open","ping_status":"open","sticky":false,"template":"","format":"standard","meta":{"_jetpack_memberships_contains_paid_content":false,"footnotes":""},"categories":[9],"tags":[],"class_list":["post-14167","post","type-post","status-publish","format-standard","has-post-thumbnail","hentry","category-nacionales"],"yoast_head":"<!-- This site is optimized with the Yoast SEO plugin v24.7 - https:\/\/yoast.com\/wordpress\/plugins\/seo\/ -->\n<title>Gambina sobre la salida del cepo: \u201cSe lo vende como flotaci\u00f3n, pero es una devaluaci\u00f3n\u201d - Tres Lineas Noticias<\/title>\n<meta name=\"robots\" content=\"index, follow, max-snippet:-1, max-image-preview:large, max-video-preview:-1\" \/>\n<link rel=\"canonical\" href=\"https:\/\/treslineasnoticias.com.ar\/?p=14167\" \/>\n<meta property=\"og:locale\" content=\"es_ES\" \/>\n<meta property=\"og:type\" content=\"article\" \/>\n<meta property=\"og:title\" content=\"Gambina sobre la salida del cepo: \u201cSe lo vende como flotaci\u00f3n, pero es una devaluaci\u00f3n\u201d - Tres Lineas Noticias\" \/>\n<meta property=\"og:description\" content=\"En di\u00e1logo con Canal E, el economista Julio Gambina calific\u00f3 la salida del cepo como \u201cuna devaluaci\u00f3n\u201d y critic\u00f3 duramente las consecuencias para los sectores m\u00e1s vulnerables. \u201cSe lo vende como flotaci\u00f3n, pero es una devaluaci\u00f3n\u201dEl economista no dud\u00f3 en calificar el nuevo esquema cambiario y expres\u00f3 que, \u201cse lo vende como flotaci\u00f3n, pero es [&hellip;]\" \/>\n<meta property=\"og:url\" content=\"https:\/\/treslineasnoticias.com.ar\/?p=14167\" \/>\n<meta property=\"og:site_name\" content=\"Tres Lineas Noticias\" \/>\n<meta property=\"article:published_time\" content=\"2025-04-15T10:38:00+00:00\" \/>\n<meta property=\"article:modified_time\" content=\"2025-04-15T14:43:44+00:00\" \/>\n<meta property=\"og:image\" content=\"http:\/\/treslineasnoticias.com.ar\/wp-content\/uploads\/2025\/04\/AA1CUHET.jpeg\" \/>\n\t<meta property=\"og:image:width\" content=\"768\" \/>\n\t<meta property=\"og:image:height\" content=\"432\" \/>\n\t<meta property=\"og:image:type\" content=\"image\/jpeg\" \/>\n<meta name=\"author\" content=\"Horacio L\u00f3pez\" \/>\n<meta name=\"twitter:card\" content=\"summary_large_image\" \/>\n<meta name=\"twitter:label1\" content=\"Escrito por\" \/>\n\t<meta name=\"twitter:data1\" content=\"Horacio L\u00f3pez\" \/>\n\t<meta name=\"twitter:label2\" content=\"Tiempo de lectura\" \/>\n\t<meta name=\"twitter:data2\" content=\"3 minutos\" \/>\n<script type=\"application\/ld+json\" class=\"yoast-schema-graph\">{\"@context\":\"https:\/\/schema.org\",\"@graph\":[{\"@type\":\"WebPage\",\"@id\":\"https:\/\/treslineasnoticias.com.ar\/?p=14167\",\"url\":\"https:\/\/treslineasnoticias.com.ar\/?p=14167\",\"name\":\"Gambina sobre la salida del cepo: \u201cSe lo vende como flotaci\u00f3n, pero es una devaluaci\u00f3n\u201d - Tres Lineas Noticias\",\"isPartOf\":{\"@id\":\"https:\/\/treslineasnoticias.com.ar\/#website\"},\"primaryImageOfPage\":{\"@id\":\"https:\/\/treslineasnoticias.com.ar\/?p=14167#primaryimage\"},\"image\":{\"@id\":\"https:\/\/treslineasnoticias.com.ar\/?p=14167#primaryimage\"},\"thumbnailUrl\":\"https:\/\/treslineasnoticias.com.ar\/wp-content\/uploads\/2025\/04\/AA1CUHET.jpeg\",\"datePublished\":\"2025-04-15T10:38:00+00:00\",\"dateModified\":\"2025-04-15T14:43:44+00:00\",\"author\":{\"@id\":\"https:\/\/treslineasnoticias.com.ar\/#\/schema\/person\/c5f7249e50517b84c2379b145ca14895\"},\"breadcrumb\":{\"@id\":\"https:\/\/treslineasnoticias.com.ar\/?p=14167#breadcrumb\"},\"inLanguage\":\"es\",\"potentialAction\":[{\"@type\":\"ReadAction\",\"target\":[\"https:\/\/treslineasnoticias.com.ar\/?p=14167\"]}]},{\"@type\":\"ImageObject\",\"inLanguage\":\"es\",\"@id\":\"https:\/\/treslineasnoticias.com.ar\/?p=14167#primaryimage\",\"url\":\"https:\/\/treslineasnoticias.com.ar\/wp-content\/uploads\/2025\/04\/AA1CUHET.jpeg\",\"contentUrl\":\"https:\/\/treslineasnoticias.com.ar\/wp-content\/uploads\/2025\/04\/AA1CUHET.jpeg\",\"width\":768,\"height\":432},{\"@type\":\"BreadcrumbList\",\"@id\":\"https:\/\/treslineasnoticias.com.ar\/?p=14167#breadcrumb\",\"itemListElement\":[{\"@type\":\"ListItem\",\"position\":1,\"name\":\"Portada\",\"item\":\"https:\/\/treslineasnoticias.com.ar\/\"},{\"@type\":\"ListItem\",\"position\":2,\"name\":\"Gambina sobre la salida del cepo: \u201cSe lo vende como flotaci\u00f3n, pero es una devaluaci\u00f3n\u201d\"}]},{\"@type\":\"WebSite\",\"@id\":\"https:\/\/treslineasnoticias.com.ar\/#website\",\"url\":\"https:\/\/treslineasnoticias.com.ar\/\",\"name\":\"Tres Lineas Noticias\",\"description\":\"\",\"potentialAction\":[{\"@type\":\"SearchAction\",\"target\":{\"@type\":\"EntryPoint\",\"urlTemplate\":\"https:\/\/treslineasnoticias.com.ar\/?s={search_term_string}\"},\"query-input\":{\"@type\":\"PropertyValueSpecification\",\"valueRequired\":true,\"valueName\":\"search_term_string\"}}],\"inLanguage\":\"es\"},{\"@type\":\"Person\",\"@id\":\"https:\/\/treslineasnoticias.com.ar\/#\/schema\/person\/c5f7249e50517b84c2379b145ca14895\",\"name\":\"Horacio L\u00f3pez\",\"image\":{\"@type\":\"ImageObject\",\"inLanguage\":\"es\",\"@id\":\"https:\/\/treslineasnoticias.com.ar\/#\/schema\/person\/image\/\",\"url\":\"https:\/\/treslineasnoticias.com.ar\/wp-content\/litespeed\/avatar\/ddbec442f0224f940ce000570a0cb216.jpg?ver=1777068930\",\"contentUrl\":\"https:\/\/treslineasnoticias.com.ar\/wp-content\/litespeed\/avatar\/ddbec442f0224f940ce000570a0cb216.jpg?ver=1777068930\",\"caption\":\"Horacio L\u00f3pez\"},\"sameAs\":[\"http:\/\/treslineasnoticias.com.ar\"],\"url\":\"https:\/\/treslineasnoticias.com.ar\/?author=3\"}]}<\/script>\n<!-- \/ Yoast SEO plugin. -->","yoast_head_json":{"title":"Gambina sobre la salida del cepo: \u201cSe lo vende como flotaci\u00f3n, pero es una devaluaci\u00f3n\u201d - Tres Lineas Noticias","robots":{"index":"index","follow":"follow","max-snippet":"max-snippet:-1","max-image-preview":"max-image-preview:large","max-video-preview":"max-video-preview:-1"},"canonical":"https:\/\/treslineasnoticias.com.ar\/?p=14167","og_locale":"es_ES","og_type":"article","og_title":"Gambina sobre la salida del cepo: \u201cSe lo vende como flotaci\u00f3n, pero es una devaluaci\u00f3n\u201d - Tres Lineas Noticias","og_description":"En di\u00e1logo con Canal E, el economista Julio Gambina calific\u00f3 la salida del cepo como \u201cuna devaluaci\u00f3n\u201d y critic\u00f3 duramente las consecuencias para los sectores m\u00e1s vulnerables. \u201cSe lo vende como flotaci\u00f3n, pero es una devaluaci\u00f3n\u201dEl economista no dud\u00f3 en calificar el nuevo esquema cambiario y expres\u00f3 que, \u201cse lo vende como flotaci\u00f3n, pero es [&hellip;]","og_url":"https:\/\/treslineasnoticias.com.ar\/?p=14167","og_site_name":"Tres Lineas Noticias","article_published_time":"2025-04-15T10:38:00+00:00","article_modified_time":"2025-04-15T14:43:44+00:00","og_image":[{"width":768,"height":432,"url":"http:\/\/treslineasnoticias.com.ar\/wp-content\/uploads\/2025\/04\/AA1CUHET.jpeg","type":"image\/jpeg"}],"author":"Horacio L\u00f3pez","twitter_card":"summary_large_image","twitter_misc":{"Escrito por":"Horacio L\u00f3pez","Tiempo de lectura":"3 minutos"},"schema":{"@context":"https:\/\/schema.org","@graph":[{"@type":"WebPage","@id":"https:\/\/treslineasnoticias.com.ar\/?p=14167","url":"https:\/\/treslineasnoticias.com.ar\/?p=14167","name":"Gambina sobre la salida del cepo: \u201cSe lo vende como flotaci\u00f3n, pero es una devaluaci\u00f3n\u201d - Tres Lineas Noticias","isPartOf":{"@id":"https:\/\/treslineasnoticias.com.ar\/#website"},"primaryImageOfPage":{"@id":"https:\/\/treslineasnoticias.com.ar\/?p=14167#primaryimage"},"image":{"@id":"https:\/\/treslineasnoticias.com.ar\/?p=14167#primaryimage"},"thumbnailUrl":"https:\/\/treslineasnoticias.com.ar\/wp-content\/uploads\/2025\/04\/AA1CUHET.jpeg","datePublished":"2025-04-15T10:38:00+00:00","dateModified":"2025-04-15T14:43:44+00:00","author":{"@id":"https:\/\/treslineasnoticias.com.ar\/#\/schema\/person\/c5f7249e50517b84c2379b145ca14895"},"breadcrumb":{"@id":"https:\/\/treslineasnoticias.com.ar\/?p=14167#breadcrumb"},"inLanguage":"es","potentialAction":[{"@type":"ReadAction","target":["https:\/\/treslineasnoticias.com.ar\/?p=14167"]}]},{"@type":"ImageObject","inLanguage":"es","@id":"https:\/\/treslineasnoticias.com.ar\/?p=14167#primaryimage","url":"https:\/\/treslineasnoticias.com.ar\/wp-content\/uploads\/2025\/04\/AA1CUHET.jpeg","contentUrl":"https:\/\/treslineasnoticias.com.ar\/wp-content\/uploads\/2025\/04\/AA1CUHET.jpeg","width":768,"height":432},{"@type":"BreadcrumbList","@id":"https:\/\/treslineasnoticias.com.ar\/?p=14167#breadcrumb","itemListElement":[{"@type":"ListItem","position":1,"name":"Portada","item":"https:\/\/treslineasnoticias.com.ar\/"},{"@type":"ListItem","position":2,"name":"Gambina sobre la salida del cepo: \u201cSe lo vende como flotaci\u00f3n, pero es una devaluaci\u00f3n\u201d"}]},{"@type":"WebSite","@id":"https:\/\/treslineasnoticias.com.ar\/#website","url":"https:\/\/treslineasnoticias.com.ar\/","name":"Tres Lineas Noticias","description":"","potentialAction":[{"@type":"SearchAction","target":{"@type":"EntryPoint","urlTemplate":"https:\/\/treslineasnoticias.com.ar\/?s={search_term_string}"},"query-input":{"@type":"PropertyValueSpecification","valueRequired":true,"valueName":"search_term_string"}}],"inLanguage":"es"},{"@type":"Person","@id":"https:\/\/treslineasnoticias.com.ar\/#\/schema\/person\/c5f7249e50517b84c2379b145ca14895","name":"Horacio L\u00f3pez","image":{"@type":"ImageObject","inLanguage":"es","@id":"https:\/\/treslineasnoticias.com.ar\/#\/schema\/person\/image\/","url":"https:\/\/treslineasnoticias.com.ar\/wp-content\/litespeed\/avatar\/ddbec442f0224f940ce000570a0cb216.jpg?ver=1777068930","contentUrl":"https:\/\/treslineasnoticias.com.ar\/wp-content\/litespeed\/avatar\/ddbec442f0224f940ce000570a0cb216.jpg?ver=1777068930","caption":"Horacio L\u00f3pez"},"sameAs":["http:\/\/treslineasnoticias.com.ar"],"url":"https:\/\/treslineasnoticias.com.ar\/?author=3"}]}},"jetpack_featured_media_url":"https:\/\/treslineasnoticias.com.ar\/wp-content\/uploads\/2025\/04\/AA1CUHET.jpeg","jetpack_sharing_enabled":true,"_links":{"self":[{"href":"https:\/\/treslineasnoticias.com.ar\/index.php?rest_route=\/wp\/v2\/posts\/14167","targetHints":{"allow":["GET"]}}],"collection":[{"href":"https:\/\/treslineasnoticias.com.ar\/index.php?rest_route=\/wp\/v2\/posts"}],"about":[{"href":"https:\/\/treslineasnoticias.com.ar\/index.php?rest_route=\/wp\/v2\/types\/post"}],"author":[{"embeddable":true,"href":"https:\/\/treslineasnoticias.com.ar\/index.php?rest_route=\/wp\/v2\/users\/3"}],"replies":[{"embeddable":true,"href":"https:\/\/treslineasnoticias.com.ar\/index.php?rest_route=%2Fwp%2Fv2%2Fcomments&post=14167"}],"version-history":[{"count":1,"href":"https:\/\/treslineasnoticias.com.ar\/index.php?rest_route=\/wp\/v2\/posts\/14167\/revisions"}],"predecessor-version":[{"id":14169,"href":"https:\/\/treslineasnoticias.com.ar\/index.php?rest_route=\/wp\/v2\/posts\/14167\/revisions\/14169"}],"wp:featuredmedia":[{"embeddable":true,"href":"https:\/\/treslineasnoticias.com.ar\/index.php?rest_route=\/wp\/v2\/media\/14168"}],"wp:attachment":[{"href":"https:\/\/treslineasnoticias.com.ar\/index.php?rest_route=%2Fwp%2Fv2%2Fmedia&parent=14167"}],"wp:term":[{"taxonomy":"category","embeddable":true,"href":"https:\/\/treslineasnoticias.com.ar\/index.php?rest_route=%2Fwp%2Fv2%2Fcategories&post=14167"},{"taxonomy":"post_tag","embeddable":true,"href":"https:\/\/treslineasnoticias.com.ar\/index.php?rest_route=%2Fwp%2Fv2%2Ftags&post=14167"}],"curies":[{"name":"wp","href":"https:\/\/api.w.org\/{rel}","templated":true}]}}