{"id":15373,"date":"2025-06-01T06:21:00","date_gmt":"2025-06-01T09:21:00","guid":{"rendered":"https:\/\/treslineasnoticias.com.ar\/?p=15373"},"modified":"2025-06-01T12:25:53","modified_gmt":"2025-06-01T15:25:53","slug":"la-inflacion-que-percibe-la-poblacion-es-el-doble-de-la-que-informa-el-indec","status":"publish","type":"post","link":"https:\/\/treslineasnoticias.com.ar\/?p=15373","title":{"rendered":"La inflaci\u00f3n que percibe la poblaci\u00f3n es el doble de la que informa el INDEC"},"content":{"rendered":"\n<p><strong>Seg\u00fan el relevamiento de la UTDT, para el promedio de los consultados, los precios de mayo subieron 4,23%. Las consultoras estiman que el IPC de este mes dar\u00e1 alrededor del 2%.<\/strong><\/p>\n\n\n\n<p>La inflaci\u00f3n que percibe el p\u00fablico es mucho m\u00e1s alta de la que mide el Instituto Nacional de Estad\u00edstica y Censos (INDEC). Seg\u00fan indica el \u00faltimo relevamiento realizado por el Centro de Investigaci\u00f3n en Finanzas (CIF) de la Universidad Torcuato Di Tella (UTDT), los consultados suponen que los precios suben a un ritmo superior al 4% al mes, frente al 2% que reporta el organismo.<\/p>\n\n\n\n<p>La tradicional encuesta que suele tomarse como referencia en el mercado, incluye una pregunta en la cual se consulta al participante cu\u00e1l es la inflaci\u00f3n que estima a 30 d\u00edas, adem\u00e1s de la estimaci\u00f3n a 12 meses.<\/p>\n\n\n\n<p>\u201cDesde mayo de 2023 incorporamos una nueva pregunta sobre la inflaci\u00f3n mensual esperada para los pr\u00f3ximos 30 d\u00edas. Esta pregunta tiene una mayor tasa de respuesta que la inflaci\u00f3n anual, lo que sugiere que en un contexto de elevada incertidumbre probablemente le sea m\u00e1s f\u00e1cil a la persona contestar lo que cree pasar\u00e1 en un mes\u201d. explica el informe privado.<\/p>\n\n\n\n<p>La UTDT sostiene al respecto que \u201cel promedio disminuy\u00f3 de 4,55% en abril a 4,23% este mes, mientras que la mediana se mantuvo en 3%\u201d.<\/p>\n\n\n\n<figure class=\"wp-block-image size-full is-resized\"><img loading=\"lazy\" decoding=\"async\" width=\"569\" height=\"460\" src=\"http:\/\/treslineasnoticias.com.ar\/wp-content\/uploads\/2025\/06\/inflacion-consumo-precios-supermercados.webp\" alt=\"\" class=\"wp-image-15374\" style=\"width:840px;height:auto\" srcset=\"https:\/\/treslineasnoticias.com.ar\/wp-content\/uploads\/2025\/06\/inflacion-consumo-precios-supermercados.webp 569w, https:\/\/treslineasnoticias.com.ar\/wp-content\/uploads\/2025\/06\/inflacion-consumo-precios-supermercados-300x243.webp 300w\" sizes=\"auto, (max-width: 569px) 100vw, 569px\" \/><\/figure>\n\n\n\n<p>Si bien el estudio no lo menciona, es advertido por diferentes consultoras que el INDEC tiene que ajustar la canasta de consumo y sus diferentes ponderadores, con los cuales mide la evoluci\u00f3n de los precios.<\/p>\n\n\n\n<p>Los analistas sostienen que esa canasta esta desactualizada con patrones de consumo de familias de clase media de hace mas de 20 a\u00f1os cuando no hab\u00eda cierto tipo de consumos que se registran en la actualidad, como internet.<\/p>\n\n\n\n<p>Como los servicios ganaron terreno dentro de la canasta, estos deber\u00edan ponderar m\u00e1s (impactar m\u00e1s) en la inflaci\u00f3n de lo que lo est\u00e1n mostrando las encuestas oficiales.<\/p>\n\n\n\n<p>Con la canasta actual el INDEC midi\u00f3 una inflaci\u00f3n minorista del 2,8% en abril, contra el 3,7% de marzo, lo que marca un sendero de desinflaci\u00f3n claro. Para mayo, los relevamientos de consultoras dan entre 1,8% y 2%.<\/p>\n\n\n\n<p>Del mismo modo, lo est\u00e1 haciendo la percepci\u00f3n del p\u00fablico. En marzo la medici\u00f3n de la UTDT hab\u00eda sido de casi el 5%, en febrero del 4,48% y en enero del 4,25%.<\/p>\n\n\n\n<p><strong>Cu\u00e1l es la percepci\u00f3n de la inflaci\u00f3n anual<\/strong><br>La inflaci\u00f3n percibida en mayo para los siguientes 12 meses se ubic\u00f3 en un promedio del 38,8%, mientras que la mediana (el valor que se ubica en el medio de una serie) lo hizo en 30%.<\/p>\n\n\n\n<p>\u201cAmbos, el promedio y la mediana, son indicadores del centro de los datos, de lo que reporta el t\u00edpico encuestado, pero la mediana suele ser m\u00e1s insensible a cambios de tendencia, por lo que permanece inm\u00f3vil en meses consecutivos y da saltos grandes pero infrecuentes\u201d. se\u00f1ala el estudio.<\/p>\n\n\n\n<p>El mismo indica que \u201cla media, por el contrario, es m\u00e1s sensible a la variaci\u00f3n temporal en las respuestas y tiende a moverse cada mes\u201d.<\/p>\n\n\n\n<p><strong>La inflaci\u00f3n anual por regiones<\/strong><br>La encuesta indica que para los habitantes de la Ciudad Aut\u00f3noma de Buenos Aires el IPC a 12 meses ser\u00eda de 42,1% (con una baja de 2,4 puntos), el Gran Buenos Aires, 40,8% (-2,3) y el Interior, 37,3% (-2,5 puntos). <\/p>\n","protected":false},"excerpt":{"rendered":"<p>Seg\u00fan el relevamiento de la UTDT, para el promedio de los consultados, los precios de mayo subieron 4,23%. Las consultoras estiman que el IPC de este mes dar\u00e1 alrededor del 2%. La inflaci\u00f3n que percibe el p\u00fablico es mucho m\u00e1s alta de la que mide el Instituto Nacional de Estad\u00edstica y Censos (INDEC). Seg\u00fan indica [&hellip;]<\/p>\n","protected":false},"author":3,"featured_media":15375,"comment_status":"open","ping_status":"open","sticky":false,"template":"","format":"standard","meta":{"_jetpack_memberships_contains_paid_content":false,"footnotes":""},"categories":[9],"tags":[],"class_list":["post-15373","post","type-post","status-publish","format-standard","has-post-thumbnail","hentry","category-nacionales"],"yoast_head":"<!-- This site is optimized with the Yoast SEO plugin v24.7 - https:\/\/yoast.com\/wordpress\/plugins\/seo\/ -->\n<title>La inflaci\u00f3n que percibe la poblaci\u00f3n es el doble de la que informa el INDEC - Tres Lineas Noticias<\/title>\n<meta name=\"robots\" content=\"index, follow, max-snippet:-1, max-image-preview:large, max-video-preview:-1\" \/>\n<link rel=\"canonical\" href=\"https:\/\/treslineasnoticias.com.ar\/?p=15373\" \/>\n<meta property=\"og:locale\" content=\"es_ES\" \/>\n<meta property=\"og:type\" content=\"article\" \/>\n<meta property=\"og:title\" content=\"La inflaci\u00f3n que percibe la poblaci\u00f3n es el doble de la que informa el INDEC - Tres Lineas Noticias\" \/>\n<meta property=\"og:description\" content=\"Seg\u00fan el relevamiento de la UTDT, para el promedio de los consultados, los precios de mayo subieron 4,23%. Las consultoras estiman que el IPC de este mes dar\u00e1 alrededor del 2%. La inflaci\u00f3n que percibe el p\u00fablico es mucho m\u00e1s alta de la que mide el Instituto Nacional de Estad\u00edstica y Censos (INDEC). Seg\u00fan indica [&hellip;]\" \/>\n<meta property=\"og:url\" content=\"https:\/\/treslineasnoticias.com.ar\/?p=15373\" \/>\n<meta property=\"og:site_name\" content=\"Tres Lineas Noticias\" \/>\n<meta property=\"article:published_time\" content=\"2025-06-01T09:21:00+00:00\" \/>\n<meta property=\"article:modified_time\" content=\"2025-06-01T15:25:53+00:00\" \/>\n<meta property=\"og:image\" content=\"http:\/\/treslineasnoticias.com.ar\/wp-content\/uploads\/2025\/06\/inflacion-preciosjpg.webp\" \/>\n\t<meta property=\"og:image:width\" content=\"655\" \/>\n\t<meta property=\"og:image:height\" content=\"368\" \/>\n\t<meta property=\"og:image:type\" content=\"image\/webp\" \/>\n<meta name=\"author\" content=\"Horacio L\u00f3pez\" \/>\n<meta name=\"twitter:card\" content=\"summary_large_image\" \/>\n<meta name=\"twitter:label1\" content=\"Escrito por\" \/>\n\t<meta name=\"twitter:data1\" content=\"Horacio L\u00f3pez\" \/>\n\t<meta name=\"twitter:label2\" content=\"Tiempo de lectura\" \/>\n\t<meta name=\"twitter:data2\" content=\"3 minutos\" \/>\n<script type=\"application\/ld+json\" class=\"yoast-schema-graph\">{\"@context\":\"https:\/\/schema.org\",\"@graph\":[{\"@type\":\"WebPage\",\"@id\":\"https:\/\/treslineasnoticias.com.ar\/?p=15373\",\"url\":\"https:\/\/treslineasnoticias.com.ar\/?p=15373\",\"name\":\"La inflaci\u00f3n que percibe la poblaci\u00f3n es el doble de la que informa el INDEC - Tres Lineas Noticias\",\"isPartOf\":{\"@id\":\"https:\/\/treslineasnoticias.com.ar\/#website\"},\"primaryImageOfPage\":{\"@id\":\"https:\/\/treslineasnoticias.com.ar\/?p=15373#primaryimage\"},\"image\":{\"@id\":\"https:\/\/treslineasnoticias.com.ar\/?p=15373#primaryimage\"},\"thumbnailUrl\":\"https:\/\/treslineasnoticias.com.ar\/wp-content\/uploads\/2025\/06\/inflacion-preciosjpg.webp\",\"datePublished\":\"2025-06-01T09:21:00+00:00\",\"dateModified\":\"2025-06-01T15:25:53+00:00\",\"author\":{\"@id\":\"https:\/\/treslineasnoticias.com.ar\/#\/schema\/person\/c5f7249e50517b84c2379b145ca14895\"},\"breadcrumb\":{\"@id\":\"https:\/\/treslineasnoticias.com.ar\/?p=15373#breadcrumb\"},\"inLanguage\":\"es\",\"potentialAction\":[{\"@type\":\"ReadAction\",\"target\":[\"https:\/\/treslineasnoticias.com.ar\/?p=15373\"]}]},{\"@type\":\"ImageObject\",\"inLanguage\":\"es\",\"@id\":\"https:\/\/treslineasnoticias.com.ar\/?p=15373#primaryimage\",\"url\":\"https:\/\/treslineasnoticias.com.ar\/wp-content\/uploads\/2025\/06\/inflacion-preciosjpg.webp\",\"contentUrl\":\"https:\/\/treslineasnoticias.com.ar\/wp-content\/uploads\/2025\/06\/inflacion-preciosjpg.webp\",\"width\":655,\"height\":368},{\"@type\":\"BreadcrumbList\",\"@id\":\"https:\/\/treslineasnoticias.com.ar\/?p=15373#breadcrumb\",\"itemListElement\":[{\"@type\":\"ListItem\",\"position\":1,\"name\":\"Portada\",\"item\":\"https:\/\/treslineasnoticias.com.ar\/\"},{\"@type\":\"ListItem\",\"position\":2,\"name\":\"La inflaci\u00f3n que percibe la poblaci\u00f3n es el doble de la que informa el INDEC\"}]},{\"@type\":\"WebSite\",\"@id\":\"https:\/\/treslineasnoticias.com.ar\/#website\",\"url\":\"https:\/\/treslineasnoticias.com.ar\/\",\"name\":\"Tres Lineas Noticias\",\"description\":\"\",\"potentialAction\":[{\"@type\":\"SearchAction\",\"target\":{\"@type\":\"EntryPoint\",\"urlTemplate\":\"https:\/\/treslineasnoticias.com.ar\/?s={search_term_string}\"},\"query-input\":{\"@type\":\"PropertyValueSpecification\",\"valueRequired\":true,\"valueName\":\"search_term_string\"}}],\"inLanguage\":\"es\"},{\"@type\":\"Person\",\"@id\":\"https:\/\/treslineasnoticias.com.ar\/#\/schema\/person\/c5f7249e50517b84c2379b145ca14895\",\"name\":\"Horacio L\u00f3pez\",\"image\":{\"@type\":\"ImageObject\",\"inLanguage\":\"es\",\"@id\":\"https:\/\/treslineasnoticias.com.ar\/#\/schema\/person\/image\/\",\"url\":\"https:\/\/treslineasnoticias.com.ar\/wp-content\/litespeed\/avatar\/ddbec442f0224f940ce000570a0cb216.jpg?ver=1777068930\",\"contentUrl\":\"https:\/\/treslineasnoticias.com.ar\/wp-content\/litespeed\/avatar\/ddbec442f0224f940ce000570a0cb216.jpg?ver=1777068930\",\"caption\":\"Horacio L\u00f3pez\"},\"sameAs\":[\"http:\/\/treslineasnoticias.com.ar\"],\"url\":\"https:\/\/treslineasnoticias.com.ar\/?author=3\"}]}<\/script>\n<!-- \/ Yoast SEO plugin. -->","yoast_head_json":{"title":"La inflaci\u00f3n que percibe la poblaci\u00f3n es el doble de la que informa el INDEC - Tres Lineas Noticias","robots":{"index":"index","follow":"follow","max-snippet":"max-snippet:-1","max-image-preview":"max-image-preview:large","max-video-preview":"max-video-preview:-1"},"canonical":"https:\/\/treslineasnoticias.com.ar\/?p=15373","og_locale":"es_ES","og_type":"article","og_title":"La inflaci\u00f3n que percibe la poblaci\u00f3n es el doble de la que informa el INDEC - Tres Lineas Noticias","og_description":"Seg\u00fan el relevamiento de la UTDT, para el promedio de los consultados, los precios de mayo subieron 4,23%. Las consultoras estiman que el IPC de este mes dar\u00e1 alrededor del 2%. La inflaci\u00f3n que percibe el p\u00fablico es mucho m\u00e1s alta de la que mide el Instituto Nacional de Estad\u00edstica y Censos (INDEC). Seg\u00fan indica [&hellip;]","og_url":"https:\/\/treslineasnoticias.com.ar\/?p=15373","og_site_name":"Tres Lineas Noticias","article_published_time":"2025-06-01T09:21:00+00:00","article_modified_time":"2025-06-01T15:25:53+00:00","og_image":[{"width":655,"height":368,"url":"http:\/\/treslineasnoticias.com.ar\/wp-content\/uploads\/2025\/06\/inflacion-preciosjpg.webp","type":"image\/webp"}],"author":"Horacio L\u00f3pez","twitter_card":"summary_large_image","twitter_misc":{"Escrito por":"Horacio L\u00f3pez","Tiempo de lectura":"3 minutos"},"schema":{"@context":"https:\/\/schema.org","@graph":[{"@type":"WebPage","@id":"https:\/\/treslineasnoticias.com.ar\/?p=15373","url":"https:\/\/treslineasnoticias.com.ar\/?p=15373","name":"La inflaci\u00f3n que percibe la poblaci\u00f3n es el doble de la que informa el INDEC - Tres Lineas Noticias","isPartOf":{"@id":"https:\/\/treslineasnoticias.com.ar\/#website"},"primaryImageOfPage":{"@id":"https:\/\/treslineasnoticias.com.ar\/?p=15373#primaryimage"},"image":{"@id":"https:\/\/treslineasnoticias.com.ar\/?p=15373#primaryimage"},"thumbnailUrl":"https:\/\/treslineasnoticias.com.ar\/wp-content\/uploads\/2025\/06\/inflacion-preciosjpg.webp","datePublished":"2025-06-01T09:21:00+00:00","dateModified":"2025-06-01T15:25:53+00:00","author":{"@id":"https:\/\/treslineasnoticias.com.ar\/#\/schema\/person\/c5f7249e50517b84c2379b145ca14895"},"breadcrumb":{"@id":"https:\/\/treslineasnoticias.com.ar\/?p=15373#breadcrumb"},"inLanguage":"es","potentialAction":[{"@type":"ReadAction","target":["https:\/\/treslineasnoticias.com.ar\/?p=15373"]}]},{"@type":"ImageObject","inLanguage":"es","@id":"https:\/\/treslineasnoticias.com.ar\/?p=15373#primaryimage","url":"https:\/\/treslineasnoticias.com.ar\/wp-content\/uploads\/2025\/06\/inflacion-preciosjpg.webp","contentUrl":"https:\/\/treslineasnoticias.com.ar\/wp-content\/uploads\/2025\/06\/inflacion-preciosjpg.webp","width":655,"height":368},{"@type":"BreadcrumbList","@id":"https:\/\/treslineasnoticias.com.ar\/?p=15373#breadcrumb","itemListElement":[{"@type":"ListItem","position":1,"name":"Portada","item":"https:\/\/treslineasnoticias.com.ar\/"},{"@type":"ListItem","position":2,"name":"La inflaci\u00f3n que percibe la poblaci\u00f3n es el doble de la que informa el INDEC"}]},{"@type":"WebSite","@id":"https:\/\/treslineasnoticias.com.ar\/#website","url":"https:\/\/treslineasnoticias.com.ar\/","name":"Tres Lineas Noticias","description":"","potentialAction":[{"@type":"SearchAction","target":{"@type":"EntryPoint","urlTemplate":"https:\/\/treslineasnoticias.com.ar\/?s={search_term_string}"},"query-input":{"@type":"PropertyValueSpecification","valueRequired":true,"valueName":"search_term_string"}}],"inLanguage":"es"},{"@type":"Person","@id":"https:\/\/treslineasnoticias.com.ar\/#\/schema\/person\/c5f7249e50517b84c2379b145ca14895","name":"Horacio L\u00f3pez","image":{"@type":"ImageObject","inLanguage":"es","@id":"https:\/\/treslineasnoticias.com.ar\/#\/schema\/person\/image\/","url":"https:\/\/treslineasnoticias.com.ar\/wp-content\/litespeed\/avatar\/ddbec442f0224f940ce000570a0cb216.jpg?ver=1777068930","contentUrl":"https:\/\/treslineasnoticias.com.ar\/wp-content\/litespeed\/avatar\/ddbec442f0224f940ce000570a0cb216.jpg?ver=1777068930","caption":"Horacio L\u00f3pez"},"sameAs":["http:\/\/treslineasnoticias.com.ar"],"url":"https:\/\/treslineasnoticias.com.ar\/?author=3"}]}},"jetpack_featured_media_url":"https:\/\/treslineasnoticias.com.ar\/wp-content\/uploads\/2025\/06\/inflacion-preciosjpg.webp","jetpack_sharing_enabled":true,"_links":{"self":[{"href":"https:\/\/treslineasnoticias.com.ar\/index.php?rest_route=\/wp\/v2\/posts\/15373","targetHints":{"allow":["GET"]}}],"collection":[{"href":"https:\/\/treslineasnoticias.com.ar\/index.php?rest_route=\/wp\/v2\/posts"}],"about":[{"href":"https:\/\/treslineasnoticias.com.ar\/index.php?rest_route=\/wp\/v2\/types\/post"}],"author":[{"embeddable":true,"href":"https:\/\/treslineasnoticias.com.ar\/index.php?rest_route=\/wp\/v2\/users\/3"}],"replies":[{"embeddable":true,"href":"https:\/\/treslineasnoticias.com.ar\/index.php?rest_route=%2Fwp%2Fv2%2Fcomments&post=15373"}],"version-history":[{"count":1,"href":"https:\/\/treslineasnoticias.com.ar\/index.php?rest_route=\/wp\/v2\/posts\/15373\/revisions"}],"predecessor-version":[{"id":15376,"href":"https:\/\/treslineasnoticias.com.ar\/index.php?rest_route=\/wp\/v2\/posts\/15373\/revisions\/15376"}],"wp:featuredmedia":[{"embeddable":true,"href":"https:\/\/treslineasnoticias.com.ar\/index.php?rest_route=\/wp\/v2\/media\/15375"}],"wp:attachment":[{"href":"https:\/\/treslineasnoticias.com.ar\/index.php?rest_route=%2Fwp%2Fv2%2Fmedia&parent=15373"}],"wp:term":[{"taxonomy":"category","embeddable":true,"href":"https:\/\/treslineasnoticias.com.ar\/index.php?rest_route=%2Fwp%2Fv2%2Fcategories&post=15373"},{"taxonomy":"post_tag","embeddable":true,"href":"https:\/\/treslineasnoticias.com.ar\/index.php?rest_route=%2Fwp%2Fv2%2Ftags&post=15373"}],"curies":[{"name":"wp","href":"https:\/\/api.w.org\/{rel}","templated":true}]}}