{"id":15702,"date":"2025-06-14T19:43:28","date_gmt":"2025-06-14T22:43:28","guid":{"rendered":"https:\/\/treslineasnoticias.com.ar\/?p=15702"},"modified":"2025-06-14T19:43:29","modified_gmt":"2025-06-14T22:43:29","slug":"el-peronismo-y-aliados-se-reune-en-la-matanza-para-respaldar-a-cristina","status":"publish","type":"post","link":"https:\/\/treslineasnoticias.com.ar\/?p=15702","title":{"rendered":"El peronismo y aliados se re\u00fane en La Matanza para respaldar a Cristina"},"content":{"rendered":"\n<p>Como parte del proceso que se viene impulsando desde la sede nacional del Partido Justicialista, en La Matanza se llev\u00f3 a cabo un encuentro que convoc\u00f3 a referentes de organizaciones pol\u00edticas, sociales, gremiales, sindicatos y representantes de la Universidad Nacional de La Matanza (UNLaM), con el objetivo de reforzar la organizaci\u00f3n y movilizaci\u00f3n en defensa de Cristina Fern\u00e1ndez de Kirchner.<\/p>\n\n\n\n<p>A pesar de la importancia del momento pol\u00edtico, el Partido Justicialista local no particip\u00f3 de la convocatoria. Mientras se realizaba la reuni\u00f3n en San Justo, el intendente Fernando Espinoza se encontraba en la sede nacional del PJ, pero no design\u00f3 a ning\u00fan representante para asistir. Varios de los presentes lamentaron la ausencia del PJ matancero, que desde hace tiempo ha optado por el silencio frente a los ataques contra Cristina.<\/p>\n\n\n\n<figure class=\"wp-block-image size-large\"><img loading=\"lazy\" decoding=\"async\" width=\"1024\" height=\"683\" src=\"http:\/\/treslineasnoticias.com.ar\/wp-content\/uploads\/2025\/06\/la-matanza-1-1024x683.jpeg\" alt=\"\" class=\"wp-image-15704\" srcset=\"https:\/\/treslineasnoticias.com.ar\/wp-content\/uploads\/2025\/06\/la-matanza-1-1024x683.jpeg 1024w, https:\/\/treslineasnoticias.com.ar\/wp-content\/uploads\/2025\/06\/la-matanza-1-300x200.jpeg 300w, https:\/\/treslineasnoticias.com.ar\/wp-content\/uploads\/2025\/06\/la-matanza-1-768x512.jpeg 768w, https:\/\/treslineasnoticias.com.ar\/wp-content\/uploads\/2025\/06\/la-matanza-1-1536x1024.jpeg 1536w, https:\/\/treslineasnoticias.com.ar\/wp-content\/uploads\/2025\/06\/la-matanza-1-2048x1365.jpeg 2048w\" sizes=\"auto, (max-width: 1024px) 100vw, 1024px\" \/><\/figure>\n\n\n\n<p>La jornada, que tuvo lugar en una sede del Movimiento Obrero en San Justo, fue un nuevo paso en el camino de articulaci\u00f3n entre todos los sectores que consideran que la proscripci\u00f3n a Cristina no es solo una injusticia personal, sino un intento de disciplinar a toda la dirigencia pol\u00edtica.<\/p>\n\n\n\n<p>Durante el encuentro se debatieron propuestas y se acord\u00f3 una agenda com\u00fan de acciones territoriales y movilizaciones en el distrito. Adem\u00e1s, se avanz\u00f3 en la organizaci\u00f3n de la caravana que el d\u00eda mi\u00e9rcoles acompa\u00f1ar\u00e1 a Cristina desde su casa hasta los tribunales de Comodoro Py.<\/p>\n\n\n\n<figure class=\"wp-block-image size-large\"><img loading=\"lazy\" decoding=\"async\" width=\"1024\" height=\"683\" src=\"http:\/\/treslineasnoticias.com.ar\/wp-content\/uploads\/2025\/06\/la-matanza-5-1024x683.jpeg\" alt=\"\" class=\"wp-image-15703\" srcset=\"https:\/\/treslineasnoticias.com.ar\/wp-content\/uploads\/2025\/06\/la-matanza-5-1024x683.jpeg 1024w, https:\/\/treslineasnoticias.com.ar\/wp-content\/uploads\/2025\/06\/la-matanza-5-300x200.jpeg 300w, https:\/\/treslineasnoticias.com.ar\/wp-content\/uploads\/2025\/06\/la-matanza-5-768x512.jpeg 768w, https:\/\/treslineasnoticias.com.ar\/wp-content\/uploads\/2025\/06\/la-matanza-5-1536x1024.jpeg 1536w, https:\/\/treslineasnoticias.com.ar\/wp-content\/uploads\/2025\/06\/la-matanza-5-2048x1365.jpeg 2048w\" sizes=\"auto, (max-width: 1024px) 100vw, 1024px\" \/><\/figure>\n\n\n\n<p>En la reuni\u00f3n estuvieron presentes, por la rama sindical, las 62 Organizaciones Gremiales Peronistas, la UOM, el SMATA, el Sindicato Trabajadores Municipales de La Matanza, SECASFPI, la Federaci\u00f3n Gr\u00e1fica Bonaerense, SUTACA, Municipales CABA, Sindicato de Alimentaci\u00f3n, Asociaci\u00f3n Judicial Bonaerense, Canillitas, ALEARA (sindicato de juegos de azar) y UDOCBA. Por las organizaciones sociales, asistieron Luis D&#8217;El\u00eda del FTV-Miles, la OLP, el MTE y el Movimiento Evita. Tambi\u00e9n fueron parte del encuentro el diputado provincial Facundo Tignanelli, la diputada nacional Luciana Potena,\u00a0\u2060La C\u00e1mpora, Frente Transversal, Ateneo N\u00e9stor Kirchner, Agrupaci\u00f3n Nos une La Matanza, Movimiento Alfonsinista, Miguel Bampini del FAP, Patricia Cubr\u00eda del Frente Vecinal y el Partido Socialista de La Matanza. En representaci\u00f3n de la Universidad Nacional de La Matanza estuvo Sergio Bogochwal y por el Obispado de San Justo, \u00c1ngel Recine.<\/p>\n","protected":false},"excerpt":{"rendered":"<p>Como parte del proceso que se viene impulsando desde la sede nacional del Partido Justicialista, en La Matanza se llev\u00f3 a cabo un encuentro que convoc\u00f3 a referentes de organizaciones pol\u00edticas, sociales, gremiales, sindicatos y representantes de la Universidad Nacional de La Matanza (UNLaM), con el objetivo de reforzar la organizaci\u00f3n y movilizaci\u00f3n en defensa [&hellip;]<\/p>\n","protected":false},"author":3,"featured_media":15705,"comment_status":"open","ping_status":"open","sticky":false,"template":"","format":"standard","meta":{"_jetpack_memberships_contains_paid_content":false,"footnotes":""},"categories":[9,8],"tags":[],"class_list":["post-15702","post","type-post","status-publish","format-standard","has-post-thumbnail","hentry","category-nacionales","category-provincia"],"yoast_head":"<!-- This site is optimized with the Yoast SEO plugin v24.7 - https:\/\/yoast.com\/wordpress\/plugins\/seo\/ -->\n<title>El peronismo y aliados se re\u00fane en La Matanza para respaldar a Cristina - Tres Lineas Noticias<\/title>\n<meta name=\"robots\" content=\"index, follow, max-snippet:-1, max-image-preview:large, max-video-preview:-1\" \/>\n<link rel=\"canonical\" href=\"https:\/\/treslineasnoticias.com.ar\/?p=15702\" \/>\n<meta property=\"og:locale\" content=\"es_ES\" \/>\n<meta property=\"og:type\" content=\"article\" \/>\n<meta property=\"og:title\" content=\"El peronismo y aliados se re\u00fane en La Matanza para respaldar a Cristina - Tres Lineas Noticias\" \/>\n<meta property=\"og:description\" content=\"Como parte del proceso que se viene impulsando desde la sede nacional del Partido Justicialista, en La Matanza se llev\u00f3 a cabo un encuentro que convoc\u00f3 a referentes de organizaciones pol\u00edticas, sociales, gremiales, sindicatos y representantes de la Universidad Nacional de La Matanza (UNLaM), con el objetivo de reforzar la organizaci\u00f3n y movilizaci\u00f3n en defensa [&hellip;]\" \/>\n<meta property=\"og:url\" content=\"https:\/\/treslineasnoticias.com.ar\/?p=15702\" \/>\n<meta property=\"og:site_name\" content=\"Tres Lineas Noticias\" \/>\n<meta property=\"article:published_time\" content=\"2025-06-14T22:43:28+00:00\" \/>\n<meta property=\"article:modified_time\" content=\"2025-06-14T22:43:29+00:00\" \/>\n<meta property=\"og:image\" content=\"http:\/\/treslineasnoticias.com.ar\/wp-content\/uploads\/2025\/06\/la-matanza-3.jpeg\" \/>\n\t<meta property=\"og:image:width\" content=\"1265\" \/>\n\t<meta property=\"og:image:height\" content=\"904\" \/>\n\t<meta property=\"og:image:type\" content=\"image\/jpeg\" \/>\n<meta name=\"author\" content=\"Horacio L\u00f3pez\" \/>\n<meta name=\"twitter:card\" content=\"summary_large_image\" \/>\n<meta name=\"twitter:label1\" content=\"Escrito por\" \/>\n\t<meta name=\"twitter:data1\" content=\"Horacio L\u00f3pez\" \/>\n\t<meta name=\"twitter:label2\" content=\"Tiempo de lectura\" \/>\n\t<meta name=\"twitter:data2\" content=\"3 minutos\" \/>\n<script type=\"application\/ld+json\" class=\"yoast-schema-graph\">{\"@context\":\"https:\/\/schema.org\",\"@graph\":[{\"@type\":\"WebPage\",\"@id\":\"https:\/\/treslineasnoticias.com.ar\/?p=15702\",\"url\":\"https:\/\/treslineasnoticias.com.ar\/?p=15702\",\"name\":\"El peronismo y aliados se re\u00fane en La Matanza para respaldar a Cristina - Tres Lineas Noticias\",\"isPartOf\":{\"@id\":\"https:\/\/treslineasnoticias.com.ar\/#website\"},\"primaryImageOfPage\":{\"@id\":\"https:\/\/treslineasnoticias.com.ar\/?p=15702#primaryimage\"},\"image\":{\"@id\":\"https:\/\/treslineasnoticias.com.ar\/?p=15702#primaryimage\"},\"thumbnailUrl\":\"https:\/\/treslineasnoticias.com.ar\/wp-content\/uploads\/2025\/06\/la-matanza-3.jpeg\",\"datePublished\":\"2025-06-14T22:43:28+00:00\",\"dateModified\":\"2025-06-14T22:43:29+00:00\",\"author\":{\"@id\":\"https:\/\/treslineasnoticias.com.ar\/#\/schema\/person\/c5f7249e50517b84c2379b145ca14895\"},\"breadcrumb\":{\"@id\":\"https:\/\/treslineasnoticias.com.ar\/?p=15702#breadcrumb\"},\"inLanguage\":\"es\",\"potentialAction\":[{\"@type\":\"ReadAction\",\"target\":[\"https:\/\/treslineasnoticias.com.ar\/?p=15702\"]}]},{\"@type\":\"ImageObject\",\"inLanguage\":\"es\",\"@id\":\"https:\/\/treslineasnoticias.com.ar\/?p=15702#primaryimage\",\"url\":\"https:\/\/treslineasnoticias.com.ar\/wp-content\/uploads\/2025\/06\/la-matanza-3.jpeg\",\"contentUrl\":\"https:\/\/treslineasnoticias.com.ar\/wp-content\/uploads\/2025\/06\/la-matanza-3.jpeg\",\"width\":1265,\"height\":904},{\"@type\":\"BreadcrumbList\",\"@id\":\"https:\/\/treslineasnoticias.com.ar\/?p=15702#breadcrumb\",\"itemListElement\":[{\"@type\":\"ListItem\",\"position\":1,\"name\":\"Portada\",\"item\":\"https:\/\/treslineasnoticias.com.ar\/\"},{\"@type\":\"ListItem\",\"position\":2,\"name\":\"El peronismo y aliados se re\u00fane en La Matanza para respaldar a Cristina\"}]},{\"@type\":\"WebSite\",\"@id\":\"https:\/\/treslineasnoticias.com.ar\/#website\",\"url\":\"https:\/\/treslineasnoticias.com.ar\/\",\"name\":\"Tres Lineas Noticias\",\"description\":\"\",\"potentialAction\":[{\"@type\":\"SearchAction\",\"target\":{\"@type\":\"EntryPoint\",\"urlTemplate\":\"https:\/\/treslineasnoticias.com.ar\/?s={search_term_string}\"},\"query-input\":{\"@type\":\"PropertyValueSpecification\",\"valueRequired\":true,\"valueName\":\"search_term_string\"}}],\"inLanguage\":\"es\"},{\"@type\":\"Person\",\"@id\":\"https:\/\/treslineasnoticias.com.ar\/#\/schema\/person\/c5f7249e50517b84c2379b145ca14895\",\"name\":\"Horacio L\u00f3pez\",\"image\":{\"@type\":\"ImageObject\",\"inLanguage\":\"es\",\"@id\":\"https:\/\/treslineasnoticias.com.ar\/#\/schema\/person\/image\/\",\"url\":\"https:\/\/treslineasnoticias.com.ar\/wp-content\/litespeed\/avatar\/ddbec442f0224f940ce000570a0cb216.jpg?ver=1777068930\",\"contentUrl\":\"https:\/\/treslineasnoticias.com.ar\/wp-content\/litespeed\/avatar\/ddbec442f0224f940ce000570a0cb216.jpg?ver=1777068930\",\"caption\":\"Horacio L\u00f3pez\"},\"sameAs\":[\"http:\/\/treslineasnoticias.com.ar\"],\"url\":\"https:\/\/treslineasnoticias.com.ar\/?author=3\"}]}<\/script>\n<!-- \/ Yoast SEO plugin. -->","yoast_head_json":{"title":"El peronismo y aliados se re\u00fane en La Matanza para respaldar a Cristina - Tres Lineas Noticias","robots":{"index":"index","follow":"follow","max-snippet":"max-snippet:-1","max-image-preview":"max-image-preview:large","max-video-preview":"max-video-preview:-1"},"canonical":"https:\/\/treslineasnoticias.com.ar\/?p=15702","og_locale":"es_ES","og_type":"article","og_title":"El peronismo y aliados se re\u00fane en La Matanza para respaldar a Cristina - Tres Lineas Noticias","og_description":"Como parte del proceso que se viene impulsando desde la sede nacional del Partido Justicialista, en La Matanza se llev\u00f3 a cabo un encuentro que convoc\u00f3 a referentes de organizaciones pol\u00edticas, sociales, gremiales, sindicatos y representantes de la Universidad Nacional de La Matanza (UNLaM), con el objetivo de reforzar la organizaci\u00f3n y movilizaci\u00f3n en defensa [&hellip;]","og_url":"https:\/\/treslineasnoticias.com.ar\/?p=15702","og_site_name":"Tres Lineas Noticias","article_published_time":"2025-06-14T22:43:28+00:00","article_modified_time":"2025-06-14T22:43:29+00:00","og_image":[{"width":1265,"height":904,"url":"http:\/\/treslineasnoticias.com.ar\/wp-content\/uploads\/2025\/06\/la-matanza-3.jpeg","type":"image\/jpeg"}],"author":"Horacio L\u00f3pez","twitter_card":"summary_large_image","twitter_misc":{"Escrito por":"Horacio L\u00f3pez","Tiempo de lectura":"3 minutos"},"schema":{"@context":"https:\/\/schema.org","@graph":[{"@type":"WebPage","@id":"https:\/\/treslineasnoticias.com.ar\/?p=15702","url":"https:\/\/treslineasnoticias.com.ar\/?p=15702","name":"El peronismo y aliados se re\u00fane en La Matanza para respaldar a Cristina - Tres Lineas Noticias","isPartOf":{"@id":"https:\/\/treslineasnoticias.com.ar\/#website"},"primaryImageOfPage":{"@id":"https:\/\/treslineasnoticias.com.ar\/?p=15702#primaryimage"},"image":{"@id":"https:\/\/treslineasnoticias.com.ar\/?p=15702#primaryimage"},"thumbnailUrl":"https:\/\/treslineasnoticias.com.ar\/wp-content\/uploads\/2025\/06\/la-matanza-3.jpeg","datePublished":"2025-06-14T22:43:28+00:00","dateModified":"2025-06-14T22:43:29+00:00","author":{"@id":"https:\/\/treslineasnoticias.com.ar\/#\/schema\/person\/c5f7249e50517b84c2379b145ca14895"},"breadcrumb":{"@id":"https:\/\/treslineasnoticias.com.ar\/?p=15702#breadcrumb"},"inLanguage":"es","potentialAction":[{"@type":"ReadAction","target":["https:\/\/treslineasnoticias.com.ar\/?p=15702"]}]},{"@type":"ImageObject","inLanguage":"es","@id":"https:\/\/treslineasnoticias.com.ar\/?p=15702#primaryimage","url":"https:\/\/treslineasnoticias.com.ar\/wp-content\/uploads\/2025\/06\/la-matanza-3.jpeg","contentUrl":"https:\/\/treslineasnoticias.com.ar\/wp-content\/uploads\/2025\/06\/la-matanza-3.jpeg","width":1265,"height":904},{"@type":"BreadcrumbList","@id":"https:\/\/treslineasnoticias.com.ar\/?p=15702#breadcrumb","itemListElement":[{"@type":"ListItem","position":1,"name":"Portada","item":"https:\/\/treslineasnoticias.com.ar\/"},{"@type":"ListItem","position":2,"name":"El peronismo y aliados se re\u00fane en La Matanza para respaldar a Cristina"}]},{"@type":"WebSite","@id":"https:\/\/treslineasnoticias.com.ar\/#website","url":"https:\/\/treslineasnoticias.com.ar\/","name":"Tres Lineas Noticias","description":"","potentialAction":[{"@type":"SearchAction","target":{"@type":"EntryPoint","urlTemplate":"https:\/\/treslineasnoticias.com.ar\/?s={search_term_string}"},"query-input":{"@type":"PropertyValueSpecification","valueRequired":true,"valueName":"search_term_string"}}],"inLanguage":"es"},{"@type":"Person","@id":"https:\/\/treslineasnoticias.com.ar\/#\/schema\/person\/c5f7249e50517b84c2379b145ca14895","name":"Horacio L\u00f3pez","image":{"@type":"ImageObject","inLanguage":"es","@id":"https:\/\/treslineasnoticias.com.ar\/#\/schema\/person\/image\/","url":"https:\/\/treslineasnoticias.com.ar\/wp-content\/litespeed\/avatar\/ddbec442f0224f940ce000570a0cb216.jpg?ver=1777068930","contentUrl":"https:\/\/treslineasnoticias.com.ar\/wp-content\/litespeed\/avatar\/ddbec442f0224f940ce000570a0cb216.jpg?ver=1777068930","caption":"Horacio L\u00f3pez"},"sameAs":["http:\/\/treslineasnoticias.com.ar"],"url":"https:\/\/treslineasnoticias.com.ar\/?author=3"}]}},"jetpack_featured_media_url":"https:\/\/treslineasnoticias.com.ar\/wp-content\/uploads\/2025\/06\/la-matanza-3.jpeg","jetpack_sharing_enabled":true,"_links":{"self":[{"href":"https:\/\/treslineasnoticias.com.ar\/index.php?rest_route=\/wp\/v2\/posts\/15702","targetHints":{"allow":["GET"]}}],"collection":[{"href":"https:\/\/treslineasnoticias.com.ar\/index.php?rest_route=\/wp\/v2\/posts"}],"about":[{"href":"https:\/\/treslineasnoticias.com.ar\/index.php?rest_route=\/wp\/v2\/types\/post"}],"author":[{"embeddable":true,"href":"https:\/\/treslineasnoticias.com.ar\/index.php?rest_route=\/wp\/v2\/users\/3"}],"replies":[{"embeddable":true,"href":"https:\/\/treslineasnoticias.com.ar\/index.php?rest_route=%2Fwp%2Fv2%2Fcomments&post=15702"}],"version-history":[{"count":1,"href":"https:\/\/treslineasnoticias.com.ar\/index.php?rest_route=\/wp\/v2\/posts\/15702\/revisions"}],"predecessor-version":[{"id":15706,"href":"https:\/\/treslineasnoticias.com.ar\/index.php?rest_route=\/wp\/v2\/posts\/15702\/revisions\/15706"}],"wp:featuredmedia":[{"embeddable":true,"href":"https:\/\/treslineasnoticias.com.ar\/index.php?rest_route=\/wp\/v2\/media\/15705"}],"wp:attachment":[{"href":"https:\/\/treslineasnoticias.com.ar\/index.php?rest_route=%2Fwp%2Fv2%2Fmedia&parent=15702"}],"wp:term":[{"taxonomy":"category","embeddable":true,"href":"https:\/\/treslineasnoticias.com.ar\/index.php?rest_route=%2Fwp%2Fv2%2Fcategories&post=15702"},{"taxonomy":"post_tag","embeddable":true,"href":"https:\/\/treslineasnoticias.com.ar\/index.php?rest_route=%2Fwp%2Fv2%2Ftags&post=15702"}],"curies":[{"name":"wp","href":"https:\/\/api.w.org\/{rel}","templated":true}]}}