{"id":17071,"date":"2025-08-02T18:06:01","date_gmt":"2025-08-02T21:06:01","guid":{"rendered":"https:\/\/treslineasnoticias.com.ar\/?p=17071"},"modified":"2025-08-03T18:11:18","modified_gmt":"2025-08-03T21:11:18","slug":"mayra-recorrio-las-obras-del-nuevo-parque-del-museo-historico-del-transporte-de-quilmes-oeste","status":"publish","type":"post","link":"https:\/\/treslineasnoticias.com.ar\/?p=17071","title":{"rendered":"Mayra recorri\u00f3 las obras del nuevo parque del museo Hist\u00f3rico del Transporte de Quilmes Oeste"},"content":{"rendered":"\n<p><strong><em>La intendenta de Quilmes, Mayra Mendoza, supervis\u00f3 este s\u00e1bado el avance de las obras del nuevo Parque del Museo Hist\u00f3rico del Transporte \u201cCarlos Hillner y Decoud\u201d, ubicado sobre la avenida Laprida 2200, en Quilmes Oeste, que cuenta con diversos juegos did\u00e1cticos para que los m\u00e1s j\u00f3venes conozcan la historia del distrito. Luego recorri\u00f3 las tareas que se concretan en el ala norte del mencionado sitio.<\/em><\/strong><\/p>\n\n\n\n<figure class=\"wp-block-image size-large\"><img loading=\"lazy\" decoding=\"async\" width=\"1024\" height=\"682\" src=\"http:\/\/treslineasnoticias.com.ar\/wp-content\/uploads\/2025\/08\/MAYRA-RECORRIO-LAS-OBRAS-DEL-NUEVO-PARQUE-DEL-MUSEO-HISTORICO-DEL-TRANSPORTE-DE-QUILMES-OESTE-1-1024x682.jpeg\" alt=\"\" class=\"wp-image-17074\" srcset=\"https:\/\/treslineasnoticias.com.ar\/wp-content\/uploads\/2025\/08\/MAYRA-RECORRIO-LAS-OBRAS-DEL-NUEVO-PARQUE-DEL-MUSEO-HISTORICO-DEL-TRANSPORTE-DE-QUILMES-OESTE-1-1024x682.jpeg 1024w, https:\/\/treslineasnoticias.com.ar\/wp-content\/uploads\/2025\/08\/MAYRA-RECORRIO-LAS-OBRAS-DEL-NUEVO-PARQUE-DEL-MUSEO-HISTORICO-DEL-TRANSPORTE-DE-QUILMES-OESTE-1-300x200.jpeg 300w, https:\/\/treslineasnoticias.com.ar\/wp-content\/uploads\/2025\/08\/MAYRA-RECORRIO-LAS-OBRAS-DEL-NUEVO-PARQUE-DEL-MUSEO-HISTORICO-DEL-TRANSPORTE-DE-QUILMES-OESTE-1-768x512.jpeg 768w, https:\/\/treslineasnoticias.com.ar\/wp-content\/uploads\/2025\/08\/MAYRA-RECORRIO-LAS-OBRAS-DEL-NUEVO-PARQUE-DEL-MUSEO-HISTORICO-DEL-TRANSPORTE-DE-QUILMES-OESTE-1.jpeg 1280w\" sizes=\"auto, (max-width: 1024px) 100vw, 1024px\" \/><\/figure>\n\n\n\n<p>\u201cEste espacio es de las y los vecinos, y est\u00e1 pensado principalmente para los m\u00e1s peques de la ciudad. Hay que seguir transmitiendo y contagiando ese amor y ese orgullo por ser quilme\u00f1os y quilme\u00f1as a las nuevas generaciones. Tener esta plaza arreglada y nueva dentro del Museo del Transporte, recorriendo la historia de nuestra ciudad, es tambi\u00e9n poder sumarle un valor a todo el amor que tenemos por Quilmes\u201d, se\u00f1al\u00f3 Mayra, acompa\u00f1ada por la secretaria de Desarrollo Urbano, Obra P\u00fablica y candidata a 1\u00aa Concejala por Fuerza Patria Quilmes, Ceci Soler.<\/p>\n\n\n\n<p>\u201cNadie que desconoce de d\u00f3nde viene puede ser una persona agradecida con la vida. Con esto quiero contar que, como Intendenta, asumo la responsabilidad de siempre pensar lo mejor para Quilmes, y este a\u00f1o que tenemos elecciones el 7 de septiembre y el 26 de octubre, buscamos la mejor representaci\u00f3n y los mejores candidatos. Tenemos a Ceci (Soler), que va a representar nuestra lista, nuestro proyecto de trabajo y gesti\u00f3n. Tambi\u00e9n a Flor (B\u00e1ez) y Diego (Indycki) que son candidatos y representan el compromiso diario de los quilme\u00f1os para los quilme\u00f1os, por eso es importante que los conozcan\u201d, resalt\u00f3.<\/p>\n\n\n\n<p>\u201cTenemos que dejar de elegir paquetes de televisi\u00f3n y elegir m\u00e1s personas de carne y hueso, que caminan entre los que votamos. Ya bastante han hecho metiendo presa a Cristina (Fern\u00e1ndez de Kirchner). Ahora lo que tenemos que hacer es defendernos y cuidarnos como pueblo y seguir pidiendo por su libertad desde nuestro trabajo y la representaci\u00f3n que asumimos con los vecinos, porque Cristina es inocente y tiene que estar libre\u201d, cerr\u00f3 la Jefa comunal.<\/p>\n\n\n\n<figure class=\"wp-block-image size-large\"><img loading=\"lazy\" decoding=\"async\" width=\"1024\" height=\"682\" src=\"http:\/\/treslineasnoticias.com.ar\/wp-content\/uploads\/2025\/08\/MAYRA-RECORRIO-LAS-OBRAS-DEL-NUEVO-PARQUE-DEL-MUSEO-HISTORICO-DEL-TRANSPORTE-DE-QUILMES-OESTE-4-1024x682.jpeg\" alt=\"\" class=\"wp-image-17073\" srcset=\"https:\/\/treslineasnoticias.com.ar\/wp-content\/uploads\/2025\/08\/MAYRA-RECORRIO-LAS-OBRAS-DEL-NUEVO-PARQUE-DEL-MUSEO-HISTORICO-DEL-TRANSPORTE-DE-QUILMES-OESTE-4-1024x682.jpeg 1024w, https:\/\/treslineasnoticias.com.ar\/wp-content\/uploads\/2025\/08\/MAYRA-RECORRIO-LAS-OBRAS-DEL-NUEVO-PARQUE-DEL-MUSEO-HISTORICO-DEL-TRANSPORTE-DE-QUILMES-OESTE-4-300x200.jpeg 300w, https:\/\/treslineasnoticias.com.ar\/wp-content\/uploads\/2025\/08\/MAYRA-RECORRIO-LAS-OBRAS-DEL-NUEVO-PARQUE-DEL-MUSEO-HISTORICO-DEL-TRANSPORTE-DE-QUILMES-OESTE-4-768x512.jpeg 768w, https:\/\/treslineasnoticias.com.ar\/wp-content\/uploads\/2025\/08\/MAYRA-RECORRIO-LAS-OBRAS-DEL-NUEVO-PARQUE-DEL-MUSEO-HISTORICO-DEL-TRANSPORTE-DE-QUILMES-OESTE-4.jpeg 1280w\" sizes=\"auto, (max-width: 1024px) 100vw, 1024px\" \/><\/figure>\n\n\n\n<p>En referencia a los detalles de la obra del Parque, Soler especific\u00f3: \u201cEste es un espacio l\u00fadico para todos los vecinos y vecinas de Quilmes que recupera la historia de nuestra ciudad con un recorrido que comienza por la estaci\u00f3n, por el ferrocarril, ahora se est\u00e1n armando las v\u00edas en el piso. Tambi\u00e9n est\u00e1 la zona de la ribera con los veleros, con la p\u00e9rgola hist\u00f3rica y finalizamos en un hito fundacional de nuestra ciudad que es la f\u00e1brica de la Cervecer\u00eda y Malter\u00eda Quilmes\u201d.<\/p>\n\n\n\n<p>El lugar cuenta con 13 tipos de juegos infantiles, con bancos, mesas bajas, un bebedero, cestos de basura, pisos de seguridad y luminarias LED. Ser\u00e1 un sitio de encuentro para las familias de la zona y de los diferentes barrios, con acceso libre y gratuito para el disfrute principalmente de las y los quilme\u00f1os m\u00e1s j\u00f3venes.<\/p>\n\n\n\n<p>Durante la recorrida, la Intendenta convers\u00f3 con los vecinos presentes sobre la importancia de esa iniciativa. En ese marco, Marisol Vilasuso, relat\u00f3: \u201cMe parece excelente esta obra, soy vecina hace 30 a\u00f1os y por lo tanto tengo muchos recuerdos ac\u00e1. Estos espacios de juego, de recreaci\u00f3n y para socializar son un derecho\u201d. A su vez, el vecino Osvaldo Godoy coment\u00f3: \u201cEste tipo de juegos moderno no se ven en otros municipios. Yo soy abuelo, vengo a este Museo a caminar, disfruto de la sombra, de los \u00e1rboles, de los p\u00e1jaros, y estos juegos embellecen el lugar y para los chicos es algo maravilloso\u201d.<\/p>\n\n\n\n<figure class=\"wp-block-image size-large\"><img loading=\"lazy\" decoding=\"async\" width=\"1024\" height=\"682\" src=\"http:\/\/treslineasnoticias.com.ar\/wp-content\/uploads\/2025\/08\/MAYRA-RECORRIO-LAS-OBRAS-DEL-NUEVO-PARQUE-DEL-MUSEO-HISTORICO-DEL-TRANSPORTE-DE-QUILMES-OESTE-2-1024x682.jpeg\" alt=\"\" class=\"wp-image-17072\" srcset=\"https:\/\/treslineasnoticias.com.ar\/wp-content\/uploads\/2025\/08\/MAYRA-RECORRIO-LAS-OBRAS-DEL-NUEVO-PARQUE-DEL-MUSEO-HISTORICO-DEL-TRANSPORTE-DE-QUILMES-OESTE-2-1024x682.jpeg 1024w, https:\/\/treslineasnoticias.com.ar\/wp-content\/uploads\/2025\/08\/MAYRA-RECORRIO-LAS-OBRAS-DEL-NUEVO-PARQUE-DEL-MUSEO-HISTORICO-DEL-TRANSPORTE-DE-QUILMES-OESTE-2-300x200.jpeg 300w, https:\/\/treslineasnoticias.com.ar\/wp-content\/uploads\/2025\/08\/MAYRA-RECORRIO-LAS-OBRAS-DEL-NUEVO-PARQUE-DEL-MUSEO-HISTORICO-DEL-TRANSPORTE-DE-QUILMES-OESTE-2-768x511.jpeg 768w, https:\/\/treslineasnoticias.com.ar\/wp-content\/uploads\/2025\/08\/MAYRA-RECORRIO-LAS-OBRAS-DEL-NUEVO-PARQUE-DEL-MUSEO-HISTORICO-DEL-TRANSPORTE-DE-QUILMES-OESTE-2.jpeg 1265w\" sizes=\"auto, (max-width: 1024px) 100vw, 1024px\" \/><\/figure>\n\n\n\n<p>Luego, Mayra pas\u00f3 a saludar a las familias que se encontraban con sus hijos en el Planetario M\u00f3vil 360\u00b0 que se mont\u00f3 especialmente en el lugar por las vacaciones de invierno, junto a otras iniciativas culturales como talleres de pintura y dibujo, entre otros.<\/p>\n\n\n\n<p>Tras ello, recorri\u00f3 el progreso de la obra de puesta en valor del ala norte del Museo, donde se lleva a cabo el reacondicionamiento de la cubierta, la reparaci\u00f3n de los revoques exteriores e interiores, al igual que de las cabriadas y de la estructura, como as\u00ed tambi\u00e9n se contempla el recambio de pisos, la restauraci\u00f3n de carpinter\u00edas, el reacondicionamiento de la instalaci\u00f3n el\u00e9ctrica y las tareas de pintura en general.<\/p>\n\n\n\n<p>Tambi\u00e9n participaron de la actividad el secretario de Educaci\u00f3n, Culturas y Deportes, Joaqu\u00edn Desmery; las subsecretarias y los subsecretarios de Gesti\u00f3n Cultural, Evangelina Ram\u00edrez; de Participaci\u00f3n y Relaciones Institucionales, Facundo Rivero, y los directores generales de Infraestructura Escolar, Santiago Brardinelli, y de Promoci\u00f3n de Desarrollo Local, Ariel Dom\u00ednguez.<\/p>\n","protected":false},"excerpt":{"rendered":"<p>La intendenta de Quilmes, Mayra Mendoza, supervis\u00f3 este s\u00e1bado el avance de las obras del nuevo Parque del Museo Hist\u00f3rico del Transporte \u201cCarlos Hillner y Decoud\u201d, ubicado sobre la avenida Laprida 2200, en Quilmes Oeste, que cuenta con diversos juegos did\u00e1cticos para que los m\u00e1s j\u00f3venes conozcan la historia del distrito. Luego recorri\u00f3 las tareas [&hellip;]<\/p>\n","protected":false},"author":3,"featured_media":17075,"comment_status":"open","ping_status":"open","sticky":false,"template":"","format":"standard","meta":{"_jetpack_memberships_contains_paid_content":false,"footnotes":""},"categories":[5],"tags":[],"class_list":["post-17071","post","type-post","status-publish","format-standard","has-post-thumbnail","hentry","category-quilmes"],"yoast_head":"<!-- This site is optimized with the Yoast SEO plugin v24.7 - https:\/\/yoast.com\/wordpress\/plugins\/seo\/ -->\n<title>Mayra recorri\u00f3 las obras del nuevo parque del museo Hist\u00f3rico del Transporte de Quilmes Oeste - Tres Lineas Noticias<\/title>\n<meta name=\"robots\" content=\"index, follow, max-snippet:-1, max-image-preview:large, max-video-preview:-1\" \/>\n<link rel=\"canonical\" href=\"https:\/\/treslineasnoticias.com.ar\/?p=17071\" \/>\n<meta property=\"og:locale\" content=\"es_ES\" \/>\n<meta property=\"og:type\" content=\"article\" \/>\n<meta property=\"og:title\" content=\"Mayra recorri\u00f3 las obras del nuevo parque del museo Hist\u00f3rico del Transporte de Quilmes Oeste - Tres Lineas Noticias\" \/>\n<meta property=\"og:description\" content=\"La intendenta de Quilmes, Mayra Mendoza, supervis\u00f3 este s\u00e1bado el avance de las obras del nuevo Parque del Museo Hist\u00f3rico del Transporte \u201cCarlos Hillner y Decoud\u201d, ubicado sobre la avenida Laprida 2200, en Quilmes Oeste, que cuenta con diversos juegos did\u00e1cticos para que los m\u00e1s j\u00f3venes conozcan la historia del distrito. Luego recorri\u00f3 las tareas [&hellip;]\" \/>\n<meta property=\"og:url\" content=\"https:\/\/treslineasnoticias.com.ar\/?p=17071\" \/>\n<meta property=\"og:site_name\" content=\"Tres Lineas Noticias\" \/>\n<meta property=\"article:published_time\" content=\"2025-08-02T21:06:01+00:00\" \/>\n<meta property=\"article:modified_time\" content=\"2025-08-03T21:11:18+00:00\" \/>\n<meta property=\"og:image\" content=\"http:\/\/treslineasnoticias.com.ar\/wp-content\/uploads\/2025\/08\/MAYRA-RECORRIO-LAS-OBRAS-DEL-NUEVO-PARQUE-DEL-MUSEO-HISTORICO-DEL-TRANSPORTE-DE-QUILMES-OESTE-3.jpeg\" \/>\n\t<meta property=\"og:image:width\" content=\"1280\" \/>\n\t<meta property=\"og:image:height\" content=\"853\" \/>\n\t<meta property=\"og:image:type\" content=\"image\/jpeg\" \/>\n<meta name=\"author\" content=\"Horacio L\u00f3pez\" \/>\n<meta name=\"twitter:card\" content=\"summary_large_image\" \/>\n<meta name=\"twitter:label1\" content=\"Escrito por\" \/>\n\t<meta name=\"twitter:data1\" content=\"Horacio L\u00f3pez\" \/>\n\t<meta name=\"twitter:label2\" content=\"Tiempo de lectura\" \/>\n\t<meta name=\"twitter:data2\" content=\"5 minutos\" \/>\n<script type=\"application\/ld+json\" class=\"yoast-schema-graph\">{\"@context\":\"https:\/\/schema.org\",\"@graph\":[{\"@type\":\"WebPage\",\"@id\":\"https:\/\/treslineasnoticias.com.ar\/?p=17071\",\"url\":\"https:\/\/treslineasnoticias.com.ar\/?p=17071\",\"name\":\"Mayra recorri\u00f3 las obras del nuevo parque del museo Hist\u00f3rico del Transporte de Quilmes Oeste - Tres Lineas Noticias\",\"isPartOf\":{\"@id\":\"https:\/\/treslineasnoticias.com.ar\/#website\"},\"primaryImageOfPage\":{\"@id\":\"https:\/\/treslineasnoticias.com.ar\/?p=17071#primaryimage\"},\"image\":{\"@id\":\"https:\/\/treslineasnoticias.com.ar\/?p=17071#primaryimage\"},\"thumbnailUrl\":\"https:\/\/treslineasnoticias.com.ar\/wp-content\/uploads\/2025\/08\/MAYRA-RECORRIO-LAS-OBRAS-DEL-NUEVO-PARQUE-DEL-MUSEO-HISTORICO-DEL-TRANSPORTE-DE-QUILMES-OESTE-3.jpeg\",\"datePublished\":\"2025-08-02T21:06:01+00:00\",\"dateModified\":\"2025-08-03T21:11:18+00:00\",\"author\":{\"@id\":\"https:\/\/treslineasnoticias.com.ar\/#\/schema\/person\/c5f7249e50517b84c2379b145ca14895\"},\"breadcrumb\":{\"@id\":\"https:\/\/treslineasnoticias.com.ar\/?p=17071#breadcrumb\"},\"inLanguage\":\"es\",\"potentialAction\":[{\"@type\":\"ReadAction\",\"target\":[\"https:\/\/treslineasnoticias.com.ar\/?p=17071\"]}]},{\"@type\":\"ImageObject\",\"inLanguage\":\"es\",\"@id\":\"https:\/\/treslineasnoticias.com.ar\/?p=17071#primaryimage\",\"url\":\"https:\/\/treslineasnoticias.com.ar\/wp-content\/uploads\/2025\/08\/MAYRA-RECORRIO-LAS-OBRAS-DEL-NUEVO-PARQUE-DEL-MUSEO-HISTORICO-DEL-TRANSPORTE-DE-QUILMES-OESTE-3.jpeg\",\"contentUrl\":\"https:\/\/treslineasnoticias.com.ar\/wp-content\/uploads\/2025\/08\/MAYRA-RECORRIO-LAS-OBRAS-DEL-NUEVO-PARQUE-DEL-MUSEO-HISTORICO-DEL-TRANSPORTE-DE-QUILMES-OESTE-3.jpeg\",\"width\":1280,\"height\":853},{\"@type\":\"BreadcrumbList\",\"@id\":\"https:\/\/treslineasnoticias.com.ar\/?p=17071#breadcrumb\",\"itemListElement\":[{\"@type\":\"ListItem\",\"position\":1,\"name\":\"Portada\",\"item\":\"https:\/\/treslineasnoticias.com.ar\/\"},{\"@type\":\"ListItem\",\"position\":2,\"name\":\"Mayra recorri\u00f3 las obras del nuevo parque del museo Hist\u00f3rico del Transporte de Quilmes Oeste\"}]},{\"@type\":\"WebSite\",\"@id\":\"https:\/\/treslineasnoticias.com.ar\/#website\",\"url\":\"https:\/\/treslineasnoticias.com.ar\/\",\"name\":\"Tres Lineas Noticias\",\"description\":\"\",\"potentialAction\":[{\"@type\":\"SearchAction\",\"target\":{\"@type\":\"EntryPoint\",\"urlTemplate\":\"https:\/\/treslineasnoticias.com.ar\/?s={search_term_string}\"},\"query-input\":{\"@type\":\"PropertyValueSpecification\",\"valueRequired\":true,\"valueName\":\"search_term_string\"}}],\"inLanguage\":\"es\"},{\"@type\":\"Person\",\"@id\":\"https:\/\/treslineasnoticias.com.ar\/#\/schema\/person\/c5f7249e50517b84c2379b145ca14895\",\"name\":\"Horacio L\u00f3pez\",\"image\":{\"@type\":\"ImageObject\",\"inLanguage\":\"es\",\"@id\":\"https:\/\/treslineasnoticias.com.ar\/#\/schema\/person\/image\/\",\"url\":\"https:\/\/treslineasnoticias.com.ar\/wp-content\/litespeed\/avatar\/ddbec442f0224f940ce000570a0cb216.jpg?ver=1777068930\",\"contentUrl\":\"https:\/\/treslineasnoticias.com.ar\/wp-content\/litespeed\/avatar\/ddbec442f0224f940ce000570a0cb216.jpg?ver=1777068930\",\"caption\":\"Horacio L\u00f3pez\"},\"sameAs\":[\"http:\/\/treslineasnoticias.com.ar\"],\"url\":\"https:\/\/treslineasnoticias.com.ar\/?author=3\"}]}<\/script>\n<!-- \/ Yoast SEO plugin. -->","yoast_head_json":{"title":"Mayra recorri\u00f3 las obras del nuevo parque del museo Hist\u00f3rico del Transporte de Quilmes Oeste - Tres Lineas Noticias","robots":{"index":"index","follow":"follow","max-snippet":"max-snippet:-1","max-image-preview":"max-image-preview:large","max-video-preview":"max-video-preview:-1"},"canonical":"https:\/\/treslineasnoticias.com.ar\/?p=17071","og_locale":"es_ES","og_type":"article","og_title":"Mayra recorri\u00f3 las obras del nuevo parque del museo Hist\u00f3rico del Transporte de Quilmes Oeste - Tres Lineas Noticias","og_description":"La intendenta de Quilmes, Mayra Mendoza, supervis\u00f3 este s\u00e1bado el avance de las obras del nuevo Parque del Museo Hist\u00f3rico del Transporte \u201cCarlos Hillner y Decoud\u201d, ubicado sobre la avenida Laprida 2200, en Quilmes Oeste, que cuenta con diversos juegos did\u00e1cticos para que los m\u00e1s j\u00f3venes conozcan la historia del distrito. Luego recorri\u00f3 las tareas [&hellip;]","og_url":"https:\/\/treslineasnoticias.com.ar\/?p=17071","og_site_name":"Tres Lineas Noticias","article_published_time":"2025-08-02T21:06:01+00:00","article_modified_time":"2025-08-03T21:11:18+00:00","og_image":[{"width":1280,"height":853,"url":"http:\/\/treslineasnoticias.com.ar\/wp-content\/uploads\/2025\/08\/MAYRA-RECORRIO-LAS-OBRAS-DEL-NUEVO-PARQUE-DEL-MUSEO-HISTORICO-DEL-TRANSPORTE-DE-QUILMES-OESTE-3.jpeg","type":"image\/jpeg"}],"author":"Horacio L\u00f3pez","twitter_card":"summary_large_image","twitter_misc":{"Escrito por":"Horacio L\u00f3pez","Tiempo de lectura":"5 minutos"},"schema":{"@context":"https:\/\/schema.org","@graph":[{"@type":"WebPage","@id":"https:\/\/treslineasnoticias.com.ar\/?p=17071","url":"https:\/\/treslineasnoticias.com.ar\/?p=17071","name":"Mayra recorri\u00f3 las obras del nuevo parque del museo Hist\u00f3rico del Transporte de Quilmes Oeste - Tres Lineas Noticias","isPartOf":{"@id":"https:\/\/treslineasnoticias.com.ar\/#website"},"primaryImageOfPage":{"@id":"https:\/\/treslineasnoticias.com.ar\/?p=17071#primaryimage"},"image":{"@id":"https:\/\/treslineasnoticias.com.ar\/?p=17071#primaryimage"},"thumbnailUrl":"https:\/\/treslineasnoticias.com.ar\/wp-content\/uploads\/2025\/08\/MAYRA-RECORRIO-LAS-OBRAS-DEL-NUEVO-PARQUE-DEL-MUSEO-HISTORICO-DEL-TRANSPORTE-DE-QUILMES-OESTE-3.jpeg","datePublished":"2025-08-02T21:06:01+00:00","dateModified":"2025-08-03T21:11:18+00:00","author":{"@id":"https:\/\/treslineasnoticias.com.ar\/#\/schema\/person\/c5f7249e50517b84c2379b145ca14895"},"breadcrumb":{"@id":"https:\/\/treslineasnoticias.com.ar\/?p=17071#breadcrumb"},"inLanguage":"es","potentialAction":[{"@type":"ReadAction","target":["https:\/\/treslineasnoticias.com.ar\/?p=17071"]}]},{"@type":"ImageObject","inLanguage":"es","@id":"https:\/\/treslineasnoticias.com.ar\/?p=17071#primaryimage","url":"https:\/\/treslineasnoticias.com.ar\/wp-content\/uploads\/2025\/08\/MAYRA-RECORRIO-LAS-OBRAS-DEL-NUEVO-PARQUE-DEL-MUSEO-HISTORICO-DEL-TRANSPORTE-DE-QUILMES-OESTE-3.jpeg","contentUrl":"https:\/\/treslineasnoticias.com.ar\/wp-content\/uploads\/2025\/08\/MAYRA-RECORRIO-LAS-OBRAS-DEL-NUEVO-PARQUE-DEL-MUSEO-HISTORICO-DEL-TRANSPORTE-DE-QUILMES-OESTE-3.jpeg","width":1280,"height":853},{"@type":"BreadcrumbList","@id":"https:\/\/treslineasnoticias.com.ar\/?p=17071#breadcrumb","itemListElement":[{"@type":"ListItem","position":1,"name":"Portada","item":"https:\/\/treslineasnoticias.com.ar\/"},{"@type":"ListItem","position":2,"name":"Mayra recorri\u00f3 las obras del nuevo parque del museo Hist\u00f3rico del Transporte de Quilmes Oeste"}]},{"@type":"WebSite","@id":"https:\/\/treslineasnoticias.com.ar\/#website","url":"https:\/\/treslineasnoticias.com.ar\/","name":"Tres Lineas Noticias","description":"","potentialAction":[{"@type":"SearchAction","target":{"@type":"EntryPoint","urlTemplate":"https:\/\/treslineasnoticias.com.ar\/?s={search_term_string}"},"query-input":{"@type":"PropertyValueSpecification","valueRequired":true,"valueName":"search_term_string"}}],"inLanguage":"es"},{"@type":"Person","@id":"https:\/\/treslineasnoticias.com.ar\/#\/schema\/person\/c5f7249e50517b84c2379b145ca14895","name":"Horacio L\u00f3pez","image":{"@type":"ImageObject","inLanguage":"es","@id":"https:\/\/treslineasnoticias.com.ar\/#\/schema\/person\/image\/","url":"https:\/\/treslineasnoticias.com.ar\/wp-content\/litespeed\/avatar\/ddbec442f0224f940ce000570a0cb216.jpg?ver=1777068930","contentUrl":"https:\/\/treslineasnoticias.com.ar\/wp-content\/litespeed\/avatar\/ddbec442f0224f940ce000570a0cb216.jpg?ver=1777068930","caption":"Horacio L\u00f3pez"},"sameAs":["http:\/\/treslineasnoticias.com.ar"],"url":"https:\/\/treslineasnoticias.com.ar\/?author=3"}]}},"jetpack_featured_media_url":"https:\/\/treslineasnoticias.com.ar\/wp-content\/uploads\/2025\/08\/MAYRA-RECORRIO-LAS-OBRAS-DEL-NUEVO-PARQUE-DEL-MUSEO-HISTORICO-DEL-TRANSPORTE-DE-QUILMES-OESTE-3.jpeg","jetpack_sharing_enabled":true,"_links":{"self":[{"href":"https:\/\/treslineasnoticias.com.ar\/index.php?rest_route=\/wp\/v2\/posts\/17071","targetHints":{"allow":["GET"]}}],"collection":[{"href":"https:\/\/treslineasnoticias.com.ar\/index.php?rest_route=\/wp\/v2\/posts"}],"about":[{"href":"https:\/\/treslineasnoticias.com.ar\/index.php?rest_route=\/wp\/v2\/types\/post"}],"author":[{"embeddable":true,"href":"https:\/\/treslineasnoticias.com.ar\/index.php?rest_route=\/wp\/v2\/users\/3"}],"replies":[{"embeddable":true,"href":"https:\/\/treslineasnoticias.com.ar\/index.php?rest_route=%2Fwp%2Fv2%2Fcomments&post=17071"}],"version-history":[{"count":1,"href":"https:\/\/treslineasnoticias.com.ar\/index.php?rest_route=\/wp\/v2\/posts\/17071\/revisions"}],"predecessor-version":[{"id":17076,"href":"https:\/\/treslineasnoticias.com.ar\/index.php?rest_route=\/wp\/v2\/posts\/17071\/revisions\/17076"}],"wp:featuredmedia":[{"embeddable":true,"href":"https:\/\/treslineasnoticias.com.ar\/index.php?rest_route=\/wp\/v2\/media\/17075"}],"wp:attachment":[{"href":"https:\/\/treslineasnoticias.com.ar\/index.php?rest_route=%2Fwp%2Fv2%2Fmedia&parent=17071"}],"wp:term":[{"taxonomy":"category","embeddable":true,"href":"https:\/\/treslineasnoticias.com.ar\/index.php?rest_route=%2Fwp%2Fv2%2Fcategories&post=17071"},{"taxonomy":"post_tag","embeddable":true,"href":"https:\/\/treslineasnoticias.com.ar\/index.php?rest_route=%2Fwp%2Fv2%2Ftags&post=17071"}],"curies":[{"name":"wp","href":"https:\/\/api.w.org\/{rel}","templated":true}]}}