{"id":17185,"date":"2025-08-03T22:27:00","date_gmt":"2025-08-04T01:27:00","guid":{"rendered":"https:\/\/treslineasnoticias.com.ar\/?p=17185"},"modified":"2025-08-05T12:37:31","modified_gmt":"2025-08-05T15:37:31","slug":"mayra-en-el-polideportivo-junto-a-miles-de-familias-en-el-festival-de-las-nineces-en-quilmes-lo-mas-importante-son-nuestros-ninos-y-ninas","status":"publish","type":"post","link":"https:\/\/treslineasnoticias.com.ar\/?p=17185","title":{"rendered":"Mayra en el polideportivo junto a miles de familias en el festival de las ni\u00f1eces: \u201cen Quilmes lo m\u00e1s importante son nuestros ni\u00f1os y ni\u00f1as\u201d"},"content":{"rendered":"\n<p><strong><em>La intendenta de Quilmes, Mayra Mendoza, acompa\u00f1\u00f3 a las miles de familias que participaron este domingo del Festival de las Ni\u00f1eces, en el Parque de Juegos que se instal\u00f3 del Polideportivo Municipal \u201cReynaldo Gorno\u201d, en el marco de la \u00faltima jornada del programa Vacaciones Somos Quilmes 2025, del que m\u00e1s de 200 mil vecinos y vecinas disfrutaron de las m\u00faltiples propuestas culturales y recreativas que se hicieron en los diferentes barrios del distrito durante el receso invernal.<\/em><\/strong><\/p>\n\n\n\n<figure class=\"wp-block-image size-large\"><img loading=\"lazy\" decoding=\"async\" width=\"1024\" height=\"682\" src=\"http:\/\/treslineasnoticias.com.ar\/wp-content\/uploads\/2025\/08\/MAYRA-EN-EL-POLIDEPORTIVO-JUNTO-A-MILES-DE-FAMILIAS-EN-EL-FESTIVAL-DE-LAS-NINECES-4-1024x682.jpeg\" alt=\"\" class=\"wp-image-17190\" srcset=\"https:\/\/treslineasnoticias.com.ar\/wp-content\/uploads\/2025\/08\/MAYRA-EN-EL-POLIDEPORTIVO-JUNTO-A-MILES-DE-FAMILIAS-EN-EL-FESTIVAL-DE-LAS-NINECES-4-1024x682.jpeg 1024w, https:\/\/treslineasnoticias.com.ar\/wp-content\/uploads\/2025\/08\/MAYRA-EN-EL-POLIDEPORTIVO-JUNTO-A-MILES-DE-FAMILIAS-EN-EL-FESTIVAL-DE-LAS-NINECES-4-300x200.jpeg 300w, https:\/\/treslineasnoticias.com.ar\/wp-content\/uploads\/2025\/08\/MAYRA-EN-EL-POLIDEPORTIVO-JUNTO-A-MILES-DE-FAMILIAS-EN-EL-FESTIVAL-DE-LAS-NINECES-4-768x512.jpeg 768w, https:\/\/treslineasnoticias.com.ar\/wp-content\/uploads\/2025\/08\/MAYRA-EN-EL-POLIDEPORTIVO-JUNTO-A-MILES-DE-FAMILIAS-EN-EL-FESTIVAL-DE-LAS-NINECES-4.jpeg 1280w\" sizes=\"auto, (max-width: 1024px) 100vw, 1024px\" \/><\/figure>\n\n\n\n<p>\u201cEstamos cerrando lo que fueron 15 d\u00edas de vacaciones de invierno, dos semanas de un parque de diversiones montado en el Polideportivo Municipal Reynaldo Gorno, para los m\u00e1s peques de nuestro Municipio de Quilmes. Pasaron m\u00e1s de 200 mil personas desde que comenzamos las vacaciones de invierno en el distrito, donde pudieron disfrutar aunque sea en un contexto muy dif\u00edcil, en el que no hay plata para salir a pasear, pero ac\u00e1 hubo circo, t\u00edteres, sala de juegos y todo lo que quieren y merecen los chicos para divertirse de manera gratuita\u201d, sostuvo Mayra, acompa\u00f1ada de funcionarios y funcionarios del Gabinete Municipal.<\/p>\n\n\n\n<p>\u201cEsto fue garantizado por el Estado Municipal, entendemos que esto tambi\u00e9n es una inversi\u00f3n, el derecho al ocio, a la felicidad y a la sonrisa que tienen que tener los chicos, es algo que nosotros tenemos que generar como trabajo de nuestra gesti\u00f3n municipal y es lo que hemos hecho. Porque como ustedes tienen que saber, para nosotras los \u00fanicos privilegiados son los ni\u00f1os y en Quilmes lo m\u00e1s importante son nuestros ni\u00f1os y nuestras ni\u00f1as, los m\u00e1s peques de las familias, y por eso trabajamos todos los d\u00edas. Lo vamos a hacer a pesar de todas las dificultades, siempre con mucho amor, con el coraz\u00f3n y para adelante\u201d, enfatiz\u00f3 la Jefa comunal.<\/p>\n\n\n\n<figure class=\"wp-block-image size-large\"><img loading=\"lazy\" decoding=\"async\" width=\"1024\" height=\"682\" src=\"http:\/\/treslineasnoticias.com.ar\/wp-content\/uploads\/2025\/08\/MAYRA-EN-EL-POLIDEPORTIVO-JUNTO-A-MILES-DE-FAMILIAS-EN-EL-FESTIVAL-DE-LAS-NINECES-1-1024x682.jpeg\" alt=\"\" class=\"wp-image-17189\" srcset=\"https:\/\/treslineasnoticias.com.ar\/wp-content\/uploads\/2025\/08\/MAYRA-EN-EL-POLIDEPORTIVO-JUNTO-A-MILES-DE-FAMILIAS-EN-EL-FESTIVAL-DE-LAS-NINECES-1-1024x682.jpeg 1024w, https:\/\/treslineasnoticias.com.ar\/wp-content\/uploads\/2025\/08\/MAYRA-EN-EL-POLIDEPORTIVO-JUNTO-A-MILES-DE-FAMILIAS-EN-EL-FESTIVAL-DE-LAS-NINECES-1-300x200.jpeg 300w, https:\/\/treslineasnoticias.com.ar\/wp-content\/uploads\/2025\/08\/MAYRA-EN-EL-POLIDEPORTIVO-JUNTO-A-MILES-DE-FAMILIAS-EN-EL-FESTIVAL-DE-LAS-NINECES-1-768x512.jpeg 768w, https:\/\/treslineasnoticias.com.ar\/wp-content\/uploads\/2025\/08\/MAYRA-EN-EL-POLIDEPORTIVO-JUNTO-A-MILES-DE-FAMILIAS-EN-EL-FESTIVAL-DE-LAS-NINECES-1.jpeg 1280w\" sizes=\"auto, (max-width: 1024px) 100vw, 1024px\" \/><\/figure>\n\n\n\n<p>Durante la actividad, la Intendenta dialog\u00f3 con las familias y les cont\u00f3 sobre el esfuerzo econ\u00f3mico que realiz\u00f3 la Comuna para la concreci\u00f3n de las distintas propuestas recreativas y culturales, al igual que para el desarrollo del festival, con la finalidad que todos los quilme\u00f1os y quilme\u00f1as disfruten de las vacaciones de invierno en la ciudad.<\/p>\n\n\n\n<p>La jornada signific\u00f3 el cierre del programa Vacaciones Somos Quilmes 2025, una pol\u00edtica de inclusi\u00f3n impulsada por Mayra Mendoza, y cont\u00f3 con diversos juegos, shows musicales en vivo, sorteos y entrega de juguetes. Adem\u00e1s, se realiz\u00f3 una kermesse con m\u00e1s sorpresas para el disfrute de los presentes. En las diferentes sedes (museos, teatros, instituciones) que abarc\u00f3 el programa se desarrollaron m\u00e1s de 400 actividades culturales, recreativas y deportivas, entre otras.<\/p>\n\n\n\n<figure class=\"wp-block-image size-large\"><img loading=\"lazy\" decoding=\"async\" width=\"1024\" height=\"682\" src=\"http:\/\/treslineasnoticias.com.ar\/wp-content\/uploads\/2025\/08\/MAYRA-EN-EL-POLIDEPORTIVO-JUNTO-A-MILES-DE-FAMILIAS-EN-EL-FESTIVAL-DE-LAS-NINECES-2-2-1024x682.jpeg\" alt=\"\" class=\"wp-image-17191\" srcset=\"https:\/\/treslineasnoticias.com.ar\/wp-content\/uploads\/2025\/08\/MAYRA-EN-EL-POLIDEPORTIVO-JUNTO-A-MILES-DE-FAMILIAS-EN-EL-FESTIVAL-DE-LAS-NINECES-2-2-1024x682.jpeg 1024w, https:\/\/treslineasnoticias.com.ar\/wp-content\/uploads\/2025\/08\/MAYRA-EN-EL-POLIDEPORTIVO-JUNTO-A-MILES-DE-FAMILIAS-EN-EL-FESTIVAL-DE-LAS-NINECES-2-2-300x200.jpeg 300w, https:\/\/treslineasnoticias.com.ar\/wp-content\/uploads\/2025\/08\/MAYRA-EN-EL-POLIDEPORTIVO-JUNTO-A-MILES-DE-FAMILIAS-EN-EL-FESTIVAL-DE-LAS-NINECES-2-2-768x512.jpeg 768w, https:\/\/treslineasnoticias.com.ar\/wp-content\/uploads\/2025\/08\/MAYRA-EN-EL-POLIDEPORTIVO-JUNTO-A-MILES-DE-FAMILIAS-EN-EL-FESTIVAL-DE-LAS-NINECES-2-2.jpeg 1280w\" sizes=\"auto, (max-width: 1024px) 100vw, 1024px\" \/><\/figure>\n\n\n\n<p>Por otro lado, el Parque de Juegos que funcion\u00f3 durante las dos semanas del receso invernal en el Polideportivo, tuvo un espacio de circo, otro de e-gaming especialmente equipado con computadoras y videojuegos para la realizaci\u00f3n de torneos; inflables para las y los m\u00e1s chicos, y una variada gama de deportes aprovechando los diferentes sectores del espacio. A su vez, hubo foodtrucks a precios populares para que las familias y cada uno de los asistentes puedan elegir opciones para almorzar.<\/p>\n","protected":false},"excerpt":{"rendered":"<p>La intendenta de Quilmes, Mayra Mendoza, acompa\u00f1\u00f3 a las miles de familias que participaron este domingo del Festival de las Ni\u00f1eces, en el Parque de Juegos que se instal\u00f3 del Polideportivo Municipal \u201cReynaldo Gorno\u201d, en el marco de la \u00faltima jornada del programa Vacaciones Somos Quilmes 2025, del que m\u00e1s de 200 mil vecinos y [&hellip;]<\/p>\n","protected":false},"author":3,"featured_media":17186,"comment_status":"open","ping_status":"open","sticky":false,"template":"","format":"standard","meta":{"_jetpack_memberships_contains_paid_content":false,"footnotes":""},"categories":[5],"tags":[],"class_list":["post-17185","post","type-post","status-publish","format-standard","has-post-thumbnail","hentry","category-quilmes"],"yoast_head":"<!-- This site is optimized with the Yoast SEO plugin v24.7 - https:\/\/yoast.com\/wordpress\/plugins\/seo\/ -->\n<title>Mayra en el polideportivo junto a miles de familias en el festival de las ni\u00f1eces: \u201cen Quilmes lo m\u00e1s importante son nuestros ni\u00f1os y ni\u00f1as\u201d - Tres Lineas Noticias<\/title>\n<meta name=\"robots\" content=\"index, follow, max-snippet:-1, max-image-preview:large, max-video-preview:-1\" \/>\n<link rel=\"canonical\" href=\"https:\/\/treslineasnoticias.com.ar\/?p=17185\" \/>\n<meta property=\"og:locale\" content=\"es_ES\" \/>\n<meta property=\"og:type\" content=\"article\" \/>\n<meta property=\"og:title\" content=\"Mayra en el polideportivo junto a miles de familias en el festival de las ni\u00f1eces: \u201cen Quilmes lo m\u00e1s importante son nuestros ni\u00f1os y ni\u00f1as\u201d - Tres Lineas Noticias\" \/>\n<meta property=\"og:description\" content=\"La intendenta de Quilmes, Mayra Mendoza, acompa\u00f1\u00f3 a las miles de familias que participaron este domingo del Festival de las Ni\u00f1eces, en el Parque de Juegos que se instal\u00f3 del Polideportivo Municipal \u201cReynaldo Gorno\u201d, en el marco de la \u00faltima jornada del programa Vacaciones Somos Quilmes 2025, del que m\u00e1s de 200 mil vecinos y [&hellip;]\" \/>\n<meta property=\"og:url\" content=\"https:\/\/treslineasnoticias.com.ar\/?p=17185\" \/>\n<meta property=\"og:site_name\" content=\"Tres Lineas Noticias\" \/>\n<meta property=\"article:published_time\" content=\"2025-08-04T01:27:00+00:00\" \/>\n<meta property=\"article:modified_time\" content=\"2025-08-05T15:37:31+00:00\" \/>\n<meta property=\"og:image\" content=\"http:\/\/treslineasnoticias.com.ar\/wp-content\/uploads\/2025\/08\/MAYRA-EN-EL-POLIDEPORTIVO-JUNTO-A-MILES-DE-FAMILIAS-EN-EL-FESTIVAL-DE-LAS-NINECES-3.jpeg\" \/>\n\t<meta property=\"og:image:width\" content=\"1024\" \/>\n\t<meta property=\"og:image:height\" content=\"683\" \/>\n\t<meta property=\"og:image:type\" content=\"image\/jpeg\" \/>\n<meta name=\"author\" content=\"Horacio L\u00f3pez\" \/>\n<meta name=\"twitter:card\" content=\"summary_large_image\" \/>\n<meta name=\"twitter:label1\" content=\"Escrito por\" \/>\n\t<meta name=\"twitter:data1\" content=\"Horacio L\u00f3pez\" \/>\n\t<meta name=\"twitter:label2\" content=\"Tiempo de lectura\" \/>\n\t<meta name=\"twitter:data2\" content=\"4 minutos\" \/>\n<script type=\"application\/ld+json\" class=\"yoast-schema-graph\">{\"@context\":\"https:\/\/schema.org\",\"@graph\":[{\"@type\":\"WebPage\",\"@id\":\"https:\/\/treslineasnoticias.com.ar\/?p=17185\",\"url\":\"https:\/\/treslineasnoticias.com.ar\/?p=17185\",\"name\":\"Mayra en el polideportivo junto a miles de familias en el festival de las ni\u00f1eces: \u201cen Quilmes lo m\u00e1s importante son nuestros ni\u00f1os y ni\u00f1as\u201d - Tres Lineas Noticias\",\"isPartOf\":{\"@id\":\"https:\/\/treslineasnoticias.com.ar\/#website\"},\"primaryImageOfPage\":{\"@id\":\"https:\/\/treslineasnoticias.com.ar\/?p=17185#primaryimage\"},\"image\":{\"@id\":\"https:\/\/treslineasnoticias.com.ar\/?p=17185#primaryimage\"},\"thumbnailUrl\":\"https:\/\/treslineasnoticias.com.ar\/wp-content\/uploads\/2025\/08\/MAYRA-EN-EL-POLIDEPORTIVO-JUNTO-A-MILES-DE-FAMILIAS-EN-EL-FESTIVAL-DE-LAS-NINECES-3.jpeg\",\"datePublished\":\"2025-08-04T01:27:00+00:00\",\"dateModified\":\"2025-08-05T15:37:31+00:00\",\"author\":{\"@id\":\"https:\/\/treslineasnoticias.com.ar\/#\/schema\/person\/c5f7249e50517b84c2379b145ca14895\"},\"breadcrumb\":{\"@id\":\"https:\/\/treslineasnoticias.com.ar\/?p=17185#breadcrumb\"},\"inLanguage\":\"es\",\"potentialAction\":[{\"@type\":\"ReadAction\",\"target\":[\"https:\/\/treslineasnoticias.com.ar\/?p=17185\"]}]},{\"@type\":\"ImageObject\",\"inLanguage\":\"es\",\"@id\":\"https:\/\/treslineasnoticias.com.ar\/?p=17185#primaryimage\",\"url\":\"https:\/\/treslineasnoticias.com.ar\/wp-content\/uploads\/2025\/08\/MAYRA-EN-EL-POLIDEPORTIVO-JUNTO-A-MILES-DE-FAMILIAS-EN-EL-FESTIVAL-DE-LAS-NINECES-3.jpeg\",\"contentUrl\":\"https:\/\/treslineasnoticias.com.ar\/wp-content\/uploads\/2025\/08\/MAYRA-EN-EL-POLIDEPORTIVO-JUNTO-A-MILES-DE-FAMILIAS-EN-EL-FESTIVAL-DE-LAS-NINECES-3.jpeg\",\"width\":1024,\"height\":683},{\"@type\":\"BreadcrumbList\",\"@id\":\"https:\/\/treslineasnoticias.com.ar\/?p=17185#breadcrumb\",\"itemListElement\":[{\"@type\":\"ListItem\",\"position\":1,\"name\":\"Portada\",\"item\":\"https:\/\/treslineasnoticias.com.ar\/\"},{\"@type\":\"ListItem\",\"position\":2,\"name\":\"Mayra en el polideportivo junto a miles de familias en el festival de las ni\u00f1eces: \u201cen Quilmes lo m\u00e1s importante son nuestros ni\u00f1os y ni\u00f1as\u201d\"}]},{\"@type\":\"WebSite\",\"@id\":\"https:\/\/treslineasnoticias.com.ar\/#website\",\"url\":\"https:\/\/treslineasnoticias.com.ar\/\",\"name\":\"Tres Lineas Noticias\",\"description\":\"\",\"potentialAction\":[{\"@type\":\"SearchAction\",\"target\":{\"@type\":\"EntryPoint\",\"urlTemplate\":\"https:\/\/treslineasnoticias.com.ar\/?s={search_term_string}\"},\"query-input\":{\"@type\":\"PropertyValueSpecification\",\"valueRequired\":true,\"valueName\":\"search_term_string\"}}],\"inLanguage\":\"es\"},{\"@type\":\"Person\",\"@id\":\"https:\/\/treslineasnoticias.com.ar\/#\/schema\/person\/c5f7249e50517b84c2379b145ca14895\",\"name\":\"Horacio L\u00f3pez\",\"image\":{\"@type\":\"ImageObject\",\"inLanguage\":\"es\",\"@id\":\"https:\/\/treslineasnoticias.com.ar\/#\/schema\/person\/image\/\",\"url\":\"https:\/\/treslineasnoticias.com.ar\/wp-content\/litespeed\/avatar\/ddbec442f0224f940ce000570a0cb216.jpg?ver=1777068930\",\"contentUrl\":\"https:\/\/treslineasnoticias.com.ar\/wp-content\/litespeed\/avatar\/ddbec442f0224f940ce000570a0cb216.jpg?ver=1777068930\",\"caption\":\"Horacio L\u00f3pez\"},\"sameAs\":[\"http:\/\/treslineasnoticias.com.ar\"],\"url\":\"https:\/\/treslineasnoticias.com.ar\/?author=3\"}]}<\/script>\n<!-- \/ Yoast SEO plugin. -->","yoast_head_json":{"title":"Mayra en el polideportivo junto a miles de familias en el festival de las ni\u00f1eces: \u201cen Quilmes lo m\u00e1s importante son nuestros ni\u00f1os y ni\u00f1as\u201d - Tres Lineas Noticias","robots":{"index":"index","follow":"follow","max-snippet":"max-snippet:-1","max-image-preview":"max-image-preview:large","max-video-preview":"max-video-preview:-1"},"canonical":"https:\/\/treslineasnoticias.com.ar\/?p=17185","og_locale":"es_ES","og_type":"article","og_title":"Mayra en el polideportivo junto a miles de familias en el festival de las ni\u00f1eces: \u201cen Quilmes lo m\u00e1s importante son nuestros ni\u00f1os y ni\u00f1as\u201d - Tres Lineas Noticias","og_description":"La intendenta de Quilmes, Mayra Mendoza, acompa\u00f1\u00f3 a las miles de familias que participaron este domingo del Festival de las Ni\u00f1eces, en el Parque de Juegos que se instal\u00f3 del Polideportivo Municipal \u201cReynaldo Gorno\u201d, en el marco de la \u00faltima jornada del programa Vacaciones Somos Quilmes 2025, del que m\u00e1s de 200 mil vecinos y [&hellip;]","og_url":"https:\/\/treslineasnoticias.com.ar\/?p=17185","og_site_name":"Tres Lineas Noticias","article_published_time":"2025-08-04T01:27:00+00:00","article_modified_time":"2025-08-05T15:37:31+00:00","og_image":[{"width":1024,"height":683,"url":"http:\/\/treslineasnoticias.com.ar\/wp-content\/uploads\/2025\/08\/MAYRA-EN-EL-POLIDEPORTIVO-JUNTO-A-MILES-DE-FAMILIAS-EN-EL-FESTIVAL-DE-LAS-NINECES-3.jpeg","type":"image\/jpeg"}],"author":"Horacio L\u00f3pez","twitter_card":"summary_large_image","twitter_misc":{"Escrito por":"Horacio L\u00f3pez","Tiempo de lectura":"4 minutos"},"schema":{"@context":"https:\/\/schema.org","@graph":[{"@type":"WebPage","@id":"https:\/\/treslineasnoticias.com.ar\/?p=17185","url":"https:\/\/treslineasnoticias.com.ar\/?p=17185","name":"Mayra en el polideportivo junto a miles de familias en el festival de las ni\u00f1eces: \u201cen Quilmes lo m\u00e1s importante son nuestros ni\u00f1os y ni\u00f1as\u201d - Tres Lineas Noticias","isPartOf":{"@id":"https:\/\/treslineasnoticias.com.ar\/#website"},"primaryImageOfPage":{"@id":"https:\/\/treslineasnoticias.com.ar\/?p=17185#primaryimage"},"image":{"@id":"https:\/\/treslineasnoticias.com.ar\/?p=17185#primaryimage"},"thumbnailUrl":"https:\/\/treslineasnoticias.com.ar\/wp-content\/uploads\/2025\/08\/MAYRA-EN-EL-POLIDEPORTIVO-JUNTO-A-MILES-DE-FAMILIAS-EN-EL-FESTIVAL-DE-LAS-NINECES-3.jpeg","datePublished":"2025-08-04T01:27:00+00:00","dateModified":"2025-08-05T15:37:31+00:00","author":{"@id":"https:\/\/treslineasnoticias.com.ar\/#\/schema\/person\/c5f7249e50517b84c2379b145ca14895"},"breadcrumb":{"@id":"https:\/\/treslineasnoticias.com.ar\/?p=17185#breadcrumb"},"inLanguage":"es","potentialAction":[{"@type":"ReadAction","target":["https:\/\/treslineasnoticias.com.ar\/?p=17185"]}]},{"@type":"ImageObject","inLanguage":"es","@id":"https:\/\/treslineasnoticias.com.ar\/?p=17185#primaryimage","url":"https:\/\/treslineasnoticias.com.ar\/wp-content\/uploads\/2025\/08\/MAYRA-EN-EL-POLIDEPORTIVO-JUNTO-A-MILES-DE-FAMILIAS-EN-EL-FESTIVAL-DE-LAS-NINECES-3.jpeg","contentUrl":"https:\/\/treslineasnoticias.com.ar\/wp-content\/uploads\/2025\/08\/MAYRA-EN-EL-POLIDEPORTIVO-JUNTO-A-MILES-DE-FAMILIAS-EN-EL-FESTIVAL-DE-LAS-NINECES-3.jpeg","width":1024,"height":683},{"@type":"BreadcrumbList","@id":"https:\/\/treslineasnoticias.com.ar\/?p=17185#breadcrumb","itemListElement":[{"@type":"ListItem","position":1,"name":"Portada","item":"https:\/\/treslineasnoticias.com.ar\/"},{"@type":"ListItem","position":2,"name":"Mayra en el polideportivo junto a miles de familias en el festival de las ni\u00f1eces: \u201cen Quilmes lo m\u00e1s importante son nuestros ni\u00f1os y ni\u00f1as\u201d"}]},{"@type":"WebSite","@id":"https:\/\/treslineasnoticias.com.ar\/#website","url":"https:\/\/treslineasnoticias.com.ar\/","name":"Tres Lineas Noticias","description":"","potentialAction":[{"@type":"SearchAction","target":{"@type":"EntryPoint","urlTemplate":"https:\/\/treslineasnoticias.com.ar\/?s={search_term_string}"},"query-input":{"@type":"PropertyValueSpecification","valueRequired":true,"valueName":"search_term_string"}}],"inLanguage":"es"},{"@type":"Person","@id":"https:\/\/treslineasnoticias.com.ar\/#\/schema\/person\/c5f7249e50517b84c2379b145ca14895","name":"Horacio L\u00f3pez","image":{"@type":"ImageObject","inLanguage":"es","@id":"https:\/\/treslineasnoticias.com.ar\/#\/schema\/person\/image\/","url":"https:\/\/treslineasnoticias.com.ar\/wp-content\/litespeed\/avatar\/ddbec442f0224f940ce000570a0cb216.jpg?ver=1777068930","contentUrl":"https:\/\/treslineasnoticias.com.ar\/wp-content\/litespeed\/avatar\/ddbec442f0224f940ce000570a0cb216.jpg?ver=1777068930","caption":"Horacio L\u00f3pez"},"sameAs":["http:\/\/treslineasnoticias.com.ar"],"url":"https:\/\/treslineasnoticias.com.ar\/?author=3"}]}},"jetpack_featured_media_url":"https:\/\/treslineasnoticias.com.ar\/wp-content\/uploads\/2025\/08\/MAYRA-EN-EL-POLIDEPORTIVO-JUNTO-A-MILES-DE-FAMILIAS-EN-EL-FESTIVAL-DE-LAS-NINECES-3.jpeg","jetpack_sharing_enabled":true,"_links":{"self":[{"href":"https:\/\/treslineasnoticias.com.ar\/index.php?rest_route=\/wp\/v2\/posts\/17185","targetHints":{"allow":["GET"]}}],"collection":[{"href":"https:\/\/treslineasnoticias.com.ar\/index.php?rest_route=\/wp\/v2\/posts"}],"about":[{"href":"https:\/\/treslineasnoticias.com.ar\/index.php?rest_route=\/wp\/v2\/types\/post"}],"author":[{"embeddable":true,"href":"https:\/\/treslineasnoticias.com.ar\/index.php?rest_route=\/wp\/v2\/users\/3"}],"replies":[{"embeddable":true,"href":"https:\/\/treslineasnoticias.com.ar\/index.php?rest_route=%2Fwp%2Fv2%2Fcomments&post=17185"}],"version-history":[{"count":1,"href":"https:\/\/treslineasnoticias.com.ar\/index.php?rest_route=\/wp\/v2\/posts\/17185\/revisions"}],"predecessor-version":[{"id":17192,"href":"https:\/\/treslineasnoticias.com.ar\/index.php?rest_route=\/wp\/v2\/posts\/17185\/revisions\/17192"}],"wp:featuredmedia":[{"embeddable":true,"href":"https:\/\/treslineasnoticias.com.ar\/index.php?rest_route=\/wp\/v2\/media\/17186"}],"wp:attachment":[{"href":"https:\/\/treslineasnoticias.com.ar\/index.php?rest_route=%2Fwp%2Fv2%2Fmedia&parent=17185"}],"wp:term":[{"taxonomy":"category","embeddable":true,"href":"https:\/\/treslineasnoticias.com.ar\/index.php?rest_route=%2Fwp%2Fv2%2Fcategories&post=17185"},{"taxonomy":"post_tag","embeddable":true,"href":"https:\/\/treslineasnoticias.com.ar\/index.php?rest_route=%2Fwp%2Fv2%2Ftags&post=17185"}],"curies":[{"name":"wp","href":"https:\/\/api.w.org\/{rel}","templated":true}]}}