{"id":19130,"date":"2025-10-06T18:21:45","date_gmt":"2025-10-06T21:21:45","guid":{"rendered":"https:\/\/treslineasnoticias.com.ar\/?p=19130"},"modified":"2025-10-06T18:21:46","modified_gmt":"2025-10-06T21:21:46","slug":"mayra-presento-el-nuevo-recorrido-de-la-linea-257-que-unira-los-barrios-la-sarita-y-la-canada-con-san-francisco-solano","status":"publish","type":"post","link":"https:\/\/treslineasnoticias.com.ar\/?p=19130","title":{"rendered":"Mayra present\u00f3 el nuevo recorrido de la l\u00ednea 257 que unir\u00e1 los barrios La Sarita y La Ca\u00f1ada con San Francisco Solano"},"content":{"rendered":"\n<p><strong><em>La intendenta de Quilmes, Mayra Mendoza, particip\u00f3 este lunes de una reuni\u00f3n con las autoridades de la l\u00ednea de colectivos 257 \u201cExpreso Villanueva\u201d, en la sede de la empresa en Rodolfo L\u00f3pez 3006, donde se present\u00f3 la extensi\u00f3n del nuevo recorrido que une los barrios La Sarita y La Ca\u00f1ada, de Quilmes Oeste, con San Francisco Solano, que fue posible gracias al plan de pavimentaci\u00f3n impulsado por esta gesti\u00f3n, y tiene el fin de continuar mejorando la conectividad de las y los quilme\u00f1os, acortando sus tiempos de viaje.<\/em><\/strong><\/p>\n\n\n\n<figure class=\"wp-block-image size-full\"><img loading=\"lazy\" decoding=\"async\" width=\"853\" height=\"569\" src=\"http:\/\/treslineasnoticias.com.ar\/wp-content\/uploads\/2025\/10\/MAYRA-PRESENTO-EL-NUEVO-RECORRIDO-DE-LA-LINEA-257-QUE-UNIRA-LOS-BARRIOS-LA-SARITA-Y-LA-CANADA-CON-SAN-FRANCISCO-SOLANO-2.jpeg\" alt=\"\" class=\"wp-image-19133\" srcset=\"https:\/\/treslineasnoticias.com.ar\/wp-content\/uploads\/2025\/10\/MAYRA-PRESENTO-EL-NUEVO-RECORRIDO-DE-LA-LINEA-257-QUE-UNIRA-LOS-BARRIOS-LA-SARITA-Y-LA-CANADA-CON-SAN-FRANCISCO-SOLANO-2.jpeg 853w, https:\/\/treslineasnoticias.com.ar\/wp-content\/uploads\/2025\/10\/MAYRA-PRESENTO-EL-NUEVO-RECORRIDO-DE-LA-LINEA-257-QUE-UNIRA-LOS-BARRIOS-LA-SARITA-Y-LA-CANADA-CON-SAN-FRANCISCO-SOLANO-2-300x200.jpeg 300w, https:\/\/treslineasnoticias.com.ar\/wp-content\/uploads\/2025\/10\/MAYRA-PRESENTO-EL-NUEVO-RECORRIDO-DE-LA-LINEA-257-QUE-UNIRA-LOS-BARRIOS-LA-SARITA-Y-LA-CANADA-CON-SAN-FRANCISCO-SOLANO-2-768x512.jpeg 768w\" sizes=\"auto, (max-width: 853px) 100vw, 853px\" \/><\/figure>\n\n\n\n<p>\u201cNosotros lo plante\u00e1bamos en estos t\u00e9rminos cuando dec\u00edamos: nacer, crecer, desarrollarse, estudiar y trabajar en Quilmes. Todo estaba pensado para salir a Ciudad de Buenos Aires. En ese sentido venimos ampliamos recorridos y son cosas que hay que ir pens\u00e1ndolas de forma artesanal. Si no hay un transporte p\u00fablico que te lleve directo a destino, todo cuesta m\u00e1s\u201d, expres\u00f3 Mayra, acompa\u00f1ada por el secretario de la Agencia de Ordenamiento Urbano y Vial, Lucas Schuld, con quien recorri\u00f3 las instalaciones de la terminal.<\/p>\n\n\n\n<p>Y afirm\u00f3: \u201cLa dificultad es que no hay sector que no se vea perjudicado, las empresas de transporte y su vida familiar, porque baja la recaudaci\u00f3n, cae el consumo y se pierde poder adquisitivo. Todo es una cadena. Por eso, las elecciones son una instancia importante para demostrar democr\u00e1tica y pac\u00edficamente que queremos otro rumbo, otro modelo de pa\u00eds. Es fundamental que la gente vaya a votar, que participe. Porque el enojo y la frustraci\u00f3n pueden llevar a quedarse en casa y dejar que otros decidan, y eso es un error. Por eso es importante la elecci\u00f3n del 26 de octubre para la conformaci\u00f3n de un bloque opositor en el Congreso Nacional que pueda frenar a Milei\u201d.<\/p>\n\n\n\n<figure class=\"wp-block-image size-full\"><img loading=\"lazy\" decoding=\"async\" width=\"853\" height=\"568\" src=\"http:\/\/treslineasnoticias.com.ar\/wp-content\/uploads\/2025\/10\/MAYRA-PRESENTO-EL-NUEVO-RECORRIDO-DE-LA-LINEA-257-QUE-UNIRA-LOS-BARRIOS-LA-SARITA-Y-LA-CANADA-CON-SAN-FRANCISCO-SOLANO-3.jpeg\" alt=\"\" class=\"wp-image-19132\" srcset=\"https:\/\/treslineasnoticias.com.ar\/wp-content\/uploads\/2025\/10\/MAYRA-PRESENTO-EL-NUEVO-RECORRIDO-DE-LA-LINEA-257-QUE-UNIRA-LOS-BARRIOS-LA-SARITA-Y-LA-CANADA-CON-SAN-FRANCISCO-SOLANO-3.jpeg 853w, https:\/\/treslineasnoticias.com.ar\/wp-content\/uploads\/2025\/10\/MAYRA-PRESENTO-EL-NUEVO-RECORRIDO-DE-LA-LINEA-257-QUE-UNIRA-LOS-BARRIOS-LA-SARITA-Y-LA-CANADA-CON-SAN-FRANCISCO-SOLANO-3-300x200.jpeg 300w, https:\/\/treslineasnoticias.com.ar\/wp-content\/uploads\/2025\/10\/MAYRA-PRESENTO-EL-NUEVO-RECORRIDO-DE-LA-LINEA-257-QUE-UNIRA-LOS-BARRIOS-LA-SARITA-Y-LA-CANADA-CON-SAN-FRANCISCO-SOLANO-3-768x511.jpeg 768w\" sizes=\"auto, (max-width: 853px) 100vw, 853px\" \/><\/figure>\n\n\n\n<p>Con esta acci\u00f3n, que se dio en el marco del compromiso de gesti\u00f3n asumido por Mayra Mendoza en 2019, de la pavimentaci\u00f3n de m\u00e1s de 800 cuadras durante la primera administraci\u00f3n, y que tiene continuidad con el nuevo compromiso de sumar 1.000 calles m\u00e1s para este segundo mandato, el Estado Municipal profundiza la articulaci\u00f3n con una entidad privada como la L\u00ednea 257 con el objetivo de establecer un nuevo recorrido y as\u00ed poder cubrir la demanda de los vecinos y vecinas y de los mencionados barrios mejorando notablemente su calidad de vida.<\/p>\n\n\n\n<p>La medida responde a un pedido hist\u00f3rico de los habitantes de la zona, que reclamaban una opci\u00f3n de transporte directo hacia el centro quilme\u00f1o y al coraz\u00f3n comercial de San Francisco Solano y que en breve comenzar\u00e1 a funcionar.<\/p>\n\n\n\n<p>Con esta ampliaci\u00f3n, las unidades del ramal Lamadrid circular\u00e1n por la calle 387 hasta La Rioja, continuar\u00e1n por 389 hasta Rep\u00fablica del L\u00edbano y luego tomar\u00e1n Camino General Belgrano hasta Pasco, tanto en el trayecto hacia San Francisco Solano como en el que se dirige hacia Quilmes.<\/p>\n\n\n\n<figure class=\"wp-block-image size-large\"><img loading=\"lazy\" decoding=\"async\" width=\"1024\" height=\"682\" src=\"http:\/\/treslineasnoticias.com.ar\/wp-content\/uploads\/2025\/10\/MAYRA-PRESENTO-EL-NUEVO-RECORRIDO-DE-LA-LINEA-257-QUE-UNIRA-LOS-BARRIOS-LA-SARITA-Y-LA-CANADA-CON-SAN-FRANCISCO-SOLANO-1-1024x682.jpeg\" alt=\"\" class=\"wp-image-19131\" srcset=\"https:\/\/treslineasnoticias.com.ar\/wp-content\/uploads\/2025\/10\/MAYRA-PRESENTO-EL-NUEVO-RECORRIDO-DE-LA-LINEA-257-QUE-UNIRA-LOS-BARRIOS-LA-SARITA-Y-LA-CANADA-CON-SAN-FRANCISCO-SOLANO-1-1024x682.jpeg 1024w, https:\/\/treslineasnoticias.com.ar\/wp-content\/uploads\/2025\/10\/MAYRA-PRESENTO-EL-NUEVO-RECORRIDO-DE-LA-LINEA-257-QUE-UNIRA-LOS-BARRIOS-LA-SARITA-Y-LA-CANADA-CON-SAN-FRANCISCO-SOLANO-1-300x200.jpeg 300w, https:\/\/treslineasnoticias.com.ar\/wp-content\/uploads\/2025\/10\/MAYRA-PRESENTO-EL-NUEVO-RECORRIDO-DE-LA-LINEA-257-QUE-UNIRA-LOS-BARRIOS-LA-SARITA-Y-LA-CANADA-CON-SAN-FRANCISCO-SOLANO-1-768x512.jpeg 768w, https:\/\/treslineasnoticias.com.ar\/wp-content\/uploads\/2025\/10\/MAYRA-PRESENTO-EL-NUEVO-RECORRIDO-DE-LA-LINEA-257-QUE-UNIRA-LOS-BARRIOS-LA-SARITA-Y-LA-CANADA-CON-SAN-FRANCISCO-SOLANO-1.jpeg 1280w\" sizes=\"auto, (max-width: 1024px) 100vw, 1024px\" \/><\/figure>\n\n\n\n<p>De esta manera, tambi\u00e9n se busca dar respuesta a una demanda creciente y facilitar el acceso a escuelas, hospitales, tr\u00e1mites administrativos y actividades cotidianas. La incorporaci\u00f3n del nuevo recorrido no modificar\u00e1 las paradas habituales del ramal Lamadrid en el resto de su trayecto, sino que extiende el servicio a barrios que hasta ahora deb\u00edan combinar con otras l\u00edneas o realizar trasbordos para llegar a destinos clave del distrito. Cabe mencionar que la Comuna viene articulando con la empresa la apertura de una nueva terminal en Tupungato y R\u00edo Desaguadero, en Ezpeleta, desde el a\u00f1o 2024.<\/p>\n\n\n\n<p>Del encuentro participaron: el secretario de la Agencia de Fiscalizaci\u00f3n, Control Comunal y Desarrollo Econ\u00f3mico,&nbsp;Juli\u00e1n Bellido, y la presidenta y la directora de la L\u00ednea 257, Marcela G\u00f3mez y Adriana Garc\u00eda, respectivamente.<\/p>\n","protected":false},"excerpt":{"rendered":"<p>La intendenta de Quilmes, Mayra Mendoza, particip\u00f3 este lunes de una reuni\u00f3n con las autoridades de la l\u00ednea de colectivos 257 \u201cExpreso Villanueva\u201d, en la sede de la empresa en Rodolfo L\u00f3pez 3006, donde se present\u00f3 la extensi\u00f3n del nuevo recorrido que une los barrios La Sarita y La Ca\u00f1ada, de Quilmes Oeste, con San [&hellip;]<\/p>\n","protected":false},"author":3,"featured_media":19134,"comment_status":"open","ping_status":"open","sticky":false,"template":"","format":"standard","meta":{"_jetpack_memberships_contains_paid_content":false,"footnotes":""},"categories":[5],"tags":[],"class_list":["post-19130","post","type-post","status-publish","format-standard","has-post-thumbnail","hentry","category-quilmes"],"yoast_head":"<!-- This site is optimized with the Yoast SEO plugin v24.7 - https:\/\/yoast.com\/wordpress\/plugins\/seo\/ -->\n<title>Mayra present\u00f3 el nuevo recorrido de la l\u00ednea 257 que unir\u00e1 los barrios La Sarita y La Ca\u00f1ada con San Francisco Solano - Tres Lineas Noticias<\/title>\n<meta name=\"robots\" content=\"index, follow, max-snippet:-1, max-image-preview:large, max-video-preview:-1\" \/>\n<link rel=\"canonical\" href=\"https:\/\/treslineasnoticias.com.ar\/?p=19130\" \/>\n<meta property=\"og:locale\" content=\"es_ES\" \/>\n<meta property=\"og:type\" content=\"article\" \/>\n<meta property=\"og:title\" content=\"Mayra present\u00f3 el nuevo recorrido de la l\u00ednea 257 que unir\u00e1 los barrios La Sarita y La Ca\u00f1ada con San Francisco Solano - Tres Lineas Noticias\" \/>\n<meta property=\"og:description\" content=\"La intendenta de Quilmes, Mayra Mendoza, particip\u00f3 este lunes de una reuni\u00f3n con las autoridades de la l\u00ednea de colectivos 257 \u201cExpreso Villanueva\u201d, en la sede de la empresa en Rodolfo L\u00f3pez 3006, donde se present\u00f3 la extensi\u00f3n del nuevo recorrido que une los barrios La Sarita y La Ca\u00f1ada, de Quilmes Oeste, con San [&hellip;]\" \/>\n<meta property=\"og:url\" content=\"https:\/\/treslineasnoticias.com.ar\/?p=19130\" \/>\n<meta property=\"og:site_name\" content=\"Tres Lineas Noticias\" \/>\n<meta property=\"article:published_time\" content=\"2025-10-06T21:21:45+00:00\" \/>\n<meta property=\"article:modified_time\" content=\"2025-10-06T21:21:46+00:00\" \/>\n<meta property=\"og:image\" content=\"http:\/\/treslineasnoticias.com.ar\/wp-content\/uploads\/2025\/10\/MAYRA-PRESENTO-EL-NUEVO-RECORRIDO-DE-LA-LINEA-257-QUE-UNIRA-LOS-BARRIOS-LA-SARITA-Y-LA-CANADA-CON-SAN-FRANCISCO-SOLANO-4.jpeg\" \/>\n\t<meta property=\"og:image:width\" content=\"853\" \/>\n\t<meta property=\"og:image:height\" content=\"568\" \/>\n\t<meta property=\"og:image:type\" content=\"image\/jpeg\" \/>\n<meta name=\"author\" content=\"Horacio L\u00f3pez\" \/>\n<meta name=\"twitter:card\" content=\"summary_large_image\" \/>\n<meta name=\"twitter:label1\" content=\"Escrito por\" \/>\n\t<meta name=\"twitter:data1\" content=\"Horacio L\u00f3pez\" \/>\n\t<meta name=\"twitter:label2\" content=\"Tiempo de lectura\" \/>\n\t<meta name=\"twitter:data2\" content=\"4 minutos\" \/>\n<script type=\"application\/ld+json\" class=\"yoast-schema-graph\">{\"@context\":\"https:\/\/schema.org\",\"@graph\":[{\"@type\":\"WebPage\",\"@id\":\"https:\/\/treslineasnoticias.com.ar\/?p=19130\",\"url\":\"https:\/\/treslineasnoticias.com.ar\/?p=19130\",\"name\":\"Mayra present\u00f3 el nuevo recorrido de la l\u00ednea 257 que unir\u00e1 los barrios La Sarita y La Ca\u00f1ada con San Francisco Solano - Tres Lineas Noticias\",\"isPartOf\":{\"@id\":\"https:\/\/treslineasnoticias.com.ar\/#website\"},\"primaryImageOfPage\":{\"@id\":\"https:\/\/treslineasnoticias.com.ar\/?p=19130#primaryimage\"},\"image\":{\"@id\":\"https:\/\/treslineasnoticias.com.ar\/?p=19130#primaryimage\"},\"thumbnailUrl\":\"https:\/\/treslineasnoticias.com.ar\/wp-content\/uploads\/2025\/10\/MAYRA-PRESENTO-EL-NUEVO-RECORRIDO-DE-LA-LINEA-257-QUE-UNIRA-LOS-BARRIOS-LA-SARITA-Y-LA-CANADA-CON-SAN-FRANCISCO-SOLANO-4.jpeg\",\"datePublished\":\"2025-10-06T21:21:45+00:00\",\"dateModified\":\"2025-10-06T21:21:46+00:00\",\"author\":{\"@id\":\"https:\/\/treslineasnoticias.com.ar\/#\/schema\/person\/c5f7249e50517b84c2379b145ca14895\"},\"breadcrumb\":{\"@id\":\"https:\/\/treslineasnoticias.com.ar\/?p=19130#breadcrumb\"},\"inLanguage\":\"es\",\"potentialAction\":[{\"@type\":\"ReadAction\",\"target\":[\"https:\/\/treslineasnoticias.com.ar\/?p=19130\"]}]},{\"@type\":\"ImageObject\",\"inLanguage\":\"es\",\"@id\":\"https:\/\/treslineasnoticias.com.ar\/?p=19130#primaryimage\",\"url\":\"https:\/\/treslineasnoticias.com.ar\/wp-content\/uploads\/2025\/10\/MAYRA-PRESENTO-EL-NUEVO-RECORRIDO-DE-LA-LINEA-257-QUE-UNIRA-LOS-BARRIOS-LA-SARITA-Y-LA-CANADA-CON-SAN-FRANCISCO-SOLANO-4.jpeg\",\"contentUrl\":\"https:\/\/treslineasnoticias.com.ar\/wp-content\/uploads\/2025\/10\/MAYRA-PRESENTO-EL-NUEVO-RECORRIDO-DE-LA-LINEA-257-QUE-UNIRA-LOS-BARRIOS-LA-SARITA-Y-LA-CANADA-CON-SAN-FRANCISCO-SOLANO-4.jpeg\",\"width\":853,\"height\":568},{\"@type\":\"BreadcrumbList\",\"@id\":\"https:\/\/treslineasnoticias.com.ar\/?p=19130#breadcrumb\",\"itemListElement\":[{\"@type\":\"ListItem\",\"position\":1,\"name\":\"Portada\",\"item\":\"https:\/\/treslineasnoticias.com.ar\/\"},{\"@type\":\"ListItem\",\"position\":2,\"name\":\"Mayra present\u00f3 el nuevo recorrido de la l\u00ednea 257 que unir\u00e1 los barrios La Sarita y La Ca\u00f1ada con San Francisco Solano\"}]},{\"@type\":\"WebSite\",\"@id\":\"https:\/\/treslineasnoticias.com.ar\/#website\",\"url\":\"https:\/\/treslineasnoticias.com.ar\/\",\"name\":\"Tres Lineas Noticias\",\"description\":\"\",\"potentialAction\":[{\"@type\":\"SearchAction\",\"target\":{\"@type\":\"EntryPoint\",\"urlTemplate\":\"https:\/\/treslineasnoticias.com.ar\/?s={search_term_string}\"},\"query-input\":{\"@type\":\"PropertyValueSpecification\",\"valueRequired\":true,\"valueName\":\"search_term_string\"}}],\"inLanguage\":\"es\"},{\"@type\":\"Person\",\"@id\":\"https:\/\/treslineasnoticias.com.ar\/#\/schema\/person\/c5f7249e50517b84c2379b145ca14895\",\"name\":\"Horacio L\u00f3pez\",\"image\":{\"@type\":\"ImageObject\",\"inLanguage\":\"es\",\"@id\":\"https:\/\/treslineasnoticias.com.ar\/#\/schema\/person\/image\/\",\"url\":\"https:\/\/treslineasnoticias.com.ar\/wp-content\/litespeed\/avatar\/ddbec442f0224f940ce000570a0cb216.jpg?ver=1777068930\",\"contentUrl\":\"https:\/\/treslineasnoticias.com.ar\/wp-content\/litespeed\/avatar\/ddbec442f0224f940ce000570a0cb216.jpg?ver=1777068930\",\"caption\":\"Horacio L\u00f3pez\"},\"sameAs\":[\"http:\/\/treslineasnoticias.com.ar\"],\"url\":\"https:\/\/treslineasnoticias.com.ar\/?author=3\"}]}<\/script>\n<!-- \/ Yoast SEO plugin. -->","yoast_head_json":{"title":"Mayra present\u00f3 el nuevo recorrido de la l\u00ednea 257 que unir\u00e1 los barrios La Sarita y La Ca\u00f1ada con San Francisco Solano - Tres Lineas Noticias","robots":{"index":"index","follow":"follow","max-snippet":"max-snippet:-1","max-image-preview":"max-image-preview:large","max-video-preview":"max-video-preview:-1"},"canonical":"https:\/\/treslineasnoticias.com.ar\/?p=19130","og_locale":"es_ES","og_type":"article","og_title":"Mayra present\u00f3 el nuevo recorrido de la l\u00ednea 257 que unir\u00e1 los barrios La Sarita y La Ca\u00f1ada con San Francisco Solano - Tres Lineas Noticias","og_description":"La intendenta de Quilmes, Mayra Mendoza, particip\u00f3 este lunes de una reuni\u00f3n con las autoridades de la l\u00ednea de colectivos 257 \u201cExpreso Villanueva\u201d, en la sede de la empresa en Rodolfo L\u00f3pez 3006, donde se present\u00f3 la extensi\u00f3n del nuevo recorrido que une los barrios La Sarita y La Ca\u00f1ada, de Quilmes Oeste, con San [&hellip;]","og_url":"https:\/\/treslineasnoticias.com.ar\/?p=19130","og_site_name":"Tres Lineas Noticias","article_published_time":"2025-10-06T21:21:45+00:00","article_modified_time":"2025-10-06T21:21:46+00:00","og_image":[{"width":853,"height":568,"url":"http:\/\/treslineasnoticias.com.ar\/wp-content\/uploads\/2025\/10\/MAYRA-PRESENTO-EL-NUEVO-RECORRIDO-DE-LA-LINEA-257-QUE-UNIRA-LOS-BARRIOS-LA-SARITA-Y-LA-CANADA-CON-SAN-FRANCISCO-SOLANO-4.jpeg","type":"image\/jpeg"}],"author":"Horacio L\u00f3pez","twitter_card":"summary_large_image","twitter_misc":{"Escrito por":"Horacio L\u00f3pez","Tiempo de lectura":"4 minutos"},"schema":{"@context":"https:\/\/schema.org","@graph":[{"@type":"WebPage","@id":"https:\/\/treslineasnoticias.com.ar\/?p=19130","url":"https:\/\/treslineasnoticias.com.ar\/?p=19130","name":"Mayra present\u00f3 el nuevo recorrido de la l\u00ednea 257 que unir\u00e1 los barrios La Sarita y La Ca\u00f1ada con San Francisco Solano - Tres Lineas Noticias","isPartOf":{"@id":"https:\/\/treslineasnoticias.com.ar\/#website"},"primaryImageOfPage":{"@id":"https:\/\/treslineasnoticias.com.ar\/?p=19130#primaryimage"},"image":{"@id":"https:\/\/treslineasnoticias.com.ar\/?p=19130#primaryimage"},"thumbnailUrl":"https:\/\/treslineasnoticias.com.ar\/wp-content\/uploads\/2025\/10\/MAYRA-PRESENTO-EL-NUEVO-RECORRIDO-DE-LA-LINEA-257-QUE-UNIRA-LOS-BARRIOS-LA-SARITA-Y-LA-CANADA-CON-SAN-FRANCISCO-SOLANO-4.jpeg","datePublished":"2025-10-06T21:21:45+00:00","dateModified":"2025-10-06T21:21:46+00:00","author":{"@id":"https:\/\/treslineasnoticias.com.ar\/#\/schema\/person\/c5f7249e50517b84c2379b145ca14895"},"breadcrumb":{"@id":"https:\/\/treslineasnoticias.com.ar\/?p=19130#breadcrumb"},"inLanguage":"es","potentialAction":[{"@type":"ReadAction","target":["https:\/\/treslineasnoticias.com.ar\/?p=19130"]}]},{"@type":"ImageObject","inLanguage":"es","@id":"https:\/\/treslineasnoticias.com.ar\/?p=19130#primaryimage","url":"https:\/\/treslineasnoticias.com.ar\/wp-content\/uploads\/2025\/10\/MAYRA-PRESENTO-EL-NUEVO-RECORRIDO-DE-LA-LINEA-257-QUE-UNIRA-LOS-BARRIOS-LA-SARITA-Y-LA-CANADA-CON-SAN-FRANCISCO-SOLANO-4.jpeg","contentUrl":"https:\/\/treslineasnoticias.com.ar\/wp-content\/uploads\/2025\/10\/MAYRA-PRESENTO-EL-NUEVO-RECORRIDO-DE-LA-LINEA-257-QUE-UNIRA-LOS-BARRIOS-LA-SARITA-Y-LA-CANADA-CON-SAN-FRANCISCO-SOLANO-4.jpeg","width":853,"height":568},{"@type":"BreadcrumbList","@id":"https:\/\/treslineasnoticias.com.ar\/?p=19130#breadcrumb","itemListElement":[{"@type":"ListItem","position":1,"name":"Portada","item":"https:\/\/treslineasnoticias.com.ar\/"},{"@type":"ListItem","position":2,"name":"Mayra present\u00f3 el nuevo recorrido de la l\u00ednea 257 que unir\u00e1 los barrios La Sarita y La Ca\u00f1ada con San Francisco Solano"}]},{"@type":"WebSite","@id":"https:\/\/treslineasnoticias.com.ar\/#website","url":"https:\/\/treslineasnoticias.com.ar\/","name":"Tres Lineas Noticias","description":"","potentialAction":[{"@type":"SearchAction","target":{"@type":"EntryPoint","urlTemplate":"https:\/\/treslineasnoticias.com.ar\/?s={search_term_string}"},"query-input":{"@type":"PropertyValueSpecification","valueRequired":true,"valueName":"search_term_string"}}],"inLanguage":"es"},{"@type":"Person","@id":"https:\/\/treslineasnoticias.com.ar\/#\/schema\/person\/c5f7249e50517b84c2379b145ca14895","name":"Horacio L\u00f3pez","image":{"@type":"ImageObject","inLanguage":"es","@id":"https:\/\/treslineasnoticias.com.ar\/#\/schema\/person\/image\/","url":"https:\/\/treslineasnoticias.com.ar\/wp-content\/litespeed\/avatar\/ddbec442f0224f940ce000570a0cb216.jpg?ver=1777068930","contentUrl":"https:\/\/treslineasnoticias.com.ar\/wp-content\/litespeed\/avatar\/ddbec442f0224f940ce000570a0cb216.jpg?ver=1777068930","caption":"Horacio L\u00f3pez"},"sameAs":["http:\/\/treslineasnoticias.com.ar"],"url":"https:\/\/treslineasnoticias.com.ar\/?author=3"}]}},"jetpack_featured_media_url":"https:\/\/treslineasnoticias.com.ar\/wp-content\/uploads\/2025\/10\/MAYRA-PRESENTO-EL-NUEVO-RECORRIDO-DE-LA-LINEA-257-QUE-UNIRA-LOS-BARRIOS-LA-SARITA-Y-LA-CANADA-CON-SAN-FRANCISCO-SOLANO-4.jpeg","jetpack_sharing_enabled":true,"_links":{"self":[{"href":"https:\/\/treslineasnoticias.com.ar\/index.php?rest_route=\/wp\/v2\/posts\/19130","targetHints":{"allow":["GET"]}}],"collection":[{"href":"https:\/\/treslineasnoticias.com.ar\/index.php?rest_route=\/wp\/v2\/posts"}],"about":[{"href":"https:\/\/treslineasnoticias.com.ar\/index.php?rest_route=\/wp\/v2\/types\/post"}],"author":[{"embeddable":true,"href":"https:\/\/treslineasnoticias.com.ar\/index.php?rest_route=\/wp\/v2\/users\/3"}],"replies":[{"embeddable":true,"href":"https:\/\/treslineasnoticias.com.ar\/index.php?rest_route=%2Fwp%2Fv2%2Fcomments&post=19130"}],"version-history":[{"count":1,"href":"https:\/\/treslineasnoticias.com.ar\/index.php?rest_route=\/wp\/v2\/posts\/19130\/revisions"}],"predecessor-version":[{"id":19135,"href":"https:\/\/treslineasnoticias.com.ar\/index.php?rest_route=\/wp\/v2\/posts\/19130\/revisions\/19135"}],"wp:featuredmedia":[{"embeddable":true,"href":"https:\/\/treslineasnoticias.com.ar\/index.php?rest_route=\/wp\/v2\/media\/19134"}],"wp:attachment":[{"href":"https:\/\/treslineasnoticias.com.ar\/index.php?rest_route=%2Fwp%2Fv2%2Fmedia&parent=19130"}],"wp:term":[{"taxonomy":"category","embeddable":true,"href":"https:\/\/treslineasnoticias.com.ar\/index.php?rest_route=%2Fwp%2Fv2%2Fcategories&post=19130"},{"taxonomy":"post_tag","embeddable":true,"href":"https:\/\/treslineasnoticias.com.ar\/index.php?rest_route=%2Fwp%2Fv2%2Ftags&post=19130"}],"curies":[{"name":"wp","href":"https:\/\/api.w.org\/{rel}","templated":true}]}}