{"id":19136,"date":"2025-10-06T18:27:22","date_gmt":"2025-10-06T21:27:22","guid":{"rendered":"https:\/\/treslineasnoticias.com.ar\/?p=19136"},"modified":"2025-10-06T18:27:24","modified_gmt":"2025-10-06T21:27:24","slug":"programa-envion-que-hacer-en-situaciones-de-emergencia","status":"publish","type":"post","link":"https:\/\/treslineasnoticias.com.ar\/?p=19136","title":{"rendered":"Programa \u201cEnvi\u00f3n\u201d: \u00bfQu\u00e9 hacer en situaciones de emergencia?"},"content":{"rendered":"\n<p><strong><em>J\u00f3venes pertenecientes a la estrategia comunitaria provincial expusieron sus preocupaciones y consultas durante una capacitaci\u00f3n sobre gesti\u00f3n de riesgos en la sede de la Secretar\u00eda de Desarrollo Social -ubicada en Av. Calchaqu\u00ed N\u00ba6269-.<\/em><\/strong><\/p>\n\n\n\n<p>El mandatario comunal, Andr\u00e9s Watson, reconoci\u00f3 \u201ca las juventudes varelenses comprometidas en la transmisi\u00f3n de las problem\u00e1ticas de sus barrios\u201d. \u201cBuscaron un \u00e1mbito donde manifestar sus inquietudes y encontrar, en momentos de crisis, soluciones en conjunto, indispensables para el fortalecimiento del tejido colectivo\u201d, remarc\u00f3.<\/p>\n\n\n\n<figure class=\"wp-block-image size-large\"><img loading=\"lazy\" decoding=\"async\" width=\"1024\" height=\"683\" src=\"http:\/\/treslineasnoticias.com.ar\/wp-content\/uploads\/2025\/10\/382358fd-94b0-e594-4d73-9951c7896b0e-1024x683.jpg\" alt=\"\" class=\"wp-image-19137\" srcset=\"https:\/\/treslineasnoticias.com.ar\/wp-content\/uploads\/2025\/10\/382358fd-94b0-e594-4d73-9951c7896b0e-1024x683.jpg 1024w, https:\/\/treslineasnoticias.com.ar\/wp-content\/uploads\/2025\/10\/382358fd-94b0-e594-4d73-9951c7896b0e-300x200.jpg 300w, https:\/\/treslineasnoticias.com.ar\/wp-content\/uploads\/2025\/10\/382358fd-94b0-e594-4d73-9951c7896b0e-768x512.jpg 768w, https:\/\/treslineasnoticias.com.ar\/wp-content\/uploads\/2025\/10\/382358fd-94b0-e594-4d73-9951c7896b0e-1536x1024.jpg 1536w, https:\/\/treslineasnoticias.com.ar\/wp-content\/uploads\/2025\/10\/382358fd-94b0-e594-4d73-9951c7896b0e-2048x1365.jpg 2048w\" sizes=\"auto, (max-width: 1024px) 100vw, 1024px\" \/><\/figure>\n\n\n\n<p>En relaci\u00f3n con la jornada, la subsecretaria bonaerense de Emergencias -Alicia Salman- detall\u00f3: \u201cIntercambiamos herramientas, compartimos las situaciones particulares de las diversas zonas del partido, adem\u00e1s de conocer las experiencias de las y los asistentes\u201d.<\/p>\n\n\n\n<p>\u201cEl objetivo de este encuentro fue el trabajo en comunidad, el fomento a la participaci\u00f3n de las chicas y los chicos como replicadores de la iniciativa con el resto de la ciudadan\u00eda\u201d, afirm\u00f3 la responsable de la cartera anfitriona, Laura Vivas.<\/p>\n\n\n\n<p>\u201cAprend\u00ed cosas que quiz\u00e1s por verg\u00fcenza no me animaba a preguntar. Resolv\u00ed muchas dudas\u201d, confes\u00f3 M\u00eda, de Don Jos\u00e9. \u201cFue interesante el abordaje de diferentes casos, como los cortes de luz o las tormentas\u201d, cont\u00f3.<\/p>\n\n\n\n<figure class=\"wp-block-image size-large\"><img loading=\"lazy\" decoding=\"async\" width=\"1024\" height=\"683\" src=\"http:\/\/treslineasnoticias.com.ar\/wp-content\/uploads\/2025\/10\/2b8def8a-975d-7d48-9b38-09f50ee66aa9-1024x683.jpg\" alt=\"\" class=\"wp-image-19138\" srcset=\"https:\/\/treslineasnoticias.com.ar\/wp-content\/uploads\/2025\/10\/2b8def8a-975d-7d48-9b38-09f50ee66aa9-1024x683.jpg 1024w, https:\/\/treslineasnoticias.com.ar\/wp-content\/uploads\/2025\/10\/2b8def8a-975d-7d48-9b38-09f50ee66aa9-300x200.jpg 300w, https:\/\/treslineasnoticias.com.ar\/wp-content\/uploads\/2025\/10\/2b8def8a-975d-7d48-9b38-09f50ee66aa9-768x512.jpg 768w, https:\/\/treslineasnoticias.com.ar\/wp-content\/uploads\/2025\/10\/2b8def8a-975d-7d48-9b38-09f50ee66aa9-1536x1024.jpg 1536w, https:\/\/treslineasnoticias.com.ar\/wp-content\/uploads\/2025\/10\/2b8def8a-975d-7d48-9b38-09f50ee66aa9-2048x1365.jpg 2048w\" sizes=\"auto, (max-width: 1024px) 100vw, 1024px\" \/><\/figure>\n\n\n\n<p>\u201cLos n\u00fameros de emergencia, no salir en caso de lluvias fuertes\u201d fueron algunas de las tem\u00e1ticas tratadas que destac\u00f3 Aimara, de Ricardo Rojas. Consider\u00f3 \u201cnecesaria la trasmisi\u00f3n de esta informaci\u00f3n entre las personas de nuestra edad\u201d.<\/p>\n\n\n\n<p>Estuvieron representantes de los Ministerios de Seguridad y de Desarrollo de la Comunidad de la Provincia de Buenos Aires.<\/p>\n","protected":false},"excerpt":{"rendered":"<p>J\u00f3venes pertenecientes a la estrategia comunitaria provincial expusieron sus preocupaciones y consultas durante una capacitaci\u00f3n sobre gesti\u00f3n de riesgos en la sede de la Secretar\u00eda de Desarrollo Social -ubicada en Av. Calchaqu\u00ed N\u00ba6269-. El mandatario comunal, Andr\u00e9s Watson, reconoci\u00f3 \u201ca las juventudes varelenses comprometidas en la transmisi\u00f3n de las problem\u00e1ticas de sus barrios\u201d. \u201cBuscaron un [&hellip;]<\/p>\n","protected":false},"author":3,"featured_media":19139,"comment_status":"open","ping_status":"open","sticky":false,"template":"","format":"standard","meta":{"_jetpack_memberships_contains_paid_content":false,"footnotes":""},"categories":[6],"tags":[],"class_list":["post-19136","post","type-post","status-publish","format-standard","has-post-thumbnail","hentry","category-florencio-varela"],"yoast_head":"<!-- This site is optimized with the Yoast SEO plugin v24.7 - https:\/\/yoast.com\/wordpress\/plugins\/seo\/ -->\n<title>Programa \u201cEnvi\u00f3n\u201d: \u00bfQu\u00e9 hacer en situaciones de emergencia? - Tres Lineas Noticias<\/title>\n<meta name=\"robots\" content=\"index, follow, max-snippet:-1, max-image-preview:large, max-video-preview:-1\" \/>\n<link rel=\"canonical\" href=\"https:\/\/treslineasnoticias.com.ar\/?p=19136\" \/>\n<meta property=\"og:locale\" content=\"es_ES\" \/>\n<meta property=\"og:type\" content=\"article\" \/>\n<meta property=\"og:title\" content=\"Programa \u201cEnvi\u00f3n\u201d: \u00bfQu\u00e9 hacer en situaciones de emergencia? - Tres Lineas Noticias\" \/>\n<meta property=\"og:description\" content=\"J\u00f3venes pertenecientes a la estrategia comunitaria provincial expusieron sus preocupaciones y consultas durante una capacitaci\u00f3n sobre gesti\u00f3n de riesgos en la sede de la Secretar\u00eda de Desarrollo Social -ubicada en Av. Calchaqu\u00ed N\u00ba6269-. El mandatario comunal, Andr\u00e9s Watson, reconoci\u00f3 \u201ca las juventudes varelenses comprometidas en la transmisi\u00f3n de las problem\u00e1ticas de sus barrios\u201d. \u201cBuscaron un [&hellip;]\" \/>\n<meta property=\"og:url\" content=\"https:\/\/treslineasnoticias.com.ar\/?p=19136\" \/>\n<meta property=\"og:site_name\" content=\"Tres Lineas Noticias\" \/>\n<meta property=\"article:published_time\" content=\"2025-10-06T21:27:22+00:00\" \/>\n<meta property=\"article:modified_time\" content=\"2025-10-06T21:27:24+00:00\" \/>\n<meta property=\"og:image\" content=\"http:\/\/treslineasnoticias.com.ar\/wp-content\/uploads\/2025\/10\/4ada2c47-e040-4d6f-6e6a-16fa61998170-scaled.jpg\" \/>\n\t<meta property=\"og:image:width\" content=\"2560\" \/>\n\t<meta property=\"og:image:height\" content=\"1706\" \/>\n\t<meta property=\"og:image:type\" content=\"image\/jpeg\" \/>\n<meta name=\"author\" content=\"Horacio L\u00f3pez\" \/>\n<meta name=\"twitter:card\" content=\"summary_large_image\" \/>\n<meta name=\"twitter:label1\" content=\"Escrito por\" \/>\n\t<meta name=\"twitter:data1\" content=\"Horacio L\u00f3pez\" \/>\n\t<meta name=\"twitter:label2\" content=\"Tiempo de lectura\" \/>\n\t<meta name=\"twitter:data2\" content=\"2 minutos\" \/>\n<script type=\"application\/ld+json\" class=\"yoast-schema-graph\">{\"@context\":\"https:\/\/schema.org\",\"@graph\":[{\"@type\":\"WebPage\",\"@id\":\"https:\/\/treslineasnoticias.com.ar\/?p=19136\",\"url\":\"https:\/\/treslineasnoticias.com.ar\/?p=19136\",\"name\":\"Programa \u201cEnvi\u00f3n\u201d: \u00bfQu\u00e9 hacer en situaciones de emergencia? - Tres Lineas Noticias\",\"isPartOf\":{\"@id\":\"https:\/\/treslineasnoticias.com.ar\/#website\"},\"primaryImageOfPage\":{\"@id\":\"https:\/\/treslineasnoticias.com.ar\/?p=19136#primaryimage\"},\"image\":{\"@id\":\"https:\/\/treslineasnoticias.com.ar\/?p=19136#primaryimage\"},\"thumbnailUrl\":\"https:\/\/treslineasnoticias.com.ar\/wp-content\/uploads\/2025\/10\/4ada2c47-e040-4d6f-6e6a-16fa61998170-scaled.jpg\",\"datePublished\":\"2025-10-06T21:27:22+00:00\",\"dateModified\":\"2025-10-06T21:27:24+00:00\",\"author\":{\"@id\":\"https:\/\/treslineasnoticias.com.ar\/#\/schema\/person\/c5f7249e50517b84c2379b145ca14895\"},\"breadcrumb\":{\"@id\":\"https:\/\/treslineasnoticias.com.ar\/?p=19136#breadcrumb\"},\"inLanguage\":\"es\",\"potentialAction\":[{\"@type\":\"ReadAction\",\"target\":[\"https:\/\/treslineasnoticias.com.ar\/?p=19136\"]}]},{\"@type\":\"ImageObject\",\"inLanguage\":\"es\",\"@id\":\"https:\/\/treslineasnoticias.com.ar\/?p=19136#primaryimage\",\"url\":\"https:\/\/treslineasnoticias.com.ar\/wp-content\/uploads\/2025\/10\/4ada2c47-e040-4d6f-6e6a-16fa61998170-scaled.jpg\",\"contentUrl\":\"https:\/\/treslineasnoticias.com.ar\/wp-content\/uploads\/2025\/10\/4ada2c47-e040-4d6f-6e6a-16fa61998170-scaled.jpg\",\"width\":2560,\"height\":1706},{\"@type\":\"BreadcrumbList\",\"@id\":\"https:\/\/treslineasnoticias.com.ar\/?p=19136#breadcrumb\",\"itemListElement\":[{\"@type\":\"ListItem\",\"position\":1,\"name\":\"Portada\",\"item\":\"https:\/\/treslineasnoticias.com.ar\/\"},{\"@type\":\"ListItem\",\"position\":2,\"name\":\"Programa \u201cEnvi\u00f3n\u201d: \u00bfQu\u00e9 hacer en situaciones de emergencia?\"}]},{\"@type\":\"WebSite\",\"@id\":\"https:\/\/treslineasnoticias.com.ar\/#website\",\"url\":\"https:\/\/treslineasnoticias.com.ar\/\",\"name\":\"Tres Lineas Noticias\",\"description\":\"\",\"potentialAction\":[{\"@type\":\"SearchAction\",\"target\":{\"@type\":\"EntryPoint\",\"urlTemplate\":\"https:\/\/treslineasnoticias.com.ar\/?s={search_term_string}\"},\"query-input\":{\"@type\":\"PropertyValueSpecification\",\"valueRequired\":true,\"valueName\":\"search_term_string\"}}],\"inLanguage\":\"es\"},{\"@type\":\"Person\",\"@id\":\"https:\/\/treslineasnoticias.com.ar\/#\/schema\/person\/c5f7249e50517b84c2379b145ca14895\",\"name\":\"Horacio L\u00f3pez\",\"image\":{\"@type\":\"ImageObject\",\"inLanguage\":\"es\",\"@id\":\"https:\/\/treslineasnoticias.com.ar\/#\/schema\/person\/image\/\",\"url\":\"https:\/\/treslineasnoticias.com.ar\/wp-content\/litespeed\/avatar\/ddbec442f0224f940ce000570a0cb216.jpg?ver=1777068930\",\"contentUrl\":\"https:\/\/treslineasnoticias.com.ar\/wp-content\/litespeed\/avatar\/ddbec442f0224f940ce000570a0cb216.jpg?ver=1777068930\",\"caption\":\"Horacio L\u00f3pez\"},\"sameAs\":[\"http:\/\/treslineasnoticias.com.ar\"],\"url\":\"https:\/\/treslineasnoticias.com.ar\/?author=3\"}]}<\/script>\n<!-- \/ Yoast SEO plugin. -->","yoast_head_json":{"title":"Programa \u201cEnvi\u00f3n\u201d: \u00bfQu\u00e9 hacer en situaciones de emergencia? - Tres Lineas Noticias","robots":{"index":"index","follow":"follow","max-snippet":"max-snippet:-1","max-image-preview":"max-image-preview:large","max-video-preview":"max-video-preview:-1"},"canonical":"https:\/\/treslineasnoticias.com.ar\/?p=19136","og_locale":"es_ES","og_type":"article","og_title":"Programa \u201cEnvi\u00f3n\u201d: \u00bfQu\u00e9 hacer en situaciones de emergencia? - Tres Lineas Noticias","og_description":"J\u00f3venes pertenecientes a la estrategia comunitaria provincial expusieron sus preocupaciones y consultas durante una capacitaci\u00f3n sobre gesti\u00f3n de riesgos en la sede de la Secretar\u00eda de Desarrollo Social -ubicada en Av. Calchaqu\u00ed N\u00ba6269-. El mandatario comunal, Andr\u00e9s Watson, reconoci\u00f3 \u201ca las juventudes varelenses comprometidas en la transmisi\u00f3n de las problem\u00e1ticas de sus barrios\u201d. \u201cBuscaron un [&hellip;]","og_url":"https:\/\/treslineasnoticias.com.ar\/?p=19136","og_site_name":"Tres Lineas Noticias","article_published_time":"2025-10-06T21:27:22+00:00","article_modified_time":"2025-10-06T21:27:24+00:00","og_image":[{"width":2560,"height":1706,"url":"http:\/\/treslineasnoticias.com.ar\/wp-content\/uploads\/2025\/10\/4ada2c47-e040-4d6f-6e6a-16fa61998170-scaled.jpg","type":"image\/jpeg"}],"author":"Horacio L\u00f3pez","twitter_card":"summary_large_image","twitter_misc":{"Escrito por":"Horacio L\u00f3pez","Tiempo de lectura":"2 minutos"},"schema":{"@context":"https:\/\/schema.org","@graph":[{"@type":"WebPage","@id":"https:\/\/treslineasnoticias.com.ar\/?p=19136","url":"https:\/\/treslineasnoticias.com.ar\/?p=19136","name":"Programa \u201cEnvi\u00f3n\u201d: \u00bfQu\u00e9 hacer en situaciones de emergencia? - Tres Lineas Noticias","isPartOf":{"@id":"https:\/\/treslineasnoticias.com.ar\/#website"},"primaryImageOfPage":{"@id":"https:\/\/treslineasnoticias.com.ar\/?p=19136#primaryimage"},"image":{"@id":"https:\/\/treslineasnoticias.com.ar\/?p=19136#primaryimage"},"thumbnailUrl":"https:\/\/treslineasnoticias.com.ar\/wp-content\/uploads\/2025\/10\/4ada2c47-e040-4d6f-6e6a-16fa61998170-scaled.jpg","datePublished":"2025-10-06T21:27:22+00:00","dateModified":"2025-10-06T21:27:24+00:00","author":{"@id":"https:\/\/treslineasnoticias.com.ar\/#\/schema\/person\/c5f7249e50517b84c2379b145ca14895"},"breadcrumb":{"@id":"https:\/\/treslineasnoticias.com.ar\/?p=19136#breadcrumb"},"inLanguage":"es","potentialAction":[{"@type":"ReadAction","target":["https:\/\/treslineasnoticias.com.ar\/?p=19136"]}]},{"@type":"ImageObject","inLanguage":"es","@id":"https:\/\/treslineasnoticias.com.ar\/?p=19136#primaryimage","url":"https:\/\/treslineasnoticias.com.ar\/wp-content\/uploads\/2025\/10\/4ada2c47-e040-4d6f-6e6a-16fa61998170-scaled.jpg","contentUrl":"https:\/\/treslineasnoticias.com.ar\/wp-content\/uploads\/2025\/10\/4ada2c47-e040-4d6f-6e6a-16fa61998170-scaled.jpg","width":2560,"height":1706},{"@type":"BreadcrumbList","@id":"https:\/\/treslineasnoticias.com.ar\/?p=19136#breadcrumb","itemListElement":[{"@type":"ListItem","position":1,"name":"Portada","item":"https:\/\/treslineasnoticias.com.ar\/"},{"@type":"ListItem","position":2,"name":"Programa \u201cEnvi\u00f3n\u201d: \u00bfQu\u00e9 hacer en situaciones de emergencia?"}]},{"@type":"WebSite","@id":"https:\/\/treslineasnoticias.com.ar\/#website","url":"https:\/\/treslineasnoticias.com.ar\/","name":"Tres Lineas Noticias","description":"","potentialAction":[{"@type":"SearchAction","target":{"@type":"EntryPoint","urlTemplate":"https:\/\/treslineasnoticias.com.ar\/?s={search_term_string}"},"query-input":{"@type":"PropertyValueSpecification","valueRequired":true,"valueName":"search_term_string"}}],"inLanguage":"es"},{"@type":"Person","@id":"https:\/\/treslineasnoticias.com.ar\/#\/schema\/person\/c5f7249e50517b84c2379b145ca14895","name":"Horacio L\u00f3pez","image":{"@type":"ImageObject","inLanguage":"es","@id":"https:\/\/treslineasnoticias.com.ar\/#\/schema\/person\/image\/","url":"https:\/\/treslineasnoticias.com.ar\/wp-content\/litespeed\/avatar\/ddbec442f0224f940ce000570a0cb216.jpg?ver=1777068930","contentUrl":"https:\/\/treslineasnoticias.com.ar\/wp-content\/litespeed\/avatar\/ddbec442f0224f940ce000570a0cb216.jpg?ver=1777068930","caption":"Horacio L\u00f3pez"},"sameAs":["http:\/\/treslineasnoticias.com.ar"],"url":"https:\/\/treslineasnoticias.com.ar\/?author=3"}]}},"jetpack_featured_media_url":"https:\/\/treslineasnoticias.com.ar\/wp-content\/uploads\/2025\/10\/4ada2c47-e040-4d6f-6e6a-16fa61998170-scaled.jpg","jetpack_sharing_enabled":true,"_links":{"self":[{"href":"https:\/\/treslineasnoticias.com.ar\/index.php?rest_route=\/wp\/v2\/posts\/19136","targetHints":{"allow":["GET"]}}],"collection":[{"href":"https:\/\/treslineasnoticias.com.ar\/index.php?rest_route=\/wp\/v2\/posts"}],"about":[{"href":"https:\/\/treslineasnoticias.com.ar\/index.php?rest_route=\/wp\/v2\/types\/post"}],"author":[{"embeddable":true,"href":"https:\/\/treslineasnoticias.com.ar\/index.php?rest_route=\/wp\/v2\/users\/3"}],"replies":[{"embeddable":true,"href":"https:\/\/treslineasnoticias.com.ar\/index.php?rest_route=%2Fwp%2Fv2%2Fcomments&post=19136"}],"version-history":[{"count":1,"href":"https:\/\/treslineasnoticias.com.ar\/index.php?rest_route=\/wp\/v2\/posts\/19136\/revisions"}],"predecessor-version":[{"id":19140,"href":"https:\/\/treslineasnoticias.com.ar\/index.php?rest_route=\/wp\/v2\/posts\/19136\/revisions\/19140"}],"wp:featuredmedia":[{"embeddable":true,"href":"https:\/\/treslineasnoticias.com.ar\/index.php?rest_route=\/wp\/v2\/media\/19139"}],"wp:attachment":[{"href":"https:\/\/treslineasnoticias.com.ar\/index.php?rest_route=%2Fwp%2Fv2%2Fmedia&parent=19136"}],"wp:term":[{"taxonomy":"category","embeddable":true,"href":"https:\/\/treslineasnoticias.com.ar\/index.php?rest_route=%2Fwp%2Fv2%2Fcategories&post=19136"},{"taxonomy":"post_tag","embeddable":true,"href":"https:\/\/treslineasnoticias.com.ar\/index.php?rest_route=%2Fwp%2Fv2%2Ftags&post=19136"}],"curies":[{"name":"wp","href":"https:\/\/api.w.org\/{rel}","templated":true}]}}