{"id":19141,"date":"2025-10-06T18:31:53","date_gmt":"2025-10-06T21:31:53","guid":{"rendered":"https:\/\/treslineasnoticias.com.ar\/?p=19141"},"modified":"2025-10-06T18:31:54","modified_gmt":"2025-10-06T21:31:54","slug":"capacitacion-al-personal-administrativo-sanitario-para-mejorar-el-servicio-a-la-comunidad","status":"publish","type":"post","link":"https:\/\/treslineasnoticias.com.ar\/?p=19141","title":{"rendered":"Capacitaci\u00f3n al personal administrativo sanitario para mejorar el servicio a la comunidad"},"content":{"rendered":"\n<p><strong><em>El Ejecutivo local diagram\u00f3 una jornada destinada a las y los trabajadores de los Centros de Salud varelenses a fin de fortalecer el intercambio con la ciudadan\u00eda esta ma\u00f1ana en el predio de la ex empresa AGFA -Jorge Newbery esquina Posadas-.<\/em><\/strong><\/p>\n\n\n\n<figure class=\"wp-block-image size-large\"><img loading=\"lazy\" decoding=\"async\" width=\"1024\" height=\"683\" src=\"http:\/\/treslineasnoticias.com.ar\/wp-content\/uploads\/2025\/10\/fdf130c0-f75c-91af-00e0-d3a6d1e76720-1024x683.jpg\" alt=\"\" class=\"wp-image-19142\" srcset=\"https:\/\/treslineasnoticias.com.ar\/wp-content\/uploads\/2025\/10\/fdf130c0-f75c-91af-00e0-d3a6d1e76720-1024x683.jpg 1024w, https:\/\/treslineasnoticias.com.ar\/wp-content\/uploads\/2025\/10\/fdf130c0-f75c-91af-00e0-d3a6d1e76720-300x200.jpg 300w, https:\/\/treslineasnoticias.com.ar\/wp-content\/uploads\/2025\/10\/fdf130c0-f75c-91af-00e0-d3a6d1e76720-768x512.jpg 768w, https:\/\/treslineasnoticias.com.ar\/wp-content\/uploads\/2025\/10\/fdf130c0-f75c-91af-00e0-d3a6d1e76720-1536x1024.jpg 1536w, https:\/\/treslineasnoticias.com.ar\/wp-content\/uploads\/2025\/10\/fdf130c0-f75c-91af-00e0-d3a6d1e76720-2048x1365.jpg 2048w\" sizes=\"auto, (max-width: 1024px) 100vw, 1024px\" \/><\/figure>\n\n\n\n<p>El intendente -Andr\u00e9s Watson- consider\u00f3 \u201cfundamental profesionalizar un \u00e1rea clave para potenciar la calidad en la atenci\u00f3n a los vecinos y las vecinas\u201d. Desde su perspectiva, la capacitaci\u00f3n \u201cfavoreci\u00f3 al recurso humano\u201d en un distrito donde \u201ccontinu\u00f3 la construcci\u00f3n de tres nuevos CAPS, planificados para responder a la demanda de especialidades\u201d.<\/p>\n\n\n\n<p>La responsable en la cartera de sanidad -Adriana Alonso- defini\u00f3 \u201cal trato del empleado o empleada administrativa como un reflejo de la instituci\u00f3n m\u00e9dica\u201d. Resalt\u00f3 \u201cla responsabilidad de contener a la gente desde el recibimiento\u201d, mediante un aprendizaje \u201cen inclusi\u00f3n, percepci\u00f3n y comunicaci\u00f3n\u201d con los o las pacientes.<\/p>\n\n\n\n<figure class=\"wp-block-image size-large\"><img loading=\"lazy\" decoding=\"async\" width=\"1024\" height=\"683\" src=\"http:\/\/treslineasnoticias.com.ar\/wp-content\/uploads\/2025\/10\/534f6daf-5313-718a-da74-51a4bb9444e0-1024x683.jpg\" alt=\"\" class=\"wp-image-19143\" srcset=\"https:\/\/treslineasnoticias.com.ar\/wp-content\/uploads\/2025\/10\/534f6daf-5313-718a-da74-51a4bb9444e0-1024x683.jpg 1024w, https:\/\/treslineasnoticias.com.ar\/wp-content\/uploads\/2025\/10\/534f6daf-5313-718a-da74-51a4bb9444e0-300x200.jpg 300w, https:\/\/treslineasnoticias.com.ar\/wp-content\/uploads\/2025\/10\/534f6daf-5313-718a-da74-51a4bb9444e0-768x512.jpg 768w, https:\/\/treslineasnoticias.com.ar\/wp-content\/uploads\/2025\/10\/534f6daf-5313-718a-da74-51a4bb9444e0-1536x1024.jpg 1536w, https:\/\/treslineasnoticias.com.ar\/wp-content\/uploads\/2025\/10\/534f6daf-5313-718a-da74-51a4bb9444e0-2048x1365.jpg 2048w\" sizes=\"auto, (max-width: 1024px) 100vw, 1024px\" \/><\/figure>\n\n\n\n<p>Los m\u00f3dulos de ense\u00f1anza fueron distribuidos en cinco encuentros: el rol del personal; normativas y marco legal; pertenencia institucional y cultura organizacional; atenci\u00f3n inclusiva a la comunidad; trabajo en equipo y articulaci\u00f3n con profesionales.<\/p>\n","protected":false},"excerpt":{"rendered":"<p>El Ejecutivo local diagram\u00f3 una jornada destinada a las y los trabajadores de los Centros de Salud varelenses a fin de fortalecer el intercambio con la ciudadan\u00eda esta ma\u00f1ana en el predio de la ex empresa AGFA -Jorge Newbery esquina Posadas-. El intendente -Andr\u00e9s Watson- consider\u00f3 \u201cfundamental profesionalizar un \u00e1rea clave para potenciar la calidad [&hellip;]<\/p>\n","protected":false},"author":3,"featured_media":19144,"comment_status":"open","ping_status":"open","sticky":false,"template":"","format":"standard","meta":{"_jetpack_memberships_contains_paid_content":false,"footnotes":""},"categories":[6],"tags":[],"class_list":["post-19141","post","type-post","status-publish","format-standard","has-post-thumbnail","hentry","category-florencio-varela"],"yoast_head":"<!-- This site is optimized with the Yoast SEO plugin v24.7 - https:\/\/yoast.com\/wordpress\/plugins\/seo\/ -->\n<title>Capacitaci\u00f3n al personal administrativo sanitario para mejorar el servicio a la comunidad - Tres Lineas Noticias<\/title>\n<meta name=\"robots\" content=\"index, follow, max-snippet:-1, max-image-preview:large, max-video-preview:-1\" \/>\n<link rel=\"canonical\" href=\"https:\/\/treslineasnoticias.com.ar\/?p=19141\" \/>\n<meta property=\"og:locale\" content=\"es_ES\" \/>\n<meta property=\"og:type\" content=\"article\" \/>\n<meta property=\"og:title\" content=\"Capacitaci\u00f3n al personal administrativo sanitario para mejorar el servicio a la comunidad - Tres Lineas Noticias\" \/>\n<meta property=\"og:description\" content=\"El Ejecutivo local diagram\u00f3 una jornada destinada a las y los trabajadores de los Centros de Salud varelenses a fin de fortalecer el intercambio con la ciudadan\u00eda esta ma\u00f1ana en el predio de la ex empresa AGFA -Jorge Newbery esquina Posadas-. El intendente -Andr\u00e9s Watson- consider\u00f3 \u201cfundamental profesionalizar un \u00e1rea clave para potenciar la calidad [&hellip;]\" \/>\n<meta property=\"og:url\" content=\"https:\/\/treslineasnoticias.com.ar\/?p=19141\" \/>\n<meta property=\"og:site_name\" content=\"Tres Lineas Noticias\" \/>\n<meta property=\"article:published_time\" content=\"2025-10-06T21:31:53+00:00\" \/>\n<meta property=\"article:modified_time\" content=\"2025-10-06T21:31:54+00:00\" \/>\n<meta property=\"og:image\" content=\"http:\/\/treslineasnoticias.com.ar\/wp-content\/uploads\/2025\/10\/956be621-7239-22f9-7b7e-50f394706840-scaled.jpg\" \/>\n\t<meta property=\"og:image:width\" content=\"2560\" \/>\n\t<meta property=\"og:image:height\" content=\"1707\" \/>\n\t<meta property=\"og:image:type\" content=\"image\/jpeg\" \/>\n<meta name=\"author\" content=\"Horacio L\u00f3pez\" \/>\n<meta name=\"twitter:card\" content=\"summary_large_image\" \/>\n<meta name=\"twitter:label1\" content=\"Escrito por\" \/>\n\t<meta name=\"twitter:data1\" content=\"Horacio L\u00f3pez\" \/>\n\t<meta name=\"twitter:label2\" content=\"Tiempo de lectura\" \/>\n\t<meta name=\"twitter:data2\" content=\"2 minutos\" \/>\n<script type=\"application\/ld+json\" class=\"yoast-schema-graph\">{\"@context\":\"https:\/\/schema.org\",\"@graph\":[{\"@type\":\"WebPage\",\"@id\":\"https:\/\/treslineasnoticias.com.ar\/?p=19141\",\"url\":\"https:\/\/treslineasnoticias.com.ar\/?p=19141\",\"name\":\"Capacitaci\u00f3n al personal administrativo sanitario para mejorar el servicio a la comunidad - Tres Lineas Noticias\",\"isPartOf\":{\"@id\":\"https:\/\/treslineasnoticias.com.ar\/#website\"},\"primaryImageOfPage\":{\"@id\":\"https:\/\/treslineasnoticias.com.ar\/?p=19141#primaryimage\"},\"image\":{\"@id\":\"https:\/\/treslineasnoticias.com.ar\/?p=19141#primaryimage\"},\"thumbnailUrl\":\"https:\/\/treslineasnoticias.com.ar\/wp-content\/uploads\/2025\/10\/956be621-7239-22f9-7b7e-50f394706840-scaled.jpg\",\"datePublished\":\"2025-10-06T21:31:53+00:00\",\"dateModified\":\"2025-10-06T21:31:54+00:00\",\"author\":{\"@id\":\"https:\/\/treslineasnoticias.com.ar\/#\/schema\/person\/c5f7249e50517b84c2379b145ca14895\"},\"breadcrumb\":{\"@id\":\"https:\/\/treslineasnoticias.com.ar\/?p=19141#breadcrumb\"},\"inLanguage\":\"es\",\"potentialAction\":[{\"@type\":\"ReadAction\",\"target\":[\"https:\/\/treslineasnoticias.com.ar\/?p=19141\"]}]},{\"@type\":\"ImageObject\",\"inLanguage\":\"es\",\"@id\":\"https:\/\/treslineasnoticias.com.ar\/?p=19141#primaryimage\",\"url\":\"https:\/\/treslineasnoticias.com.ar\/wp-content\/uploads\/2025\/10\/956be621-7239-22f9-7b7e-50f394706840-scaled.jpg\",\"contentUrl\":\"https:\/\/treslineasnoticias.com.ar\/wp-content\/uploads\/2025\/10\/956be621-7239-22f9-7b7e-50f394706840-scaled.jpg\",\"width\":2560,\"height\":1707},{\"@type\":\"BreadcrumbList\",\"@id\":\"https:\/\/treslineasnoticias.com.ar\/?p=19141#breadcrumb\",\"itemListElement\":[{\"@type\":\"ListItem\",\"position\":1,\"name\":\"Portada\",\"item\":\"https:\/\/treslineasnoticias.com.ar\/\"},{\"@type\":\"ListItem\",\"position\":2,\"name\":\"Capacitaci\u00f3n al personal administrativo sanitario para mejorar el servicio a la comunidad\"}]},{\"@type\":\"WebSite\",\"@id\":\"https:\/\/treslineasnoticias.com.ar\/#website\",\"url\":\"https:\/\/treslineasnoticias.com.ar\/\",\"name\":\"Tres Lineas Noticias\",\"description\":\"\",\"potentialAction\":[{\"@type\":\"SearchAction\",\"target\":{\"@type\":\"EntryPoint\",\"urlTemplate\":\"https:\/\/treslineasnoticias.com.ar\/?s={search_term_string}\"},\"query-input\":{\"@type\":\"PropertyValueSpecification\",\"valueRequired\":true,\"valueName\":\"search_term_string\"}}],\"inLanguage\":\"es\"},{\"@type\":\"Person\",\"@id\":\"https:\/\/treslineasnoticias.com.ar\/#\/schema\/person\/c5f7249e50517b84c2379b145ca14895\",\"name\":\"Horacio L\u00f3pez\",\"image\":{\"@type\":\"ImageObject\",\"inLanguage\":\"es\",\"@id\":\"https:\/\/treslineasnoticias.com.ar\/#\/schema\/person\/image\/\",\"url\":\"https:\/\/treslineasnoticias.com.ar\/wp-content\/litespeed\/avatar\/ddbec442f0224f940ce000570a0cb216.jpg?ver=1777068930\",\"contentUrl\":\"https:\/\/treslineasnoticias.com.ar\/wp-content\/litespeed\/avatar\/ddbec442f0224f940ce000570a0cb216.jpg?ver=1777068930\",\"caption\":\"Horacio L\u00f3pez\"},\"sameAs\":[\"http:\/\/treslineasnoticias.com.ar\"],\"url\":\"https:\/\/treslineasnoticias.com.ar\/?author=3\"}]}<\/script>\n<!-- \/ Yoast SEO plugin. -->","yoast_head_json":{"title":"Capacitaci\u00f3n al personal administrativo sanitario para mejorar el servicio a la comunidad - Tres Lineas Noticias","robots":{"index":"index","follow":"follow","max-snippet":"max-snippet:-1","max-image-preview":"max-image-preview:large","max-video-preview":"max-video-preview:-1"},"canonical":"https:\/\/treslineasnoticias.com.ar\/?p=19141","og_locale":"es_ES","og_type":"article","og_title":"Capacitaci\u00f3n al personal administrativo sanitario para mejorar el servicio a la comunidad - Tres Lineas Noticias","og_description":"El Ejecutivo local diagram\u00f3 una jornada destinada a las y los trabajadores de los Centros de Salud varelenses a fin de fortalecer el intercambio con la ciudadan\u00eda esta ma\u00f1ana en el predio de la ex empresa AGFA -Jorge Newbery esquina Posadas-. El intendente -Andr\u00e9s Watson- consider\u00f3 \u201cfundamental profesionalizar un \u00e1rea clave para potenciar la calidad [&hellip;]","og_url":"https:\/\/treslineasnoticias.com.ar\/?p=19141","og_site_name":"Tres Lineas Noticias","article_published_time":"2025-10-06T21:31:53+00:00","article_modified_time":"2025-10-06T21:31:54+00:00","og_image":[{"width":2560,"height":1707,"url":"http:\/\/treslineasnoticias.com.ar\/wp-content\/uploads\/2025\/10\/956be621-7239-22f9-7b7e-50f394706840-scaled.jpg","type":"image\/jpeg"}],"author":"Horacio L\u00f3pez","twitter_card":"summary_large_image","twitter_misc":{"Escrito por":"Horacio L\u00f3pez","Tiempo de lectura":"2 minutos"},"schema":{"@context":"https:\/\/schema.org","@graph":[{"@type":"WebPage","@id":"https:\/\/treslineasnoticias.com.ar\/?p=19141","url":"https:\/\/treslineasnoticias.com.ar\/?p=19141","name":"Capacitaci\u00f3n al personal administrativo sanitario para mejorar el servicio a la comunidad - Tres Lineas Noticias","isPartOf":{"@id":"https:\/\/treslineasnoticias.com.ar\/#website"},"primaryImageOfPage":{"@id":"https:\/\/treslineasnoticias.com.ar\/?p=19141#primaryimage"},"image":{"@id":"https:\/\/treslineasnoticias.com.ar\/?p=19141#primaryimage"},"thumbnailUrl":"https:\/\/treslineasnoticias.com.ar\/wp-content\/uploads\/2025\/10\/956be621-7239-22f9-7b7e-50f394706840-scaled.jpg","datePublished":"2025-10-06T21:31:53+00:00","dateModified":"2025-10-06T21:31:54+00:00","author":{"@id":"https:\/\/treslineasnoticias.com.ar\/#\/schema\/person\/c5f7249e50517b84c2379b145ca14895"},"breadcrumb":{"@id":"https:\/\/treslineasnoticias.com.ar\/?p=19141#breadcrumb"},"inLanguage":"es","potentialAction":[{"@type":"ReadAction","target":["https:\/\/treslineasnoticias.com.ar\/?p=19141"]}]},{"@type":"ImageObject","inLanguage":"es","@id":"https:\/\/treslineasnoticias.com.ar\/?p=19141#primaryimage","url":"https:\/\/treslineasnoticias.com.ar\/wp-content\/uploads\/2025\/10\/956be621-7239-22f9-7b7e-50f394706840-scaled.jpg","contentUrl":"https:\/\/treslineasnoticias.com.ar\/wp-content\/uploads\/2025\/10\/956be621-7239-22f9-7b7e-50f394706840-scaled.jpg","width":2560,"height":1707},{"@type":"BreadcrumbList","@id":"https:\/\/treslineasnoticias.com.ar\/?p=19141#breadcrumb","itemListElement":[{"@type":"ListItem","position":1,"name":"Portada","item":"https:\/\/treslineasnoticias.com.ar\/"},{"@type":"ListItem","position":2,"name":"Capacitaci\u00f3n al personal administrativo sanitario para mejorar el servicio a la comunidad"}]},{"@type":"WebSite","@id":"https:\/\/treslineasnoticias.com.ar\/#website","url":"https:\/\/treslineasnoticias.com.ar\/","name":"Tres Lineas Noticias","description":"","potentialAction":[{"@type":"SearchAction","target":{"@type":"EntryPoint","urlTemplate":"https:\/\/treslineasnoticias.com.ar\/?s={search_term_string}"},"query-input":{"@type":"PropertyValueSpecification","valueRequired":true,"valueName":"search_term_string"}}],"inLanguage":"es"},{"@type":"Person","@id":"https:\/\/treslineasnoticias.com.ar\/#\/schema\/person\/c5f7249e50517b84c2379b145ca14895","name":"Horacio L\u00f3pez","image":{"@type":"ImageObject","inLanguage":"es","@id":"https:\/\/treslineasnoticias.com.ar\/#\/schema\/person\/image\/","url":"https:\/\/treslineasnoticias.com.ar\/wp-content\/litespeed\/avatar\/ddbec442f0224f940ce000570a0cb216.jpg?ver=1777068930","contentUrl":"https:\/\/treslineasnoticias.com.ar\/wp-content\/litespeed\/avatar\/ddbec442f0224f940ce000570a0cb216.jpg?ver=1777068930","caption":"Horacio L\u00f3pez"},"sameAs":["http:\/\/treslineasnoticias.com.ar"],"url":"https:\/\/treslineasnoticias.com.ar\/?author=3"}]}},"jetpack_featured_media_url":"https:\/\/treslineasnoticias.com.ar\/wp-content\/uploads\/2025\/10\/956be621-7239-22f9-7b7e-50f394706840-scaled.jpg","jetpack_sharing_enabled":true,"_links":{"self":[{"href":"https:\/\/treslineasnoticias.com.ar\/index.php?rest_route=\/wp\/v2\/posts\/19141","targetHints":{"allow":["GET"]}}],"collection":[{"href":"https:\/\/treslineasnoticias.com.ar\/index.php?rest_route=\/wp\/v2\/posts"}],"about":[{"href":"https:\/\/treslineasnoticias.com.ar\/index.php?rest_route=\/wp\/v2\/types\/post"}],"author":[{"embeddable":true,"href":"https:\/\/treslineasnoticias.com.ar\/index.php?rest_route=\/wp\/v2\/users\/3"}],"replies":[{"embeddable":true,"href":"https:\/\/treslineasnoticias.com.ar\/index.php?rest_route=%2Fwp%2Fv2%2Fcomments&post=19141"}],"version-history":[{"count":1,"href":"https:\/\/treslineasnoticias.com.ar\/index.php?rest_route=\/wp\/v2\/posts\/19141\/revisions"}],"predecessor-version":[{"id":19145,"href":"https:\/\/treslineasnoticias.com.ar\/index.php?rest_route=\/wp\/v2\/posts\/19141\/revisions\/19145"}],"wp:featuredmedia":[{"embeddable":true,"href":"https:\/\/treslineasnoticias.com.ar\/index.php?rest_route=\/wp\/v2\/media\/19144"}],"wp:attachment":[{"href":"https:\/\/treslineasnoticias.com.ar\/index.php?rest_route=%2Fwp%2Fv2%2Fmedia&parent=19141"}],"wp:term":[{"taxonomy":"category","embeddable":true,"href":"https:\/\/treslineasnoticias.com.ar\/index.php?rest_route=%2Fwp%2Fv2%2Fcategories&post=19141"},{"taxonomy":"post_tag","embeddable":true,"href":"https:\/\/treslineasnoticias.com.ar\/index.php?rest_route=%2Fwp%2Fv2%2Ftags&post=19141"}],"curies":[{"name":"wp","href":"https:\/\/api.w.org\/{rel}","templated":true}]}}