{"id":19146,"date":"2025-10-06T18:40:53","date_gmt":"2025-10-06T21:40:53","guid":{"rendered":"https:\/\/treslineasnoticias.com.ar\/?p=19146"},"modified":"2025-10-06T18:40:55","modified_gmt":"2025-10-06T21:40:55","slug":"mayra-recorrio-las-obras-de-la-ep-no-21-y-la-ees-no-12-de-bernal-oeste-y-destaco-el-nuevo-equipamiento-adquirido-con-el-programa-municipal-quilmes-coopera","status":"publish","type":"post","link":"https:\/\/treslineasnoticias.com.ar\/?p=19146","title":{"rendered":"Mayra recorri\u00f3 las obras de la EP N\u00ba 21 y la EES N\u00ba 12 de Bernal Oeste y destac\u00f3 el nuevo equipamiento adquirido con el programa municipal \u201cQuilmes Coopera\u201d"},"content":{"rendered":"\n<p><strong><em>La intendenta de Quilmes, Mayra Mendoza, recorri\u00f3 este lunes las obras que lleva adelante la Comuna en el edificio que comparten la Escuela Primaria N\u00ba 21 y la Escuela de Educaci\u00f3n Secundaria N\u00ba 12, ubicado en avenida Dardo Rocha y Cerrito, en Bernal Oeste. Adem\u00e1s, ambos establecimientos educativos adquirieron distintos equipamientos tecnol\u00f3gicos, en el marco del programa municipal \u201cQuilmes Coopera\u201d.<\/em><\/strong><\/p>\n\n\n\n<p>\u201cEsta sala nueva en la escuela es una idea pensada a partir de una necesidad de la se\u00f1o y la directora que se hizo con el programa Quilmes Coopera, que tiene que ver con las Cooperadoras. Trabajando en conjunto, que es como se logran las cosas, pudimos tener esta sala audiovisual. As\u00ed que hicimos un poquito entre todos. Disfruten y cuiden mucho del aula, para los que vienen detr\u00e1s de ustedes\u201d, se\u00f1al\u00f3 Mayra, quien estuvo acompa\u00f1ada por el secretario de Educaci\u00f3n, Culturas y Deportes local, Joaqu\u00edn Desmery.<\/p>\n\n\n\n<figure class=\"wp-block-image size-large\"><img loading=\"lazy\" decoding=\"async\" width=\"1024\" height=\"683\" src=\"http:\/\/treslineasnoticias.com.ar\/wp-content\/uploads\/2025\/10\/MAYRA-RECORRIO-LAS-OBRAS-DE-LA-EP-No-21-Y-LA-EES-No-12-DE-BERNAL-OESTE-Y-DESTACO-EL-NUEVO-EQUIPAMIENTO-ADQUIRIDO-CON-AL-PROGRAMA-MUNICIPAL-QUILMES-COOPERA-2-1024x683.jpeg\" alt=\"\" class=\"wp-image-19148\" srcset=\"https:\/\/treslineasnoticias.com.ar\/wp-content\/uploads\/2025\/10\/MAYRA-RECORRIO-LAS-OBRAS-DE-LA-EP-No-21-Y-LA-EES-No-12-DE-BERNAL-OESTE-Y-DESTACO-EL-NUEVO-EQUIPAMIENTO-ADQUIRIDO-CON-AL-PROGRAMA-MUNICIPAL-QUILMES-COOPERA-2-1024x683.jpeg 1024w, https:\/\/treslineasnoticias.com.ar\/wp-content\/uploads\/2025\/10\/MAYRA-RECORRIO-LAS-OBRAS-DE-LA-EP-No-21-Y-LA-EES-No-12-DE-BERNAL-OESTE-Y-DESTACO-EL-NUEVO-EQUIPAMIENTO-ADQUIRIDO-CON-AL-PROGRAMA-MUNICIPAL-QUILMES-COOPERA-2-300x200.jpeg 300w, https:\/\/treslineasnoticias.com.ar\/wp-content\/uploads\/2025\/10\/MAYRA-RECORRIO-LAS-OBRAS-DE-LA-EP-No-21-Y-LA-EES-No-12-DE-BERNAL-OESTE-Y-DESTACO-EL-NUEVO-EQUIPAMIENTO-ADQUIRIDO-CON-AL-PROGRAMA-MUNICIPAL-QUILMES-COOPERA-2-768x512.jpeg 768w, https:\/\/treslineasnoticias.com.ar\/wp-content\/uploads\/2025\/10\/MAYRA-RECORRIO-LAS-OBRAS-DE-LA-EP-No-21-Y-LA-EES-No-12-DE-BERNAL-OESTE-Y-DESTACO-EL-NUEVO-EQUIPAMIENTO-ADQUIRIDO-CON-AL-PROGRAMA-MUNICIPAL-QUILMES-COOPERA-2.jpeg 1280w\" sizes=\"auto, (max-width: 1024px) 100vw, 1024px\" \/><\/figure>\n\n\n\n<p>En este sentido las dos instituciones recibieron financiamiento en el marco del Programa \u201cQuilmes Coopera\u201d. Tal es as\u00ed que la EP N\u00ba 21 accedi\u00f3 al subsidio para el proyecto de \u201cSala Audiovisual\u201d con el cual adquirieron una TV 75\u201d, auriculares, almohadones, torres de madera, juego, pendrives, bloques de construcci\u00f3n, placas de goma, torres de sonido, 2 bibliotecas, juegos de mesa, un micr\u00f3fono y cortinas black out.<\/p>\n\n\n\n<p>Por su parte, la EES N\u00ba 12 recibi\u00f3 un subsidio para el proyecto \u201cComunicar para Transformar\u201d, que consiste en transmitir a trav\u00e9s de la radio y del microemprendimiento de la impresora 3D, la sublimaci\u00f3n y encuadernaci\u00f3n, para generar un \u00e1mbito de trabajo que permita a los estudiantes verse como promotores de su futuro.<\/p>\n\n\n\n<figure class=\"wp-block-image size-large\"><img loading=\"lazy\" decoding=\"async\" width=\"1024\" height=\"682\" src=\"http:\/\/treslineasnoticias.com.ar\/wp-content\/uploads\/2025\/10\/MAYRA-RECORRIO-LAS-OBRAS-DE-LA-EP-No-21-Y-LA-EES-No-12-DE-BERNAL-OESTE-Y-DESTACO-EL-NUEVO-EQUIPAMIENTO-ADQUIRIDO-CON-AL-PROGRAMA-MUNICIPAL-QUILMES-COOPERA-1-1024x682.jpeg\" alt=\"\" class=\"wp-image-19147\" srcset=\"https:\/\/treslineasnoticias.com.ar\/wp-content\/uploads\/2025\/10\/MAYRA-RECORRIO-LAS-OBRAS-DE-LA-EP-No-21-Y-LA-EES-No-12-DE-BERNAL-OESTE-Y-DESTACO-EL-NUEVO-EQUIPAMIENTO-ADQUIRIDO-CON-AL-PROGRAMA-MUNICIPAL-QUILMES-COOPERA-1-1024x682.jpeg 1024w, https:\/\/treslineasnoticias.com.ar\/wp-content\/uploads\/2025\/10\/MAYRA-RECORRIO-LAS-OBRAS-DE-LA-EP-No-21-Y-LA-EES-No-12-DE-BERNAL-OESTE-Y-DESTACO-EL-NUEVO-EQUIPAMIENTO-ADQUIRIDO-CON-AL-PROGRAMA-MUNICIPAL-QUILMES-COOPERA-1-300x200.jpeg 300w, https:\/\/treslineasnoticias.com.ar\/wp-content\/uploads\/2025\/10\/MAYRA-RECORRIO-LAS-OBRAS-DE-LA-EP-No-21-Y-LA-EES-No-12-DE-BERNAL-OESTE-Y-DESTACO-EL-NUEVO-EQUIPAMIENTO-ADQUIRIDO-CON-AL-PROGRAMA-MUNICIPAL-QUILMES-COOPERA-1-768x512.jpeg 768w, https:\/\/treslineasnoticias.com.ar\/wp-content\/uploads\/2025\/10\/MAYRA-RECORRIO-LAS-OBRAS-DE-LA-EP-No-21-Y-LA-EES-No-12-DE-BERNAL-OESTE-Y-DESTACO-EL-NUEVO-EQUIPAMIENTO-ADQUIRIDO-CON-AL-PROGRAMA-MUNICIPAL-QUILMES-COOPERA-1.jpeg 1280w\" sizes=\"auto, (max-width: 1024px) 100vw, 1024px\" \/><\/figure>\n\n\n\n<p>En ambas instituciones tambi\u00e9n se est\u00e1n llevando una serie de obras gracias a la inversi\u00f3n municipal en infraestructura escolar. Concretamente, en la EP N\u00aa 21, que tiene una matr\u00edcula de 688 alumnos, se est\u00e1 realizando la reparaci\u00f3n de los aires acondicionados y la refacci\u00f3n de ba\u00f1os. Mientras que en la EES N\u00ba 12 (686 estudiantes) se est\u00e1 ejecutando el cambio del techo, colocando el cielorraso nuevo, y la pintura de un aula. Adem\u00e1s, se har\u00e1 la divisi\u00f3n de circuitos el\u00e9ctricos entre las dos escuelas.<\/p>\n\n\n\n<p>Participaron tambi\u00e9n de la actividad el director general de Infraestructura Escolar, Santiago Brardinelli; la inspectora jefa Distrital, Florencia Elvino, y las directoras de la EP N\u00ba 21 y la EES N\u00ba 12, Carolina Laurito y Julia Rodr\u00edguez, respectivamente.<\/p>\n","protected":false},"excerpt":{"rendered":"<p>La intendenta de Quilmes, Mayra Mendoza, recorri\u00f3 este lunes las obras que lleva adelante la Comuna en el edificio que comparten la Escuela Primaria N\u00ba 21 y la Escuela de Educaci\u00f3n Secundaria N\u00ba 12, ubicado en avenida Dardo Rocha y Cerrito, en Bernal Oeste. Adem\u00e1s, ambos establecimientos educativos adquirieron distintos equipamientos tecnol\u00f3gicos, en el marco [&hellip;]<\/p>\n","protected":false},"author":3,"featured_media":19149,"comment_status":"open","ping_status":"open","sticky":false,"template":"","format":"standard","meta":{"_jetpack_memberships_contains_paid_content":false,"footnotes":""},"categories":[5],"tags":[],"class_list":["post-19146","post","type-post","status-publish","format-standard","has-post-thumbnail","hentry","category-quilmes"],"yoast_head":"<!-- This site is optimized with the Yoast SEO plugin v24.7 - https:\/\/yoast.com\/wordpress\/plugins\/seo\/ -->\n<title>Mayra recorri\u00f3 las obras de la EP N\u00ba 21 y la EES N\u00ba 12 de Bernal Oeste y destac\u00f3 el nuevo equipamiento adquirido con el programa municipal \u201cQuilmes Coopera\u201d - Tres Lineas Noticias<\/title>\n<meta name=\"robots\" content=\"index, follow, max-snippet:-1, max-image-preview:large, max-video-preview:-1\" \/>\n<link rel=\"canonical\" href=\"https:\/\/treslineasnoticias.com.ar\/?p=19146\" \/>\n<meta property=\"og:locale\" content=\"es_ES\" \/>\n<meta property=\"og:type\" content=\"article\" \/>\n<meta property=\"og:title\" content=\"Mayra recorri\u00f3 las obras de la EP N\u00ba 21 y la EES N\u00ba 12 de Bernal Oeste y destac\u00f3 el nuevo equipamiento adquirido con el programa municipal \u201cQuilmes Coopera\u201d - Tres Lineas Noticias\" \/>\n<meta property=\"og:description\" content=\"La intendenta de Quilmes, Mayra Mendoza, recorri\u00f3 este lunes las obras que lleva adelante la Comuna en el edificio que comparten la Escuela Primaria N\u00ba 21 y la Escuela de Educaci\u00f3n Secundaria N\u00ba 12, ubicado en avenida Dardo Rocha y Cerrito, en Bernal Oeste. Adem\u00e1s, ambos establecimientos educativos adquirieron distintos equipamientos tecnol\u00f3gicos, en el marco [&hellip;]\" \/>\n<meta property=\"og:url\" content=\"https:\/\/treslineasnoticias.com.ar\/?p=19146\" \/>\n<meta property=\"og:site_name\" content=\"Tres Lineas Noticias\" \/>\n<meta property=\"article:published_time\" content=\"2025-10-06T21:40:53+00:00\" \/>\n<meta property=\"article:modified_time\" content=\"2025-10-06T21:40:55+00:00\" \/>\n<meta property=\"og:image\" content=\"http:\/\/treslineasnoticias.com.ar\/wp-content\/uploads\/2025\/10\/MAYRA-RECORRIO-LAS-OBRAS-DE-LA-EP-No-21-Y-LA-EES-No-12-DE-BERNAL-OESTE-Y-DESTACO-EL-NUEVO-EQUIPAMIENTO-ADQUIRIDO-CON-AL-PROGRAMA-MUNICIPAL-QUILMES-COOPERA-3.jpeg\" \/>\n\t<meta property=\"og:image:width\" content=\"1280\" \/>\n\t<meta property=\"og:image:height\" content=\"853\" \/>\n\t<meta property=\"og:image:type\" content=\"image\/jpeg\" \/>\n<meta name=\"author\" content=\"Horacio L\u00f3pez\" \/>\n<meta name=\"twitter:card\" content=\"summary_large_image\" \/>\n<meta name=\"twitter:label1\" content=\"Escrito por\" \/>\n\t<meta name=\"twitter:data1\" content=\"Horacio L\u00f3pez\" \/>\n\t<meta name=\"twitter:label2\" content=\"Tiempo de lectura\" \/>\n\t<meta name=\"twitter:data2\" content=\"3 minutos\" \/>\n<script type=\"application\/ld+json\" class=\"yoast-schema-graph\">{\"@context\":\"https:\/\/schema.org\",\"@graph\":[{\"@type\":\"WebPage\",\"@id\":\"https:\/\/treslineasnoticias.com.ar\/?p=19146\",\"url\":\"https:\/\/treslineasnoticias.com.ar\/?p=19146\",\"name\":\"Mayra recorri\u00f3 las obras de la EP N\u00ba 21 y la EES N\u00ba 12 de Bernal Oeste y destac\u00f3 el nuevo equipamiento adquirido con el programa municipal \u201cQuilmes Coopera\u201d - Tres Lineas Noticias\",\"isPartOf\":{\"@id\":\"https:\/\/treslineasnoticias.com.ar\/#website\"},\"primaryImageOfPage\":{\"@id\":\"https:\/\/treslineasnoticias.com.ar\/?p=19146#primaryimage\"},\"image\":{\"@id\":\"https:\/\/treslineasnoticias.com.ar\/?p=19146#primaryimage\"},\"thumbnailUrl\":\"https:\/\/treslineasnoticias.com.ar\/wp-content\/uploads\/2025\/10\/MAYRA-RECORRIO-LAS-OBRAS-DE-LA-EP-No-21-Y-LA-EES-No-12-DE-BERNAL-OESTE-Y-DESTACO-EL-NUEVO-EQUIPAMIENTO-ADQUIRIDO-CON-AL-PROGRAMA-MUNICIPAL-QUILMES-COOPERA-3.jpeg\",\"datePublished\":\"2025-10-06T21:40:53+00:00\",\"dateModified\":\"2025-10-06T21:40:55+00:00\",\"author\":{\"@id\":\"https:\/\/treslineasnoticias.com.ar\/#\/schema\/person\/c5f7249e50517b84c2379b145ca14895\"},\"breadcrumb\":{\"@id\":\"https:\/\/treslineasnoticias.com.ar\/?p=19146#breadcrumb\"},\"inLanguage\":\"es\",\"potentialAction\":[{\"@type\":\"ReadAction\",\"target\":[\"https:\/\/treslineasnoticias.com.ar\/?p=19146\"]}]},{\"@type\":\"ImageObject\",\"inLanguage\":\"es\",\"@id\":\"https:\/\/treslineasnoticias.com.ar\/?p=19146#primaryimage\",\"url\":\"https:\/\/treslineasnoticias.com.ar\/wp-content\/uploads\/2025\/10\/MAYRA-RECORRIO-LAS-OBRAS-DE-LA-EP-No-21-Y-LA-EES-No-12-DE-BERNAL-OESTE-Y-DESTACO-EL-NUEVO-EQUIPAMIENTO-ADQUIRIDO-CON-AL-PROGRAMA-MUNICIPAL-QUILMES-COOPERA-3.jpeg\",\"contentUrl\":\"https:\/\/treslineasnoticias.com.ar\/wp-content\/uploads\/2025\/10\/MAYRA-RECORRIO-LAS-OBRAS-DE-LA-EP-No-21-Y-LA-EES-No-12-DE-BERNAL-OESTE-Y-DESTACO-EL-NUEVO-EQUIPAMIENTO-ADQUIRIDO-CON-AL-PROGRAMA-MUNICIPAL-QUILMES-COOPERA-3.jpeg\",\"width\":1280,\"height\":853},{\"@type\":\"BreadcrumbList\",\"@id\":\"https:\/\/treslineasnoticias.com.ar\/?p=19146#breadcrumb\",\"itemListElement\":[{\"@type\":\"ListItem\",\"position\":1,\"name\":\"Portada\",\"item\":\"https:\/\/treslineasnoticias.com.ar\/\"},{\"@type\":\"ListItem\",\"position\":2,\"name\":\"Mayra recorri\u00f3 las obras de la EP N\u00ba 21 y la EES N\u00ba 12 de Bernal Oeste y destac\u00f3 el nuevo equipamiento adquirido con el programa municipal \u201cQuilmes Coopera\u201d\"}]},{\"@type\":\"WebSite\",\"@id\":\"https:\/\/treslineasnoticias.com.ar\/#website\",\"url\":\"https:\/\/treslineasnoticias.com.ar\/\",\"name\":\"Tres Lineas Noticias\",\"description\":\"\",\"potentialAction\":[{\"@type\":\"SearchAction\",\"target\":{\"@type\":\"EntryPoint\",\"urlTemplate\":\"https:\/\/treslineasnoticias.com.ar\/?s={search_term_string}\"},\"query-input\":{\"@type\":\"PropertyValueSpecification\",\"valueRequired\":true,\"valueName\":\"search_term_string\"}}],\"inLanguage\":\"es\"},{\"@type\":\"Person\",\"@id\":\"https:\/\/treslineasnoticias.com.ar\/#\/schema\/person\/c5f7249e50517b84c2379b145ca14895\",\"name\":\"Horacio L\u00f3pez\",\"image\":{\"@type\":\"ImageObject\",\"inLanguage\":\"es\",\"@id\":\"https:\/\/treslineasnoticias.com.ar\/#\/schema\/person\/image\/\",\"url\":\"https:\/\/treslineasnoticias.com.ar\/wp-content\/litespeed\/avatar\/ddbec442f0224f940ce000570a0cb216.jpg?ver=1777068930\",\"contentUrl\":\"https:\/\/treslineasnoticias.com.ar\/wp-content\/litespeed\/avatar\/ddbec442f0224f940ce000570a0cb216.jpg?ver=1777068930\",\"caption\":\"Horacio L\u00f3pez\"},\"sameAs\":[\"http:\/\/treslineasnoticias.com.ar\"],\"url\":\"https:\/\/treslineasnoticias.com.ar\/?author=3\"}]}<\/script>\n<!-- \/ Yoast SEO plugin. -->","yoast_head_json":{"title":"Mayra recorri\u00f3 las obras de la EP N\u00ba 21 y la EES N\u00ba 12 de Bernal Oeste y destac\u00f3 el nuevo equipamiento adquirido con el programa municipal \u201cQuilmes Coopera\u201d - Tres Lineas Noticias","robots":{"index":"index","follow":"follow","max-snippet":"max-snippet:-1","max-image-preview":"max-image-preview:large","max-video-preview":"max-video-preview:-1"},"canonical":"https:\/\/treslineasnoticias.com.ar\/?p=19146","og_locale":"es_ES","og_type":"article","og_title":"Mayra recorri\u00f3 las obras de la EP N\u00ba 21 y la EES N\u00ba 12 de Bernal Oeste y destac\u00f3 el nuevo equipamiento adquirido con el programa municipal \u201cQuilmes Coopera\u201d - Tres Lineas Noticias","og_description":"La intendenta de Quilmes, Mayra Mendoza, recorri\u00f3 este lunes las obras que lleva adelante la Comuna en el edificio que comparten la Escuela Primaria N\u00ba 21 y la Escuela de Educaci\u00f3n Secundaria N\u00ba 12, ubicado en avenida Dardo Rocha y Cerrito, en Bernal Oeste. Adem\u00e1s, ambos establecimientos educativos adquirieron distintos equipamientos tecnol\u00f3gicos, en el marco [&hellip;]","og_url":"https:\/\/treslineasnoticias.com.ar\/?p=19146","og_site_name":"Tres Lineas Noticias","article_published_time":"2025-10-06T21:40:53+00:00","article_modified_time":"2025-10-06T21:40:55+00:00","og_image":[{"width":1280,"height":853,"url":"http:\/\/treslineasnoticias.com.ar\/wp-content\/uploads\/2025\/10\/MAYRA-RECORRIO-LAS-OBRAS-DE-LA-EP-No-21-Y-LA-EES-No-12-DE-BERNAL-OESTE-Y-DESTACO-EL-NUEVO-EQUIPAMIENTO-ADQUIRIDO-CON-AL-PROGRAMA-MUNICIPAL-QUILMES-COOPERA-3.jpeg","type":"image\/jpeg"}],"author":"Horacio L\u00f3pez","twitter_card":"summary_large_image","twitter_misc":{"Escrito por":"Horacio L\u00f3pez","Tiempo de lectura":"3 minutos"},"schema":{"@context":"https:\/\/schema.org","@graph":[{"@type":"WebPage","@id":"https:\/\/treslineasnoticias.com.ar\/?p=19146","url":"https:\/\/treslineasnoticias.com.ar\/?p=19146","name":"Mayra recorri\u00f3 las obras de la EP N\u00ba 21 y la EES N\u00ba 12 de Bernal Oeste y destac\u00f3 el nuevo equipamiento adquirido con el programa municipal \u201cQuilmes Coopera\u201d - Tres Lineas Noticias","isPartOf":{"@id":"https:\/\/treslineasnoticias.com.ar\/#website"},"primaryImageOfPage":{"@id":"https:\/\/treslineasnoticias.com.ar\/?p=19146#primaryimage"},"image":{"@id":"https:\/\/treslineasnoticias.com.ar\/?p=19146#primaryimage"},"thumbnailUrl":"https:\/\/treslineasnoticias.com.ar\/wp-content\/uploads\/2025\/10\/MAYRA-RECORRIO-LAS-OBRAS-DE-LA-EP-No-21-Y-LA-EES-No-12-DE-BERNAL-OESTE-Y-DESTACO-EL-NUEVO-EQUIPAMIENTO-ADQUIRIDO-CON-AL-PROGRAMA-MUNICIPAL-QUILMES-COOPERA-3.jpeg","datePublished":"2025-10-06T21:40:53+00:00","dateModified":"2025-10-06T21:40:55+00:00","author":{"@id":"https:\/\/treslineasnoticias.com.ar\/#\/schema\/person\/c5f7249e50517b84c2379b145ca14895"},"breadcrumb":{"@id":"https:\/\/treslineasnoticias.com.ar\/?p=19146#breadcrumb"},"inLanguage":"es","potentialAction":[{"@type":"ReadAction","target":["https:\/\/treslineasnoticias.com.ar\/?p=19146"]}]},{"@type":"ImageObject","inLanguage":"es","@id":"https:\/\/treslineasnoticias.com.ar\/?p=19146#primaryimage","url":"https:\/\/treslineasnoticias.com.ar\/wp-content\/uploads\/2025\/10\/MAYRA-RECORRIO-LAS-OBRAS-DE-LA-EP-No-21-Y-LA-EES-No-12-DE-BERNAL-OESTE-Y-DESTACO-EL-NUEVO-EQUIPAMIENTO-ADQUIRIDO-CON-AL-PROGRAMA-MUNICIPAL-QUILMES-COOPERA-3.jpeg","contentUrl":"https:\/\/treslineasnoticias.com.ar\/wp-content\/uploads\/2025\/10\/MAYRA-RECORRIO-LAS-OBRAS-DE-LA-EP-No-21-Y-LA-EES-No-12-DE-BERNAL-OESTE-Y-DESTACO-EL-NUEVO-EQUIPAMIENTO-ADQUIRIDO-CON-AL-PROGRAMA-MUNICIPAL-QUILMES-COOPERA-3.jpeg","width":1280,"height":853},{"@type":"BreadcrumbList","@id":"https:\/\/treslineasnoticias.com.ar\/?p=19146#breadcrumb","itemListElement":[{"@type":"ListItem","position":1,"name":"Portada","item":"https:\/\/treslineasnoticias.com.ar\/"},{"@type":"ListItem","position":2,"name":"Mayra recorri\u00f3 las obras de la EP N\u00ba 21 y la EES N\u00ba 12 de Bernal Oeste y destac\u00f3 el nuevo equipamiento adquirido con el programa municipal \u201cQuilmes Coopera\u201d"}]},{"@type":"WebSite","@id":"https:\/\/treslineasnoticias.com.ar\/#website","url":"https:\/\/treslineasnoticias.com.ar\/","name":"Tres Lineas Noticias","description":"","potentialAction":[{"@type":"SearchAction","target":{"@type":"EntryPoint","urlTemplate":"https:\/\/treslineasnoticias.com.ar\/?s={search_term_string}"},"query-input":{"@type":"PropertyValueSpecification","valueRequired":true,"valueName":"search_term_string"}}],"inLanguage":"es"},{"@type":"Person","@id":"https:\/\/treslineasnoticias.com.ar\/#\/schema\/person\/c5f7249e50517b84c2379b145ca14895","name":"Horacio L\u00f3pez","image":{"@type":"ImageObject","inLanguage":"es","@id":"https:\/\/treslineasnoticias.com.ar\/#\/schema\/person\/image\/","url":"https:\/\/treslineasnoticias.com.ar\/wp-content\/litespeed\/avatar\/ddbec442f0224f940ce000570a0cb216.jpg?ver=1777068930","contentUrl":"https:\/\/treslineasnoticias.com.ar\/wp-content\/litespeed\/avatar\/ddbec442f0224f940ce000570a0cb216.jpg?ver=1777068930","caption":"Horacio L\u00f3pez"},"sameAs":["http:\/\/treslineasnoticias.com.ar"],"url":"https:\/\/treslineasnoticias.com.ar\/?author=3"}]}},"jetpack_featured_media_url":"https:\/\/treslineasnoticias.com.ar\/wp-content\/uploads\/2025\/10\/MAYRA-RECORRIO-LAS-OBRAS-DE-LA-EP-No-21-Y-LA-EES-No-12-DE-BERNAL-OESTE-Y-DESTACO-EL-NUEVO-EQUIPAMIENTO-ADQUIRIDO-CON-AL-PROGRAMA-MUNICIPAL-QUILMES-COOPERA-3.jpeg","jetpack_sharing_enabled":true,"_links":{"self":[{"href":"https:\/\/treslineasnoticias.com.ar\/index.php?rest_route=\/wp\/v2\/posts\/19146","targetHints":{"allow":["GET"]}}],"collection":[{"href":"https:\/\/treslineasnoticias.com.ar\/index.php?rest_route=\/wp\/v2\/posts"}],"about":[{"href":"https:\/\/treslineasnoticias.com.ar\/index.php?rest_route=\/wp\/v2\/types\/post"}],"author":[{"embeddable":true,"href":"https:\/\/treslineasnoticias.com.ar\/index.php?rest_route=\/wp\/v2\/users\/3"}],"replies":[{"embeddable":true,"href":"https:\/\/treslineasnoticias.com.ar\/index.php?rest_route=%2Fwp%2Fv2%2Fcomments&post=19146"}],"version-history":[{"count":1,"href":"https:\/\/treslineasnoticias.com.ar\/index.php?rest_route=\/wp\/v2\/posts\/19146\/revisions"}],"predecessor-version":[{"id":19150,"href":"https:\/\/treslineasnoticias.com.ar\/index.php?rest_route=\/wp\/v2\/posts\/19146\/revisions\/19150"}],"wp:featuredmedia":[{"embeddable":true,"href":"https:\/\/treslineasnoticias.com.ar\/index.php?rest_route=\/wp\/v2\/media\/19149"}],"wp:attachment":[{"href":"https:\/\/treslineasnoticias.com.ar\/index.php?rest_route=%2Fwp%2Fv2%2Fmedia&parent=19146"}],"wp:term":[{"taxonomy":"category","embeddable":true,"href":"https:\/\/treslineasnoticias.com.ar\/index.php?rest_route=%2Fwp%2Fv2%2Fcategories&post=19146"},{"taxonomy":"post_tag","embeddable":true,"href":"https:\/\/treslineasnoticias.com.ar\/index.php?rest_route=%2Fwp%2Fv2%2Ftags&post=19146"}],"curies":[{"name":"wp","href":"https:\/\/api.w.org\/{rel}","templated":true}]}}