{"id":19166,"date":"2025-10-05T18:58:21","date_gmt":"2025-10-05T21:58:21","guid":{"rendered":"https:\/\/treslineasnoticias.com.ar\/?p=19166"},"modified":"2025-10-06T19:03:05","modified_gmt":"2025-10-06T22:03:05","slug":"multitudinaria-fiesta-de-la-flor-2025","status":"publish","type":"post","link":"https:\/\/treslineasnoticias.com.ar\/?p=19166","title":{"rendered":"Multitudinaria Fiesta de la Flor 2025"},"content":{"rendered":"\n<p><strong><em>El tradicional evento congreg\u00f3 gran cantidad de vecinos y vecinas que recorrieron el colorido paseo desplegado en el parque recreativo, deportivo y cultural de Thevenet esquina Storni, tanto el viernes 3 como el s\u00e1bado 4 de octubre.<\/em><\/strong><\/p>\n\n\n\n<p>El intendente -Andr\u00e9s Watson- repas\u00f3 \u201cuna edici\u00f3n con m\u00e1s 100.000 personas que visitaron la propuesta durante ambas jornadas\u201d. \u201cUna convocatoria que evidenci\u00f3 el inter\u00e9s del varelense por una fiesta con arraigo local y sentido identitario\u201d, afirm\u00f3.<\/p>\n\n\n\n<figure class=\"wp-block-image size-large\"><img loading=\"lazy\" decoding=\"async\" width=\"1024\" height=\"683\" src=\"http:\/\/treslineasnoticias.com.ar\/wp-content\/uploads\/2025\/10\/ca4ff843-b9db-c5b4-4044-892fc4085a6e-1024x683.jpg\" alt=\"\" class=\"wp-image-19168\" srcset=\"https:\/\/treslineasnoticias.com.ar\/wp-content\/uploads\/2025\/10\/ca4ff843-b9db-c5b4-4044-892fc4085a6e-1024x683.jpg 1024w, https:\/\/treslineasnoticias.com.ar\/wp-content\/uploads\/2025\/10\/ca4ff843-b9db-c5b4-4044-892fc4085a6e-300x200.jpg 300w, https:\/\/treslineasnoticias.com.ar\/wp-content\/uploads\/2025\/10\/ca4ff843-b9db-c5b4-4044-892fc4085a6e-768x512.jpg 768w, https:\/\/treslineasnoticias.com.ar\/wp-content\/uploads\/2025\/10\/ca4ff843-b9db-c5b4-4044-892fc4085a6e.jpg 1152w\" sizes=\"auto, (max-width: 1024px) 100vw, 1024px\" \/><\/figure>\n\n\n\n<p>El Mandatario Comunal destac\u00f3 \u201clos m\u00e1s de 350 stands donde floricultores, viveristas, emprendedores, artesanos y gastron\u00f3micos exhibieron sus bienes\u201d. \u201cUna celebraci\u00f3n que adem\u00e1s cont\u00f3 con talleres y charlas sobre cuidado de las especies, compostaje, arreglos florales, entre otras tem\u00e1ticas. Tampoco faltaron los shows de artistas del partido\u201d, describi\u00f3.<\/p>\n\n\n\n<p>Mientras acomodaba los plantines a la venta en su gazebo \u201cAlex\u201d, Fabi\u00e1n remarc\u00f3 \u201cla buena organizaci\u00f3n del encuentro\u201d. Subray\u00f3 \u201clos espacios de comercializaci\u00f3n que siempre nos brind\u00f3 el Municipio en la Peatonal, en plaza Calegari y en Mercado Activo sobre calle 25 de Mayo\u201d. \u201cFueron de importante ayuda en el crecimiento de nuestro negocio\u201d, asegur\u00f3.<\/p>\n\n\n\n<p>En su puesto de \u201cVenecia\u201d, Marcela expuso \u201cplantas de exterior, de interior, de colecci\u00f3n, productos de jardiner\u00eda, fuentes y decoraci\u00f3n, insecticidas, macetas rotomoldeadas a costo de f\u00e1brica, cer\u00e1mica artesanal e importada\u201d.<\/p>\n\n\n\n<figure class=\"wp-block-image size-large\"><img loading=\"lazy\" decoding=\"async\" width=\"1024\" height=\"683\" src=\"http:\/\/treslineasnoticias.com.ar\/wp-content\/uploads\/2025\/10\/c70de93c-b0e8-8b35-24d3-54fb67fd1562-1024x683.jpg\" alt=\"\" class=\"wp-image-19169\" srcset=\"https:\/\/treslineasnoticias.com.ar\/wp-content\/uploads\/2025\/10\/c70de93c-b0e8-8b35-24d3-54fb67fd1562-1024x683.jpg 1024w, https:\/\/treslineasnoticias.com.ar\/wp-content\/uploads\/2025\/10\/c70de93c-b0e8-8b35-24d3-54fb67fd1562-300x200.jpg 300w, https:\/\/treslineasnoticias.com.ar\/wp-content\/uploads\/2025\/10\/c70de93c-b0e8-8b35-24d3-54fb67fd1562-768x512.jpg 768w, https:\/\/treslineasnoticias.com.ar\/wp-content\/uploads\/2025\/10\/c70de93c-b0e8-8b35-24d3-54fb67fd1562.jpg 1152w\" sizes=\"auto, (max-width: 1024px) 100vw, 1024px\" \/><\/figure>\n\n\n\n<p>\u201cLos clientes estuvieron contentos por encontrar variedad con importes acorde\u201d, se\u00f1al\u00f3 la mujer que agradeci\u00f3 \u201cel respaldo que nos dieron desde la Municipalidad para progresar con este proyecto\u201d.<\/p>\n\n\n\n<p>De la cooperativa \u201cEcoflor\u201d, Gladys de \u201cCultivos Okayama\u201d ofreci\u00f3 \u201crosales que fueron un \u00e9xito\u201d. \u201cEl p\u00fablico valor\u00f3 los precios razonables para la econom\u00eda de hoy\u201d, revel\u00f3.<\/p>\n\n\n\n<p>Acompa\u00f1\u00f3 al Alcalde, su esposa -Mariana Bruzzone- y el secretario de Industria y Desarrollo Productivo -Ricardo de la Fuente-.<\/p>\n","protected":false},"excerpt":{"rendered":"<p>El tradicional evento congreg\u00f3 gran cantidad de vecinos y vecinas que recorrieron el colorido paseo desplegado en el parque recreativo, deportivo y cultural de Thevenet esquina Storni, tanto el viernes 3 como el s\u00e1bado 4 de octubre. El intendente -Andr\u00e9s Watson- repas\u00f3 \u201cuna edici\u00f3n con m\u00e1s 100.000 personas que visitaron la propuesta durante ambas jornadas\u201d. [&hellip;]<\/p>\n","protected":false},"author":3,"featured_media":19167,"comment_status":"open","ping_status":"open","sticky":false,"template":"","format":"standard","meta":{"_jetpack_memberships_contains_paid_content":false,"footnotes":""},"categories":[6],"tags":[],"class_list":["post-19166","post","type-post","status-publish","format-standard","has-post-thumbnail","hentry","category-florencio-varela"],"yoast_head":"<!-- This site is optimized with the Yoast SEO plugin v24.7 - https:\/\/yoast.com\/wordpress\/plugins\/seo\/ -->\n<title>Multitudinaria Fiesta de la Flor 2025 - Tres Lineas Noticias<\/title>\n<meta name=\"robots\" content=\"index, follow, max-snippet:-1, max-image-preview:large, max-video-preview:-1\" \/>\n<link rel=\"canonical\" href=\"https:\/\/treslineasnoticias.com.ar\/?p=19166\" \/>\n<meta property=\"og:locale\" content=\"es_ES\" \/>\n<meta property=\"og:type\" content=\"article\" \/>\n<meta property=\"og:title\" content=\"Multitudinaria Fiesta de la Flor 2025 - Tres Lineas Noticias\" \/>\n<meta property=\"og:description\" content=\"El tradicional evento congreg\u00f3 gran cantidad de vecinos y vecinas que recorrieron el colorido paseo desplegado en el parque recreativo, deportivo y cultural de Thevenet esquina Storni, tanto el viernes 3 como el s\u00e1bado 4 de octubre. El intendente -Andr\u00e9s Watson- repas\u00f3 \u201cuna edici\u00f3n con m\u00e1s 100.000 personas que visitaron la propuesta durante ambas jornadas\u201d. [&hellip;]\" \/>\n<meta property=\"og:url\" content=\"https:\/\/treslineasnoticias.com.ar\/?p=19166\" \/>\n<meta property=\"og:site_name\" content=\"Tres Lineas Noticias\" \/>\n<meta property=\"article:published_time\" content=\"2025-10-05T21:58:21+00:00\" \/>\n<meta property=\"article:modified_time\" content=\"2025-10-06T22:03:05+00:00\" \/>\n<meta property=\"og:image\" content=\"http:\/\/treslineasnoticias.com.ar\/wp-content\/uploads\/2025\/10\/966bad61-cd2d-a1e1-7257-0b5111ca1e45.jpg\" \/>\n\t<meta property=\"og:image:width\" content=\"2304\" \/>\n\t<meta property=\"og:image:height\" content=\"1536\" \/>\n\t<meta property=\"og:image:type\" content=\"image\/jpeg\" \/>\n<meta name=\"author\" content=\"Horacio L\u00f3pez\" \/>\n<meta name=\"twitter:card\" content=\"summary_large_image\" \/>\n<meta name=\"twitter:label1\" content=\"Escrito por\" \/>\n\t<meta name=\"twitter:data1\" content=\"Horacio L\u00f3pez\" \/>\n\t<meta name=\"twitter:label2\" content=\"Tiempo de lectura\" \/>\n\t<meta name=\"twitter:data2\" content=\"2 minutos\" \/>\n<script type=\"application\/ld+json\" class=\"yoast-schema-graph\">{\"@context\":\"https:\/\/schema.org\",\"@graph\":[{\"@type\":\"WebPage\",\"@id\":\"https:\/\/treslineasnoticias.com.ar\/?p=19166\",\"url\":\"https:\/\/treslineasnoticias.com.ar\/?p=19166\",\"name\":\"Multitudinaria Fiesta de la Flor 2025 - Tres Lineas Noticias\",\"isPartOf\":{\"@id\":\"https:\/\/treslineasnoticias.com.ar\/#website\"},\"primaryImageOfPage\":{\"@id\":\"https:\/\/treslineasnoticias.com.ar\/?p=19166#primaryimage\"},\"image\":{\"@id\":\"https:\/\/treslineasnoticias.com.ar\/?p=19166#primaryimage\"},\"thumbnailUrl\":\"https:\/\/treslineasnoticias.com.ar\/wp-content\/uploads\/2025\/10\/966bad61-cd2d-a1e1-7257-0b5111ca1e45.jpg\",\"datePublished\":\"2025-10-05T21:58:21+00:00\",\"dateModified\":\"2025-10-06T22:03:05+00:00\",\"author\":{\"@id\":\"https:\/\/treslineasnoticias.com.ar\/#\/schema\/person\/c5f7249e50517b84c2379b145ca14895\"},\"breadcrumb\":{\"@id\":\"https:\/\/treslineasnoticias.com.ar\/?p=19166#breadcrumb\"},\"inLanguage\":\"es\",\"potentialAction\":[{\"@type\":\"ReadAction\",\"target\":[\"https:\/\/treslineasnoticias.com.ar\/?p=19166\"]}]},{\"@type\":\"ImageObject\",\"inLanguage\":\"es\",\"@id\":\"https:\/\/treslineasnoticias.com.ar\/?p=19166#primaryimage\",\"url\":\"https:\/\/treslineasnoticias.com.ar\/wp-content\/uploads\/2025\/10\/966bad61-cd2d-a1e1-7257-0b5111ca1e45.jpg\",\"contentUrl\":\"https:\/\/treslineasnoticias.com.ar\/wp-content\/uploads\/2025\/10\/966bad61-cd2d-a1e1-7257-0b5111ca1e45.jpg\",\"width\":2304,\"height\":1536},{\"@type\":\"BreadcrumbList\",\"@id\":\"https:\/\/treslineasnoticias.com.ar\/?p=19166#breadcrumb\",\"itemListElement\":[{\"@type\":\"ListItem\",\"position\":1,\"name\":\"Portada\",\"item\":\"https:\/\/treslineasnoticias.com.ar\/\"},{\"@type\":\"ListItem\",\"position\":2,\"name\":\"Multitudinaria Fiesta de la Flor 2025\"}]},{\"@type\":\"WebSite\",\"@id\":\"https:\/\/treslineasnoticias.com.ar\/#website\",\"url\":\"https:\/\/treslineasnoticias.com.ar\/\",\"name\":\"Tres Lineas Noticias\",\"description\":\"\",\"potentialAction\":[{\"@type\":\"SearchAction\",\"target\":{\"@type\":\"EntryPoint\",\"urlTemplate\":\"https:\/\/treslineasnoticias.com.ar\/?s={search_term_string}\"},\"query-input\":{\"@type\":\"PropertyValueSpecification\",\"valueRequired\":true,\"valueName\":\"search_term_string\"}}],\"inLanguage\":\"es\"},{\"@type\":\"Person\",\"@id\":\"https:\/\/treslineasnoticias.com.ar\/#\/schema\/person\/c5f7249e50517b84c2379b145ca14895\",\"name\":\"Horacio L\u00f3pez\",\"image\":{\"@type\":\"ImageObject\",\"inLanguage\":\"es\",\"@id\":\"https:\/\/treslineasnoticias.com.ar\/#\/schema\/person\/image\/\",\"url\":\"https:\/\/treslineasnoticias.com.ar\/wp-content\/litespeed\/avatar\/ddbec442f0224f940ce000570a0cb216.jpg?ver=1777068930\",\"contentUrl\":\"https:\/\/treslineasnoticias.com.ar\/wp-content\/litespeed\/avatar\/ddbec442f0224f940ce000570a0cb216.jpg?ver=1777068930\",\"caption\":\"Horacio L\u00f3pez\"},\"sameAs\":[\"http:\/\/treslineasnoticias.com.ar\"],\"url\":\"https:\/\/treslineasnoticias.com.ar\/?author=3\"}]}<\/script>\n<!-- \/ Yoast SEO plugin. -->","yoast_head_json":{"title":"Multitudinaria Fiesta de la Flor 2025 - Tres Lineas Noticias","robots":{"index":"index","follow":"follow","max-snippet":"max-snippet:-1","max-image-preview":"max-image-preview:large","max-video-preview":"max-video-preview:-1"},"canonical":"https:\/\/treslineasnoticias.com.ar\/?p=19166","og_locale":"es_ES","og_type":"article","og_title":"Multitudinaria Fiesta de la Flor 2025 - Tres Lineas Noticias","og_description":"El tradicional evento congreg\u00f3 gran cantidad de vecinos y vecinas que recorrieron el colorido paseo desplegado en el parque recreativo, deportivo y cultural de Thevenet esquina Storni, tanto el viernes 3 como el s\u00e1bado 4 de octubre. El intendente -Andr\u00e9s Watson- repas\u00f3 \u201cuna edici\u00f3n con m\u00e1s 100.000 personas que visitaron la propuesta durante ambas jornadas\u201d. [&hellip;]","og_url":"https:\/\/treslineasnoticias.com.ar\/?p=19166","og_site_name":"Tres Lineas Noticias","article_published_time":"2025-10-05T21:58:21+00:00","article_modified_time":"2025-10-06T22:03:05+00:00","og_image":[{"width":2304,"height":1536,"url":"http:\/\/treslineasnoticias.com.ar\/wp-content\/uploads\/2025\/10\/966bad61-cd2d-a1e1-7257-0b5111ca1e45.jpg","type":"image\/jpeg"}],"author":"Horacio L\u00f3pez","twitter_card":"summary_large_image","twitter_misc":{"Escrito por":"Horacio L\u00f3pez","Tiempo de lectura":"2 minutos"},"schema":{"@context":"https:\/\/schema.org","@graph":[{"@type":"WebPage","@id":"https:\/\/treslineasnoticias.com.ar\/?p=19166","url":"https:\/\/treslineasnoticias.com.ar\/?p=19166","name":"Multitudinaria Fiesta de la Flor 2025 - Tres Lineas Noticias","isPartOf":{"@id":"https:\/\/treslineasnoticias.com.ar\/#website"},"primaryImageOfPage":{"@id":"https:\/\/treslineasnoticias.com.ar\/?p=19166#primaryimage"},"image":{"@id":"https:\/\/treslineasnoticias.com.ar\/?p=19166#primaryimage"},"thumbnailUrl":"https:\/\/treslineasnoticias.com.ar\/wp-content\/uploads\/2025\/10\/966bad61-cd2d-a1e1-7257-0b5111ca1e45.jpg","datePublished":"2025-10-05T21:58:21+00:00","dateModified":"2025-10-06T22:03:05+00:00","author":{"@id":"https:\/\/treslineasnoticias.com.ar\/#\/schema\/person\/c5f7249e50517b84c2379b145ca14895"},"breadcrumb":{"@id":"https:\/\/treslineasnoticias.com.ar\/?p=19166#breadcrumb"},"inLanguage":"es","potentialAction":[{"@type":"ReadAction","target":["https:\/\/treslineasnoticias.com.ar\/?p=19166"]}]},{"@type":"ImageObject","inLanguage":"es","@id":"https:\/\/treslineasnoticias.com.ar\/?p=19166#primaryimage","url":"https:\/\/treslineasnoticias.com.ar\/wp-content\/uploads\/2025\/10\/966bad61-cd2d-a1e1-7257-0b5111ca1e45.jpg","contentUrl":"https:\/\/treslineasnoticias.com.ar\/wp-content\/uploads\/2025\/10\/966bad61-cd2d-a1e1-7257-0b5111ca1e45.jpg","width":2304,"height":1536},{"@type":"BreadcrumbList","@id":"https:\/\/treslineasnoticias.com.ar\/?p=19166#breadcrumb","itemListElement":[{"@type":"ListItem","position":1,"name":"Portada","item":"https:\/\/treslineasnoticias.com.ar\/"},{"@type":"ListItem","position":2,"name":"Multitudinaria Fiesta de la Flor 2025"}]},{"@type":"WebSite","@id":"https:\/\/treslineasnoticias.com.ar\/#website","url":"https:\/\/treslineasnoticias.com.ar\/","name":"Tres Lineas Noticias","description":"","potentialAction":[{"@type":"SearchAction","target":{"@type":"EntryPoint","urlTemplate":"https:\/\/treslineasnoticias.com.ar\/?s={search_term_string}"},"query-input":{"@type":"PropertyValueSpecification","valueRequired":true,"valueName":"search_term_string"}}],"inLanguage":"es"},{"@type":"Person","@id":"https:\/\/treslineasnoticias.com.ar\/#\/schema\/person\/c5f7249e50517b84c2379b145ca14895","name":"Horacio L\u00f3pez","image":{"@type":"ImageObject","inLanguage":"es","@id":"https:\/\/treslineasnoticias.com.ar\/#\/schema\/person\/image\/","url":"https:\/\/treslineasnoticias.com.ar\/wp-content\/litespeed\/avatar\/ddbec442f0224f940ce000570a0cb216.jpg?ver=1777068930","contentUrl":"https:\/\/treslineasnoticias.com.ar\/wp-content\/litespeed\/avatar\/ddbec442f0224f940ce000570a0cb216.jpg?ver=1777068930","caption":"Horacio L\u00f3pez"},"sameAs":["http:\/\/treslineasnoticias.com.ar"],"url":"https:\/\/treslineasnoticias.com.ar\/?author=3"}]}},"jetpack_featured_media_url":"https:\/\/treslineasnoticias.com.ar\/wp-content\/uploads\/2025\/10\/966bad61-cd2d-a1e1-7257-0b5111ca1e45.jpg","jetpack_sharing_enabled":true,"_links":{"self":[{"href":"https:\/\/treslineasnoticias.com.ar\/index.php?rest_route=\/wp\/v2\/posts\/19166","targetHints":{"allow":["GET"]}}],"collection":[{"href":"https:\/\/treslineasnoticias.com.ar\/index.php?rest_route=\/wp\/v2\/posts"}],"about":[{"href":"https:\/\/treslineasnoticias.com.ar\/index.php?rest_route=\/wp\/v2\/types\/post"}],"author":[{"embeddable":true,"href":"https:\/\/treslineasnoticias.com.ar\/index.php?rest_route=\/wp\/v2\/users\/3"}],"replies":[{"embeddable":true,"href":"https:\/\/treslineasnoticias.com.ar\/index.php?rest_route=%2Fwp%2Fv2%2Fcomments&post=19166"}],"version-history":[{"count":1,"href":"https:\/\/treslineasnoticias.com.ar\/index.php?rest_route=\/wp\/v2\/posts\/19166\/revisions"}],"predecessor-version":[{"id":19170,"href":"https:\/\/treslineasnoticias.com.ar\/index.php?rest_route=\/wp\/v2\/posts\/19166\/revisions\/19170"}],"wp:featuredmedia":[{"embeddable":true,"href":"https:\/\/treslineasnoticias.com.ar\/index.php?rest_route=\/wp\/v2\/media\/19167"}],"wp:attachment":[{"href":"https:\/\/treslineasnoticias.com.ar\/index.php?rest_route=%2Fwp%2Fv2%2Fmedia&parent=19166"}],"wp:term":[{"taxonomy":"category","embeddable":true,"href":"https:\/\/treslineasnoticias.com.ar\/index.php?rest_route=%2Fwp%2Fv2%2Fcategories&post=19166"},{"taxonomy":"post_tag","embeddable":true,"href":"https:\/\/treslineasnoticias.com.ar\/index.php?rest_route=%2Fwp%2Fv2%2Ftags&post=19166"}],"curies":[{"name":"wp","href":"https:\/\/api.w.org\/{rel}","templated":true}]}}