{"id":19171,"date":"2025-10-05T19:03:43","date_gmt":"2025-10-05T22:03:43","guid":{"rendered":"https:\/\/treslineasnoticias.com.ar\/?p=19171"},"modified":"2025-10-06T19:08:22","modified_gmt":"2025-10-06T22:08:22","slug":"operativos-de-higiene-urbana-en-barrios-varelenses","status":"publish","type":"post","link":"https:\/\/treslineasnoticias.com.ar\/?p=19171","title":{"rendered":"Operativos de higiene urbana en barrios varelenses"},"content":{"rendered":"\n<p><strong><em>El Municipio continu\u00f3 con relevamientos y limpieza tras las precipitaciones desde el s\u00e1bado por la noche hasta la madrugada del domingo, con un registro de lluvia acumulada que oscil\u00f3 entre 21 y 38.5 mm.<\/em><\/strong><\/p>\n\n\n\n<figure class=\"wp-block-image size-large\"><img loading=\"lazy\" decoding=\"async\" width=\"987\" height=\"1024\" src=\"http:\/\/treslineasnoticias.com.ar\/wp-content\/uploads\/2025\/10\/c946e7f9-3099-1443-fe38-294b2bf824e7-e1759788471416-987x1024.jpeg\" alt=\"\" class=\"wp-image-19173\" srcset=\"https:\/\/treslineasnoticias.com.ar\/wp-content\/uploads\/2025\/10\/c946e7f9-3099-1443-fe38-294b2bf824e7-e1759788471416-987x1024.jpeg 987w, https:\/\/treslineasnoticias.com.ar\/wp-content\/uploads\/2025\/10\/c946e7f9-3099-1443-fe38-294b2bf824e7-e1759788471416-289x300.jpeg 289w, https:\/\/treslineasnoticias.com.ar\/wp-content\/uploads\/2025\/10\/c946e7f9-3099-1443-fe38-294b2bf824e7-e1759788471416-768x797.jpeg 768w, https:\/\/treslineasnoticias.com.ar\/wp-content\/uploads\/2025\/10\/c946e7f9-3099-1443-fe38-294b2bf824e7-e1759788471416.jpeg 1200w\" sizes=\"auto, (max-width: 987px) 100vw, 987px\" \/><\/figure>\n\n\n\n<p>Las cuadrillas realizaron tareas de saneamiento en los principales accesos al distrito, as\u00ed como en los barrios General San Mart\u00edn, Gobernador Monteverde, Altamira, entre otros puntos del partido.<\/p>\n\n\n\n<p>Adem\u00e1s, los equipos t\u00e9cnicos comprobaron un nivel medio de los arroyos. Registraron los pozos de bombeo de los pasos bajo v\u00edas con normal funcionamiento. Recorrieron obras en ejecuci\u00f3n para garantizar una correcta se\u00f1alizaci\u00f3n y escurrimiento del agua en el caso de trabajos viales.<\/p>\n","protected":false},"excerpt":{"rendered":"<p>El Municipio continu\u00f3 con relevamientos y limpieza tras las precipitaciones desde el s\u00e1bado por la noche hasta la madrugada del domingo, con un registro de lluvia acumulada que oscil\u00f3 entre 21 y 38.5 mm. Las cuadrillas realizaron tareas de saneamiento en los principales accesos al distrito, as\u00ed como en los barrios General San Mart\u00edn, Gobernador [&hellip;]<\/p>\n","protected":false},"author":3,"featured_media":19174,"comment_status":"open","ping_status":"open","sticky":false,"template":"","format":"standard","meta":{"_jetpack_memberships_contains_paid_content":false,"footnotes":""},"categories":[6],"tags":[],"class_list":["post-19171","post","type-post","status-publish","format-standard","has-post-thumbnail","hentry","category-florencio-varela"],"yoast_head":"<!-- This site is optimized with the Yoast SEO plugin v24.7 - https:\/\/yoast.com\/wordpress\/plugins\/seo\/ -->\n<title>Operativos de higiene urbana en barrios varelenses - Tres Lineas Noticias<\/title>\n<meta name=\"robots\" content=\"index, follow, max-snippet:-1, max-image-preview:large, max-video-preview:-1\" \/>\n<link rel=\"canonical\" href=\"https:\/\/treslineasnoticias.com.ar\/?p=19171\" \/>\n<meta property=\"og:locale\" content=\"es_ES\" \/>\n<meta property=\"og:type\" content=\"article\" \/>\n<meta property=\"og:title\" content=\"Operativos de higiene urbana en barrios varelenses - Tres Lineas Noticias\" \/>\n<meta property=\"og:description\" content=\"El Municipio continu\u00f3 con relevamientos y limpieza tras las precipitaciones desde el s\u00e1bado por la noche hasta la madrugada del domingo, con un registro de lluvia acumulada que oscil\u00f3 entre 21 y 38.5 mm. Las cuadrillas realizaron tareas de saneamiento en los principales accesos al distrito, as\u00ed como en los barrios General San Mart\u00edn, Gobernador [&hellip;]\" \/>\n<meta property=\"og:url\" content=\"https:\/\/treslineasnoticias.com.ar\/?p=19171\" \/>\n<meta property=\"og:site_name\" content=\"Tres Lineas Noticias\" \/>\n<meta property=\"article:published_time\" content=\"2025-10-05T22:03:43+00:00\" \/>\n<meta property=\"article:modified_time\" content=\"2025-10-06T22:08:22+00:00\" \/>\n<meta property=\"og:image\" content=\"http:\/\/treslineasnoticias.com.ar\/wp-content\/uploads\/2025\/10\/904f320c-b99e-2c1d-807b-d53f53613c62-e1759788434825.jpeg\" \/>\n\t<meta property=\"og:image:width\" content=\"900\" \/>\n\t<meta property=\"og:image:height\" content=\"784\" \/>\n\t<meta property=\"og:image:type\" content=\"image\/jpeg\" \/>\n<meta name=\"author\" content=\"Horacio L\u00f3pez\" \/>\n<meta name=\"twitter:card\" content=\"summary_large_image\" \/>\n<meta name=\"twitter:label1\" content=\"Escrito por\" \/>\n\t<meta name=\"twitter:data1\" content=\"Horacio L\u00f3pez\" \/>\n\t<meta name=\"twitter:label2\" content=\"Tiempo de lectura\" \/>\n\t<meta name=\"twitter:data2\" content=\"1 minuto\" \/>\n<script type=\"application\/ld+json\" class=\"yoast-schema-graph\">{\"@context\":\"https:\/\/schema.org\",\"@graph\":[{\"@type\":\"WebPage\",\"@id\":\"https:\/\/treslineasnoticias.com.ar\/?p=19171\",\"url\":\"https:\/\/treslineasnoticias.com.ar\/?p=19171\",\"name\":\"Operativos de higiene urbana en barrios varelenses - Tres Lineas Noticias\",\"isPartOf\":{\"@id\":\"https:\/\/treslineasnoticias.com.ar\/#website\"},\"primaryImageOfPage\":{\"@id\":\"https:\/\/treslineasnoticias.com.ar\/?p=19171#primaryimage\"},\"image\":{\"@id\":\"https:\/\/treslineasnoticias.com.ar\/?p=19171#primaryimage\"},\"thumbnailUrl\":\"https:\/\/treslineasnoticias.com.ar\/wp-content\/uploads\/2025\/10\/904f320c-b99e-2c1d-807b-d53f53613c62-e1759788434825.jpeg\",\"datePublished\":\"2025-10-05T22:03:43+00:00\",\"dateModified\":\"2025-10-06T22:08:22+00:00\",\"author\":{\"@id\":\"https:\/\/treslineasnoticias.com.ar\/#\/schema\/person\/c5f7249e50517b84c2379b145ca14895\"},\"breadcrumb\":{\"@id\":\"https:\/\/treslineasnoticias.com.ar\/?p=19171#breadcrumb\"},\"inLanguage\":\"es\",\"potentialAction\":[{\"@type\":\"ReadAction\",\"target\":[\"https:\/\/treslineasnoticias.com.ar\/?p=19171\"]}]},{\"@type\":\"ImageObject\",\"inLanguage\":\"es\",\"@id\":\"https:\/\/treslineasnoticias.com.ar\/?p=19171#primaryimage\",\"url\":\"https:\/\/treslineasnoticias.com.ar\/wp-content\/uploads\/2025\/10\/904f320c-b99e-2c1d-807b-d53f53613c62-e1759788434825.jpeg\",\"contentUrl\":\"https:\/\/treslineasnoticias.com.ar\/wp-content\/uploads\/2025\/10\/904f320c-b99e-2c1d-807b-d53f53613c62-e1759788434825.jpeg\",\"width\":900,\"height\":784},{\"@type\":\"BreadcrumbList\",\"@id\":\"https:\/\/treslineasnoticias.com.ar\/?p=19171#breadcrumb\",\"itemListElement\":[{\"@type\":\"ListItem\",\"position\":1,\"name\":\"Portada\",\"item\":\"https:\/\/treslineasnoticias.com.ar\/\"},{\"@type\":\"ListItem\",\"position\":2,\"name\":\"Operativos de higiene urbana en barrios varelenses\"}]},{\"@type\":\"WebSite\",\"@id\":\"https:\/\/treslineasnoticias.com.ar\/#website\",\"url\":\"https:\/\/treslineasnoticias.com.ar\/\",\"name\":\"Tres Lineas Noticias\",\"description\":\"\",\"potentialAction\":[{\"@type\":\"SearchAction\",\"target\":{\"@type\":\"EntryPoint\",\"urlTemplate\":\"https:\/\/treslineasnoticias.com.ar\/?s={search_term_string}\"},\"query-input\":{\"@type\":\"PropertyValueSpecification\",\"valueRequired\":true,\"valueName\":\"search_term_string\"}}],\"inLanguage\":\"es\"},{\"@type\":\"Person\",\"@id\":\"https:\/\/treslineasnoticias.com.ar\/#\/schema\/person\/c5f7249e50517b84c2379b145ca14895\",\"name\":\"Horacio L\u00f3pez\",\"image\":{\"@type\":\"ImageObject\",\"inLanguage\":\"es\",\"@id\":\"https:\/\/treslineasnoticias.com.ar\/#\/schema\/person\/image\/\",\"url\":\"https:\/\/treslineasnoticias.com.ar\/wp-content\/litespeed\/avatar\/ddbec442f0224f940ce000570a0cb216.jpg?ver=1777068930\",\"contentUrl\":\"https:\/\/treslineasnoticias.com.ar\/wp-content\/litespeed\/avatar\/ddbec442f0224f940ce000570a0cb216.jpg?ver=1777068930\",\"caption\":\"Horacio L\u00f3pez\"},\"sameAs\":[\"http:\/\/treslineasnoticias.com.ar\"],\"url\":\"https:\/\/treslineasnoticias.com.ar\/?author=3\"}]}<\/script>\n<!-- \/ Yoast SEO plugin. -->","yoast_head_json":{"title":"Operativos de higiene urbana en barrios varelenses - Tres Lineas Noticias","robots":{"index":"index","follow":"follow","max-snippet":"max-snippet:-1","max-image-preview":"max-image-preview:large","max-video-preview":"max-video-preview:-1"},"canonical":"https:\/\/treslineasnoticias.com.ar\/?p=19171","og_locale":"es_ES","og_type":"article","og_title":"Operativos de higiene urbana en barrios varelenses - Tres Lineas Noticias","og_description":"El Municipio continu\u00f3 con relevamientos y limpieza tras las precipitaciones desde el s\u00e1bado por la noche hasta la madrugada del domingo, con un registro de lluvia acumulada que oscil\u00f3 entre 21 y 38.5 mm. Las cuadrillas realizaron tareas de saneamiento en los principales accesos al distrito, as\u00ed como en los barrios General San Mart\u00edn, Gobernador [&hellip;]","og_url":"https:\/\/treslineasnoticias.com.ar\/?p=19171","og_site_name":"Tres Lineas Noticias","article_published_time":"2025-10-05T22:03:43+00:00","article_modified_time":"2025-10-06T22:08:22+00:00","og_image":[{"width":900,"height":784,"url":"http:\/\/treslineasnoticias.com.ar\/wp-content\/uploads\/2025\/10\/904f320c-b99e-2c1d-807b-d53f53613c62-e1759788434825.jpeg","type":"image\/jpeg"}],"author":"Horacio L\u00f3pez","twitter_card":"summary_large_image","twitter_misc":{"Escrito por":"Horacio L\u00f3pez","Tiempo de lectura":"1 minuto"},"schema":{"@context":"https:\/\/schema.org","@graph":[{"@type":"WebPage","@id":"https:\/\/treslineasnoticias.com.ar\/?p=19171","url":"https:\/\/treslineasnoticias.com.ar\/?p=19171","name":"Operativos de higiene urbana en barrios varelenses - Tres Lineas Noticias","isPartOf":{"@id":"https:\/\/treslineasnoticias.com.ar\/#website"},"primaryImageOfPage":{"@id":"https:\/\/treslineasnoticias.com.ar\/?p=19171#primaryimage"},"image":{"@id":"https:\/\/treslineasnoticias.com.ar\/?p=19171#primaryimage"},"thumbnailUrl":"https:\/\/treslineasnoticias.com.ar\/wp-content\/uploads\/2025\/10\/904f320c-b99e-2c1d-807b-d53f53613c62-e1759788434825.jpeg","datePublished":"2025-10-05T22:03:43+00:00","dateModified":"2025-10-06T22:08:22+00:00","author":{"@id":"https:\/\/treslineasnoticias.com.ar\/#\/schema\/person\/c5f7249e50517b84c2379b145ca14895"},"breadcrumb":{"@id":"https:\/\/treslineasnoticias.com.ar\/?p=19171#breadcrumb"},"inLanguage":"es","potentialAction":[{"@type":"ReadAction","target":["https:\/\/treslineasnoticias.com.ar\/?p=19171"]}]},{"@type":"ImageObject","inLanguage":"es","@id":"https:\/\/treslineasnoticias.com.ar\/?p=19171#primaryimage","url":"https:\/\/treslineasnoticias.com.ar\/wp-content\/uploads\/2025\/10\/904f320c-b99e-2c1d-807b-d53f53613c62-e1759788434825.jpeg","contentUrl":"https:\/\/treslineasnoticias.com.ar\/wp-content\/uploads\/2025\/10\/904f320c-b99e-2c1d-807b-d53f53613c62-e1759788434825.jpeg","width":900,"height":784},{"@type":"BreadcrumbList","@id":"https:\/\/treslineasnoticias.com.ar\/?p=19171#breadcrumb","itemListElement":[{"@type":"ListItem","position":1,"name":"Portada","item":"https:\/\/treslineasnoticias.com.ar\/"},{"@type":"ListItem","position":2,"name":"Operativos de higiene urbana en barrios varelenses"}]},{"@type":"WebSite","@id":"https:\/\/treslineasnoticias.com.ar\/#website","url":"https:\/\/treslineasnoticias.com.ar\/","name":"Tres Lineas Noticias","description":"","potentialAction":[{"@type":"SearchAction","target":{"@type":"EntryPoint","urlTemplate":"https:\/\/treslineasnoticias.com.ar\/?s={search_term_string}"},"query-input":{"@type":"PropertyValueSpecification","valueRequired":true,"valueName":"search_term_string"}}],"inLanguage":"es"},{"@type":"Person","@id":"https:\/\/treslineasnoticias.com.ar\/#\/schema\/person\/c5f7249e50517b84c2379b145ca14895","name":"Horacio L\u00f3pez","image":{"@type":"ImageObject","inLanguage":"es","@id":"https:\/\/treslineasnoticias.com.ar\/#\/schema\/person\/image\/","url":"https:\/\/treslineasnoticias.com.ar\/wp-content\/litespeed\/avatar\/ddbec442f0224f940ce000570a0cb216.jpg?ver=1777068930","contentUrl":"https:\/\/treslineasnoticias.com.ar\/wp-content\/litespeed\/avatar\/ddbec442f0224f940ce000570a0cb216.jpg?ver=1777068930","caption":"Horacio L\u00f3pez"},"sameAs":["http:\/\/treslineasnoticias.com.ar"],"url":"https:\/\/treslineasnoticias.com.ar\/?author=3"}]}},"jetpack_featured_media_url":"https:\/\/treslineasnoticias.com.ar\/wp-content\/uploads\/2025\/10\/904f320c-b99e-2c1d-807b-d53f53613c62-e1759788434825.jpeg","jetpack_sharing_enabled":true,"_links":{"self":[{"href":"https:\/\/treslineasnoticias.com.ar\/index.php?rest_route=\/wp\/v2\/posts\/19171","targetHints":{"allow":["GET"]}}],"collection":[{"href":"https:\/\/treslineasnoticias.com.ar\/index.php?rest_route=\/wp\/v2\/posts"}],"about":[{"href":"https:\/\/treslineasnoticias.com.ar\/index.php?rest_route=\/wp\/v2\/types\/post"}],"author":[{"embeddable":true,"href":"https:\/\/treslineasnoticias.com.ar\/index.php?rest_route=\/wp\/v2\/users\/3"}],"replies":[{"embeddable":true,"href":"https:\/\/treslineasnoticias.com.ar\/index.php?rest_route=%2Fwp%2Fv2%2Fcomments&post=19171"}],"version-history":[{"count":1,"href":"https:\/\/treslineasnoticias.com.ar\/index.php?rest_route=\/wp\/v2\/posts\/19171\/revisions"}],"predecessor-version":[{"id":19175,"href":"https:\/\/treslineasnoticias.com.ar\/index.php?rest_route=\/wp\/v2\/posts\/19171\/revisions\/19175"}],"wp:featuredmedia":[{"embeddable":true,"href":"https:\/\/treslineasnoticias.com.ar\/index.php?rest_route=\/wp\/v2\/media\/19174"}],"wp:attachment":[{"href":"https:\/\/treslineasnoticias.com.ar\/index.php?rest_route=%2Fwp%2Fv2%2Fmedia&parent=19171"}],"wp:term":[{"taxonomy":"category","embeddable":true,"href":"https:\/\/treslineasnoticias.com.ar\/index.php?rest_route=%2Fwp%2Fv2%2Fcategories&post=19171"},{"taxonomy":"post_tag","embeddable":true,"href":"https:\/\/treslineasnoticias.com.ar\/index.php?rest_route=%2Fwp%2Fv2%2Ftags&post=19171"}],"curies":[{"name":"wp","href":"https:\/\/api.w.org\/{rel}","templated":true}]}}