{"id":19210,"date":"2025-10-07T19:04:50","date_gmt":"2025-10-07T22:04:50","guid":{"rendered":"https:\/\/treslineasnoticias.com.ar\/?p=19210"},"modified":"2025-10-07T19:04:52","modified_gmt":"2025-10-07T22:04:52","slug":"inicio-la-feria-del-libro-en-florencio-varela","status":"publish","type":"post","link":"https:\/\/treslineasnoticias.com.ar\/?p=19210","title":{"rendered":"Inici\u00f3 la Feria del Libro en Florencio Varela"},"content":{"rendered":"\n<p><strong><em>El titular del Ejecutivo local, Andr\u00e9s Watson, oficializ\u00f3 esta ma\u00f1ana la apertura del 18\u00ba encuentro literario organizado por el Municipio en el Instituto \u00abNuestra Se\u00f1ora del Sagrado Coraz\u00f3n\u00bb, ubicado en calle Pedro Bourel, entre Ayacucho y Maip\u00fa.<\/em><\/strong><\/p>\n\n\n\n<figure class=\"wp-block-image size-large\"><img loading=\"lazy\" decoding=\"async\" width=\"1024\" height=\"683\" src=\"http:\/\/treslineasnoticias.com.ar\/wp-content\/uploads\/2025\/10\/1b4f935e-5669-f44d-df01-83d3d6c45936-1024x683.jpg\" alt=\"\" class=\"wp-image-19213\" srcset=\"https:\/\/treslineasnoticias.com.ar\/wp-content\/uploads\/2025\/10\/1b4f935e-5669-f44d-df01-83d3d6c45936-1024x683.jpg 1024w, https:\/\/treslineasnoticias.com.ar\/wp-content\/uploads\/2025\/10\/1b4f935e-5669-f44d-df01-83d3d6c45936-300x200.jpg 300w, https:\/\/treslineasnoticias.com.ar\/wp-content\/uploads\/2025\/10\/1b4f935e-5669-f44d-df01-83d3d6c45936-768x512.jpg 768w, https:\/\/treslineasnoticias.com.ar\/wp-content\/uploads\/2025\/10\/1b4f935e-5669-f44d-df01-83d3d6c45936-1536x1024.jpg 1536w, https:\/\/treslineasnoticias.com.ar\/wp-content\/uploads\/2025\/10\/1b4f935e-5669-f44d-df01-83d3d6c45936-2048x1365.jpg 2048w\" sizes=\"auto, (max-width: 1024px) 100vw, 1024px\" \/><\/figure>\n\n\n\n<p>La m\u00e1xima autoridad distrital resalt\u00f3 \u201cla vinculaci\u00f3n constante de la formaci\u00f3n con la cultura ratificada en una iniciativa con una oferta heterog\u00e9nea: stands de librer\u00edas, presentaciones de escritores y escritoras, espacios l\u00fadicos m\u00e1s shows art\u00edsticos, entre otras actividades\u201d.<\/p>\n\n\n\n<p>El Intendente, acompa\u00f1ado por su esposa -Mariana Bruzzone-, abog\u00f3 por \u201cla defensa de propuestas pedag\u00f3gicas en pos del desarrollo de la comunidad, pero principalmente de nuestros pibes y pibas\u201d.<\/p>\n\n\n\n<p>El subsecretario bonaerense de Educaci\u00f3n, Pablo Urquiza, describi\u00f3 \u201cuna fiesta de la ense\u00f1anza p\u00fablica\u201d. Reconoci\u00f3 en la estrategia \u201cuna red y un escudo colectivo ante las pol\u00edticas individualistas del gobierno nacional\u201d.<\/p>\n\n\n\n<figure class=\"wp-block-image size-large\"><img loading=\"lazy\" decoding=\"async\" width=\"1024\" height=\"683\" src=\"http:\/\/treslineasnoticias.com.ar\/wp-content\/uploads\/2025\/10\/0f171f0a-a39c-eee6-bb21-7b54b47e64eb-1024x683.jpg\" alt=\"\" class=\"wp-image-19211\" srcset=\"https:\/\/treslineasnoticias.com.ar\/wp-content\/uploads\/2025\/10\/0f171f0a-a39c-eee6-bb21-7b54b47e64eb-1024x683.jpg 1024w, https:\/\/treslineasnoticias.com.ar\/wp-content\/uploads\/2025\/10\/0f171f0a-a39c-eee6-bb21-7b54b47e64eb-300x200.jpg 300w, https:\/\/treslineasnoticias.com.ar\/wp-content\/uploads\/2025\/10\/0f171f0a-a39c-eee6-bb21-7b54b47e64eb-768x512.jpg 768w, https:\/\/treslineasnoticias.com.ar\/wp-content\/uploads\/2025\/10\/0f171f0a-a39c-eee6-bb21-7b54b47e64eb-1536x1024.jpg 1536w, https:\/\/treslineasnoticias.com.ar\/wp-content\/uploads\/2025\/10\/0f171f0a-a39c-eee6-bb21-7b54b47e64eb-2048x1365.jpg 2048w\" sizes=\"auto, (max-width: 1024px) 100vw, 1024px\" \/><\/figure>\n\n\n\n<p>Para abrir la ceremonia, ni\u00f1os y ni\u00f1as de diferentes jardines de infantes del partido desfilaron sobre la calle 25 de Mayo, frente a la Intendencia, con representaciones de sus personajes favoritos de cuentos de hadas con coloridos atuendos de princesas, pr\u00edncipes, animales, criaturas m\u00e1gicas.<\/p>\n\n\n\n<p>Durante el acto oficial, el Jefe Comunal otorg\u00f3 un reconocimiento al canciller del Obispado de Quilmes, el Padre Armando Dessy, por su labor y trayectoria en Florencio Varela.<\/p>\n\n\n\n<p>Santino vino desde el Colegio \u00abSan Juan Bautista\u00bb. Buscaba \u201clibros de filosof\u00eda, artes visuales e historia\u201d. Consider\u00f3 el evento \u201cuna buena oportunidad de compartir conocimiento con personas de todas las edades\u201d.<\/p>\n\n\n\n<p>Su compa\u00f1ero, Tom\u00e1s, tuvo inter\u00e9s por las publicaciones de \u201cinformaci\u00f3n general, tecnol\u00f3gica o pol\u00edtica\u201d. Remarc\u00f3 la necesidad de \u201cretomar la lectura no solo como herramienta de aprendizaje, sino tambi\u00e9n de entretenimiento\u201d.<\/p>\n\n\n\n<figure class=\"wp-block-image size-large\"><img loading=\"lazy\" decoding=\"async\" width=\"1024\" height=\"683\" src=\"http:\/\/treslineasnoticias.com.ar\/wp-content\/uploads\/2025\/10\/4344e9a9-6991-79dd-72cf-5661957cdd30-1024x683.jpg\" alt=\"\" class=\"wp-image-19212\" srcset=\"https:\/\/treslineasnoticias.com.ar\/wp-content\/uploads\/2025\/10\/4344e9a9-6991-79dd-72cf-5661957cdd30-1024x683.jpg 1024w, https:\/\/treslineasnoticias.com.ar\/wp-content\/uploads\/2025\/10\/4344e9a9-6991-79dd-72cf-5661957cdd30-300x200.jpg 300w, https:\/\/treslineasnoticias.com.ar\/wp-content\/uploads\/2025\/10\/4344e9a9-6991-79dd-72cf-5661957cdd30-768x512.jpg 768w, https:\/\/treslineasnoticias.com.ar\/wp-content\/uploads\/2025\/10\/4344e9a9-6991-79dd-72cf-5661957cdd30-1536x1024.jpg 1536w, https:\/\/treslineasnoticias.com.ar\/wp-content\/uploads\/2025\/10\/4344e9a9-6991-79dd-72cf-5661957cdd30-2048x1365.jpg 2048w\" sizes=\"auto, (max-width: 1024px) 100vw, 1024px\" \/><\/figure>\n\n\n\n<p>Estipularon la continuidad de la feria tanto el mi\u00e9rcoles como el jueves de 10 a 19 hs. Para conocer el cronograma, ingresar en la <a href=\"https:\/\/www.varela.gov.ar\/feriadellibro\/\">web municipal<\/a>. &nbsp;<\/p>\n\n\n\n<p>Acompa\u00f1aron al Alcalde el presidente del Honorable Concejo Deliberante, Gustavo Rearte; integrantes del gabinete varelense; autoridades del \u00e1mbito educativo; concejalas y concejales; consejeros y consejeras escolares; miembros del Centro de Veteranos \u00abH\u00e9roes de Malvinas\u00bb.<\/p>\n","protected":false},"excerpt":{"rendered":"<p>El titular del Ejecutivo local, Andr\u00e9s Watson, oficializ\u00f3 esta ma\u00f1ana la apertura del 18\u00ba encuentro literario organizado por el Municipio en el Instituto \u00abNuestra Se\u00f1ora del Sagrado Coraz\u00f3n\u00bb, ubicado en calle Pedro Bourel, entre Ayacucho y Maip\u00fa. La m\u00e1xima autoridad distrital resalt\u00f3 \u201cla vinculaci\u00f3n constante de la formaci\u00f3n con la cultura ratificada en una iniciativa [&hellip;]<\/p>\n","protected":false},"author":3,"featured_media":19214,"comment_status":"open","ping_status":"open","sticky":false,"template":"","format":"standard","meta":{"_jetpack_memberships_contains_paid_content":false,"footnotes":""},"categories":[6],"tags":[],"class_list":["post-19210","post","type-post","status-publish","format-standard","has-post-thumbnail","hentry","category-florencio-varela"],"yoast_head":"<!-- This site is optimized with the Yoast SEO plugin v24.7 - https:\/\/yoast.com\/wordpress\/plugins\/seo\/ -->\n<title>Inici\u00f3 la Feria del Libro en Florencio Varela - Tres Lineas Noticias<\/title>\n<meta name=\"robots\" content=\"index, follow, max-snippet:-1, max-image-preview:large, max-video-preview:-1\" \/>\n<link rel=\"canonical\" href=\"https:\/\/treslineasnoticias.com.ar\/?p=19210\" \/>\n<meta property=\"og:locale\" content=\"es_ES\" \/>\n<meta property=\"og:type\" content=\"article\" \/>\n<meta property=\"og:title\" content=\"Inici\u00f3 la Feria del Libro en Florencio Varela - Tres Lineas Noticias\" \/>\n<meta property=\"og:description\" content=\"El titular del Ejecutivo local, Andr\u00e9s Watson, oficializ\u00f3 esta ma\u00f1ana la apertura del 18\u00ba encuentro literario organizado por el Municipio en el Instituto \u00abNuestra Se\u00f1ora del Sagrado Coraz\u00f3n\u00bb, ubicado en calle Pedro Bourel, entre Ayacucho y Maip\u00fa. La m\u00e1xima autoridad distrital resalt\u00f3 \u201cla vinculaci\u00f3n constante de la formaci\u00f3n con la cultura ratificada en una iniciativa [&hellip;]\" \/>\n<meta property=\"og:url\" content=\"https:\/\/treslineasnoticias.com.ar\/?p=19210\" \/>\n<meta property=\"og:site_name\" content=\"Tres Lineas Noticias\" \/>\n<meta property=\"article:published_time\" content=\"2025-10-07T22:04:50+00:00\" \/>\n<meta property=\"article:modified_time\" content=\"2025-10-07T22:04:52+00:00\" \/>\n<meta property=\"og:image\" content=\"http:\/\/treslineasnoticias.com.ar\/wp-content\/uploads\/2025\/10\/c4326ffe-bccc-fa7c-a788-f4c2da33cc71-scaled.jpg\" \/>\n\t<meta property=\"og:image:width\" content=\"2560\" \/>\n\t<meta property=\"og:image:height\" content=\"1707\" \/>\n\t<meta property=\"og:image:type\" content=\"image\/jpeg\" \/>\n<meta name=\"author\" content=\"Horacio L\u00f3pez\" \/>\n<meta name=\"twitter:card\" content=\"summary_large_image\" \/>\n<meta name=\"twitter:label1\" content=\"Escrito por\" \/>\n\t<meta name=\"twitter:data1\" content=\"Horacio L\u00f3pez\" \/>\n\t<meta name=\"twitter:label2\" content=\"Tiempo de lectura\" \/>\n\t<meta name=\"twitter:data2\" content=\"3 minutos\" \/>\n<script type=\"application\/ld+json\" class=\"yoast-schema-graph\">{\"@context\":\"https:\/\/schema.org\",\"@graph\":[{\"@type\":\"WebPage\",\"@id\":\"https:\/\/treslineasnoticias.com.ar\/?p=19210\",\"url\":\"https:\/\/treslineasnoticias.com.ar\/?p=19210\",\"name\":\"Inici\u00f3 la Feria del Libro en Florencio Varela - Tres Lineas Noticias\",\"isPartOf\":{\"@id\":\"https:\/\/treslineasnoticias.com.ar\/#website\"},\"primaryImageOfPage\":{\"@id\":\"https:\/\/treslineasnoticias.com.ar\/?p=19210#primaryimage\"},\"image\":{\"@id\":\"https:\/\/treslineasnoticias.com.ar\/?p=19210#primaryimage\"},\"thumbnailUrl\":\"https:\/\/treslineasnoticias.com.ar\/wp-content\/uploads\/2025\/10\/c4326ffe-bccc-fa7c-a788-f4c2da33cc71-scaled.jpg\",\"datePublished\":\"2025-10-07T22:04:50+00:00\",\"dateModified\":\"2025-10-07T22:04:52+00:00\",\"author\":{\"@id\":\"https:\/\/treslineasnoticias.com.ar\/#\/schema\/person\/c5f7249e50517b84c2379b145ca14895\"},\"breadcrumb\":{\"@id\":\"https:\/\/treslineasnoticias.com.ar\/?p=19210#breadcrumb\"},\"inLanguage\":\"es\",\"potentialAction\":[{\"@type\":\"ReadAction\",\"target\":[\"https:\/\/treslineasnoticias.com.ar\/?p=19210\"]}]},{\"@type\":\"ImageObject\",\"inLanguage\":\"es\",\"@id\":\"https:\/\/treslineasnoticias.com.ar\/?p=19210#primaryimage\",\"url\":\"https:\/\/treslineasnoticias.com.ar\/wp-content\/uploads\/2025\/10\/c4326ffe-bccc-fa7c-a788-f4c2da33cc71-scaled.jpg\",\"contentUrl\":\"https:\/\/treslineasnoticias.com.ar\/wp-content\/uploads\/2025\/10\/c4326ffe-bccc-fa7c-a788-f4c2da33cc71-scaled.jpg\",\"width\":2560,\"height\":1707},{\"@type\":\"BreadcrumbList\",\"@id\":\"https:\/\/treslineasnoticias.com.ar\/?p=19210#breadcrumb\",\"itemListElement\":[{\"@type\":\"ListItem\",\"position\":1,\"name\":\"Portada\",\"item\":\"https:\/\/treslineasnoticias.com.ar\/\"},{\"@type\":\"ListItem\",\"position\":2,\"name\":\"Inici\u00f3 la Feria del Libro en Florencio Varela\"}]},{\"@type\":\"WebSite\",\"@id\":\"https:\/\/treslineasnoticias.com.ar\/#website\",\"url\":\"https:\/\/treslineasnoticias.com.ar\/\",\"name\":\"Tres Lineas Noticias\",\"description\":\"\",\"potentialAction\":[{\"@type\":\"SearchAction\",\"target\":{\"@type\":\"EntryPoint\",\"urlTemplate\":\"https:\/\/treslineasnoticias.com.ar\/?s={search_term_string}\"},\"query-input\":{\"@type\":\"PropertyValueSpecification\",\"valueRequired\":true,\"valueName\":\"search_term_string\"}}],\"inLanguage\":\"es\"},{\"@type\":\"Person\",\"@id\":\"https:\/\/treslineasnoticias.com.ar\/#\/schema\/person\/c5f7249e50517b84c2379b145ca14895\",\"name\":\"Horacio L\u00f3pez\",\"image\":{\"@type\":\"ImageObject\",\"inLanguage\":\"es\",\"@id\":\"https:\/\/treslineasnoticias.com.ar\/#\/schema\/person\/image\/\",\"url\":\"https:\/\/treslineasnoticias.com.ar\/wp-content\/litespeed\/avatar\/ddbec442f0224f940ce000570a0cb216.jpg?ver=1777068930\",\"contentUrl\":\"https:\/\/treslineasnoticias.com.ar\/wp-content\/litespeed\/avatar\/ddbec442f0224f940ce000570a0cb216.jpg?ver=1777068930\",\"caption\":\"Horacio L\u00f3pez\"},\"sameAs\":[\"http:\/\/treslineasnoticias.com.ar\"],\"url\":\"https:\/\/treslineasnoticias.com.ar\/?author=3\"}]}<\/script>\n<!-- \/ Yoast SEO plugin. -->","yoast_head_json":{"title":"Inici\u00f3 la Feria del Libro en Florencio Varela - Tres Lineas Noticias","robots":{"index":"index","follow":"follow","max-snippet":"max-snippet:-1","max-image-preview":"max-image-preview:large","max-video-preview":"max-video-preview:-1"},"canonical":"https:\/\/treslineasnoticias.com.ar\/?p=19210","og_locale":"es_ES","og_type":"article","og_title":"Inici\u00f3 la Feria del Libro en Florencio Varela - Tres Lineas Noticias","og_description":"El titular del Ejecutivo local, Andr\u00e9s Watson, oficializ\u00f3 esta ma\u00f1ana la apertura del 18\u00ba encuentro literario organizado por el Municipio en el Instituto \u00abNuestra Se\u00f1ora del Sagrado Coraz\u00f3n\u00bb, ubicado en calle Pedro Bourel, entre Ayacucho y Maip\u00fa. La m\u00e1xima autoridad distrital resalt\u00f3 \u201cla vinculaci\u00f3n constante de la formaci\u00f3n con la cultura ratificada en una iniciativa [&hellip;]","og_url":"https:\/\/treslineasnoticias.com.ar\/?p=19210","og_site_name":"Tres Lineas Noticias","article_published_time":"2025-10-07T22:04:50+00:00","article_modified_time":"2025-10-07T22:04:52+00:00","og_image":[{"width":2560,"height":1707,"url":"http:\/\/treslineasnoticias.com.ar\/wp-content\/uploads\/2025\/10\/c4326ffe-bccc-fa7c-a788-f4c2da33cc71-scaled.jpg","type":"image\/jpeg"}],"author":"Horacio L\u00f3pez","twitter_card":"summary_large_image","twitter_misc":{"Escrito por":"Horacio L\u00f3pez","Tiempo de lectura":"3 minutos"},"schema":{"@context":"https:\/\/schema.org","@graph":[{"@type":"WebPage","@id":"https:\/\/treslineasnoticias.com.ar\/?p=19210","url":"https:\/\/treslineasnoticias.com.ar\/?p=19210","name":"Inici\u00f3 la Feria del Libro en Florencio Varela - Tres Lineas Noticias","isPartOf":{"@id":"https:\/\/treslineasnoticias.com.ar\/#website"},"primaryImageOfPage":{"@id":"https:\/\/treslineasnoticias.com.ar\/?p=19210#primaryimage"},"image":{"@id":"https:\/\/treslineasnoticias.com.ar\/?p=19210#primaryimage"},"thumbnailUrl":"https:\/\/treslineasnoticias.com.ar\/wp-content\/uploads\/2025\/10\/c4326ffe-bccc-fa7c-a788-f4c2da33cc71-scaled.jpg","datePublished":"2025-10-07T22:04:50+00:00","dateModified":"2025-10-07T22:04:52+00:00","author":{"@id":"https:\/\/treslineasnoticias.com.ar\/#\/schema\/person\/c5f7249e50517b84c2379b145ca14895"},"breadcrumb":{"@id":"https:\/\/treslineasnoticias.com.ar\/?p=19210#breadcrumb"},"inLanguage":"es","potentialAction":[{"@type":"ReadAction","target":["https:\/\/treslineasnoticias.com.ar\/?p=19210"]}]},{"@type":"ImageObject","inLanguage":"es","@id":"https:\/\/treslineasnoticias.com.ar\/?p=19210#primaryimage","url":"https:\/\/treslineasnoticias.com.ar\/wp-content\/uploads\/2025\/10\/c4326ffe-bccc-fa7c-a788-f4c2da33cc71-scaled.jpg","contentUrl":"https:\/\/treslineasnoticias.com.ar\/wp-content\/uploads\/2025\/10\/c4326ffe-bccc-fa7c-a788-f4c2da33cc71-scaled.jpg","width":2560,"height":1707},{"@type":"BreadcrumbList","@id":"https:\/\/treslineasnoticias.com.ar\/?p=19210#breadcrumb","itemListElement":[{"@type":"ListItem","position":1,"name":"Portada","item":"https:\/\/treslineasnoticias.com.ar\/"},{"@type":"ListItem","position":2,"name":"Inici\u00f3 la Feria del Libro en Florencio Varela"}]},{"@type":"WebSite","@id":"https:\/\/treslineasnoticias.com.ar\/#website","url":"https:\/\/treslineasnoticias.com.ar\/","name":"Tres Lineas Noticias","description":"","potentialAction":[{"@type":"SearchAction","target":{"@type":"EntryPoint","urlTemplate":"https:\/\/treslineasnoticias.com.ar\/?s={search_term_string}"},"query-input":{"@type":"PropertyValueSpecification","valueRequired":true,"valueName":"search_term_string"}}],"inLanguage":"es"},{"@type":"Person","@id":"https:\/\/treslineasnoticias.com.ar\/#\/schema\/person\/c5f7249e50517b84c2379b145ca14895","name":"Horacio L\u00f3pez","image":{"@type":"ImageObject","inLanguage":"es","@id":"https:\/\/treslineasnoticias.com.ar\/#\/schema\/person\/image\/","url":"https:\/\/treslineasnoticias.com.ar\/wp-content\/litespeed\/avatar\/ddbec442f0224f940ce000570a0cb216.jpg?ver=1777068930","contentUrl":"https:\/\/treslineasnoticias.com.ar\/wp-content\/litespeed\/avatar\/ddbec442f0224f940ce000570a0cb216.jpg?ver=1777068930","caption":"Horacio L\u00f3pez"},"sameAs":["http:\/\/treslineasnoticias.com.ar"],"url":"https:\/\/treslineasnoticias.com.ar\/?author=3"}]}},"jetpack_featured_media_url":"https:\/\/treslineasnoticias.com.ar\/wp-content\/uploads\/2025\/10\/c4326ffe-bccc-fa7c-a788-f4c2da33cc71-scaled.jpg","jetpack_sharing_enabled":true,"_links":{"self":[{"href":"https:\/\/treslineasnoticias.com.ar\/index.php?rest_route=\/wp\/v2\/posts\/19210","targetHints":{"allow":["GET"]}}],"collection":[{"href":"https:\/\/treslineasnoticias.com.ar\/index.php?rest_route=\/wp\/v2\/posts"}],"about":[{"href":"https:\/\/treslineasnoticias.com.ar\/index.php?rest_route=\/wp\/v2\/types\/post"}],"author":[{"embeddable":true,"href":"https:\/\/treslineasnoticias.com.ar\/index.php?rest_route=\/wp\/v2\/users\/3"}],"replies":[{"embeddable":true,"href":"https:\/\/treslineasnoticias.com.ar\/index.php?rest_route=%2Fwp%2Fv2%2Fcomments&post=19210"}],"version-history":[{"count":1,"href":"https:\/\/treslineasnoticias.com.ar\/index.php?rest_route=\/wp\/v2\/posts\/19210\/revisions"}],"predecessor-version":[{"id":19215,"href":"https:\/\/treslineasnoticias.com.ar\/index.php?rest_route=\/wp\/v2\/posts\/19210\/revisions\/19215"}],"wp:featuredmedia":[{"embeddable":true,"href":"https:\/\/treslineasnoticias.com.ar\/index.php?rest_route=\/wp\/v2\/media\/19214"}],"wp:attachment":[{"href":"https:\/\/treslineasnoticias.com.ar\/index.php?rest_route=%2Fwp%2Fv2%2Fmedia&parent=19210"}],"wp:term":[{"taxonomy":"category","embeddable":true,"href":"https:\/\/treslineasnoticias.com.ar\/index.php?rest_route=%2Fwp%2Fv2%2Fcategories&post=19210"},{"taxonomy":"post_tag","embeddable":true,"href":"https:\/\/treslineasnoticias.com.ar\/index.php?rest_route=%2Fwp%2Fv2%2Ftags&post=19210"}],"curies":[{"name":"wp","href":"https:\/\/api.w.org\/{rel}","templated":true}]}}