{"id":19222,"date":"2025-10-07T19:22:53","date_gmt":"2025-10-07T22:22:53","guid":{"rendered":"https:\/\/treslineasnoticias.com.ar\/?p=19222"},"modified":"2025-10-07T19:22:55","modified_gmt":"2025-10-07T22:22:55","slug":"san-francisco-solano-celebra-su-76o-aniversario-con-desfile-ferias-y-un-cierre-musical-con-jimmy-y-su-combo-negro-y-la-t-y-la-m","status":"publish","type":"post","link":"https:\/\/treslineasnoticias.com.ar\/?p=19222","title":{"rendered":"San Francisco Solano celebra su 76\u00ba aniversario con desfile, ferias y un cierre musical con Jimmy y su Combo Negro y la T y la M"},"content":{"rendered":"\n<p><strong><em>El Municipio de Quilmes invita a las y los vecinos de todo el distrito a los festejos por el 76\u00ba aniversario de San Francisco Solano, que se desarrollar\u00e1n el domingo 12 de octubre, desde la ma\u00f1ana y hasta la noche, con entrada libre y gratuita, con desfiles, ferias y una nueva edici\u00f3n del Festival Somos Quilmes, con artistas y m\u00fasica en vivo, que tendr\u00e1 el cierre estelar a pura cumbia con la presentaci\u00f3n de Jimmy y su Combo Negro y el final con el reconocido d\u00fao La T y la M.<\/em><\/strong><\/p>\n\n\n\n<p>La actividad arrancar\u00e1 a las 10.30, con el desfile c\u00edvico tradicionalista del que participar\u00e1n organizaciones e instituciones solanenses, sobre la avenida 844 y 897. Y a partir del mediod\u00eda estar\u00e1 abierta al p\u00fablico el paseo gastron\u00f3mico y la feria de emprendedores, con precios populares para pasar la jornada en familia y con amigos.<\/p>\n\n\n\n<figure class=\"wp-block-image size-large\"><img loading=\"lazy\" decoding=\"async\" width=\"1024\" height=\"583\" src=\"http:\/\/treslineasnoticias.com.ar\/wp-content\/uploads\/2025\/10\/SAN-FRANCISCO-SOLANO-CELEBRA-SU-76-ANIVERSARIO-CON-DESFILE-FERIAS-Y-UN-CIERRE-MUSICAL-CON-JIMMY-Y-SU-COMBO-NEGRO-Y-LA-T-Y-LA-M-1024x583.jpg\" alt=\"\" class=\"wp-image-19223\" srcset=\"https:\/\/treslineasnoticias.com.ar\/wp-content\/uploads\/2025\/10\/SAN-FRANCISCO-SOLANO-CELEBRA-SU-76-ANIVERSARIO-CON-DESFILE-FERIAS-Y-UN-CIERRE-MUSICAL-CON-JIMMY-Y-SU-COMBO-NEGRO-Y-LA-T-Y-LA-M-1024x583.jpg 1024w, https:\/\/treslineasnoticias.com.ar\/wp-content\/uploads\/2025\/10\/SAN-FRANCISCO-SOLANO-CELEBRA-SU-76-ANIVERSARIO-CON-DESFILE-FERIAS-Y-UN-CIERRE-MUSICAL-CON-JIMMY-Y-SU-COMBO-NEGRO-Y-LA-T-Y-LA-M-300x171.jpg 300w, https:\/\/treslineasnoticias.com.ar\/wp-content\/uploads\/2025\/10\/SAN-FRANCISCO-SOLANO-CELEBRA-SU-76-ANIVERSARIO-CON-DESFILE-FERIAS-Y-UN-CIERRE-MUSICAL-CON-JIMMY-Y-SU-COMBO-NEGRO-Y-LA-T-Y-LA-M-768x438.jpg 768w, https:\/\/treslineasnoticias.com.ar\/wp-content\/uploads\/2025\/10\/SAN-FRANCISCO-SOLANO-CELEBRA-SU-76-ANIVERSARIO-CON-DESFILE-FERIAS-Y-UN-CIERRE-MUSICAL-CON-JIMMY-Y-SU-COMBO-NEGRO-Y-LA-T-Y-LA-M.jpg 1062w\" sizes=\"auto, (max-width: 1024px) 100vw, 1024px\" \/><\/figure>\n\n\n\n<p>En este marco, desde las 16.30, en el play\u00f3n ubicado en la intersecci\u00f3n de las avenidas 844 y 893, estar\u00e1 montado el escenario que contar\u00e1 con el gran cierre de una noche a puro ritmo a cargo de Jimmy y su Combo Negro y La T y la M. Previamente, pasar\u00e1n por el escenario los shows en vivo de Bellson; Ra\u00edces; Jeko; la exhibici\u00f3n de free style; Ale Vega y Juan Manuel; 010 Rock; Babilonia; La Juando; Simplemente Manseros, Los Charros y Banda Ju\u00e1rez.<\/p>\n\n\n\n<p>La jornada est\u00e1 organizada por el Municipio de Quilmes, en conjunto con las siguientes instituciones de San Francisco Solano: el Rotary Club; el Club de Leones; los Bomberos Voluntarios y la C\u00e1mara Regional de Comercio e Industria, adem\u00e1s del Instituto Cultural de la Provincia de Buenos Aires, y contar\u00e1 con todos los protocolos de seguridad, fiscalizaci\u00f3n y limpieza para el disfrute de las y los presentes.<\/p>\n","protected":false},"excerpt":{"rendered":"<p>El Municipio de Quilmes invita a las y los vecinos de todo el distrito a los festejos por el 76\u00ba aniversario de San Francisco Solano, que se desarrollar\u00e1n el domingo 12 de octubre, desde la ma\u00f1ana y hasta la noche, con entrada libre y gratuita, con desfiles, ferias y una nueva edici\u00f3n del Festival Somos [&hellip;]<\/p>\n","protected":false},"author":3,"featured_media":19224,"comment_status":"open","ping_status":"open","sticky":false,"template":"","format":"standard","meta":{"_jetpack_memberships_contains_paid_content":false,"footnotes":""},"categories":[5],"tags":[],"class_list":["post-19222","post","type-post","status-publish","format-standard","has-post-thumbnail","hentry","category-quilmes"],"yoast_head":"<!-- This site is optimized with the Yoast SEO plugin v24.7 - https:\/\/yoast.com\/wordpress\/plugins\/seo\/ -->\n<title>San Francisco Solano celebra su 76\u00ba aniversario con desfile, ferias y un cierre musical con Jimmy y su Combo Negro y la T y la M - Tres Lineas Noticias<\/title>\n<meta name=\"robots\" content=\"index, follow, max-snippet:-1, max-image-preview:large, max-video-preview:-1\" \/>\n<link rel=\"canonical\" href=\"https:\/\/treslineasnoticias.com.ar\/?p=19222\" \/>\n<meta property=\"og:locale\" content=\"es_ES\" \/>\n<meta property=\"og:type\" content=\"article\" \/>\n<meta property=\"og:title\" content=\"San Francisco Solano celebra su 76\u00ba aniversario con desfile, ferias y un cierre musical con Jimmy y su Combo Negro y la T y la M - Tres Lineas Noticias\" \/>\n<meta property=\"og:description\" content=\"El Municipio de Quilmes invita a las y los vecinos de todo el distrito a los festejos por el 76\u00ba aniversario de San Francisco Solano, que se desarrollar\u00e1n el domingo 12 de octubre, desde la ma\u00f1ana y hasta la noche, con entrada libre y gratuita, con desfiles, ferias y una nueva edici\u00f3n del Festival Somos [&hellip;]\" \/>\n<meta property=\"og:url\" content=\"https:\/\/treslineasnoticias.com.ar\/?p=19222\" \/>\n<meta property=\"og:site_name\" content=\"Tres Lineas Noticias\" \/>\n<meta property=\"article:published_time\" content=\"2025-10-07T22:22:53+00:00\" \/>\n<meta property=\"article:modified_time\" content=\"2025-10-07T22:22:55+00:00\" \/>\n<meta property=\"og:image\" content=\"http:\/\/treslineasnoticias.com.ar\/wp-content\/uploads\/2025\/10\/SAN-FRANCISCO-SOLANO-CELEBRA-SU-76o-ANIVERSARIO-CON-DESFILE-FERIAS-Y-UN-CIERRE-MUSICAL-CON-JIMMY-Y-SU-COMBO-NEGRO-Y-LA-T-Y-LA-M-1.jpg\" \/>\n\t<meta property=\"og:image:width\" content=\"1062\" \/>\n\t<meta property=\"og:image:height\" content=\"604\" \/>\n\t<meta property=\"og:image:type\" content=\"image\/jpeg\" \/>\n<meta name=\"author\" content=\"Horacio L\u00f3pez\" \/>\n<meta name=\"twitter:card\" content=\"summary_large_image\" \/>\n<meta name=\"twitter:label1\" content=\"Escrito por\" \/>\n\t<meta name=\"twitter:data1\" content=\"Horacio L\u00f3pez\" \/>\n\t<meta name=\"twitter:label2\" content=\"Tiempo de lectura\" \/>\n\t<meta name=\"twitter:data2\" content=\"2 minutos\" \/>\n<script type=\"application\/ld+json\" class=\"yoast-schema-graph\">{\"@context\":\"https:\/\/schema.org\",\"@graph\":[{\"@type\":\"WebPage\",\"@id\":\"https:\/\/treslineasnoticias.com.ar\/?p=19222\",\"url\":\"https:\/\/treslineasnoticias.com.ar\/?p=19222\",\"name\":\"San Francisco Solano celebra su 76\u00ba aniversario con desfile, ferias y un cierre musical con Jimmy y su Combo Negro y la T y la M - Tres Lineas Noticias\",\"isPartOf\":{\"@id\":\"https:\/\/treslineasnoticias.com.ar\/#website\"},\"primaryImageOfPage\":{\"@id\":\"https:\/\/treslineasnoticias.com.ar\/?p=19222#primaryimage\"},\"image\":{\"@id\":\"https:\/\/treslineasnoticias.com.ar\/?p=19222#primaryimage\"},\"thumbnailUrl\":\"https:\/\/treslineasnoticias.com.ar\/wp-content\/uploads\/2025\/10\/SAN-FRANCISCO-SOLANO-CELEBRA-SU-76o-ANIVERSARIO-CON-DESFILE-FERIAS-Y-UN-CIERRE-MUSICAL-CON-JIMMY-Y-SU-COMBO-NEGRO-Y-LA-T-Y-LA-M-1.jpg\",\"datePublished\":\"2025-10-07T22:22:53+00:00\",\"dateModified\":\"2025-10-07T22:22:55+00:00\",\"author\":{\"@id\":\"https:\/\/treslineasnoticias.com.ar\/#\/schema\/person\/c5f7249e50517b84c2379b145ca14895\"},\"breadcrumb\":{\"@id\":\"https:\/\/treslineasnoticias.com.ar\/?p=19222#breadcrumb\"},\"inLanguage\":\"es\",\"potentialAction\":[{\"@type\":\"ReadAction\",\"target\":[\"https:\/\/treslineasnoticias.com.ar\/?p=19222\"]}]},{\"@type\":\"ImageObject\",\"inLanguage\":\"es\",\"@id\":\"https:\/\/treslineasnoticias.com.ar\/?p=19222#primaryimage\",\"url\":\"https:\/\/treslineasnoticias.com.ar\/wp-content\/uploads\/2025\/10\/SAN-FRANCISCO-SOLANO-CELEBRA-SU-76o-ANIVERSARIO-CON-DESFILE-FERIAS-Y-UN-CIERRE-MUSICAL-CON-JIMMY-Y-SU-COMBO-NEGRO-Y-LA-T-Y-LA-M-1.jpg\",\"contentUrl\":\"https:\/\/treslineasnoticias.com.ar\/wp-content\/uploads\/2025\/10\/SAN-FRANCISCO-SOLANO-CELEBRA-SU-76o-ANIVERSARIO-CON-DESFILE-FERIAS-Y-UN-CIERRE-MUSICAL-CON-JIMMY-Y-SU-COMBO-NEGRO-Y-LA-T-Y-LA-M-1.jpg\",\"width\":1062,\"height\":604},{\"@type\":\"BreadcrumbList\",\"@id\":\"https:\/\/treslineasnoticias.com.ar\/?p=19222#breadcrumb\",\"itemListElement\":[{\"@type\":\"ListItem\",\"position\":1,\"name\":\"Portada\",\"item\":\"https:\/\/treslineasnoticias.com.ar\/\"},{\"@type\":\"ListItem\",\"position\":2,\"name\":\"San Francisco Solano celebra su 76\u00ba aniversario con desfile, ferias y un cierre musical con Jimmy y su Combo Negro y la T y la M\"}]},{\"@type\":\"WebSite\",\"@id\":\"https:\/\/treslineasnoticias.com.ar\/#website\",\"url\":\"https:\/\/treslineasnoticias.com.ar\/\",\"name\":\"Tres Lineas Noticias\",\"description\":\"\",\"potentialAction\":[{\"@type\":\"SearchAction\",\"target\":{\"@type\":\"EntryPoint\",\"urlTemplate\":\"https:\/\/treslineasnoticias.com.ar\/?s={search_term_string}\"},\"query-input\":{\"@type\":\"PropertyValueSpecification\",\"valueRequired\":true,\"valueName\":\"search_term_string\"}}],\"inLanguage\":\"es\"},{\"@type\":\"Person\",\"@id\":\"https:\/\/treslineasnoticias.com.ar\/#\/schema\/person\/c5f7249e50517b84c2379b145ca14895\",\"name\":\"Horacio L\u00f3pez\",\"image\":{\"@type\":\"ImageObject\",\"inLanguage\":\"es\",\"@id\":\"https:\/\/treslineasnoticias.com.ar\/#\/schema\/person\/image\/\",\"url\":\"https:\/\/treslineasnoticias.com.ar\/wp-content\/litespeed\/avatar\/ddbec442f0224f940ce000570a0cb216.jpg?ver=1777068930\",\"contentUrl\":\"https:\/\/treslineasnoticias.com.ar\/wp-content\/litespeed\/avatar\/ddbec442f0224f940ce000570a0cb216.jpg?ver=1777068930\",\"caption\":\"Horacio L\u00f3pez\"},\"sameAs\":[\"http:\/\/treslineasnoticias.com.ar\"],\"url\":\"https:\/\/treslineasnoticias.com.ar\/?author=3\"}]}<\/script>\n<!-- \/ Yoast SEO plugin. -->","yoast_head_json":{"title":"San Francisco Solano celebra su 76\u00ba aniversario con desfile, ferias y un cierre musical con Jimmy y su Combo Negro y la T y la M - Tres Lineas Noticias","robots":{"index":"index","follow":"follow","max-snippet":"max-snippet:-1","max-image-preview":"max-image-preview:large","max-video-preview":"max-video-preview:-1"},"canonical":"https:\/\/treslineasnoticias.com.ar\/?p=19222","og_locale":"es_ES","og_type":"article","og_title":"San Francisco Solano celebra su 76\u00ba aniversario con desfile, ferias y un cierre musical con Jimmy y su Combo Negro y la T y la M - Tres Lineas Noticias","og_description":"El Municipio de Quilmes invita a las y los vecinos de todo el distrito a los festejos por el 76\u00ba aniversario de San Francisco Solano, que se desarrollar\u00e1n el domingo 12 de octubre, desde la ma\u00f1ana y hasta la noche, con entrada libre y gratuita, con desfiles, ferias y una nueva edici\u00f3n del Festival Somos [&hellip;]","og_url":"https:\/\/treslineasnoticias.com.ar\/?p=19222","og_site_name":"Tres Lineas Noticias","article_published_time":"2025-10-07T22:22:53+00:00","article_modified_time":"2025-10-07T22:22:55+00:00","og_image":[{"width":1062,"height":604,"url":"http:\/\/treslineasnoticias.com.ar\/wp-content\/uploads\/2025\/10\/SAN-FRANCISCO-SOLANO-CELEBRA-SU-76o-ANIVERSARIO-CON-DESFILE-FERIAS-Y-UN-CIERRE-MUSICAL-CON-JIMMY-Y-SU-COMBO-NEGRO-Y-LA-T-Y-LA-M-1.jpg","type":"image\/jpeg"}],"author":"Horacio L\u00f3pez","twitter_card":"summary_large_image","twitter_misc":{"Escrito por":"Horacio L\u00f3pez","Tiempo de lectura":"2 minutos"},"schema":{"@context":"https:\/\/schema.org","@graph":[{"@type":"WebPage","@id":"https:\/\/treslineasnoticias.com.ar\/?p=19222","url":"https:\/\/treslineasnoticias.com.ar\/?p=19222","name":"San Francisco Solano celebra su 76\u00ba aniversario con desfile, ferias y un cierre musical con Jimmy y su Combo Negro y la T y la M - Tres Lineas Noticias","isPartOf":{"@id":"https:\/\/treslineasnoticias.com.ar\/#website"},"primaryImageOfPage":{"@id":"https:\/\/treslineasnoticias.com.ar\/?p=19222#primaryimage"},"image":{"@id":"https:\/\/treslineasnoticias.com.ar\/?p=19222#primaryimage"},"thumbnailUrl":"https:\/\/treslineasnoticias.com.ar\/wp-content\/uploads\/2025\/10\/SAN-FRANCISCO-SOLANO-CELEBRA-SU-76o-ANIVERSARIO-CON-DESFILE-FERIAS-Y-UN-CIERRE-MUSICAL-CON-JIMMY-Y-SU-COMBO-NEGRO-Y-LA-T-Y-LA-M-1.jpg","datePublished":"2025-10-07T22:22:53+00:00","dateModified":"2025-10-07T22:22:55+00:00","author":{"@id":"https:\/\/treslineasnoticias.com.ar\/#\/schema\/person\/c5f7249e50517b84c2379b145ca14895"},"breadcrumb":{"@id":"https:\/\/treslineasnoticias.com.ar\/?p=19222#breadcrumb"},"inLanguage":"es","potentialAction":[{"@type":"ReadAction","target":["https:\/\/treslineasnoticias.com.ar\/?p=19222"]}]},{"@type":"ImageObject","inLanguage":"es","@id":"https:\/\/treslineasnoticias.com.ar\/?p=19222#primaryimage","url":"https:\/\/treslineasnoticias.com.ar\/wp-content\/uploads\/2025\/10\/SAN-FRANCISCO-SOLANO-CELEBRA-SU-76o-ANIVERSARIO-CON-DESFILE-FERIAS-Y-UN-CIERRE-MUSICAL-CON-JIMMY-Y-SU-COMBO-NEGRO-Y-LA-T-Y-LA-M-1.jpg","contentUrl":"https:\/\/treslineasnoticias.com.ar\/wp-content\/uploads\/2025\/10\/SAN-FRANCISCO-SOLANO-CELEBRA-SU-76o-ANIVERSARIO-CON-DESFILE-FERIAS-Y-UN-CIERRE-MUSICAL-CON-JIMMY-Y-SU-COMBO-NEGRO-Y-LA-T-Y-LA-M-1.jpg","width":1062,"height":604},{"@type":"BreadcrumbList","@id":"https:\/\/treslineasnoticias.com.ar\/?p=19222#breadcrumb","itemListElement":[{"@type":"ListItem","position":1,"name":"Portada","item":"https:\/\/treslineasnoticias.com.ar\/"},{"@type":"ListItem","position":2,"name":"San Francisco Solano celebra su 76\u00ba aniversario con desfile, ferias y un cierre musical con Jimmy y su Combo Negro y la T y la M"}]},{"@type":"WebSite","@id":"https:\/\/treslineasnoticias.com.ar\/#website","url":"https:\/\/treslineasnoticias.com.ar\/","name":"Tres Lineas Noticias","description":"","potentialAction":[{"@type":"SearchAction","target":{"@type":"EntryPoint","urlTemplate":"https:\/\/treslineasnoticias.com.ar\/?s={search_term_string}"},"query-input":{"@type":"PropertyValueSpecification","valueRequired":true,"valueName":"search_term_string"}}],"inLanguage":"es"},{"@type":"Person","@id":"https:\/\/treslineasnoticias.com.ar\/#\/schema\/person\/c5f7249e50517b84c2379b145ca14895","name":"Horacio L\u00f3pez","image":{"@type":"ImageObject","inLanguage":"es","@id":"https:\/\/treslineasnoticias.com.ar\/#\/schema\/person\/image\/","url":"https:\/\/treslineasnoticias.com.ar\/wp-content\/litespeed\/avatar\/ddbec442f0224f940ce000570a0cb216.jpg?ver=1777068930","contentUrl":"https:\/\/treslineasnoticias.com.ar\/wp-content\/litespeed\/avatar\/ddbec442f0224f940ce000570a0cb216.jpg?ver=1777068930","caption":"Horacio L\u00f3pez"},"sameAs":["http:\/\/treslineasnoticias.com.ar"],"url":"https:\/\/treslineasnoticias.com.ar\/?author=3"}]}},"jetpack_featured_media_url":"https:\/\/treslineasnoticias.com.ar\/wp-content\/uploads\/2025\/10\/SAN-FRANCISCO-SOLANO-CELEBRA-SU-76o-ANIVERSARIO-CON-DESFILE-FERIAS-Y-UN-CIERRE-MUSICAL-CON-JIMMY-Y-SU-COMBO-NEGRO-Y-LA-T-Y-LA-M-1.jpg","jetpack_sharing_enabled":true,"_links":{"self":[{"href":"https:\/\/treslineasnoticias.com.ar\/index.php?rest_route=\/wp\/v2\/posts\/19222","targetHints":{"allow":["GET"]}}],"collection":[{"href":"https:\/\/treslineasnoticias.com.ar\/index.php?rest_route=\/wp\/v2\/posts"}],"about":[{"href":"https:\/\/treslineasnoticias.com.ar\/index.php?rest_route=\/wp\/v2\/types\/post"}],"author":[{"embeddable":true,"href":"https:\/\/treslineasnoticias.com.ar\/index.php?rest_route=\/wp\/v2\/users\/3"}],"replies":[{"embeddable":true,"href":"https:\/\/treslineasnoticias.com.ar\/index.php?rest_route=%2Fwp%2Fv2%2Fcomments&post=19222"}],"version-history":[{"count":1,"href":"https:\/\/treslineasnoticias.com.ar\/index.php?rest_route=\/wp\/v2\/posts\/19222\/revisions"}],"predecessor-version":[{"id":19225,"href":"https:\/\/treslineasnoticias.com.ar\/index.php?rest_route=\/wp\/v2\/posts\/19222\/revisions\/19225"}],"wp:featuredmedia":[{"embeddable":true,"href":"https:\/\/treslineasnoticias.com.ar\/index.php?rest_route=\/wp\/v2\/media\/19224"}],"wp:attachment":[{"href":"https:\/\/treslineasnoticias.com.ar\/index.php?rest_route=%2Fwp%2Fv2%2Fmedia&parent=19222"}],"wp:term":[{"taxonomy":"category","embeddable":true,"href":"https:\/\/treslineasnoticias.com.ar\/index.php?rest_route=%2Fwp%2Fv2%2Fcategories&post=19222"},{"taxonomy":"post_tag","embeddable":true,"href":"https:\/\/treslineasnoticias.com.ar\/index.php?rest_route=%2Fwp%2Fv2%2Ftags&post=19222"}],"curies":[{"name":"wp","href":"https:\/\/api.w.org\/{rel}","templated":true}]}}