{"id":19233,"date":"2025-10-07T19:34:23","date_gmt":"2025-10-07T22:34:23","guid":{"rendered":"https:\/\/treslineasnoticias.com.ar\/?p=19233"},"modified":"2025-10-07T19:34:25","modified_gmt":"2025-10-07T22:34:25","slug":"mayra-recorrio-el-centro-de-emergencias-quilmes-y-superviso-un-operativo-de-seguridad-en-la-zona-oeste","status":"publish","type":"post","link":"https:\/\/treslineasnoticias.com.ar\/?p=19233","title":{"rendered":"Mayra recorri\u00f3 el Centro de Emergencias Quilmes y supervis\u00f3 un operativo de seguridad en la zona oeste"},"content":{"rendered":"\n<p><strong><em>La intendenta de Quilmes, Mayra Mendoza, recorri\u00f3 este martes el Centro de Emergencias local (CEQ), ubicado en Quilmes Oeste y presenci\u00f3 un operativo de seguridad motorizado organizado por la comisar\u00eda Quilmes 9\u00aa (Quilmes y Ezpeleta Oeste).<\/em><\/strong><\/p>\n\n\n\n<p>La Jefa comunal supervis\u00f3 en primera instancia el procedimiento desarrollado por personal policial y luego fue recibida por autoridades del CEQ, quienes la acompa\u00f1aron en una recorrida por el edificio. Durante la jornada se hicieron demostraciones del nuevo Sistema Integral de Monitoreo, el cual fue adquirido en el marco del Plan de Inversi\u00f3n Municipal para la Prevenci\u00f3n del Delito, el m\u00e1s grande de la historia de Quilmes y financiado en su totalidad con fondos comunales.<\/p>\n\n\n\n<figure class=\"wp-block-image size-large\"><img loading=\"lazy\" decoding=\"async\" width=\"1024\" height=\"684\" src=\"http:\/\/treslineasnoticias.com.ar\/wp-content\/uploads\/2025\/10\/5-2-1024x684.jpeg\" alt=\"\" class=\"wp-image-19236\" srcset=\"https:\/\/treslineasnoticias.com.ar\/wp-content\/uploads\/2025\/10\/5-2-1024x684.jpeg 1024w, https:\/\/treslineasnoticias.com.ar\/wp-content\/uploads\/2025\/10\/5-2-300x200.jpeg 300w, https:\/\/treslineasnoticias.com.ar\/wp-content\/uploads\/2025\/10\/5-2-768x513.jpeg 768w, https:\/\/treslineasnoticias.com.ar\/wp-content\/uploads\/2025\/10\/5-2.jpeg 1280w\" sizes=\"auto, (max-width: 1024px) 100vw, 1024px\" \/><\/figure>\n\n\n\n<p>\u201cVimos el funcionamiento del flamante equipamiento y supervisamos un operativo de seguridad que desplegamos con nuevas motos y veh\u00edculos. Las mejoras en el CEQ forman parte del Plan de Inversi\u00f3n Municipal, que reafirma el compromiso de este gobierno con un objetivo claro: que los quilme\u00f1os y quilme\u00f1as vivan seguros y en paz. Vamos a seguir fortaleciendo esta pol\u00edtica y reclamando los recursos que el gobierno nacional le niega a la Provincia y a nuestros barrios. Porque la seguridad tambi\u00e9n es justicia social\u201d, se\u00f1al\u00f3 Mayra, que estuvo acompa\u00f1ada por el secretario de Seguridad local, Gaspar De St\u00e9fano.<\/p>\n\n\n\n<p>Por su parte, De St\u00e9fano, asegur\u00f3: \u201cEstamos desplegando un nuevo operativo de saturaci\u00f3n con el Grupo de Prevenci\u00f3n Motorizada (GPM), m\u00f3viles de la UTOI (Unidad T\u00e1ctica de Operaciones Inmediatas) y de la Polic\u00eda Local, al mismo tiempo recorrimos el gabinete de Ciber pedofilia y Trata de Personas, una iniciativa de la secretar\u00eda de Seguridad, junto con el Ministerio P\u00fablico Fiscal y la Polic\u00eda de la Provincia de Buenos Aires. Asimismo, recorrimos el CEQ, que este a\u00f1o tuvo una fuerte inversi\u00f3n en materia de tecnolog\u00edas aplicadas a la prevenci\u00f3n del delito\u201d.<\/p>\n\n\n\n<figure class=\"wp-block-image size-full\"><img loading=\"lazy\" decoding=\"async\" width=\"855\" height=\"571\" src=\"http:\/\/treslineasnoticias.com.ar\/wp-content\/uploads\/2025\/10\/4-2.jpeg\" alt=\"\" class=\"wp-image-19235\" srcset=\"https:\/\/treslineasnoticias.com.ar\/wp-content\/uploads\/2025\/10\/4-2.jpeg 855w, https:\/\/treslineasnoticias.com.ar\/wp-content\/uploads\/2025\/10\/4-2-300x200.jpeg 300w, https:\/\/treslineasnoticias.com.ar\/wp-content\/uploads\/2025\/10\/4-2-768x513.jpeg 768w\" sizes=\"auto, (max-width: 855px) 100vw, 855px\" \/><\/figure>\n\n\n\n<p>El Centro de Emergencias Quilmes fue objeto de una modernizaci\u00f3n integral, que lo posiciona como un espacio de referencia en materia de seguridad y coordinaci\u00f3n operativa en el distrito. En el aspecto edilicio, la obra contempl\u00f3 la puesta en valor del edificio y el reacondicionamiento completo del mobiliario, garantizando un entorno de trabajo m\u00e1s funcional y confortable para el personal.<\/p>\n\n\n\n<p>En materia tecnol\u00f3gica, se actualiz\u00f3 la infraestructura inform\u00e1tica, as\u00ed como tambi\u00e9n se incorporaron nuevos sistemas y funciones de inteligencia artificial, tales como reconocimiento facial, lectura autom\u00e1tica de matr\u00edculas, conteo de personas y detecci\u00f3n de objetos. Estas mejoras permiten optimizar la videovigilancia en todo el distrito y fortalecer la articulaci\u00f3n con las fuerzas de seguridad y los organismos de emergencia.<\/p>\n\n\n\n<figure class=\"wp-block-image size-large\"><img loading=\"lazy\" decoding=\"async\" width=\"1024\" height=\"684\" src=\"http:\/\/treslineasnoticias.com.ar\/wp-content\/uploads\/2025\/10\/1-5-1024x684.jpeg\" alt=\"\" class=\"wp-image-19234\" srcset=\"https:\/\/treslineasnoticias.com.ar\/wp-content\/uploads\/2025\/10\/1-5-1024x684.jpeg 1024w, https:\/\/treslineasnoticias.com.ar\/wp-content\/uploads\/2025\/10\/1-5-300x200.jpeg 300w, https:\/\/treslineasnoticias.com.ar\/wp-content\/uploads\/2025\/10\/1-5-768x513.jpeg 768w, https:\/\/treslineasnoticias.com.ar\/wp-content\/uploads\/2025\/10\/1-5.jpeg 1280w\" sizes=\"auto, (max-width: 1024px) 100vw, 1024px\" \/><\/figure>\n\n\n\n<p>Estas medidas se suman a una serie de acciones que viene desarrollando el Municipio en materia de seguridad durante la presente gesti\u00f3n, como la incorporaci\u00f3n de m\u00e1s de 300 patrulleros, la creaci\u00f3n del Escuadr\u00f3n Motorizado, la implementaci\u00f3n de m\u00e1s de 1.700 c\u00e1maras de seguridad, la instalaci\u00f3n de 170 Paradas Seguras y 40 T\u00f3tems de Seguridad, as\u00ed como tambi\u00e9n la constituci\u00f3n de los 10 foros vecinales de seguridad, entre otras acciones.<\/p>\n\n\n\n<p>Participaron tambi\u00e9n de la actividad el subsecretario de Seguridad Ciudadana, Hern\u00e1n Ocampo; la directora general del Centro de Emergencias Quilmes, Silvana Garc\u00eda; la concejala electa Florencia B\u00e1ez, y el jefe de la Estaci\u00f3n de Polic\u00eda Departamental de Seguridad Quilmes, comisario mayor Eduardo Arancibia, entre otras autoridades y funcionarios.<\/p>\n","protected":false},"excerpt":{"rendered":"<p>La intendenta de Quilmes, Mayra Mendoza, recorri\u00f3 este martes el Centro de Emergencias local (CEQ), ubicado en Quilmes Oeste y presenci\u00f3 un operativo de seguridad motorizado organizado por la comisar\u00eda Quilmes 9\u00aa (Quilmes y Ezpeleta Oeste). La Jefa comunal supervis\u00f3 en primera instancia el procedimiento desarrollado por personal policial y luego fue recibida por autoridades [&hellip;]<\/p>\n","protected":false},"author":3,"featured_media":19237,"comment_status":"open","ping_status":"open","sticky":false,"template":"","format":"standard","meta":{"_jetpack_memberships_contains_paid_content":false,"footnotes":""},"categories":[5],"tags":[],"class_list":["post-19233","post","type-post","status-publish","format-standard","has-post-thumbnail","hentry","category-quilmes"],"yoast_head":"<!-- This site is optimized with the Yoast SEO plugin v24.7 - https:\/\/yoast.com\/wordpress\/plugins\/seo\/ -->\n<title>Mayra recorri\u00f3 el Centro de Emergencias Quilmes y supervis\u00f3 un operativo de seguridad en la zona oeste - Tres Lineas Noticias<\/title>\n<meta name=\"robots\" content=\"index, follow, max-snippet:-1, max-image-preview:large, max-video-preview:-1\" \/>\n<link rel=\"canonical\" href=\"https:\/\/treslineasnoticias.com.ar\/?p=19233\" \/>\n<meta property=\"og:locale\" content=\"es_ES\" \/>\n<meta property=\"og:type\" content=\"article\" \/>\n<meta property=\"og:title\" content=\"Mayra recorri\u00f3 el Centro de Emergencias Quilmes y supervis\u00f3 un operativo de seguridad en la zona oeste - Tres Lineas Noticias\" \/>\n<meta property=\"og:description\" content=\"La intendenta de Quilmes, Mayra Mendoza, recorri\u00f3 este martes el Centro de Emergencias local (CEQ), ubicado en Quilmes Oeste y presenci\u00f3 un operativo de seguridad motorizado organizado por la comisar\u00eda Quilmes 9\u00aa (Quilmes y Ezpeleta Oeste). La Jefa comunal supervis\u00f3 en primera instancia el procedimiento desarrollado por personal policial y luego fue recibida por autoridades [&hellip;]\" \/>\n<meta property=\"og:url\" content=\"https:\/\/treslineasnoticias.com.ar\/?p=19233\" \/>\n<meta property=\"og:site_name\" content=\"Tres Lineas Noticias\" \/>\n<meta property=\"article:published_time\" content=\"2025-10-07T22:34:23+00:00\" \/>\n<meta property=\"article:modified_time\" content=\"2025-10-07T22:34:25+00:00\" \/>\n<meta property=\"og:image\" content=\"http:\/\/treslineasnoticias.com.ar\/wp-content\/uploads\/2025\/10\/2-5.jpeg\" \/>\n\t<meta property=\"og:image:width\" content=\"855\" \/>\n\t<meta property=\"og:image:height\" content=\"571\" \/>\n\t<meta property=\"og:image:type\" content=\"image\/jpeg\" \/>\n<meta name=\"author\" content=\"Horacio L\u00f3pez\" \/>\n<meta name=\"twitter:card\" content=\"summary_large_image\" \/>\n<meta name=\"twitter:label1\" content=\"Escrito por\" \/>\n\t<meta name=\"twitter:data1\" content=\"Horacio L\u00f3pez\" \/>\n\t<meta name=\"twitter:label2\" content=\"Tiempo de lectura\" \/>\n\t<meta name=\"twitter:data2\" content=\"4 minutos\" \/>\n<script type=\"application\/ld+json\" class=\"yoast-schema-graph\">{\"@context\":\"https:\/\/schema.org\",\"@graph\":[{\"@type\":\"WebPage\",\"@id\":\"https:\/\/treslineasnoticias.com.ar\/?p=19233\",\"url\":\"https:\/\/treslineasnoticias.com.ar\/?p=19233\",\"name\":\"Mayra recorri\u00f3 el Centro de Emergencias Quilmes y supervis\u00f3 un operativo de seguridad en la zona oeste - Tres Lineas Noticias\",\"isPartOf\":{\"@id\":\"https:\/\/treslineasnoticias.com.ar\/#website\"},\"primaryImageOfPage\":{\"@id\":\"https:\/\/treslineasnoticias.com.ar\/?p=19233#primaryimage\"},\"image\":{\"@id\":\"https:\/\/treslineasnoticias.com.ar\/?p=19233#primaryimage\"},\"thumbnailUrl\":\"https:\/\/treslineasnoticias.com.ar\/wp-content\/uploads\/2025\/10\/2-5.jpeg\",\"datePublished\":\"2025-10-07T22:34:23+00:00\",\"dateModified\":\"2025-10-07T22:34:25+00:00\",\"author\":{\"@id\":\"https:\/\/treslineasnoticias.com.ar\/#\/schema\/person\/c5f7249e50517b84c2379b145ca14895\"},\"breadcrumb\":{\"@id\":\"https:\/\/treslineasnoticias.com.ar\/?p=19233#breadcrumb\"},\"inLanguage\":\"es\",\"potentialAction\":[{\"@type\":\"ReadAction\",\"target\":[\"https:\/\/treslineasnoticias.com.ar\/?p=19233\"]}]},{\"@type\":\"ImageObject\",\"inLanguage\":\"es\",\"@id\":\"https:\/\/treslineasnoticias.com.ar\/?p=19233#primaryimage\",\"url\":\"https:\/\/treslineasnoticias.com.ar\/wp-content\/uploads\/2025\/10\/2-5.jpeg\",\"contentUrl\":\"https:\/\/treslineasnoticias.com.ar\/wp-content\/uploads\/2025\/10\/2-5.jpeg\",\"width\":855,\"height\":571},{\"@type\":\"BreadcrumbList\",\"@id\":\"https:\/\/treslineasnoticias.com.ar\/?p=19233#breadcrumb\",\"itemListElement\":[{\"@type\":\"ListItem\",\"position\":1,\"name\":\"Portada\",\"item\":\"https:\/\/treslineasnoticias.com.ar\/\"},{\"@type\":\"ListItem\",\"position\":2,\"name\":\"Mayra recorri\u00f3 el Centro de Emergencias Quilmes y supervis\u00f3 un operativo de seguridad en la zona oeste\"}]},{\"@type\":\"WebSite\",\"@id\":\"https:\/\/treslineasnoticias.com.ar\/#website\",\"url\":\"https:\/\/treslineasnoticias.com.ar\/\",\"name\":\"Tres Lineas Noticias\",\"description\":\"\",\"potentialAction\":[{\"@type\":\"SearchAction\",\"target\":{\"@type\":\"EntryPoint\",\"urlTemplate\":\"https:\/\/treslineasnoticias.com.ar\/?s={search_term_string}\"},\"query-input\":{\"@type\":\"PropertyValueSpecification\",\"valueRequired\":true,\"valueName\":\"search_term_string\"}}],\"inLanguage\":\"es\"},{\"@type\":\"Person\",\"@id\":\"https:\/\/treslineasnoticias.com.ar\/#\/schema\/person\/c5f7249e50517b84c2379b145ca14895\",\"name\":\"Horacio L\u00f3pez\",\"image\":{\"@type\":\"ImageObject\",\"inLanguage\":\"es\",\"@id\":\"https:\/\/treslineasnoticias.com.ar\/#\/schema\/person\/image\/\",\"url\":\"https:\/\/treslineasnoticias.com.ar\/wp-content\/litespeed\/avatar\/ddbec442f0224f940ce000570a0cb216.jpg?ver=1777068930\",\"contentUrl\":\"https:\/\/treslineasnoticias.com.ar\/wp-content\/litespeed\/avatar\/ddbec442f0224f940ce000570a0cb216.jpg?ver=1777068930\",\"caption\":\"Horacio L\u00f3pez\"},\"sameAs\":[\"http:\/\/treslineasnoticias.com.ar\"],\"url\":\"https:\/\/treslineasnoticias.com.ar\/?author=3\"}]}<\/script>\n<!-- \/ Yoast SEO plugin. -->","yoast_head_json":{"title":"Mayra recorri\u00f3 el Centro de Emergencias Quilmes y supervis\u00f3 un operativo de seguridad en la zona oeste - Tres Lineas Noticias","robots":{"index":"index","follow":"follow","max-snippet":"max-snippet:-1","max-image-preview":"max-image-preview:large","max-video-preview":"max-video-preview:-1"},"canonical":"https:\/\/treslineasnoticias.com.ar\/?p=19233","og_locale":"es_ES","og_type":"article","og_title":"Mayra recorri\u00f3 el Centro de Emergencias Quilmes y supervis\u00f3 un operativo de seguridad en la zona oeste - Tres Lineas Noticias","og_description":"La intendenta de Quilmes, Mayra Mendoza, recorri\u00f3 este martes el Centro de Emergencias local (CEQ), ubicado en Quilmes Oeste y presenci\u00f3 un operativo de seguridad motorizado organizado por la comisar\u00eda Quilmes 9\u00aa (Quilmes y Ezpeleta Oeste). La Jefa comunal supervis\u00f3 en primera instancia el procedimiento desarrollado por personal policial y luego fue recibida por autoridades [&hellip;]","og_url":"https:\/\/treslineasnoticias.com.ar\/?p=19233","og_site_name":"Tres Lineas Noticias","article_published_time":"2025-10-07T22:34:23+00:00","article_modified_time":"2025-10-07T22:34:25+00:00","og_image":[{"width":855,"height":571,"url":"http:\/\/treslineasnoticias.com.ar\/wp-content\/uploads\/2025\/10\/2-5.jpeg","type":"image\/jpeg"}],"author":"Horacio L\u00f3pez","twitter_card":"summary_large_image","twitter_misc":{"Escrito por":"Horacio L\u00f3pez","Tiempo de lectura":"4 minutos"},"schema":{"@context":"https:\/\/schema.org","@graph":[{"@type":"WebPage","@id":"https:\/\/treslineasnoticias.com.ar\/?p=19233","url":"https:\/\/treslineasnoticias.com.ar\/?p=19233","name":"Mayra recorri\u00f3 el Centro de Emergencias Quilmes y supervis\u00f3 un operativo de seguridad en la zona oeste - Tres Lineas Noticias","isPartOf":{"@id":"https:\/\/treslineasnoticias.com.ar\/#website"},"primaryImageOfPage":{"@id":"https:\/\/treslineasnoticias.com.ar\/?p=19233#primaryimage"},"image":{"@id":"https:\/\/treslineasnoticias.com.ar\/?p=19233#primaryimage"},"thumbnailUrl":"https:\/\/treslineasnoticias.com.ar\/wp-content\/uploads\/2025\/10\/2-5.jpeg","datePublished":"2025-10-07T22:34:23+00:00","dateModified":"2025-10-07T22:34:25+00:00","author":{"@id":"https:\/\/treslineasnoticias.com.ar\/#\/schema\/person\/c5f7249e50517b84c2379b145ca14895"},"breadcrumb":{"@id":"https:\/\/treslineasnoticias.com.ar\/?p=19233#breadcrumb"},"inLanguage":"es","potentialAction":[{"@type":"ReadAction","target":["https:\/\/treslineasnoticias.com.ar\/?p=19233"]}]},{"@type":"ImageObject","inLanguage":"es","@id":"https:\/\/treslineasnoticias.com.ar\/?p=19233#primaryimage","url":"https:\/\/treslineasnoticias.com.ar\/wp-content\/uploads\/2025\/10\/2-5.jpeg","contentUrl":"https:\/\/treslineasnoticias.com.ar\/wp-content\/uploads\/2025\/10\/2-5.jpeg","width":855,"height":571},{"@type":"BreadcrumbList","@id":"https:\/\/treslineasnoticias.com.ar\/?p=19233#breadcrumb","itemListElement":[{"@type":"ListItem","position":1,"name":"Portada","item":"https:\/\/treslineasnoticias.com.ar\/"},{"@type":"ListItem","position":2,"name":"Mayra recorri\u00f3 el Centro de Emergencias Quilmes y supervis\u00f3 un operativo de seguridad en la zona oeste"}]},{"@type":"WebSite","@id":"https:\/\/treslineasnoticias.com.ar\/#website","url":"https:\/\/treslineasnoticias.com.ar\/","name":"Tres Lineas Noticias","description":"","potentialAction":[{"@type":"SearchAction","target":{"@type":"EntryPoint","urlTemplate":"https:\/\/treslineasnoticias.com.ar\/?s={search_term_string}"},"query-input":{"@type":"PropertyValueSpecification","valueRequired":true,"valueName":"search_term_string"}}],"inLanguage":"es"},{"@type":"Person","@id":"https:\/\/treslineasnoticias.com.ar\/#\/schema\/person\/c5f7249e50517b84c2379b145ca14895","name":"Horacio L\u00f3pez","image":{"@type":"ImageObject","inLanguage":"es","@id":"https:\/\/treslineasnoticias.com.ar\/#\/schema\/person\/image\/","url":"https:\/\/treslineasnoticias.com.ar\/wp-content\/litespeed\/avatar\/ddbec442f0224f940ce000570a0cb216.jpg?ver=1777068930","contentUrl":"https:\/\/treslineasnoticias.com.ar\/wp-content\/litespeed\/avatar\/ddbec442f0224f940ce000570a0cb216.jpg?ver=1777068930","caption":"Horacio L\u00f3pez"},"sameAs":["http:\/\/treslineasnoticias.com.ar"],"url":"https:\/\/treslineasnoticias.com.ar\/?author=3"}]}},"jetpack_featured_media_url":"https:\/\/treslineasnoticias.com.ar\/wp-content\/uploads\/2025\/10\/2-5.jpeg","jetpack_sharing_enabled":true,"_links":{"self":[{"href":"https:\/\/treslineasnoticias.com.ar\/index.php?rest_route=\/wp\/v2\/posts\/19233","targetHints":{"allow":["GET"]}}],"collection":[{"href":"https:\/\/treslineasnoticias.com.ar\/index.php?rest_route=\/wp\/v2\/posts"}],"about":[{"href":"https:\/\/treslineasnoticias.com.ar\/index.php?rest_route=\/wp\/v2\/types\/post"}],"author":[{"embeddable":true,"href":"https:\/\/treslineasnoticias.com.ar\/index.php?rest_route=\/wp\/v2\/users\/3"}],"replies":[{"embeddable":true,"href":"https:\/\/treslineasnoticias.com.ar\/index.php?rest_route=%2Fwp%2Fv2%2Fcomments&post=19233"}],"version-history":[{"count":1,"href":"https:\/\/treslineasnoticias.com.ar\/index.php?rest_route=\/wp\/v2\/posts\/19233\/revisions"}],"predecessor-version":[{"id":19238,"href":"https:\/\/treslineasnoticias.com.ar\/index.php?rest_route=\/wp\/v2\/posts\/19233\/revisions\/19238"}],"wp:featuredmedia":[{"embeddable":true,"href":"https:\/\/treslineasnoticias.com.ar\/index.php?rest_route=\/wp\/v2\/media\/19237"}],"wp:attachment":[{"href":"https:\/\/treslineasnoticias.com.ar\/index.php?rest_route=%2Fwp%2Fv2%2Fmedia&parent=19233"}],"wp:term":[{"taxonomy":"category","embeddable":true,"href":"https:\/\/treslineasnoticias.com.ar\/index.php?rest_route=%2Fwp%2Fv2%2Fcategories&post=19233"},{"taxonomy":"post_tag","embeddable":true,"href":"https:\/\/treslineasnoticias.com.ar\/index.php?rest_route=%2Fwp%2Fv2%2Ftags&post=19233"}],"curies":[{"name":"wp","href":"https:\/\/api.w.org\/{rel}","templated":true}]}}