{"id":19252,"date":"2025-10-08T19:13:39","date_gmt":"2025-10-08T22:13:39","guid":{"rendered":"https:\/\/treslineasnoticias.com.ar\/?p=19252"},"modified":"2025-10-08T19:13:40","modified_gmt":"2025-10-08T22:13:40","slug":"mayra-encabezo-la-visita-educativa-no-100-al-eco-parque-junto-a-alumnos-y-alumnas-de-la-escuela-primaria-no-49-de-ezpeleta","status":"publish","type":"post","link":"https:\/\/treslineasnoticias.com.ar\/?p=19252","title":{"rendered":"Mayra\u00a0encabez\u00f3 la visita educativa N\u00ba 100 al Eco Parque junto a alumnos y alumnas de la Escuela Primaria N\u00ba 49 de Ezpeleta"},"content":{"rendered":"\n<p><strong><em>La intendenta de Quilmes, Mayra Mendoza, particip\u00f3 este mi\u00e9rcoles junto a 30 alumnos y alumnas de la Escuela Primaria N\u00ba 49 de Ezpeleta, de la visita educativa N\u00ba 100 al predio del Complejo Socio Ambiental Eco Parque Quilmes, ubicado en la avenida Italia 487, en el barrio La Ribera, en Quilmes Este, con el objetivo de fomentar y promover la educaci\u00f3n, la conciencia y el compromiso ambiental junto a la comunidad educativa.<\/em><\/strong><\/p>\n\n\n\n<figure class=\"wp-block-image size-full\"><img loading=\"lazy\" decoding=\"async\" width=\"855\" height=\"571\" src=\"http:\/\/treslineasnoticias.com.ar\/wp-content\/uploads\/2025\/10\/MAYRA-ENCABEZO-LA-VISITA-EDUCATIVA-No-100-AL-ECO-PARQUE-JUNTO-A-ALUMNOS-Y-ALUMNAS-DE-LA-ESCUELA-PRIMARIA-No-49-DE-EZPELETA-3.jpeg\" alt=\"\" class=\"wp-image-19255\" srcset=\"https:\/\/treslineasnoticias.com.ar\/wp-content\/uploads\/2025\/10\/MAYRA-ENCABEZO-LA-VISITA-EDUCATIVA-No-100-AL-ECO-PARQUE-JUNTO-A-ALUMNOS-Y-ALUMNAS-DE-LA-ESCUELA-PRIMARIA-No-49-DE-EZPELETA-3.jpeg 855w, https:\/\/treslineasnoticias.com.ar\/wp-content\/uploads\/2025\/10\/MAYRA-ENCABEZO-LA-VISITA-EDUCATIVA-No-100-AL-ECO-PARQUE-JUNTO-A-ALUMNOS-Y-ALUMNAS-DE-LA-ESCUELA-PRIMARIA-No-49-DE-EZPELETA-3-300x200.jpeg 300w, https:\/\/treslineasnoticias.com.ar\/wp-content\/uploads\/2025\/10\/MAYRA-ENCABEZO-LA-VISITA-EDUCATIVA-No-100-AL-ECO-PARQUE-JUNTO-A-ALUMNOS-Y-ALUMNAS-DE-LA-ESCUELA-PRIMARIA-No-49-DE-EZPELETA-3-768x513.jpeg 768w\" sizes=\"auto, (max-width: 855px) 100vw, 855px\" \/><\/figure>\n\n\n\n<p>\u201cAcompa\u00f1amos a los chicos y chicas de la EP N\u00ba 49 a la visita de este espacio que pone en valor el trabajo colectivo y el compromiso con nuestra casa com\u00fan. En este lugar funcionan plantas de clasificaci\u00f3n, compostaje y revalorizaci\u00f3n de residuos, que reducen hasta un 35% lo que antes se enviaba, a diario, al CEAMSE. Cada recorrido despierta conciencia y acerca a las nuevas generaciones al desaf\u00edo de construir el Quilmes limpio que so\u00f1amos\u201d, destac\u00f3 Mayra, acompa\u00f1ada por el secretario de Ambiente y Gesti\u00f3n Integral de Residuos S\u00f3lidos Urbanos (GIRSU), Roberto Gaudio, y su par de Educaci\u00f3n, Culturas y Deportes, Joaqu\u00edn Desmery.<\/p>\n\n\n\n<p>Durante la jornada, se realiz\u00f3 una presentaci\u00f3n de informes y datos del Eco Parque a cargo de la Secretar\u00eda de Ambiente y GIRSU, y luego se procedi\u00f3 con el recorrido de la planta, en el que los presentes divisaron la separaci\u00f3n de materiales, el funcionamiento del lugar, as\u00ed como del cami\u00f3n prensador y la planta de transferencia.<\/p>\n\n\n\n<p>En este marco, Roberto Gaudio expres\u00f3: \u201cEs muy importante para nosotros que tanto los ni\u00f1os como aquellas instituciones que quieran conocer este lugar lo puedan hacer, que puedan saber que existe y que est\u00e1 en Quilmes, que por decisi\u00f3n pol\u00edtica de nuestra Intendenta hoy es el Eco Parque m\u00e1s grande de la Argentina gestionado por el Estado Municipal, y que adem\u00e1s genere la conciencia necesaria en nuestros vecinos y vecinas de lo importante de este proceso de econom\u00eda circular que estamos iniciando\u201d.<\/p>\n\n\n\n<figure class=\"wp-block-image size-full\"><img loading=\"lazy\" decoding=\"async\" width=\"855\" height=\"571\" src=\"http:\/\/treslineasnoticias.com.ar\/wp-content\/uploads\/2025\/10\/MAYRA-ENCABEZO-LA-VISITA-EDUCATIVA-No-100-AL-ECO-PARQUE-JUNTO-A-ALUMNOS-Y-ALUMNAS-DE-LA-ESCUELA-PRIMARIA-No-49-DE-EZPELETA-1.jpeg\" alt=\"\" class=\"wp-image-19254\" srcset=\"https:\/\/treslineasnoticias.com.ar\/wp-content\/uploads\/2025\/10\/MAYRA-ENCABEZO-LA-VISITA-EDUCATIVA-No-100-AL-ECO-PARQUE-JUNTO-A-ALUMNOS-Y-ALUMNAS-DE-LA-ESCUELA-PRIMARIA-No-49-DE-EZPELETA-1.jpeg 855w, https:\/\/treslineasnoticias.com.ar\/wp-content\/uploads\/2025\/10\/MAYRA-ENCABEZO-LA-VISITA-EDUCATIVA-No-100-AL-ECO-PARQUE-JUNTO-A-ALUMNOS-Y-ALUMNAS-DE-LA-ESCUELA-PRIMARIA-No-49-DE-EZPELETA-1-300x200.jpeg 300w, https:\/\/treslineasnoticias.com.ar\/wp-content\/uploads\/2025\/10\/MAYRA-ENCABEZO-LA-VISITA-EDUCATIVA-No-100-AL-ECO-PARQUE-JUNTO-A-ALUMNOS-Y-ALUMNAS-DE-LA-ESCUELA-PRIMARIA-No-49-DE-EZPELETA-1-768x513.jpeg 768w\" sizes=\"auto, (max-width: 855px) 100vw, 855px\" \/><\/figure>\n\n\n\n<p>A su vez, Micaela Lescano, docente de la EP N\u00ba 49, asever\u00f3: \u201cLa verdad que el recorrido fue muy din\u00e1mico, los chicos se divirtieron y pudieron participar, y esto fue importante para continuar el aprendizaje de c\u00f3mo cuidar el ambiente, que es algo que trabajamos en la escuela continuamente; tambi\u00e9n concientizar sobre el tema del reciclado y la separaci\u00f3n de residuos\u201d.<\/p>\n\n\n\n<p>La visita de hoy se dio en el marco del programa de Salidas Educativas \u201cQuilmes conoce Quilmes\u201d, llevado adelante por el Municipio desde 2022, y mediante el cual se ofrece a las escuelas de nuestro distrito opciones recreativas, educativas y culturales para favorecer los aprendizajes y fortalecer la identidad quilme\u00f1a. En lo que va del a\u00f1o se lleg\u00f3 a 450 salidas educativas, mientras que en 2024 se hicieron 504 salidas educativas que disfrutaron en total 15.100 estudiantes de todos los niveles y modalidades del distrito.<\/p>\n\n\n\n<figure class=\"wp-block-image size-full\"><img loading=\"lazy\" decoding=\"async\" width=\"855\" height=\"571\" src=\"http:\/\/treslineasnoticias.com.ar\/wp-content\/uploads\/2025\/10\/MAYRA-ENCABEZO-LA-VISITA-EDUCATIVA-No-100-AL-ECO-PARQUE-JUNTO-A-ALUMNOS-Y-ALUMNAS-DE-LA-ESCUELA-PRIMARIA-No-49-DE-EZPELETA-2.jpeg\" alt=\"\" class=\"wp-image-19253\" srcset=\"https:\/\/treslineasnoticias.com.ar\/wp-content\/uploads\/2025\/10\/MAYRA-ENCABEZO-LA-VISITA-EDUCATIVA-No-100-AL-ECO-PARQUE-JUNTO-A-ALUMNOS-Y-ALUMNAS-DE-LA-ESCUELA-PRIMARIA-No-49-DE-EZPELETA-2.jpeg 855w, https:\/\/treslineasnoticias.com.ar\/wp-content\/uploads\/2025\/10\/MAYRA-ENCABEZO-LA-VISITA-EDUCATIVA-No-100-AL-ECO-PARQUE-JUNTO-A-ALUMNOS-Y-ALUMNAS-DE-LA-ESCUELA-PRIMARIA-No-49-DE-EZPELETA-2-300x200.jpeg 300w, https:\/\/treslineasnoticias.com.ar\/wp-content\/uploads\/2025\/10\/MAYRA-ENCABEZO-LA-VISITA-EDUCATIVA-No-100-AL-ECO-PARQUE-JUNTO-A-ALUMNOS-Y-ALUMNAS-DE-LA-ESCUELA-PRIMARIA-No-49-DE-EZPELETA-2-768x513.jpeg 768w\" sizes=\"auto, (max-width: 855px) 100vw, 855px\" \/><\/figure>\n\n\n\n<p>El Eco Parque de Quilmes fue inaugurado en marzo de 2024 y es un complejo de tratamiento de residuos que incluye plantas de compostaje, separaci\u00f3n, acopio y reciclaje de neum\u00e1ticos, dise\u00f1ado para minimizar el enterramiento de basura mediante la promoci\u00f3n de la separaci\u00f3n en origen. Se destaca por su enfoque en la sostenibilidad con instalaciones como el uso de energ\u00eda solar, recolecci\u00f3n de agua de lluvia y la gesti\u00f3n de lixiviados.<\/p>\n\n\n\n<p>Tambi\u00e9n estuvieron presentes la titular del bloque de conejales de Uni\u00f3n por la Patria local, Eva Mieri, y el concejal Ezequiel Arauz.<\/p>\n","protected":false},"excerpt":{"rendered":"<p>La intendenta de Quilmes, Mayra Mendoza, particip\u00f3 este mi\u00e9rcoles junto a 30 alumnos y alumnas de la Escuela Primaria N\u00ba 49 de Ezpeleta, de la visita educativa N\u00ba 100 al predio del Complejo Socio Ambiental Eco Parque Quilmes, ubicado en la avenida Italia 487, en el barrio La Ribera, en Quilmes Este, con el objetivo [&hellip;]<\/p>\n","protected":false},"author":3,"featured_media":19256,"comment_status":"open","ping_status":"open","sticky":false,"template":"","format":"standard","meta":{"_jetpack_memberships_contains_paid_content":false,"footnotes":""},"categories":[5],"tags":[],"class_list":["post-19252","post","type-post","status-publish","format-standard","has-post-thumbnail","hentry","category-quilmes"],"yoast_head":"<!-- This site is optimized with the Yoast SEO plugin v24.7 - https:\/\/yoast.com\/wordpress\/plugins\/seo\/ -->\n<title>Mayra\u00a0encabez\u00f3 la visita educativa N\u00ba 100 al Eco Parque junto a alumnos y alumnas de la Escuela Primaria N\u00ba 49 de Ezpeleta - Tres Lineas Noticias<\/title>\n<meta name=\"robots\" content=\"index, follow, max-snippet:-1, max-image-preview:large, max-video-preview:-1\" \/>\n<link rel=\"canonical\" href=\"https:\/\/treslineasnoticias.com.ar\/?p=19252\" \/>\n<meta property=\"og:locale\" content=\"es_ES\" \/>\n<meta property=\"og:type\" content=\"article\" \/>\n<meta property=\"og:title\" content=\"Mayra\u00a0encabez\u00f3 la visita educativa N\u00ba 100 al Eco Parque junto a alumnos y alumnas de la Escuela Primaria N\u00ba 49 de Ezpeleta - Tres Lineas Noticias\" \/>\n<meta property=\"og:description\" content=\"La intendenta de Quilmes, Mayra Mendoza, particip\u00f3 este mi\u00e9rcoles junto a 30 alumnos y alumnas de la Escuela Primaria N\u00ba 49 de Ezpeleta, de la visita educativa N\u00ba 100 al predio del Complejo Socio Ambiental Eco Parque Quilmes, ubicado en la avenida Italia 487, en el barrio La Ribera, en Quilmes Este, con el objetivo [&hellip;]\" \/>\n<meta property=\"og:url\" content=\"https:\/\/treslineasnoticias.com.ar\/?p=19252\" \/>\n<meta property=\"og:site_name\" content=\"Tres Lineas Noticias\" \/>\n<meta property=\"article:published_time\" content=\"2025-10-08T22:13:39+00:00\" \/>\n<meta property=\"article:modified_time\" content=\"2025-10-08T22:13:40+00:00\" \/>\n<meta property=\"og:image\" content=\"http:\/\/treslineasnoticias.com.ar\/wp-content\/uploads\/2025\/10\/MAYRA-ENCABEZO-LA-VISITA-EDUCATIVA-No-100-AL-ECO-PARQUE-JUNTO-A-ALUMNOS-Y-ALUMNAS-DE-LA-ESCUELA-PRIMARIA-No-49-DE-EZPELETA-4.jpeg\" \/>\n\t<meta property=\"og:image:width\" content=\"855\" \/>\n\t<meta property=\"og:image:height\" content=\"571\" \/>\n\t<meta property=\"og:image:type\" content=\"image\/jpeg\" \/>\n<meta name=\"author\" content=\"Horacio L\u00f3pez\" \/>\n<meta name=\"twitter:card\" content=\"summary_large_image\" \/>\n<meta name=\"twitter:label1\" content=\"Escrito por\" \/>\n\t<meta name=\"twitter:data1\" content=\"Horacio L\u00f3pez\" \/>\n\t<meta name=\"twitter:label2\" content=\"Tiempo de lectura\" \/>\n\t<meta name=\"twitter:data2\" content=\"4 minutos\" \/>\n<script type=\"application\/ld+json\" class=\"yoast-schema-graph\">{\"@context\":\"https:\/\/schema.org\",\"@graph\":[{\"@type\":\"WebPage\",\"@id\":\"https:\/\/treslineasnoticias.com.ar\/?p=19252\",\"url\":\"https:\/\/treslineasnoticias.com.ar\/?p=19252\",\"name\":\"Mayra\u00a0encabez\u00f3 la visita educativa N\u00ba 100 al Eco Parque junto a alumnos y alumnas de la Escuela Primaria N\u00ba 49 de Ezpeleta - Tres Lineas Noticias\",\"isPartOf\":{\"@id\":\"https:\/\/treslineasnoticias.com.ar\/#website\"},\"primaryImageOfPage\":{\"@id\":\"https:\/\/treslineasnoticias.com.ar\/?p=19252#primaryimage\"},\"image\":{\"@id\":\"https:\/\/treslineasnoticias.com.ar\/?p=19252#primaryimage\"},\"thumbnailUrl\":\"https:\/\/treslineasnoticias.com.ar\/wp-content\/uploads\/2025\/10\/MAYRA-ENCABEZO-LA-VISITA-EDUCATIVA-No-100-AL-ECO-PARQUE-JUNTO-A-ALUMNOS-Y-ALUMNAS-DE-LA-ESCUELA-PRIMARIA-No-49-DE-EZPELETA-4.jpeg\",\"datePublished\":\"2025-10-08T22:13:39+00:00\",\"dateModified\":\"2025-10-08T22:13:40+00:00\",\"author\":{\"@id\":\"https:\/\/treslineasnoticias.com.ar\/#\/schema\/person\/c5f7249e50517b84c2379b145ca14895\"},\"breadcrumb\":{\"@id\":\"https:\/\/treslineasnoticias.com.ar\/?p=19252#breadcrumb\"},\"inLanguage\":\"es\",\"potentialAction\":[{\"@type\":\"ReadAction\",\"target\":[\"https:\/\/treslineasnoticias.com.ar\/?p=19252\"]}]},{\"@type\":\"ImageObject\",\"inLanguage\":\"es\",\"@id\":\"https:\/\/treslineasnoticias.com.ar\/?p=19252#primaryimage\",\"url\":\"https:\/\/treslineasnoticias.com.ar\/wp-content\/uploads\/2025\/10\/MAYRA-ENCABEZO-LA-VISITA-EDUCATIVA-No-100-AL-ECO-PARQUE-JUNTO-A-ALUMNOS-Y-ALUMNAS-DE-LA-ESCUELA-PRIMARIA-No-49-DE-EZPELETA-4.jpeg\",\"contentUrl\":\"https:\/\/treslineasnoticias.com.ar\/wp-content\/uploads\/2025\/10\/MAYRA-ENCABEZO-LA-VISITA-EDUCATIVA-No-100-AL-ECO-PARQUE-JUNTO-A-ALUMNOS-Y-ALUMNAS-DE-LA-ESCUELA-PRIMARIA-No-49-DE-EZPELETA-4.jpeg\",\"width\":855,\"height\":571},{\"@type\":\"BreadcrumbList\",\"@id\":\"https:\/\/treslineasnoticias.com.ar\/?p=19252#breadcrumb\",\"itemListElement\":[{\"@type\":\"ListItem\",\"position\":1,\"name\":\"Portada\",\"item\":\"https:\/\/treslineasnoticias.com.ar\/\"},{\"@type\":\"ListItem\",\"position\":2,\"name\":\"Mayra\u00a0encabez\u00f3 la visita educativa N\u00ba 100 al Eco Parque junto a alumnos y alumnas de la Escuela Primaria N\u00ba 49 de Ezpeleta\"}]},{\"@type\":\"WebSite\",\"@id\":\"https:\/\/treslineasnoticias.com.ar\/#website\",\"url\":\"https:\/\/treslineasnoticias.com.ar\/\",\"name\":\"Tres Lineas Noticias\",\"description\":\"\",\"potentialAction\":[{\"@type\":\"SearchAction\",\"target\":{\"@type\":\"EntryPoint\",\"urlTemplate\":\"https:\/\/treslineasnoticias.com.ar\/?s={search_term_string}\"},\"query-input\":{\"@type\":\"PropertyValueSpecification\",\"valueRequired\":true,\"valueName\":\"search_term_string\"}}],\"inLanguage\":\"es\"},{\"@type\":\"Person\",\"@id\":\"https:\/\/treslineasnoticias.com.ar\/#\/schema\/person\/c5f7249e50517b84c2379b145ca14895\",\"name\":\"Horacio L\u00f3pez\",\"image\":{\"@type\":\"ImageObject\",\"inLanguage\":\"es\",\"@id\":\"https:\/\/treslineasnoticias.com.ar\/#\/schema\/person\/image\/\",\"url\":\"https:\/\/treslineasnoticias.com.ar\/wp-content\/litespeed\/avatar\/ddbec442f0224f940ce000570a0cb216.jpg?ver=1777068930\",\"contentUrl\":\"https:\/\/treslineasnoticias.com.ar\/wp-content\/litespeed\/avatar\/ddbec442f0224f940ce000570a0cb216.jpg?ver=1777068930\",\"caption\":\"Horacio L\u00f3pez\"},\"sameAs\":[\"http:\/\/treslineasnoticias.com.ar\"],\"url\":\"https:\/\/treslineasnoticias.com.ar\/?author=3\"}]}<\/script>\n<!-- \/ Yoast SEO plugin. -->","yoast_head_json":{"title":"Mayra\u00a0encabez\u00f3 la visita educativa N\u00ba 100 al Eco Parque junto a alumnos y alumnas de la Escuela Primaria N\u00ba 49 de Ezpeleta - Tres Lineas Noticias","robots":{"index":"index","follow":"follow","max-snippet":"max-snippet:-1","max-image-preview":"max-image-preview:large","max-video-preview":"max-video-preview:-1"},"canonical":"https:\/\/treslineasnoticias.com.ar\/?p=19252","og_locale":"es_ES","og_type":"article","og_title":"Mayra\u00a0encabez\u00f3 la visita educativa N\u00ba 100 al Eco Parque junto a alumnos y alumnas de la Escuela Primaria N\u00ba 49 de Ezpeleta - Tres Lineas Noticias","og_description":"La intendenta de Quilmes, Mayra Mendoza, particip\u00f3 este mi\u00e9rcoles junto a 30 alumnos y alumnas de la Escuela Primaria N\u00ba 49 de Ezpeleta, de la visita educativa N\u00ba 100 al predio del Complejo Socio Ambiental Eco Parque Quilmes, ubicado en la avenida Italia 487, en el barrio La Ribera, en Quilmes Este, con el objetivo [&hellip;]","og_url":"https:\/\/treslineasnoticias.com.ar\/?p=19252","og_site_name":"Tres Lineas Noticias","article_published_time":"2025-10-08T22:13:39+00:00","article_modified_time":"2025-10-08T22:13:40+00:00","og_image":[{"width":855,"height":571,"url":"http:\/\/treslineasnoticias.com.ar\/wp-content\/uploads\/2025\/10\/MAYRA-ENCABEZO-LA-VISITA-EDUCATIVA-No-100-AL-ECO-PARQUE-JUNTO-A-ALUMNOS-Y-ALUMNAS-DE-LA-ESCUELA-PRIMARIA-No-49-DE-EZPELETA-4.jpeg","type":"image\/jpeg"}],"author":"Horacio L\u00f3pez","twitter_card":"summary_large_image","twitter_misc":{"Escrito por":"Horacio L\u00f3pez","Tiempo de lectura":"4 minutos"},"schema":{"@context":"https:\/\/schema.org","@graph":[{"@type":"WebPage","@id":"https:\/\/treslineasnoticias.com.ar\/?p=19252","url":"https:\/\/treslineasnoticias.com.ar\/?p=19252","name":"Mayra\u00a0encabez\u00f3 la visita educativa N\u00ba 100 al Eco Parque junto a alumnos y alumnas de la Escuela Primaria N\u00ba 49 de Ezpeleta - Tres Lineas Noticias","isPartOf":{"@id":"https:\/\/treslineasnoticias.com.ar\/#website"},"primaryImageOfPage":{"@id":"https:\/\/treslineasnoticias.com.ar\/?p=19252#primaryimage"},"image":{"@id":"https:\/\/treslineasnoticias.com.ar\/?p=19252#primaryimage"},"thumbnailUrl":"https:\/\/treslineasnoticias.com.ar\/wp-content\/uploads\/2025\/10\/MAYRA-ENCABEZO-LA-VISITA-EDUCATIVA-No-100-AL-ECO-PARQUE-JUNTO-A-ALUMNOS-Y-ALUMNAS-DE-LA-ESCUELA-PRIMARIA-No-49-DE-EZPELETA-4.jpeg","datePublished":"2025-10-08T22:13:39+00:00","dateModified":"2025-10-08T22:13:40+00:00","author":{"@id":"https:\/\/treslineasnoticias.com.ar\/#\/schema\/person\/c5f7249e50517b84c2379b145ca14895"},"breadcrumb":{"@id":"https:\/\/treslineasnoticias.com.ar\/?p=19252#breadcrumb"},"inLanguage":"es","potentialAction":[{"@type":"ReadAction","target":["https:\/\/treslineasnoticias.com.ar\/?p=19252"]}]},{"@type":"ImageObject","inLanguage":"es","@id":"https:\/\/treslineasnoticias.com.ar\/?p=19252#primaryimage","url":"https:\/\/treslineasnoticias.com.ar\/wp-content\/uploads\/2025\/10\/MAYRA-ENCABEZO-LA-VISITA-EDUCATIVA-No-100-AL-ECO-PARQUE-JUNTO-A-ALUMNOS-Y-ALUMNAS-DE-LA-ESCUELA-PRIMARIA-No-49-DE-EZPELETA-4.jpeg","contentUrl":"https:\/\/treslineasnoticias.com.ar\/wp-content\/uploads\/2025\/10\/MAYRA-ENCABEZO-LA-VISITA-EDUCATIVA-No-100-AL-ECO-PARQUE-JUNTO-A-ALUMNOS-Y-ALUMNAS-DE-LA-ESCUELA-PRIMARIA-No-49-DE-EZPELETA-4.jpeg","width":855,"height":571},{"@type":"BreadcrumbList","@id":"https:\/\/treslineasnoticias.com.ar\/?p=19252#breadcrumb","itemListElement":[{"@type":"ListItem","position":1,"name":"Portada","item":"https:\/\/treslineasnoticias.com.ar\/"},{"@type":"ListItem","position":2,"name":"Mayra\u00a0encabez\u00f3 la visita educativa N\u00ba 100 al Eco Parque junto a alumnos y alumnas de la Escuela Primaria N\u00ba 49 de Ezpeleta"}]},{"@type":"WebSite","@id":"https:\/\/treslineasnoticias.com.ar\/#website","url":"https:\/\/treslineasnoticias.com.ar\/","name":"Tres Lineas Noticias","description":"","potentialAction":[{"@type":"SearchAction","target":{"@type":"EntryPoint","urlTemplate":"https:\/\/treslineasnoticias.com.ar\/?s={search_term_string}"},"query-input":{"@type":"PropertyValueSpecification","valueRequired":true,"valueName":"search_term_string"}}],"inLanguage":"es"},{"@type":"Person","@id":"https:\/\/treslineasnoticias.com.ar\/#\/schema\/person\/c5f7249e50517b84c2379b145ca14895","name":"Horacio L\u00f3pez","image":{"@type":"ImageObject","inLanguage":"es","@id":"https:\/\/treslineasnoticias.com.ar\/#\/schema\/person\/image\/","url":"https:\/\/treslineasnoticias.com.ar\/wp-content\/litespeed\/avatar\/ddbec442f0224f940ce000570a0cb216.jpg?ver=1777068930","contentUrl":"https:\/\/treslineasnoticias.com.ar\/wp-content\/litespeed\/avatar\/ddbec442f0224f940ce000570a0cb216.jpg?ver=1777068930","caption":"Horacio L\u00f3pez"},"sameAs":["http:\/\/treslineasnoticias.com.ar"],"url":"https:\/\/treslineasnoticias.com.ar\/?author=3"}]}},"jetpack_featured_media_url":"https:\/\/treslineasnoticias.com.ar\/wp-content\/uploads\/2025\/10\/MAYRA-ENCABEZO-LA-VISITA-EDUCATIVA-No-100-AL-ECO-PARQUE-JUNTO-A-ALUMNOS-Y-ALUMNAS-DE-LA-ESCUELA-PRIMARIA-No-49-DE-EZPELETA-4.jpeg","jetpack_sharing_enabled":true,"_links":{"self":[{"href":"https:\/\/treslineasnoticias.com.ar\/index.php?rest_route=\/wp\/v2\/posts\/19252","targetHints":{"allow":["GET"]}}],"collection":[{"href":"https:\/\/treslineasnoticias.com.ar\/index.php?rest_route=\/wp\/v2\/posts"}],"about":[{"href":"https:\/\/treslineasnoticias.com.ar\/index.php?rest_route=\/wp\/v2\/types\/post"}],"author":[{"embeddable":true,"href":"https:\/\/treslineasnoticias.com.ar\/index.php?rest_route=\/wp\/v2\/users\/3"}],"replies":[{"embeddable":true,"href":"https:\/\/treslineasnoticias.com.ar\/index.php?rest_route=%2Fwp%2Fv2%2Fcomments&post=19252"}],"version-history":[{"count":1,"href":"https:\/\/treslineasnoticias.com.ar\/index.php?rest_route=\/wp\/v2\/posts\/19252\/revisions"}],"predecessor-version":[{"id":19257,"href":"https:\/\/treslineasnoticias.com.ar\/index.php?rest_route=\/wp\/v2\/posts\/19252\/revisions\/19257"}],"wp:featuredmedia":[{"embeddable":true,"href":"https:\/\/treslineasnoticias.com.ar\/index.php?rest_route=\/wp\/v2\/media\/19256"}],"wp:attachment":[{"href":"https:\/\/treslineasnoticias.com.ar\/index.php?rest_route=%2Fwp%2Fv2%2Fmedia&parent=19252"}],"wp:term":[{"taxonomy":"category","embeddable":true,"href":"https:\/\/treslineasnoticias.com.ar\/index.php?rest_route=%2Fwp%2Fv2%2Fcategories&post=19252"},{"taxonomy":"post_tag","embeddable":true,"href":"https:\/\/treslineasnoticias.com.ar\/index.php?rest_route=%2Fwp%2Fv2%2Ftags&post=19252"}],"curies":[{"name":"wp","href":"https:\/\/api.w.org\/{rel}","templated":true}]}}