{"id":19342,"date":"2025-10-09T18:47:31","date_gmt":"2025-10-09T21:47:31","guid":{"rendered":"https:\/\/treslineasnoticias.com.ar\/?p=19342"},"modified":"2025-10-12T18:51:54","modified_gmt":"2025-10-12T21:51:54","slug":"mayra-participo-del-operativo-de-impresion-y-entrega-de-pases-libres-multimodales","status":"publish","type":"post","link":"https:\/\/treslineasnoticias.com.ar\/?p=19342","title":{"rendered":"Mayra particip\u00f3 del operativo de impresi\u00f3n y entrega de pases libres multimodales"},"content":{"rendered":"\n<p><strong><em>La intendenta de Quilmes, Mayra Mendoza, particip\u00f3 este jueves del operativo de impresi\u00f3n y entrega de 350 Pases Libres Multimodales (PLM) que les permiten a las personas con discapacidad viajar gratis en medios de transporte, y que se realiz\u00f3 en el Centro de Producci\u00f3n Audiovisual (CPA) \u201cLeonardo Favio\u201d, ubicado en Chacabuco 600, en Bernal. En este marco, otros 450 pases se imprimir\u00e1n y entregar\u00e1n en breve a trav\u00e9s de la Secretar\u00eda de Ni\u00f1ez y Desarrollo Social, completando un total de 800 destinados a ni\u00f1os y adultos con discapacidad del distrito.<\/em><\/strong><\/p>\n\n\n\n<figure class=\"wp-block-image size-large\"><img loading=\"lazy\" decoding=\"async\" width=\"1024\" height=\"684\" src=\"http:\/\/treslineasnoticias.com.ar\/wp-content\/uploads\/2025\/10\/MAYRA-PARTICIPO-DEL-OPERATIVO-DE-IMPRESION-Y-ENTREGA-DE-PASES-LIBRES-MULTIMODALES-3-1024x684.jpg\" alt=\"\" class=\"wp-image-19345\" srcset=\"https:\/\/treslineasnoticias.com.ar\/wp-content\/uploads\/2025\/10\/MAYRA-PARTICIPO-DEL-OPERATIVO-DE-IMPRESION-Y-ENTREGA-DE-PASES-LIBRES-MULTIMODALES-3-1024x684.jpg 1024w, https:\/\/treslineasnoticias.com.ar\/wp-content\/uploads\/2025\/10\/MAYRA-PARTICIPO-DEL-OPERATIVO-DE-IMPRESION-Y-ENTREGA-DE-PASES-LIBRES-MULTIMODALES-3-300x200.jpg 300w, https:\/\/treslineasnoticias.com.ar\/wp-content\/uploads\/2025\/10\/MAYRA-PARTICIPO-DEL-OPERATIVO-DE-IMPRESION-Y-ENTREGA-DE-PASES-LIBRES-MULTIMODALES-3-768x513.jpg 768w, https:\/\/treslineasnoticias.com.ar\/wp-content\/uploads\/2025\/10\/MAYRA-PARTICIPO-DEL-OPERATIVO-DE-IMPRESION-Y-ENTREGA-DE-PASES-LIBRES-MULTIMODALES-3.jpg 1280w\" sizes=\"auto, (max-width: 1024px) 100vw, 1024px\" \/><\/figure>\n\n\n\n<p>\u201cLos gobiernos tienen que darle resultados a la gente, mejorarle la vida y no perjudicarla. Estamos en tiempos donde es bueno reflexionar sobre lo que nos dieron algunos gobiernos y otros, porque en la pol\u00edtica no somos todos iguales. La pol\u00edtica no es mala ni somos todos malos. Quienes estamos ac\u00e1 paradas representamos una fuerza y un proyecto pol\u00edtico, de trabajo y de gesti\u00f3n\u201d, se\u00f1al\u00f3 Mayra, acompa\u00f1ada por la secretaria de Ni\u00f1ez y Desarrollo Social local, Florencia Di Tullio, y la directora provincial de Pol\u00edticas de G\u00e9nero y Estrategias Inclusivas del Ministerio de Transporte de la Provincia de Buenos Aires, Sibila Botti.<\/p>\n\n\n\n<p>Y destac\u00f3: \u201cLo que necesita esta Argentina para salir adelante es trabajo y buenas personas, de buen coraz\u00f3n, con principios, valores y muchas ganas de que las familias prosperen. Lo m\u00e1s importante son nuestros hijos, son las generaciones venideras, y hay que cuidarlos de los que est\u00e1n queriendo entregar a la Argentina. Por eso, tenemos la posibilidad el 26 de octubre de ejercer nuestro derecho a voto y elegir. No voy a decir qu\u00e9 es lo que tienen que votar pero s\u00ed les pido que lo hagamos con amor, con memoria y en defensa de la Argentina\u201d.<\/p>\n\n\n\n<figure class=\"wp-block-image size-large\"><img loading=\"lazy\" decoding=\"async\" width=\"1024\" height=\"684\" src=\"http:\/\/treslineasnoticias.com.ar\/wp-content\/uploads\/2025\/10\/MAYRA-PARTICIPO-DEL-OPERATIVO-DE-IMPRESION-Y-ENTREGA-DE-PASES-LIBRES-MULTIMODALES-2-1024x684.jpg\" alt=\"\" class=\"wp-image-19343\" srcset=\"https:\/\/treslineasnoticias.com.ar\/wp-content\/uploads\/2025\/10\/MAYRA-PARTICIPO-DEL-OPERATIVO-DE-IMPRESION-Y-ENTREGA-DE-PASES-LIBRES-MULTIMODALES-2-1024x684.jpg 1024w, https:\/\/treslineasnoticias.com.ar\/wp-content\/uploads\/2025\/10\/MAYRA-PARTICIPO-DEL-OPERATIVO-DE-IMPRESION-Y-ENTREGA-DE-PASES-LIBRES-MULTIMODALES-2-300x200.jpg 300w, https:\/\/treslineasnoticias.com.ar\/wp-content\/uploads\/2025\/10\/MAYRA-PARTICIPO-DEL-OPERATIVO-DE-IMPRESION-Y-ENTREGA-DE-PASES-LIBRES-MULTIMODALES-2-768x513.jpg 768w, https:\/\/treslineasnoticias.com.ar\/wp-content\/uploads\/2025\/10\/MAYRA-PARTICIPO-DEL-OPERATIVO-DE-IMPRESION-Y-ENTREGA-DE-PASES-LIBRES-MULTIMODALES-2.jpg 1280w\" sizes=\"auto, (max-width: 1024px) 100vw, 1024px\" \/><\/figure>\n\n\n\n<p>El operativo se llev\u00f3 a cabo con el objetivo de garantizar la continuidad en la tramitaci\u00f3n y entrega de los PLM, que permiten a las personas con discapacidad viajar gratuitamente en los distintos medios de transporte. Esto se da en el marco de la interrupci\u00f3n del acceso del Ministerio de Transporte de la Provincia de Buenos Aires a los registros del RENAPER, decisi\u00f3n del Gobierno Nacional que afect\u00f3 el normal funcionamiento del circuito administrativo.<\/p>\n\n\n\n<p>En este marco, Sibila Botti, coment\u00f3: \u201cEl a\u00f1o pasado el Gobierno Nacional recort\u00f3 un convenio de colaboraci\u00f3n que nos impide contar con la foto de cada solicitante, lo que dej\u00f3 muchos pases pendientes de impresi\u00f3n. Estos operativos son fundamentales para garantizar el derecho a viajar de personas con discapacidad, trasplantadas o en lista de espera\u201d.<\/p>\n\n\n\n<figure class=\"wp-block-image size-large\"><img loading=\"lazy\" decoding=\"async\" width=\"1024\" height=\"684\" src=\"http:\/\/treslineasnoticias.com.ar\/wp-content\/uploads\/2025\/10\/MAYRA-PARTICIPO-DEL-OPERATIVO-DE-IMPRESION-Y-ENTREGA-DE-PASES-LIBRES-MULTIMODALES-1-1024x684.jpg\" alt=\"\" class=\"wp-image-19344\" srcset=\"https:\/\/treslineasnoticias.com.ar\/wp-content\/uploads\/2025\/10\/MAYRA-PARTICIPO-DEL-OPERATIVO-DE-IMPRESION-Y-ENTREGA-DE-PASES-LIBRES-MULTIMODALES-1-1024x684.jpg 1024w, https:\/\/treslineasnoticias.com.ar\/wp-content\/uploads\/2025\/10\/MAYRA-PARTICIPO-DEL-OPERATIVO-DE-IMPRESION-Y-ENTREGA-DE-PASES-LIBRES-MULTIMODALES-1-300x200.jpg 300w, https:\/\/treslineasnoticias.com.ar\/wp-content\/uploads\/2025\/10\/MAYRA-PARTICIPO-DEL-OPERATIVO-DE-IMPRESION-Y-ENTREGA-DE-PASES-LIBRES-MULTIMODALES-1-768x513.jpg 768w, https:\/\/treslineasnoticias.com.ar\/wp-content\/uploads\/2025\/10\/MAYRA-PARTICIPO-DEL-OPERATIVO-DE-IMPRESION-Y-ENTREGA-DE-PASES-LIBRES-MULTIMODALES-1.jpg 1280w\" sizes=\"auto, (max-width: 1024px) 100vw, 1024px\" \/><\/figure>\n\n\n\n<p>En un contexto de emergencia en materia de discapacidad, se torna fundamental&nbsp; garantizar y reforzar pol\u00edticas p\u00fablicas que mejoren la calidad de vida de esta poblaci\u00f3n. Asimismo, el Municipio de Quilmes contin\u00faa acompa\u00f1ando y articulando acciones junto a la Provincia para asegurar el acceso a los beneficios y programas que promueven la inclusi\u00f3n y la igualdad de oportunidades para toda la comunidad.<\/p>\n\n\n\n<p>Estuvieron presentes en la actividad la directora general de Discapacidad de la Secretar\u00eda de Ni\u00f1ez y Desarrollo Social de Quilmes, Romina Olmos; la diputada provincial, Ayel\u00e9n Rasquetti; el concejal Federico D\u2019Angelo, y representantes de distintas ONGs, como Hablemos de Autismo, entre otras.<\/p>\n","protected":false},"excerpt":{"rendered":"<p>La intendenta de Quilmes, Mayra Mendoza, particip\u00f3 este jueves del operativo de impresi\u00f3n y entrega de 350 Pases Libres Multimodales (PLM) que les permiten a las personas con discapacidad viajar gratis en medios de transporte, y que se realiz\u00f3 en el Centro de Producci\u00f3n Audiovisual (CPA) \u201cLeonardo Favio\u201d, ubicado en Chacabuco 600, en Bernal. En [&hellip;]<\/p>\n","protected":false},"author":3,"featured_media":19346,"comment_status":"open","ping_status":"open","sticky":false,"template":"","format":"standard","meta":{"_jetpack_memberships_contains_paid_content":false,"footnotes":""},"categories":[5],"tags":[],"class_list":["post-19342","post","type-post","status-publish","format-standard","has-post-thumbnail","hentry","category-quilmes"],"yoast_head":"<!-- This site is optimized with the Yoast SEO plugin v24.7 - https:\/\/yoast.com\/wordpress\/plugins\/seo\/ -->\n<title>Mayra particip\u00f3 del operativo de impresi\u00f3n y entrega de pases libres multimodales - Tres Lineas Noticias<\/title>\n<meta name=\"robots\" content=\"index, follow, max-snippet:-1, max-image-preview:large, max-video-preview:-1\" \/>\n<link rel=\"canonical\" href=\"https:\/\/treslineasnoticias.com.ar\/?p=19342\" \/>\n<meta property=\"og:locale\" content=\"es_ES\" \/>\n<meta property=\"og:type\" content=\"article\" \/>\n<meta property=\"og:title\" content=\"Mayra particip\u00f3 del operativo de impresi\u00f3n y entrega de pases libres multimodales - Tres Lineas Noticias\" \/>\n<meta property=\"og:description\" content=\"La intendenta de Quilmes, Mayra Mendoza, particip\u00f3 este jueves del operativo de impresi\u00f3n y entrega de 350 Pases Libres Multimodales (PLM) que les permiten a las personas con discapacidad viajar gratis en medios de transporte, y que se realiz\u00f3 en el Centro de Producci\u00f3n Audiovisual (CPA) \u201cLeonardo Favio\u201d, ubicado en Chacabuco 600, en Bernal. En [&hellip;]\" \/>\n<meta property=\"og:url\" content=\"https:\/\/treslineasnoticias.com.ar\/?p=19342\" \/>\n<meta property=\"og:site_name\" content=\"Tres Lineas Noticias\" \/>\n<meta property=\"article:published_time\" content=\"2025-10-09T21:47:31+00:00\" \/>\n<meta property=\"article:modified_time\" content=\"2025-10-12T21:51:54+00:00\" \/>\n<meta property=\"og:image\" content=\"http:\/\/treslineasnoticias.com.ar\/wp-content\/uploads\/2025\/10\/MAYRA-PARTICIPO-DEL-OPERATIVO-DE-IMPRESION-Y-ENTREGA-DE-PASES-LIBRES-MULTIMODALES-4.jpg\" \/>\n\t<meta property=\"og:image:width\" content=\"1280\" \/>\n\t<meta property=\"og:image:height\" content=\"855\" \/>\n\t<meta property=\"og:image:type\" content=\"image\/jpeg\" \/>\n<meta name=\"author\" content=\"Horacio L\u00f3pez\" \/>\n<meta name=\"twitter:card\" content=\"summary_large_image\" \/>\n<meta name=\"twitter:label1\" content=\"Escrito por\" \/>\n\t<meta name=\"twitter:data1\" content=\"Horacio L\u00f3pez\" \/>\n\t<meta name=\"twitter:label2\" content=\"Tiempo de lectura\" \/>\n\t<meta name=\"twitter:data2\" content=\"4 minutos\" \/>\n<script type=\"application\/ld+json\" class=\"yoast-schema-graph\">{\"@context\":\"https:\/\/schema.org\",\"@graph\":[{\"@type\":\"WebPage\",\"@id\":\"https:\/\/treslineasnoticias.com.ar\/?p=19342\",\"url\":\"https:\/\/treslineasnoticias.com.ar\/?p=19342\",\"name\":\"Mayra particip\u00f3 del operativo de impresi\u00f3n y entrega de pases libres multimodales - Tres Lineas Noticias\",\"isPartOf\":{\"@id\":\"https:\/\/treslineasnoticias.com.ar\/#website\"},\"primaryImageOfPage\":{\"@id\":\"https:\/\/treslineasnoticias.com.ar\/?p=19342#primaryimage\"},\"image\":{\"@id\":\"https:\/\/treslineasnoticias.com.ar\/?p=19342#primaryimage\"},\"thumbnailUrl\":\"https:\/\/treslineasnoticias.com.ar\/wp-content\/uploads\/2025\/10\/MAYRA-PARTICIPO-DEL-OPERATIVO-DE-IMPRESION-Y-ENTREGA-DE-PASES-LIBRES-MULTIMODALES-4.jpg\",\"datePublished\":\"2025-10-09T21:47:31+00:00\",\"dateModified\":\"2025-10-12T21:51:54+00:00\",\"author\":{\"@id\":\"https:\/\/treslineasnoticias.com.ar\/#\/schema\/person\/c5f7249e50517b84c2379b145ca14895\"},\"breadcrumb\":{\"@id\":\"https:\/\/treslineasnoticias.com.ar\/?p=19342#breadcrumb\"},\"inLanguage\":\"es\",\"potentialAction\":[{\"@type\":\"ReadAction\",\"target\":[\"https:\/\/treslineasnoticias.com.ar\/?p=19342\"]}]},{\"@type\":\"ImageObject\",\"inLanguage\":\"es\",\"@id\":\"https:\/\/treslineasnoticias.com.ar\/?p=19342#primaryimage\",\"url\":\"https:\/\/treslineasnoticias.com.ar\/wp-content\/uploads\/2025\/10\/MAYRA-PARTICIPO-DEL-OPERATIVO-DE-IMPRESION-Y-ENTREGA-DE-PASES-LIBRES-MULTIMODALES-4.jpg\",\"contentUrl\":\"https:\/\/treslineasnoticias.com.ar\/wp-content\/uploads\/2025\/10\/MAYRA-PARTICIPO-DEL-OPERATIVO-DE-IMPRESION-Y-ENTREGA-DE-PASES-LIBRES-MULTIMODALES-4.jpg\",\"width\":1280,\"height\":855},{\"@type\":\"BreadcrumbList\",\"@id\":\"https:\/\/treslineasnoticias.com.ar\/?p=19342#breadcrumb\",\"itemListElement\":[{\"@type\":\"ListItem\",\"position\":1,\"name\":\"Portada\",\"item\":\"https:\/\/treslineasnoticias.com.ar\/\"},{\"@type\":\"ListItem\",\"position\":2,\"name\":\"Mayra particip\u00f3 del operativo de impresi\u00f3n y entrega de pases libres multimodales\"}]},{\"@type\":\"WebSite\",\"@id\":\"https:\/\/treslineasnoticias.com.ar\/#website\",\"url\":\"https:\/\/treslineasnoticias.com.ar\/\",\"name\":\"Tres Lineas Noticias\",\"description\":\"\",\"potentialAction\":[{\"@type\":\"SearchAction\",\"target\":{\"@type\":\"EntryPoint\",\"urlTemplate\":\"https:\/\/treslineasnoticias.com.ar\/?s={search_term_string}\"},\"query-input\":{\"@type\":\"PropertyValueSpecification\",\"valueRequired\":true,\"valueName\":\"search_term_string\"}}],\"inLanguage\":\"es\"},{\"@type\":\"Person\",\"@id\":\"https:\/\/treslineasnoticias.com.ar\/#\/schema\/person\/c5f7249e50517b84c2379b145ca14895\",\"name\":\"Horacio L\u00f3pez\",\"image\":{\"@type\":\"ImageObject\",\"inLanguage\":\"es\",\"@id\":\"https:\/\/treslineasnoticias.com.ar\/#\/schema\/person\/image\/\",\"url\":\"https:\/\/treslineasnoticias.com.ar\/wp-content\/litespeed\/avatar\/ddbec442f0224f940ce000570a0cb216.jpg?ver=1777068930\",\"contentUrl\":\"https:\/\/treslineasnoticias.com.ar\/wp-content\/litespeed\/avatar\/ddbec442f0224f940ce000570a0cb216.jpg?ver=1777068930\",\"caption\":\"Horacio L\u00f3pez\"},\"sameAs\":[\"http:\/\/treslineasnoticias.com.ar\"],\"url\":\"https:\/\/treslineasnoticias.com.ar\/?author=3\"}]}<\/script>\n<!-- \/ Yoast SEO plugin. -->","yoast_head_json":{"title":"Mayra particip\u00f3 del operativo de impresi\u00f3n y entrega de pases libres multimodales - Tres Lineas Noticias","robots":{"index":"index","follow":"follow","max-snippet":"max-snippet:-1","max-image-preview":"max-image-preview:large","max-video-preview":"max-video-preview:-1"},"canonical":"https:\/\/treslineasnoticias.com.ar\/?p=19342","og_locale":"es_ES","og_type":"article","og_title":"Mayra particip\u00f3 del operativo de impresi\u00f3n y entrega de pases libres multimodales - Tres Lineas Noticias","og_description":"La intendenta de Quilmes, Mayra Mendoza, particip\u00f3 este jueves del operativo de impresi\u00f3n y entrega de 350 Pases Libres Multimodales (PLM) que les permiten a las personas con discapacidad viajar gratis en medios de transporte, y que se realiz\u00f3 en el Centro de Producci\u00f3n Audiovisual (CPA) \u201cLeonardo Favio\u201d, ubicado en Chacabuco 600, en Bernal. En [&hellip;]","og_url":"https:\/\/treslineasnoticias.com.ar\/?p=19342","og_site_name":"Tres Lineas Noticias","article_published_time":"2025-10-09T21:47:31+00:00","article_modified_time":"2025-10-12T21:51:54+00:00","og_image":[{"width":1280,"height":855,"url":"http:\/\/treslineasnoticias.com.ar\/wp-content\/uploads\/2025\/10\/MAYRA-PARTICIPO-DEL-OPERATIVO-DE-IMPRESION-Y-ENTREGA-DE-PASES-LIBRES-MULTIMODALES-4.jpg","type":"image\/jpeg"}],"author":"Horacio L\u00f3pez","twitter_card":"summary_large_image","twitter_misc":{"Escrito por":"Horacio L\u00f3pez","Tiempo de lectura":"4 minutos"},"schema":{"@context":"https:\/\/schema.org","@graph":[{"@type":"WebPage","@id":"https:\/\/treslineasnoticias.com.ar\/?p=19342","url":"https:\/\/treslineasnoticias.com.ar\/?p=19342","name":"Mayra particip\u00f3 del operativo de impresi\u00f3n y entrega de pases libres multimodales - Tres Lineas Noticias","isPartOf":{"@id":"https:\/\/treslineasnoticias.com.ar\/#website"},"primaryImageOfPage":{"@id":"https:\/\/treslineasnoticias.com.ar\/?p=19342#primaryimage"},"image":{"@id":"https:\/\/treslineasnoticias.com.ar\/?p=19342#primaryimage"},"thumbnailUrl":"https:\/\/treslineasnoticias.com.ar\/wp-content\/uploads\/2025\/10\/MAYRA-PARTICIPO-DEL-OPERATIVO-DE-IMPRESION-Y-ENTREGA-DE-PASES-LIBRES-MULTIMODALES-4.jpg","datePublished":"2025-10-09T21:47:31+00:00","dateModified":"2025-10-12T21:51:54+00:00","author":{"@id":"https:\/\/treslineasnoticias.com.ar\/#\/schema\/person\/c5f7249e50517b84c2379b145ca14895"},"breadcrumb":{"@id":"https:\/\/treslineasnoticias.com.ar\/?p=19342#breadcrumb"},"inLanguage":"es","potentialAction":[{"@type":"ReadAction","target":["https:\/\/treslineasnoticias.com.ar\/?p=19342"]}]},{"@type":"ImageObject","inLanguage":"es","@id":"https:\/\/treslineasnoticias.com.ar\/?p=19342#primaryimage","url":"https:\/\/treslineasnoticias.com.ar\/wp-content\/uploads\/2025\/10\/MAYRA-PARTICIPO-DEL-OPERATIVO-DE-IMPRESION-Y-ENTREGA-DE-PASES-LIBRES-MULTIMODALES-4.jpg","contentUrl":"https:\/\/treslineasnoticias.com.ar\/wp-content\/uploads\/2025\/10\/MAYRA-PARTICIPO-DEL-OPERATIVO-DE-IMPRESION-Y-ENTREGA-DE-PASES-LIBRES-MULTIMODALES-4.jpg","width":1280,"height":855},{"@type":"BreadcrumbList","@id":"https:\/\/treslineasnoticias.com.ar\/?p=19342#breadcrumb","itemListElement":[{"@type":"ListItem","position":1,"name":"Portada","item":"https:\/\/treslineasnoticias.com.ar\/"},{"@type":"ListItem","position":2,"name":"Mayra particip\u00f3 del operativo de impresi\u00f3n y entrega de pases libres multimodales"}]},{"@type":"WebSite","@id":"https:\/\/treslineasnoticias.com.ar\/#website","url":"https:\/\/treslineasnoticias.com.ar\/","name":"Tres Lineas Noticias","description":"","potentialAction":[{"@type":"SearchAction","target":{"@type":"EntryPoint","urlTemplate":"https:\/\/treslineasnoticias.com.ar\/?s={search_term_string}"},"query-input":{"@type":"PropertyValueSpecification","valueRequired":true,"valueName":"search_term_string"}}],"inLanguage":"es"},{"@type":"Person","@id":"https:\/\/treslineasnoticias.com.ar\/#\/schema\/person\/c5f7249e50517b84c2379b145ca14895","name":"Horacio L\u00f3pez","image":{"@type":"ImageObject","inLanguage":"es","@id":"https:\/\/treslineasnoticias.com.ar\/#\/schema\/person\/image\/","url":"https:\/\/treslineasnoticias.com.ar\/wp-content\/litespeed\/avatar\/ddbec442f0224f940ce000570a0cb216.jpg?ver=1777068930","contentUrl":"https:\/\/treslineasnoticias.com.ar\/wp-content\/litespeed\/avatar\/ddbec442f0224f940ce000570a0cb216.jpg?ver=1777068930","caption":"Horacio L\u00f3pez"},"sameAs":["http:\/\/treslineasnoticias.com.ar"],"url":"https:\/\/treslineasnoticias.com.ar\/?author=3"}]}},"jetpack_featured_media_url":"https:\/\/treslineasnoticias.com.ar\/wp-content\/uploads\/2025\/10\/MAYRA-PARTICIPO-DEL-OPERATIVO-DE-IMPRESION-Y-ENTREGA-DE-PASES-LIBRES-MULTIMODALES-4.jpg","jetpack_sharing_enabled":true,"_links":{"self":[{"href":"https:\/\/treslineasnoticias.com.ar\/index.php?rest_route=\/wp\/v2\/posts\/19342","targetHints":{"allow":["GET"]}}],"collection":[{"href":"https:\/\/treslineasnoticias.com.ar\/index.php?rest_route=\/wp\/v2\/posts"}],"about":[{"href":"https:\/\/treslineasnoticias.com.ar\/index.php?rest_route=\/wp\/v2\/types\/post"}],"author":[{"embeddable":true,"href":"https:\/\/treslineasnoticias.com.ar\/index.php?rest_route=\/wp\/v2\/users\/3"}],"replies":[{"embeddable":true,"href":"https:\/\/treslineasnoticias.com.ar\/index.php?rest_route=%2Fwp%2Fv2%2Fcomments&post=19342"}],"version-history":[{"count":1,"href":"https:\/\/treslineasnoticias.com.ar\/index.php?rest_route=\/wp\/v2\/posts\/19342\/revisions"}],"predecessor-version":[{"id":19347,"href":"https:\/\/treslineasnoticias.com.ar\/index.php?rest_route=\/wp\/v2\/posts\/19342\/revisions\/19347"}],"wp:featuredmedia":[{"embeddable":true,"href":"https:\/\/treslineasnoticias.com.ar\/index.php?rest_route=\/wp\/v2\/media\/19346"}],"wp:attachment":[{"href":"https:\/\/treslineasnoticias.com.ar\/index.php?rest_route=%2Fwp%2Fv2%2Fmedia&parent=19342"}],"wp:term":[{"taxonomy":"category","embeddable":true,"href":"https:\/\/treslineasnoticias.com.ar\/index.php?rest_route=%2Fwp%2Fv2%2Fcategories&post=19342"},{"taxonomy":"post_tag","embeddable":true,"href":"https:\/\/treslineasnoticias.com.ar\/index.php?rest_route=%2Fwp%2Fv2%2Ftags&post=19342"}],"curies":[{"name":"wp","href":"https:\/\/api.w.org\/{rel}","templated":true}]}}