{"id":20098,"date":"2025-11-11T21:59:00","date_gmt":"2025-11-12T00:59:00","guid":{"rendered":"https:\/\/treslineasnoticias.com.ar\/?p=20098"},"modified":"2025-11-12T19:06:14","modified_gmt":"2025-11-12T22:06:14","slug":"noticias-policiales-14","status":"publish","type":"post","link":"https:\/\/treslineasnoticias.com.ar\/?p=20098","title":{"rendered":"Noticias policiales"},"content":{"rendered":"\n<p><strong>Un detenido por asalto en v\u00eda p\u00fablica<\/strong><\/p>\n\n\n\n<p><strong><em>Al visualizar el robo a dos mujeres en la zona c\u00e9ntrica del partido, los operadores del Centro de Monitoreo Municipal alertaron a la Polic\u00eda para detener al sujeto que emprendi\u00f3 la fuga a pie.<\/em><\/strong><\/p>\n\n\n\n<figure class=\"wp-block-image size-large\"><img loading=\"lazy\" decoding=\"async\" width=\"1024\" height=\"498\" src=\"http:\/\/treslineasnoticias.com.ar\/wp-content\/uploads\/2025\/11\/79b2f067-a745-06d9-7748-fa2721701400-1024x498.jpg\" alt=\"\" class=\"wp-image-20101\" srcset=\"https:\/\/treslineasnoticias.com.ar\/wp-content\/uploads\/2025\/11\/79b2f067-a745-06d9-7748-fa2721701400-1024x498.jpg 1024w, https:\/\/treslineasnoticias.com.ar\/wp-content\/uploads\/2025\/11\/79b2f067-a745-06d9-7748-fa2721701400-300x146.jpg 300w, https:\/\/treslineasnoticias.com.ar\/wp-content\/uploads\/2025\/11\/79b2f067-a745-06d9-7748-fa2721701400-768x374.jpg 768w, https:\/\/treslineasnoticias.com.ar\/wp-content\/uploads\/2025\/11\/79b2f067-a745-06d9-7748-fa2721701400.jpg 1278w\" sizes=\"auto, (max-width: 1024px) 100vw, 1024px\" \/><\/figure>\n\n\n\n<p>A partir de la articulaci\u00f3n de la base de control con los uniformados, mediante seguimiento por c\u00e1maras de seguridad, aprehendieron al individuo en la intersecci\u00f3n de V\u00e9lez Sarsfield con Agrelo -La Pileta- y lo trasladaron a la Comisar\u00eda Primera donde qued\u00f3 a disposici\u00f3n de la Justicia.<\/p>\n\n\n\n<p><strong>Lo detuvieron por circular en un veh\u00edculo sin patente<\/strong><\/p>\n\n\n\n<p><strong><em>Personal de la Fuerza Barrial de Aproximaci\u00f3n divis\u00f3 una motocicleta marca Motomel color negro sin placa visible mientras transitaba Av. San Mart\u00edn esquina Leandro N. Alem, el pasado 9 de noviembre.<\/em><\/strong><\/p>\n\n\n\n<figure class=\"wp-block-image size-large\"><img loading=\"lazy\" decoding=\"async\" width=\"1024\" height=\"768\" src=\"http:\/\/treslineasnoticias.com.ar\/wp-content\/uploads\/2025\/11\/ea665cd1-cf7d-a257-7bda-a5a0a90678e6-1024x768.jpeg\" alt=\"\" class=\"wp-image-20099\" srcset=\"https:\/\/treslineasnoticias.com.ar\/wp-content\/uploads\/2025\/11\/ea665cd1-cf7d-a257-7bda-a5a0a90678e6-1024x768.jpeg 1024w, https:\/\/treslineasnoticias.com.ar\/wp-content\/uploads\/2025\/11\/ea665cd1-cf7d-a257-7bda-a5a0a90678e6-300x225.jpeg 300w, https:\/\/treslineasnoticias.com.ar\/wp-content\/uploads\/2025\/11\/ea665cd1-cf7d-a257-7bda-a5a0a90678e6-768x576.jpeg 768w, https:\/\/treslineasnoticias.com.ar\/wp-content\/uploads\/2025\/11\/ea665cd1-cf7d-a257-7bda-a5a0a90678e6-1536x1152.jpeg 1536w, https:\/\/treslineasnoticias.com.ar\/wp-content\/uploads\/2025\/11\/ea665cd1-cf7d-a257-7bda-a5a0a90678e6.jpeg 1600w\" sizes=\"auto, (max-width: 1024px) 100vw, 1024px\" \/><\/figure>\n\n\n\n<p>Al entrevistar al conductor y solicitar la documentaci\u00f3n, los oficiales comprobaron que el rodado contaba con una solicitud de secuestro vigente, radicada el 29 de septiembre en la Comisar\u00eda Novena de Quilmes.<\/p>\n\n\n\n<p>Los efectivos policiales trasladaron al individuo junto con el veh\u00edculo a la dependencia jurisdiccional para cursar las actuaciones correspondientes.<\/p>\n","protected":false},"excerpt":{"rendered":"<p>Un detenido por asalto en v\u00eda p\u00fablica Al visualizar el robo a dos mujeres en la zona c\u00e9ntrica del partido, los operadores del Centro de Monitoreo Municipal alertaron a la Polic\u00eda para detener al sujeto que emprendi\u00f3 la fuga a pie. A partir de la articulaci\u00f3n de la base de control con los uniformados, mediante [&hellip;]<\/p>\n","protected":false},"author":3,"featured_media":20101,"comment_status":"open","ping_status":"open","sticky":false,"template":"","format":"standard","meta":{"_jetpack_memberships_contains_paid_content":false,"footnotes":""},"categories":[6],"tags":[],"class_list":["post-20098","post","type-post","status-publish","format-standard","has-post-thumbnail","hentry","category-florencio-varela"],"yoast_head":"<!-- This site is optimized with the Yoast SEO plugin v24.7 - https:\/\/yoast.com\/wordpress\/plugins\/seo\/ -->\n<title>Noticias policiales - Tres Lineas Noticias<\/title>\n<meta name=\"robots\" content=\"index, follow, max-snippet:-1, max-image-preview:large, max-video-preview:-1\" \/>\n<link rel=\"canonical\" href=\"https:\/\/treslineasnoticias.com.ar\/?p=20098\" \/>\n<meta property=\"og:locale\" content=\"es_ES\" \/>\n<meta property=\"og:type\" content=\"article\" \/>\n<meta property=\"og:title\" content=\"Noticias policiales - Tres Lineas Noticias\" \/>\n<meta property=\"og:description\" content=\"Un detenido por asalto en v\u00eda p\u00fablica Al visualizar el robo a dos mujeres en la zona c\u00e9ntrica del partido, los operadores del Centro de Monitoreo Municipal alertaron a la Polic\u00eda para detener al sujeto que emprendi\u00f3 la fuga a pie. A partir de la articulaci\u00f3n de la base de control con los uniformados, mediante [&hellip;]\" \/>\n<meta property=\"og:url\" content=\"https:\/\/treslineasnoticias.com.ar\/?p=20098\" \/>\n<meta property=\"og:site_name\" content=\"Tres Lineas Noticias\" \/>\n<meta property=\"article:published_time\" content=\"2025-11-12T00:59:00+00:00\" \/>\n<meta property=\"article:modified_time\" content=\"2025-11-12T22:06:14+00:00\" \/>\n<meta property=\"og:image\" content=\"http:\/\/treslineasnoticias.com.ar\/wp-content\/uploads\/2025\/11\/79b2f067-a745-06d9-7748-fa2721701400.jpg\" \/>\n\t<meta property=\"og:image:width\" content=\"1278\" \/>\n\t<meta property=\"og:image:height\" content=\"622\" \/>\n\t<meta property=\"og:image:type\" content=\"image\/jpeg\" \/>\n<meta name=\"author\" content=\"Horacio L\u00f3pez\" \/>\n<meta name=\"twitter:card\" content=\"summary_large_image\" \/>\n<meta name=\"twitter:label1\" content=\"Escrito por\" \/>\n\t<meta name=\"twitter:data1\" content=\"Horacio L\u00f3pez\" \/>\n\t<meta name=\"twitter:label2\" content=\"Tiempo de lectura\" \/>\n\t<meta name=\"twitter:data2\" content=\"2 minutos\" \/>\n<script type=\"application\/ld+json\" class=\"yoast-schema-graph\">{\"@context\":\"https:\/\/schema.org\",\"@graph\":[{\"@type\":\"WebPage\",\"@id\":\"https:\/\/treslineasnoticias.com.ar\/?p=20098\",\"url\":\"https:\/\/treslineasnoticias.com.ar\/?p=20098\",\"name\":\"Noticias policiales - Tres Lineas Noticias\",\"isPartOf\":{\"@id\":\"https:\/\/treslineasnoticias.com.ar\/#website\"},\"primaryImageOfPage\":{\"@id\":\"https:\/\/treslineasnoticias.com.ar\/?p=20098#primaryimage\"},\"image\":{\"@id\":\"https:\/\/treslineasnoticias.com.ar\/?p=20098#primaryimage\"},\"thumbnailUrl\":\"https:\/\/treslineasnoticias.com.ar\/wp-content\/uploads\/2025\/11\/79b2f067-a745-06d9-7748-fa2721701400.jpg\",\"datePublished\":\"2025-11-12T00:59:00+00:00\",\"dateModified\":\"2025-11-12T22:06:14+00:00\",\"author\":{\"@id\":\"https:\/\/treslineasnoticias.com.ar\/#\/schema\/person\/c5f7249e50517b84c2379b145ca14895\"},\"breadcrumb\":{\"@id\":\"https:\/\/treslineasnoticias.com.ar\/?p=20098#breadcrumb\"},\"inLanguage\":\"es\",\"potentialAction\":[{\"@type\":\"ReadAction\",\"target\":[\"https:\/\/treslineasnoticias.com.ar\/?p=20098\"]}]},{\"@type\":\"ImageObject\",\"inLanguage\":\"es\",\"@id\":\"https:\/\/treslineasnoticias.com.ar\/?p=20098#primaryimage\",\"url\":\"https:\/\/treslineasnoticias.com.ar\/wp-content\/uploads\/2025\/11\/79b2f067-a745-06d9-7748-fa2721701400.jpg\",\"contentUrl\":\"https:\/\/treslineasnoticias.com.ar\/wp-content\/uploads\/2025\/11\/79b2f067-a745-06d9-7748-fa2721701400.jpg\",\"width\":1278,\"height\":622},{\"@type\":\"BreadcrumbList\",\"@id\":\"https:\/\/treslineasnoticias.com.ar\/?p=20098#breadcrumb\",\"itemListElement\":[{\"@type\":\"ListItem\",\"position\":1,\"name\":\"Portada\",\"item\":\"https:\/\/treslineasnoticias.com.ar\/\"},{\"@type\":\"ListItem\",\"position\":2,\"name\":\"Noticias policiales\"}]},{\"@type\":\"WebSite\",\"@id\":\"https:\/\/treslineasnoticias.com.ar\/#website\",\"url\":\"https:\/\/treslineasnoticias.com.ar\/\",\"name\":\"Tres Lineas Noticias\",\"description\":\"\",\"potentialAction\":[{\"@type\":\"SearchAction\",\"target\":{\"@type\":\"EntryPoint\",\"urlTemplate\":\"https:\/\/treslineasnoticias.com.ar\/?s={search_term_string}\"},\"query-input\":{\"@type\":\"PropertyValueSpecification\",\"valueRequired\":true,\"valueName\":\"search_term_string\"}}],\"inLanguage\":\"es\"},{\"@type\":\"Person\",\"@id\":\"https:\/\/treslineasnoticias.com.ar\/#\/schema\/person\/c5f7249e50517b84c2379b145ca14895\",\"name\":\"Horacio L\u00f3pez\",\"image\":{\"@type\":\"ImageObject\",\"inLanguage\":\"es\",\"@id\":\"https:\/\/treslineasnoticias.com.ar\/#\/schema\/person\/image\/\",\"url\":\"https:\/\/treslineasnoticias.com.ar\/wp-content\/litespeed\/avatar\/ddbec442f0224f940ce000570a0cb216.jpg?ver=1777068930\",\"contentUrl\":\"https:\/\/treslineasnoticias.com.ar\/wp-content\/litespeed\/avatar\/ddbec442f0224f940ce000570a0cb216.jpg?ver=1777068930\",\"caption\":\"Horacio L\u00f3pez\"},\"sameAs\":[\"http:\/\/treslineasnoticias.com.ar\"],\"url\":\"https:\/\/treslineasnoticias.com.ar\/?author=3\"}]}<\/script>\n<!-- \/ Yoast SEO plugin. -->","yoast_head_json":{"title":"Noticias policiales - Tres Lineas Noticias","robots":{"index":"index","follow":"follow","max-snippet":"max-snippet:-1","max-image-preview":"max-image-preview:large","max-video-preview":"max-video-preview:-1"},"canonical":"https:\/\/treslineasnoticias.com.ar\/?p=20098","og_locale":"es_ES","og_type":"article","og_title":"Noticias policiales - Tres Lineas Noticias","og_description":"Un detenido por asalto en v\u00eda p\u00fablica Al visualizar el robo a dos mujeres en la zona c\u00e9ntrica del partido, los operadores del Centro de Monitoreo Municipal alertaron a la Polic\u00eda para detener al sujeto que emprendi\u00f3 la fuga a pie. A partir de la articulaci\u00f3n de la base de control con los uniformados, mediante [&hellip;]","og_url":"https:\/\/treslineasnoticias.com.ar\/?p=20098","og_site_name":"Tres Lineas Noticias","article_published_time":"2025-11-12T00:59:00+00:00","article_modified_time":"2025-11-12T22:06:14+00:00","og_image":[{"width":1278,"height":622,"url":"http:\/\/treslineasnoticias.com.ar\/wp-content\/uploads\/2025\/11\/79b2f067-a745-06d9-7748-fa2721701400.jpg","type":"image\/jpeg"}],"author":"Horacio L\u00f3pez","twitter_card":"summary_large_image","twitter_misc":{"Escrito por":"Horacio L\u00f3pez","Tiempo de lectura":"2 minutos"},"schema":{"@context":"https:\/\/schema.org","@graph":[{"@type":"WebPage","@id":"https:\/\/treslineasnoticias.com.ar\/?p=20098","url":"https:\/\/treslineasnoticias.com.ar\/?p=20098","name":"Noticias policiales - Tres Lineas Noticias","isPartOf":{"@id":"https:\/\/treslineasnoticias.com.ar\/#website"},"primaryImageOfPage":{"@id":"https:\/\/treslineasnoticias.com.ar\/?p=20098#primaryimage"},"image":{"@id":"https:\/\/treslineasnoticias.com.ar\/?p=20098#primaryimage"},"thumbnailUrl":"https:\/\/treslineasnoticias.com.ar\/wp-content\/uploads\/2025\/11\/79b2f067-a745-06d9-7748-fa2721701400.jpg","datePublished":"2025-11-12T00:59:00+00:00","dateModified":"2025-11-12T22:06:14+00:00","author":{"@id":"https:\/\/treslineasnoticias.com.ar\/#\/schema\/person\/c5f7249e50517b84c2379b145ca14895"},"breadcrumb":{"@id":"https:\/\/treslineasnoticias.com.ar\/?p=20098#breadcrumb"},"inLanguage":"es","potentialAction":[{"@type":"ReadAction","target":["https:\/\/treslineasnoticias.com.ar\/?p=20098"]}]},{"@type":"ImageObject","inLanguage":"es","@id":"https:\/\/treslineasnoticias.com.ar\/?p=20098#primaryimage","url":"https:\/\/treslineasnoticias.com.ar\/wp-content\/uploads\/2025\/11\/79b2f067-a745-06d9-7748-fa2721701400.jpg","contentUrl":"https:\/\/treslineasnoticias.com.ar\/wp-content\/uploads\/2025\/11\/79b2f067-a745-06d9-7748-fa2721701400.jpg","width":1278,"height":622},{"@type":"BreadcrumbList","@id":"https:\/\/treslineasnoticias.com.ar\/?p=20098#breadcrumb","itemListElement":[{"@type":"ListItem","position":1,"name":"Portada","item":"https:\/\/treslineasnoticias.com.ar\/"},{"@type":"ListItem","position":2,"name":"Noticias policiales"}]},{"@type":"WebSite","@id":"https:\/\/treslineasnoticias.com.ar\/#website","url":"https:\/\/treslineasnoticias.com.ar\/","name":"Tres Lineas Noticias","description":"","potentialAction":[{"@type":"SearchAction","target":{"@type":"EntryPoint","urlTemplate":"https:\/\/treslineasnoticias.com.ar\/?s={search_term_string}"},"query-input":{"@type":"PropertyValueSpecification","valueRequired":true,"valueName":"search_term_string"}}],"inLanguage":"es"},{"@type":"Person","@id":"https:\/\/treslineasnoticias.com.ar\/#\/schema\/person\/c5f7249e50517b84c2379b145ca14895","name":"Horacio L\u00f3pez","image":{"@type":"ImageObject","inLanguage":"es","@id":"https:\/\/treslineasnoticias.com.ar\/#\/schema\/person\/image\/","url":"https:\/\/treslineasnoticias.com.ar\/wp-content\/litespeed\/avatar\/ddbec442f0224f940ce000570a0cb216.jpg?ver=1777068930","contentUrl":"https:\/\/treslineasnoticias.com.ar\/wp-content\/litespeed\/avatar\/ddbec442f0224f940ce000570a0cb216.jpg?ver=1777068930","caption":"Horacio L\u00f3pez"},"sameAs":["http:\/\/treslineasnoticias.com.ar"],"url":"https:\/\/treslineasnoticias.com.ar\/?author=3"}]}},"jetpack_featured_media_url":"https:\/\/treslineasnoticias.com.ar\/wp-content\/uploads\/2025\/11\/79b2f067-a745-06d9-7748-fa2721701400.jpg","jetpack_sharing_enabled":true,"_links":{"self":[{"href":"https:\/\/treslineasnoticias.com.ar\/index.php?rest_route=\/wp\/v2\/posts\/20098","targetHints":{"allow":["GET"]}}],"collection":[{"href":"https:\/\/treslineasnoticias.com.ar\/index.php?rest_route=\/wp\/v2\/posts"}],"about":[{"href":"https:\/\/treslineasnoticias.com.ar\/index.php?rest_route=\/wp\/v2\/types\/post"}],"author":[{"embeddable":true,"href":"https:\/\/treslineasnoticias.com.ar\/index.php?rest_route=\/wp\/v2\/users\/3"}],"replies":[{"embeddable":true,"href":"https:\/\/treslineasnoticias.com.ar\/index.php?rest_route=%2Fwp%2Fv2%2Fcomments&post=20098"}],"version-history":[{"count":1,"href":"https:\/\/treslineasnoticias.com.ar\/index.php?rest_route=\/wp\/v2\/posts\/20098\/revisions"}],"predecessor-version":[{"id":20102,"href":"https:\/\/treslineasnoticias.com.ar\/index.php?rest_route=\/wp\/v2\/posts\/20098\/revisions\/20102"}],"wp:featuredmedia":[{"embeddable":true,"href":"https:\/\/treslineasnoticias.com.ar\/index.php?rest_route=\/wp\/v2\/media\/20101"}],"wp:attachment":[{"href":"https:\/\/treslineasnoticias.com.ar\/index.php?rest_route=%2Fwp%2Fv2%2Fmedia&parent=20098"}],"wp:term":[{"taxonomy":"category","embeddable":true,"href":"https:\/\/treslineasnoticias.com.ar\/index.php?rest_route=%2Fwp%2Fv2%2Fcategories&post=20098"},{"taxonomy":"post_tag","embeddable":true,"href":"https:\/\/treslineasnoticias.com.ar\/index.php?rest_route=%2Fwp%2Fv2%2Ftags&post=20098"}],"curies":[{"name":"wp","href":"https:\/\/api.w.org\/{rel}","templated":true}]}}