{"id":20143,"date":"2025-11-12T22:37:00","date_gmt":"2025-11-13T01:37:00","guid":{"rendered":"https:\/\/treslineasnoticias.com.ar\/?p=20143"},"modified":"2025-11-13T18:39:22","modified_gmt":"2025-11-13T21:39:22","slug":"havanna-en-florencio-varela","status":"publish","type":"post","link":"https:\/\/treslineasnoticias.com.ar\/?p=20143","title":{"rendered":"\u201cHavanna\u201d en Florencio Varela"},"content":{"rendered":"\n<p><strong><em>El intendente -Andr\u00e9s Watson- dialog\u00f3 con Hern\u00e1n del R\u00edo -socio de la franquicia- sobre la inminente apertura de la reconocida cafeter\u00eda en calle 25 de Mayo y V\u00e9lez Sarsfield.<\/em><\/strong><\/p>\n\n\n\n<p>El Jefe Comunal respald\u00f3 \u201cla inversi\u00f3n que lleg\u00f3 al partido con el prop\u00f3sito de expandir el polo gastron\u00f3mico en la zona c\u00e9ntrica y gener\u00f3 nuevos puestos de trabajos tanto para vecinos como vecinas\u201d.<\/p>\n\n\n\n<p>Del empresario detall\u00f3 \u201cla contrataci\u00f3n de 14 varelenses, sobre un total de 16\u201d. \u201cAlgunos de ellos trabajaban lejos y tener su empleo cerca de casa fue muy beneficioso\u201d, asegur\u00f3.<\/p>\n\n\n\n<p>A su vez, estipul\u00f3 \u201cla inauguraci\u00f3n del local a fines de noviembre o principios de diciembre\u201d. En relaci\u00f3n con ello, demostr\u00f3 \u201cuna gran emoci\u00f3n por traer una marca como `Havanna\u00b4 a Florencio Varela\u201d.<\/p>\n","protected":false},"excerpt":{"rendered":"<p>El intendente -Andr\u00e9s Watson- dialog\u00f3 con Hern\u00e1n del R\u00edo -socio de la franquicia- sobre la inminente apertura de la reconocida cafeter\u00eda en calle 25 de Mayo y V\u00e9lez Sarsfield. El Jefe Comunal respald\u00f3 \u201cla inversi\u00f3n que lleg\u00f3 al partido con el prop\u00f3sito de expandir el polo gastron\u00f3mico en la zona c\u00e9ntrica y gener\u00f3 nuevos puestos [&hellip;]<\/p>\n","protected":false},"author":3,"featured_media":20144,"comment_status":"open","ping_status":"open","sticky":false,"template":"","format":"standard","meta":{"_jetpack_memberships_contains_paid_content":false,"footnotes":""},"categories":[6],"tags":[],"class_list":["post-20143","post","type-post","status-publish","format-standard","has-post-thumbnail","hentry","category-florencio-varela"],"yoast_head":"<!-- This site is optimized with the Yoast SEO plugin v24.7 - https:\/\/yoast.com\/wordpress\/plugins\/seo\/ -->\n<title>\u201cHavanna\u201d en Florencio Varela - Tres Lineas Noticias<\/title>\n<meta name=\"robots\" content=\"index, follow, max-snippet:-1, max-image-preview:large, max-video-preview:-1\" \/>\n<link rel=\"canonical\" href=\"https:\/\/treslineasnoticias.com.ar\/?p=20143\" \/>\n<meta property=\"og:locale\" content=\"es_ES\" \/>\n<meta property=\"og:type\" content=\"article\" \/>\n<meta property=\"og:title\" content=\"\u201cHavanna\u201d en Florencio Varela - Tres Lineas Noticias\" \/>\n<meta property=\"og:description\" content=\"El intendente -Andr\u00e9s Watson- dialog\u00f3 con Hern\u00e1n del R\u00edo -socio de la franquicia- sobre la inminente apertura de la reconocida cafeter\u00eda en calle 25 de Mayo y V\u00e9lez Sarsfield. El Jefe Comunal respald\u00f3 \u201cla inversi\u00f3n que lleg\u00f3 al partido con el prop\u00f3sito de expandir el polo gastron\u00f3mico en la zona c\u00e9ntrica y gener\u00f3 nuevos puestos [&hellip;]\" \/>\n<meta property=\"og:url\" content=\"https:\/\/treslineasnoticias.com.ar\/?p=20143\" \/>\n<meta property=\"og:site_name\" content=\"Tres Lineas Noticias\" \/>\n<meta property=\"article:published_time\" content=\"2025-11-13T01:37:00+00:00\" \/>\n<meta property=\"article:modified_time\" content=\"2025-11-13T21:39:22+00:00\" \/>\n<meta property=\"og:image\" content=\"http:\/\/treslineasnoticias.com.ar\/wp-content\/uploads\/2025\/11\/e43a1a7a-83a8-a2d8-225f-30ee5a26590d-scaled.jpg\" \/>\n\t<meta property=\"og:image:width\" content=\"2560\" \/>\n\t<meta property=\"og:image:height\" content=\"1707\" \/>\n\t<meta property=\"og:image:type\" content=\"image\/jpeg\" \/>\n<meta name=\"author\" content=\"Horacio L\u00f3pez\" \/>\n<meta name=\"twitter:card\" content=\"summary_large_image\" \/>\n<meta name=\"twitter:label1\" content=\"Escrito por\" \/>\n\t<meta name=\"twitter:data1\" content=\"Horacio L\u00f3pez\" \/>\n\t<meta name=\"twitter:label2\" content=\"Tiempo de lectura\" \/>\n\t<meta name=\"twitter:data2\" content=\"1 minuto\" \/>\n<script type=\"application\/ld+json\" class=\"yoast-schema-graph\">{\"@context\":\"https:\/\/schema.org\",\"@graph\":[{\"@type\":\"WebPage\",\"@id\":\"https:\/\/treslineasnoticias.com.ar\/?p=20143\",\"url\":\"https:\/\/treslineasnoticias.com.ar\/?p=20143\",\"name\":\"\u201cHavanna\u201d en Florencio Varela - Tres Lineas Noticias\",\"isPartOf\":{\"@id\":\"https:\/\/treslineasnoticias.com.ar\/#website\"},\"primaryImageOfPage\":{\"@id\":\"https:\/\/treslineasnoticias.com.ar\/?p=20143#primaryimage\"},\"image\":{\"@id\":\"https:\/\/treslineasnoticias.com.ar\/?p=20143#primaryimage\"},\"thumbnailUrl\":\"https:\/\/treslineasnoticias.com.ar\/wp-content\/uploads\/2025\/11\/e43a1a7a-83a8-a2d8-225f-30ee5a26590d-scaled.jpg\",\"datePublished\":\"2025-11-13T01:37:00+00:00\",\"dateModified\":\"2025-11-13T21:39:22+00:00\",\"author\":{\"@id\":\"https:\/\/treslineasnoticias.com.ar\/#\/schema\/person\/c5f7249e50517b84c2379b145ca14895\"},\"breadcrumb\":{\"@id\":\"https:\/\/treslineasnoticias.com.ar\/?p=20143#breadcrumb\"},\"inLanguage\":\"es\",\"potentialAction\":[{\"@type\":\"ReadAction\",\"target\":[\"https:\/\/treslineasnoticias.com.ar\/?p=20143\"]}]},{\"@type\":\"ImageObject\",\"inLanguage\":\"es\",\"@id\":\"https:\/\/treslineasnoticias.com.ar\/?p=20143#primaryimage\",\"url\":\"https:\/\/treslineasnoticias.com.ar\/wp-content\/uploads\/2025\/11\/e43a1a7a-83a8-a2d8-225f-30ee5a26590d-scaled.jpg\",\"contentUrl\":\"https:\/\/treslineasnoticias.com.ar\/wp-content\/uploads\/2025\/11\/e43a1a7a-83a8-a2d8-225f-30ee5a26590d-scaled.jpg\",\"width\":2560,\"height\":1707},{\"@type\":\"BreadcrumbList\",\"@id\":\"https:\/\/treslineasnoticias.com.ar\/?p=20143#breadcrumb\",\"itemListElement\":[{\"@type\":\"ListItem\",\"position\":1,\"name\":\"Portada\",\"item\":\"https:\/\/treslineasnoticias.com.ar\/\"},{\"@type\":\"ListItem\",\"position\":2,\"name\":\"\u201cHavanna\u201d en Florencio Varela\"}]},{\"@type\":\"WebSite\",\"@id\":\"https:\/\/treslineasnoticias.com.ar\/#website\",\"url\":\"https:\/\/treslineasnoticias.com.ar\/\",\"name\":\"Tres Lineas Noticias\",\"description\":\"\",\"potentialAction\":[{\"@type\":\"SearchAction\",\"target\":{\"@type\":\"EntryPoint\",\"urlTemplate\":\"https:\/\/treslineasnoticias.com.ar\/?s={search_term_string}\"},\"query-input\":{\"@type\":\"PropertyValueSpecification\",\"valueRequired\":true,\"valueName\":\"search_term_string\"}}],\"inLanguage\":\"es\"},{\"@type\":\"Person\",\"@id\":\"https:\/\/treslineasnoticias.com.ar\/#\/schema\/person\/c5f7249e50517b84c2379b145ca14895\",\"name\":\"Horacio L\u00f3pez\",\"image\":{\"@type\":\"ImageObject\",\"inLanguage\":\"es\",\"@id\":\"https:\/\/treslineasnoticias.com.ar\/#\/schema\/person\/image\/\",\"url\":\"https:\/\/treslineasnoticias.com.ar\/wp-content\/litespeed\/avatar\/ddbec442f0224f940ce000570a0cb216.jpg?ver=1777068930\",\"contentUrl\":\"https:\/\/treslineasnoticias.com.ar\/wp-content\/litespeed\/avatar\/ddbec442f0224f940ce000570a0cb216.jpg?ver=1777068930\",\"caption\":\"Horacio L\u00f3pez\"},\"sameAs\":[\"http:\/\/treslineasnoticias.com.ar\"],\"url\":\"https:\/\/treslineasnoticias.com.ar\/?author=3\"}]}<\/script>\n<!-- \/ Yoast SEO plugin. -->","yoast_head_json":{"title":"\u201cHavanna\u201d en Florencio Varela - Tres Lineas Noticias","robots":{"index":"index","follow":"follow","max-snippet":"max-snippet:-1","max-image-preview":"max-image-preview:large","max-video-preview":"max-video-preview:-1"},"canonical":"https:\/\/treslineasnoticias.com.ar\/?p=20143","og_locale":"es_ES","og_type":"article","og_title":"\u201cHavanna\u201d en Florencio Varela - Tres Lineas Noticias","og_description":"El intendente -Andr\u00e9s Watson- dialog\u00f3 con Hern\u00e1n del R\u00edo -socio de la franquicia- sobre la inminente apertura de la reconocida cafeter\u00eda en calle 25 de Mayo y V\u00e9lez Sarsfield. El Jefe Comunal respald\u00f3 \u201cla inversi\u00f3n que lleg\u00f3 al partido con el prop\u00f3sito de expandir el polo gastron\u00f3mico en la zona c\u00e9ntrica y gener\u00f3 nuevos puestos [&hellip;]","og_url":"https:\/\/treslineasnoticias.com.ar\/?p=20143","og_site_name":"Tres Lineas Noticias","article_published_time":"2025-11-13T01:37:00+00:00","article_modified_time":"2025-11-13T21:39:22+00:00","og_image":[{"width":2560,"height":1707,"url":"http:\/\/treslineasnoticias.com.ar\/wp-content\/uploads\/2025\/11\/e43a1a7a-83a8-a2d8-225f-30ee5a26590d-scaled.jpg","type":"image\/jpeg"}],"author":"Horacio L\u00f3pez","twitter_card":"summary_large_image","twitter_misc":{"Escrito por":"Horacio L\u00f3pez","Tiempo de lectura":"1 minuto"},"schema":{"@context":"https:\/\/schema.org","@graph":[{"@type":"WebPage","@id":"https:\/\/treslineasnoticias.com.ar\/?p=20143","url":"https:\/\/treslineasnoticias.com.ar\/?p=20143","name":"\u201cHavanna\u201d en Florencio Varela - Tres Lineas Noticias","isPartOf":{"@id":"https:\/\/treslineasnoticias.com.ar\/#website"},"primaryImageOfPage":{"@id":"https:\/\/treslineasnoticias.com.ar\/?p=20143#primaryimage"},"image":{"@id":"https:\/\/treslineasnoticias.com.ar\/?p=20143#primaryimage"},"thumbnailUrl":"https:\/\/treslineasnoticias.com.ar\/wp-content\/uploads\/2025\/11\/e43a1a7a-83a8-a2d8-225f-30ee5a26590d-scaled.jpg","datePublished":"2025-11-13T01:37:00+00:00","dateModified":"2025-11-13T21:39:22+00:00","author":{"@id":"https:\/\/treslineasnoticias.com.ar\/#\/schema\/person\/c5f7249e50517b84c2379b145ca14895"},"breadcrumb":{"@id":"https:\/\/treslineasnoticias.com.ar\/?p=20143#breadcrumb"},"inLanguage":"es","potentialAction":[{"@type":"ReadAction","target":["https:\/\/treslineasnoticias.com.ar\/?p=20143"]}]},{"@type":"ImageObject","inLanguage":"es","@id":"https:\/\/treslineasnoticias.com.ar\/?p=20143#primaryimage","url":"https:\/\/treslineasnoticias.com.ar\/wp-content\/uploads\/2025\/11\/e43a1a7a-83a8-a2d8-225f-30ee5a26590d-scaled.jpg","contentUrl":"https:\/\/treslineasnoticias.com.ar\/wp-content\/uploads\/2025\/11\/e43a1a7a-83a8-a2d8-225f-30ee5a26590d-scaled.jpg","width":2560,"height":1707},{"@type":"BreadcrumbList","@id":"https:\/\/treslineasnoticias.com.ar\/?p=20143#breadcrumb","itemListElement":[{"@type":"ListItem","position":1,"name":"Portada","item":"https:\/\/treslineasnoticias.com.ar\/"},{"@type":"ListItem","position":2,"name":"\u201cHavanna\u201d en Florencio Varela"}]},{"@type":"WebSite","@id":"https:\/\/treslineasnoticias.com.ar\/#website","url":"https:\/\/treslineasnoticias.com.ar\/","name":"Tres Lineas Noticias","description":"","potentialAction":[{"@type":"SearchAction","target":{"@type":"EntryPoint","urlTemplate":"https:\/\/treslineasnoticias.com.ar\/?s={search_term_string}"},"query-input":{"@type":"PropertyValueSpecification","valueRequired":true,"valueName":"search_term_string"}}],"inLanguage":"es"},{"@type":"Person","@id":"https:\/\/treslineasnoticias.com.ar\/#\/schema\/person\/c5f7249e50517b84c2379b145ca14895","name":"Horacio L\u00f3pez","image":{"@type":"ImageObject","inLanguage":"es","@id":"https:\/\/treslineasnoticias.com.ar\/#\/schema\/person\/image\/","url":"https:\/\/treslineasnoticias.com.ar\/wp-content\/litespeed\/avatar\/ddbec442f0224f940ce000570a0cb216.jpg?ver=1777068930","contentUrl":"https:\/\/treslineasnoticias.com.ar\/wp-content\/litespeed\/avatar\/ddbec442f0224f940ce000570a0cb216.jpg?ver=1777068930","caption":"Horacio L\u00f3pez"},"sameAs":["http:\/\/treslineasnoticias.com.ar"],"url":"https:\/\/treslineasnoticias.com.ar\/?author=3"}]}},"jetpack_featured_media_url":"https:\/\/treslineasnoticias.com.ar\/wp-content\/uploads\/2025\/11\/e43a1a7a-83a8-a2d8-225f-30ee5a26590d-scaled.jpg","jetpack_sharing_enabled":true,"_links":{"self":[{"href":"https:\/\/treslineasnoticias.com.ar\/index.php?rest_route=\/wp\/v2\/posts\/20143","targetHints":{"allow":["GET"]}}],"collection":[{"href":"https:\/\/treslineasnoticias.com.ar\/index.php?rest_route=\/wp\/v2\/posts"}],"about":[{"href":"https:\/\/treslineasnoticias.com.ar\/index.php?rest_route=\/wp\/v2\/types\/post"}],"author":[{"embeddable":true,"href":"https:\/\/treslineasnoticias.com.ar\/index.php?rest_route=\/wp\/v2\/users\/3"}],"replies":[{"embeddable":true,"href":"https:\/\/treslineasnoticias.com.ar\/index.php?rest_route=%2Fwp%2Fv2%2Fcomments&post=20143"}],"version-history":[{"count":1,"href":"https:\/\/treslineasnoticias.com.ar\/index.php?rest_route=\/wp\/v2\/posts\/20143\/revisions"}],"predecessor-version":[{"id":20145,"href":"https:\/\/treslineasnoticias.com.ar\/index.php?rest_route=\/wp\/v2\/posts\/20143\/revisions\/20145"}],"wp:featuredmedia":[{"embeddable":true,"href":"https:\/\/treslineasnoticias.com.ar\/index.php?rest_route=\/wp\/v2\/media\/20144"}],"wp:attachment":[{"href":"https:\/\/treslineasnoticias.com.ar\/index.php?rest_route=%2Fwp%2Fv2%2Fmedia&parent=20143"}],"wp:term":[{"taxonomy":"category","embeddable":true,"href":"https:\/\/treslineasnoticias.com.ar\/index.php?rest_route=%2Fwp%2Fv2%2Fcategories&post=20143"},{"taxonomy":"post_tag","embeddable":true,"href":"https:\/\/treslineasnoticias.com.ar\/index.php?rest_route=%2Fwp%2Fv2%2Ftags&post=20143"}],"curies":[{"name":"wp","href":"https:\/\/api.w.org\/{rel}","templated":true}]}}