{"id":20146,"date":"2025-11-12T22:47:00","date_gmt":"2025-11-13T01:47:00","guid":{"rendered":"https:\/\/treslineasnoticias.com.ar\/?p=20146"},"modified":"2025-11-13T18:50:36","modified_gmt":"2025-11-13T21:50:36","slug":"capacitacion-gastronomica-en-conserva-de-escabeche-y-encurtidos","status":"publish","type":"post","link":"https:\/\/treslineasnoticias.com.ar\/?p=20146","title":{"rendered":"Capacitaci\u00f3n gastron\u00f3mica en conserva de escabeche y encurtidos"},"content":{"rendered":"\n<p><strong><em>Vecinas y vecinos del distrito participaron de una clase dedicada a las t\u00e9cnicas culinarias sobre alimentos envasados, la tarde del mi\u00e9rcoles en el Sal\u00f3n de Usos M\u00faltiples \u201cLos Tronquitos\u201d -calle 1523 esquina 1552-.<\/em><\/strong><\/p>\n\n\n\n<p>Desde los alrededores del establecimiento lleg\u00f3 Miriam Falc\u00f3n, quien al culminar el encuentro resalt\u00f3 \u201cla paciencia de la docente al momento de explicar\u201d. Por otra parte, tambi\u00e9n record\u00f3: \u00abMe inscrib\u00ed en el curso de panader\u00eda, gracias al que vend\u00ed mis elaboraciones, como bizcochitos, cremonas y facturas\u201d.<\/p>\n\n\n\n<figure class=\"wp-block-image size-large\"><img loading=\"lazy\" decoding=\"async\" width=\"1024\" height=\"683\" src=\"http:\/\/treslineasnoticias.com.ar\/wp-content\/uploads\/2025\/11\/d6bb3dcb-7350-5f72-b8c6-eb60a5d11cbc-1024x683.jpg\" alt=\"\" class=\"wp-image-20151\" srcset=\"https:\/\/treslineasnoticias.com.ar\/wp-content\/uploads\/2025\/11\/d6bb3dcb-7350-5f72-b8c6-eb60a5d11cbc-1024x683.jpg 1024w, https:\/\/treslineasnoticias.com.ar\/wp-content\/uploads\/2025\/11\/d6bb3dcb-7350-5f72-b8c6-eb60a5d11cbc-300x200.jpg 300w, https:\/\/treslineasnoticias.com.ar\/wp-content\/uploads\/2025\/11\/d6bb3dcb-7350-5f72-b8c6-eb60a5d11cbc-768x512.jpg 768w, https:\/\/treslineasnoticias.com.ar\/wp-content\/uploads\/2025\/11\/d6bb3dcb-7350-5f72-b8c6-eb60a5d11cbc-1536x1024.jpg 1536w, https:\/\/treslineasnoticias.com.ar\/wp-content\/uploads\/2025\/11\/d6bb3dcb-7350-5f72-b8c6-eb60a5d11cbc-2048x1365.jpg 2048w\" sizes=\"auto, (max-width: 1024px) 100vw, 1024px\" \/><\/figure>\n\n\n\n<p>Cinthia Machaca -residente de El Tropez\u00f3n- celebr\u00f3 \u201cla gratuidad del taller, al que no hubiera accedido de forma privada\u201d. A su vez, la mujer se\u00f1al\u00f3: \u00abAdem\u00e1s, aprovech\u00e9 las capacitaciones en peluquer\u00eda y barber\u00eda\u201d.<\/p>\n\n\n\n<p>Yoly Ayala -profesora a cargo de la masterclass- destac\u00f3 \u00abel dictado de una actividad que no solo brindara conocimientos de cocina, sino la posibilidad de nuevos ingresos econ\u00f3micos\u00bb.<\/p>\n\n\n\n<p>Andrea L\u00f3pez junto a su amiga Marilyn Bareiro -frentistas del barrio- valoraron \u00abun aprendizaje con el cual iniciar un emprendimiento en un rubro con gran salida laboral\u201d.<\/p>\n\n\n\n<figure class=\"wp-block-image size-large\"><img loading=\"lazy\" decoding=\"async\" width=\"1024\" height=\"683\" src=\"http:\/\/treslineasnoticias.com.ar\/wp-content\/uploads\/2025\/11\/b769ad94-7e3f-d3b3-3e12-8ae8e339da85-1024x683.jpg\" alt=\"\" class=\"wp-image-20148\" srcset=\"https:\/\/treslineasnoticias.com.ar\/wp-content\/uploads\/2025\/11\/b769ad94-7e3f-d3b3-3e12-8ae8e339da85-1024x683.jpg 1024w, https:\/\/treslineasnoticias.com.ar\/wp-content\/uploads\/2025\/11\/b769ad94-7e3f-d3b3-3e12-8ae8e339da85-300x200.jpg 300w, https:\/\/treslineasnoticias.com.ar\/wp-content\/uploads\/2025\/11\/b769ad94-7e3f-d3b3-3e12-8ae8e339da85-768x512.jpg 768w, https:\/\/treslineasnoticias.com.ar\/wp-content\/uploads\/2025\/11\/b769ad94-7e3f-d3b3-3e12-8ae8e339da85-1536x1024.jpg 1536w, https:\/\/treslineasnoticias.com.ar\/wp-content\/uploads\/2025\/11\/b769ad94-7e3f-d3b3-3e12-8ae8e339da85-2048x1365.jpg 2048w\" sizes=\"auto, (max-width: 1024px) 100vw, 1024px\" \/><\/figure>\n\n\n\n<p>En la jornada, abordaron la preparaci\u00f3n tanto de morrones como tomates gratinados; pepinos o zanahorias encurtidas; pollo y berenjenas al escabeche, entre otras recetas.<\/p>\n\n\n\n<p>Dispusieron una fecha m\u00e1s para el 19 de noviembre en el Centro Integrador Comunitario \u00abPresidente Avellaneda\u00bb, de calle 1\u00ba de Mayo N\u00ba1186, de 13 a 16 hs. Para matricularse en la propuesta, concurrir a la dependencia de lunes a viernes de 8 a 16 hs.<\/p>\n","protected":false},"excerpt":{"rendered":"<p>Vecinas y vecinos del distrito participaron de una clase dedicada a las t\u00e9cnicas culinarias sobre alimentos envasados, la tarde del mi\u00e9rcoles en el Sal\u00f3n de Usos M\u00faltiples \u201cLos Tronquitos\u201d -calle 1523 esquina 1552-. Desde los alrededores del establecimiento lleg\u00f3 Miriam Falc\u00f3n, quien al culminar el encuentro resalt\u00f3 \u201cla paciencia de la docente al momento de [&hellip;]<\/p>\n","protected":false},"author":3,"featured_media":20149,"comment_status":"open","ping_status":"open","sticky":false,"template":"","format":"standard","meta":{"_jetpack_memberships_contains_paid_content":false,"footnotes":""},"categories":[6],"tags":[],"class_list":["post-20146","post","type-post","status-publish","format-standard","has-post-thumbnail","hentry","category-florencio-varela"],"yoast_head":"<!-- This site is optimized with the Yoast SEO plugin v24.7 - https:\/\/yoast.com\/wordpress\/plugins\/seo\/ -->\n<title>Capacitaci\u00f3n gastron\u00f3mica en conserva de escabeche y encurtidos - Tres Lineas Noticias<\/title>\n<meta name=\"robots\" content=\"index, follow, max-snippet:-1, max-image-preview:large, max-video-preview:-1\" \/>\n<link rel=\"canonical\" href=\"https:\/\/treslineasnoticias.com.ar\/?p=20146\" \/>\n<meta property=\"og:locale\" content=\"es_ES\" \/>\n<meta property=\"og:type\" content=\"article\" \/>\n<meta property=\"og:title\" content=\"Capacitaci\u00f3n gastron\u00f3mica en conserva de escabeche y encurtidos - Tres Lineas Noticias\" \/>\n<meta property=\"og:description\" content=\"Vecinas y vecinos del distrito participaron de una clase dedicada a las t\u00e9cnicas culinarias sobre alimentos envasados, la tarde del mi\u00e9rcoles en el Sal\u00f3n de Usos M\u00faltiples \u201cLos Tronquitos\u201d -calle 1523 esquina 1552-. Desde los alrededores del establecimiento lleg\u00f3 Miriam Falc\u00f3n, quien al culminar el encuentro resalt\u00f3 \u201cla paciencia de la docente al momento de [&hellip;]\" \/>\n<meta property=\"og:url\" content=\"https:\/\/treslineasnoticias.com.ar\/?p=20146\" \/>\n<meta property=\"og:site_name\" content=\"Tres Lineas Noticias\" \/>\n<meta property=\"article:published_time\" content=\"2025-11-13T01:47:00+00:00\" \/>\n<meta property=\"article:modified_time\" content=\"2025-11-13T21:50:36+00:00\" \/>\n<meta property=\"og:image\" content=\"http:\/\/treslineasnoticias.com.ar\/wp-content\/uploads\/2025\/11\/09094a64-0bfe-41a6-5252-cbca4ecfcffd-scaled.jpg\" \/>\n\t<meta property=\"og:image:width\" content=\"2560\" \/>\n\t<meta property=\"og:image:height\" content=\"1707\" \/>\n\t<meta property=\"og:image:type\" content=\"image\/jpeg\" \/>\n<meta name=\"author\" content=\"Horacio L\u00f3pez\" \/>\n<meta name=\"twitter:card\" content=\"summary_large_image\" \/>\n<meta name=\"twitter:label1\" content=\"Escrito por\" \/>\n\t<meta name=\"twitter:data1\" content=\"Horacio L\u00f3pez\" \/>\n\t<meta name=\"twitter:label2\" content=\"Tiempo de lectura\" \/>\n\t<meta name=\"twitter:data2\" content=\"2 minutos\" \/>\n<script type=\"application\/ld+json\" class=\"yoast-schema-graph\">{\"@context\":\"https:\/\/schema.org\",\"@graph\":[{\"@type\":\"WebPage\",\"@id\":\"https:\/\/treslineasnoticias.com.ar\/?p=20146\",\"url\":\"https:\/\/treslineasnoticias.com.ar\/?p=20146\",\"name\":\"Capacitaci\u00f3n gastron\u00f3mica en conserva de escabeche y encurtidos - Tres Lineas Noticias\",\"isPartOf\":{\"@id\":\"https:\/\/treslineasnoticias.com.ar\/#website\"},\"primaryImageOfPage\":{\"@id\":\"https:\/\/treslineasnoticias.com.ar\/?p=20146#primaryimage\"},\"image\":{\"@id\":\"https:\/\/treslineasnoticias.com.ar\/?p=20146#primaryimage\"},\"thumbnailUrl\":\"https:\/\/treslineasnoticias.com.ar\/wp-content\/uploads\/2025\/11\/09094a64-0bfe-41a6-5252-cbca4ecfcffd-scaled.jpg\",\"datePublished\":\"2025-11-13T01:47:00+00:00\",\"dateModified\":\"2025-11-13T21:50:36+00:00\",\"author\":{\"@id\":\"https:\/\/treslineasnoticias.com.ar\/#\/schema\/person\/c5f7249e50517b84c2379b145ca14895\"},\"breadcrumb\":{\"@id\":\"https:\/\/treslineasnoticias.com.ar\/?p=20146#breadcrumb\"},\"inLanguage\":\"es\",\"potentialAction\":[{\"@type\":\"ReadAction\",\"target\":[\"https:\/\/treslineasnoticias.com.ar\/?p=20146\"]}]},{\"@type\":\"ImageObject\",\"inLanguage\":\"es\",\"@id\":\"https:\/\/treslineasnoticias.com.ar\/?p=20146#primaryimage\",\"url\":\"https:\/\/treslineasnoticias.com.ar\/wp-content\/uploads\/2025\/11\/09094a64-0bfe-41a6-5252-cbca4ecfcffd-scaled.jpg\",\"contentUrl\":\"https:\/\/treslineasnoticias.com.ar\/wp-content\/uploads\/2025\/11\/09094a64-0bfe-41a6-5252-cbca4ecfcffd-scaled.jpg\",\"width\":2560,\"height\":1707},{\"@type\":\"BreadcrumbList\",\"@id\":\"https:\/\/treslineasnoticias.com.ar\/?p=20146#breadcrumb\",\"itemListElement\":[{\"@type\":\"ListItem\",\"position\":1,\"name\":\"Portada\",\"item\":\"https:\/\/treslineasnoticias.com.ar\/\"},{\"@type\":\"ListItem\",\"position\":2,\"name\":\"Capacitaci\u00f3n gastron\u00f3mica en conserva de escabeche y encurtidos\"}]},{\"@type\":\"WebSite\",\"@id\":\"https:\/\/treslineasnoticias.com.ar\/#website\",\"url\":\"https:\/\/treslineasnoticias.com.ar\/\",\"name\":\"Tres Lineas Noticias\",\"description\":\"\",\"potentialAction\":[{\"@type\":\"SearchAction\",\"target\":{\"@type\":\"EntryPoint\",\"urlTemplate\":\"https:\/\/treslineasnoticias.com.ar\/?s={search_term_string}\"},\"query-input\":{\"@type\":\"PropertyValueSpecification\",\"valueRequired\":true,\"valueName\":\"search_term_string\"}}],\"inLanguage\":\"es\"},{\"@type\":\"Person\",\"@id\":\"https:\/\/treslineasnoticias.com.ar\/#\/schema\/person\/c5f7249e50517b84c2379b145ca14895\",\"name\":\"Horacio L\u00f3pez\",\"image\":{\"@type\":\"ImageObject\",\"inLanguage\":\"es\",\"@id\":\"https:\/\/treslineasnoticias.com.ar\/#\/schema\/person\/image\/\",\"url\":\"https:\/\/treslineasnoticias.com.ar\/wp-content\/litespeed\/avatar\/ddbec442f0224f940ce000570a0cb216.jpg?ver=1777068930\",\"contentUrl\":\"https:\/\/treslineasnoticias.com.ar\/wp-content\/litespeed\/avatar\/ddbec442f0224f940ce000570a0cb216.jpg?ver=1777068930\",\"caption\":\"Horacio L\u00f3pez\"},\"sameAs\":[\"http:\/\/treslineasnoticias.com.ar\"],\"url\":\"https:\/\/treslineasnoticias.com.ar\/?author=3\"}]}<\/script>\n<!-- \/ Yoast SEO plugin. -->","yoast_head_json":{"title":"Capacitaci\u00f3n gastron\u00f3mica en conserva de escabeche y encurtidos - Tres Lineas Noticias","robots":{"index":"index","follow":"follow","max-snippet":"max-snippet:-1","max-image-preview":"max-image-preview:large","max-video-preview":"max-video-preview:-1"},"canonical":"https:\/\/treslineasnoticias.com.ar\/?p=20146","og_locale":"es_ES","og_type":"article","og_title":"Capacitaci\u00f3n gastron\u00f3mica en conserva de escabeche y encurtidos - Tres Lineas Noticias","og_description":"Vecinas y vecinos del distrito participaron de una clase dedicada a las t\u00e9cnicas culinarias sobre alimentos envasados, la tarde del mi\u00e9rcoles en el Sal\u00f3n de Usos M\u00faltiples \u201cLos Tronquitos\u201d -calle 1523 esquina 1552-. Desde los alrededores del establecimiento lleg\u00f3 Miriam Falc\u00f3n, quien al culminar el encuentro resalt\u00f3 \u201cla paciencia de la docente al momento de [&hellip;]","og_url":"https:\/\/treslineasnoticias.com.ar\/?p=20146","og_site_name":"Tres Lineas Noticias","article_published_time":"2025-11-13T01:47:00+00:00","article_modified_time":"2025-11-13T21:50:36+00:00","og_image":[{"width":2560,"height":1707,"url":"http:\/\/treslineasnoticias.com.ar\/wp-content\/uploads\/2025\/11\/09094a64-0bfe-41a6-5252-cbca4ecfcffd-scaled.jpg","type":"image\/jpeg"}],"author":"Horacio L\u00f3pez","twitter_card":"summary_large_image","twitter_misc":{"Escrito por":"Horacio L\u00f3pez","Tiempo de lectura":"2 minutos"},"schema":{"@context":"https:\/\/schema.org","@graph":[{"@type":"WebPage","@id":"https:\/\/treslineasnoticias.com.ar\/?p=20146","url":"https:\/\/treslineasnoticias.com.ar\/?p=20146","name":"Capacitaci\u00f3n gastron\u00f3mica en conserva de escabeche y encurtidos - Tres Lineas Noticias","isPartOf":{"@id":"https:\/\/treslineasnoticias.com.ar\/#website"},"primaryImageOfPage":{"@id":"https:\/\/treslineasnoticias.com.ar\/?p=20146#primaryimage"},"image":{"@id":"https:\/\/treslineasnoticias.com.ar\/?p=20146#primaryimage"},"thumbnailUrl":"https:\/\/treslineasnoticias.com.ar\/wp-content\/uploads\/2025\/11\/09094a64-0bfe-41a6-5252-cbca4ecfcffd-scaled.jpg","datePublished":"2025-11-13T01:47:00+00:00","dateModified":"2025-11-13T21:50:36+00:00","author":{"@id":"https:\/\/treslineasnoticias.com.ar\/#\/schema\/person\/c5f7249e50517b84c2379b145ca14895"},"breadcrumb":{"@id":"https:\/\/treslineasnoticias.com.ar\/?p=20146#breadcrumb"},"inLanguage":"es","potentialAction":[{"@type":"ReadAction","target":["https:\/\/treslineasnoticias.com.ar\/?p=20146"]}]},{"@type":"ImageObject","inLanguage":"es","@id":"https:\/\/treslineasnoticias.com.ar\/?p=20146#primaryimage","url":"https:\/\/treslineasnoticias.com.ar\/wp-content\/uploads\/2025\/11\/09094a64-0bfe-41a6-5252-cbca4ecfcffd-scaled.jpg","contentUrl":"https:\/\/treslineasnoticias.com.ar\/wp-content\/uploads\/2025\/11\/09094a64-0bfe-41a6-5252-cbca4ecfcffd-scaled.jpg","width":2560,"height":1707},{"@type":"BreadcrumbList","@id":"https:\/\/treslineasnoticias.com.ar\/?p=20146#breadcrumb","itemListElement":[{"@type":"ListItem","position":1,"name":"Portada","item":"https:\/\/treslineasnoticias.com.ar\/"},{"@type":"ListItem","position":2,"name":"Capacitaci\u00f3n gastron\u00f3mica en conserva de escabeche y encurtidos"}]},{"@type":"WebSite","@id":"https:\/\/treslineasnoticias.com.ar\/#website","url":"https:\/\/treslineasnoticias.com.ar\/","name":"Tres Lineas Noticias","description":"","potentialAction":[{"@type":"SearchAction","target":{"@type":"EntryPoint","urlTemplate":"https:\/\/treslineasnoticias.com.ar\/?s={search_term_string}"},"query-input":{"@type":"PropertyValueSpecification","valueRequired":true,"valueName":"search_term_string"}}],"inLanguage":"es"},{"@type":"Person","@id":"https:\/\/treslineasnoticias.com.ar\/#\/schema\/person\/c5f7249e50517b84c2379b145ca14895","name":"Horacio L\u00f3pez","image":{"@type":"ImageObject","inLanguage":"es","@id":"https:\/\/treslineasnoticias.com.ar\/#\/schema\/person\/image\/","url":"https:\/\/treslineasnoticias.com.ar\/wp-content\/litespeed\/avatar\/ddbec442f0224f940ce000570a0cb216.jpg?ver=1777068930","contentUrl":"https:\/\/treslineasnoticias.com.ar\/wp-content\/litespeed\/avatar\/ddbec442f0224f940ce000570a0cb216.jpg?ver=1777068930","caption":"Horacio L\u00f3pez"},"sameAs":["http:\/\/treslineasnoticias.com.ar"],"url":"https:\/\/treslineasnoticias.com.ar\/?author=3"}]}},"jetpack_featured_media_url":"https:\/\/treslineasnoticias.com.ar\/wp-content\/uploads\/2025\/11\/09094a64-0bfe-41a6-5252-cbca4ecfcffd-scaled.jpg","jetpack_sharing_enabled":true,"_links":{"self":[{"href":"https:\/\/treslineasnoticias.com.ar\/index.php?rest_route=\/wp\/v2\/posts\/20146","targetHints":{"allow":["GET"]}}],"collection":[{"href":"https:\/\/treslineasnoticias.com.ar\/index.php?rest_route=\/wp\/v2\/posts"}],"about":[{"href":"https:\/\/treslineasnoticias.com.ar\/index.php?rest_route=\/wp\/v2\/types\/post"}],"author":[{"embeddable":true,"href":"https:\/\/treslineasnoticias.com.ar\/index.php?rest_route=\/wp\/v2\/users\/3"}],"replies":[{"embeddable":true,"href":"https:\/\/treslineasnoticias.com.ar\/index.php?rest_route=%2Fwp%2Fv2%2Fcomments&post=20146"}],"version-history":[{"count":2,"href":"https:\/\/treslineasnoticias.com.ar\/index.php?rest_route=\/wp\/v2\/posts\/20146\/revisions"}],"predecessor-version":[{"id":20152,"href":"https:\/\/treslineasnoticias.com.ar\/index.php?rest_route=\/wp\/v2\/posts\/20146\/revisions\/20152"}],"wp:featuredmedia":[{"embeddable":true,"href":"https:\/\/treslineasnoticias.com.ar\/index.php?rest_route=\/wp\/v2\/media\/20149"}],"wp:attachment":[{"href":"https:\/\/treslineasnoticias.com.ar\/index.php?rest_route=%2Fwp%2Fv2%2Fmedia&parent=20146"}],"wp:term":[{"taxonomy":"category","embeddable":true,"href":"https:\/\/treslineasnoticias.com.ar\/index.php?rest_route=%2Fwp%2Fv2%2Fcategories&post=20146"},{"taxonomy":"post_tag","embeddable":true,"href":"https:\/\/treslineasnoticias.com.ar\/index.php?rest_route=%2Fwp%2Fv2%2Ftags&post=20146"}],"curies":[{"name":"wp","href":"https:\/\/api.w.org\/{rel}","templated":true}]}}