{"id":20216,"date":"2025-11-13T20:42:00","date_gmt":"2025-11-13T23:42:00","guid":{"rendered":"https:\/\/treslineasnoticias.com.ar\/?p=20216"},"modified":"2025-11-16T18:47:26","modified_gmt":"2025-11-16T21:47:26","slug":"encuentro-bilateral-entre-florencio-varela-y-china","status":"publish","type":"post","link":"https:\/\/treslineasnoticias.com.ar\/?p=20216","title":{"rendered":"Encuentro bilateral entre Florencio Varela y China"},"content":{"rendered":"\n<p><strong><em>El intendente -Andr\u00e9s Watson- recibi\u00f3 al vicegobernador de la provincia Shandong -Zhang Haibo- junto a su delegaci\u00f3n acompa\u00f1ante para afianzar la articulaci\u00f3n institucional durante su visita al Parque Industrial y Tecnol\u00f3gico del partido (PITec) -calle 1236 N\u00ba629, Ingeniero Allan- en la ma\u00f1ana del jueves.<\/em><\/strong><\/p>\n\n\n\n<p>En su disertaci\u00f3n, el Mandatario Comunal defini\u00f3 a Florencio Varela \u201cuna tierra de oportunidades, con puertas abiertas a estrechar lazos y trabajar en conjunto a fin de profundizar la industrializaci\u00f3n argentina\u201d.<\/p>\n\n\n\n<figure class=\"wp-block-image size-large\"><img loading=\"lazy\" decoding=\"async\" width=\"1024\" height=\"683\" src=\"http:\/\/treslineasnoticias.com.ar\/wp-content\/uploads\/2025\/11\/fda77788-be4f-ca09-470a-c1f9f7c377e1-1024x683.jpg\" alt=\"\" class=\"wp-image-20217\" srcset=\"https:\/\/treslineasnoticias.com.ar\/wp-content\/uploads\/2025\/11\/fda77788-be4f-ca09-470a-c1f9f7c377e1-1024x683.jpg 1024w, https:\/\/treslineasnoticias.com.ar\/wp-content\/uploads\/2025\/11\/fda77788-be4f-ca09-470a-c1f9f7c377e1-300x200.jpg 300w, https:\/\/treslineasnoticias.com.ar\/wp-content\/uploads\/2025\/11\/fda77788-be4f-ca09-470a-c1f9f7c377e1-768x512.jpg 768w, https:\/\/treslineasnoticias.com.ar\/wp-content\/uploads\/2025\/11\/fda77788-be4f-ca09-470a-c1f9f7c377e1-1536x1024.jpg 1536w, https:\/\/treslineasnoticias.com.ar\/wp-content\/uploads\/2025\/11\/fda77788-be4f-ca09-470a-c1f9f7c377e1-2048x1365.jpg 2048w\" sizes=\"auto, (max-width: 1024px) 100vw, 1024px\" \/><\/figure>\n\n\n\n<p>El Alcalde detall\u00f3 \u201cla posici\u00f3n estrat\u00e9gica del distrito para el desarrollo agropecuario, el v\u00ednculo del PITec con establecimientos educativos con mano de obra calificada y su posibilidad de crecimiento en cantidad de empresas instaladas\u201d.<\/p>\n\n\n\n<p>La autoridad oriental invitada destac\u00f3 \u201cla infraestructura del predio fabril, con un terreno bien preparado en cuanto a conexiones el\u00e9ctricas e hidr\u00e1ulicas\u201d. Adem\u00e1s, inst\u00f3 a \u201cmantener el contacto e incrementar las inversiones y el comercio entre regiones\u201d.<\/p>\n\n\n\n<p>La subsecretaria bonaerense de Industria y Pymes, Mariela Bembi, celebr\u00f3 \u201cun encuentro donde compartir instancias de cooperaci\u00f3n en ciencia y tecnolog\u00eda, sectores de inter\u00e9s, colaboraci\u00f3n de compa\u00f1\u00edas de ambas naciones\u201d.<\/p>\n\n\n\n<figure class=\"wp-block-image size-large\"><img loading=\"lazy\" decoding=\"async\" width=\"1024\" height=\"683\" src=\"http:\/\/treslineasnoticias.com.ar\/wp-content\/uploads\/2025\/11\/3245a39b-ea8c-6c2b-22ac-4d26c958f4e6-1024x683.jpg\" alt=\"\" class=\"wp-image-20218\" srcset=\"https:\/\/treslineasnoticias.com.ar\/wp-content\/uploads\/2025\/11\/3245a39b-ea8c-6c2b-22ac-4d26c958f4e6-1024x683.jpg 1024w, https:\/\/treslineasnoticias.com.ar\/wp-content\/uploads\/2025\/11\/3245a39b-ea8c-6c2b-22ac-4d26c958f4e6-300x200.jpg 300w, https:\/\/treslineasnoticias.com.ar\/wp-content\/uploads\/2025\/11\/3245a39b-ea8c-6c2b-22ac-4d26c958f4e6-768x512.jpg 768w, https:\/\/treslineasnoticias.com.ar\/wp-content\/uploads\/2025\/11\/3245a39b-ea8c-6c2b-22ac-4d26c958f4e6-1536x1024.jpg 1536w, https:\/\/treslineasnoticias.com.ar\/wp-content\/uploads\/2025\/11\/3245a39b-ea8c-6c2b-22ac-4d26c958f4e6-2048x1365.jpg 2048w\" sizes=\"auto, (max-width: 1024px) 100vw, 1024px\" \/><\/figure>\n\n\n\n<p>El itinerario incluy\u00f3 un recorrido por \u201cISI Oildfield Chemicals\u201d, \u201cLas Chicas de Varela\u201d (LCV) y el Centro Tecnol\u00f3gico Metal\u00fargico (CETEM).<\/p>\n\n\n\n<p>Estuvieron presentes funcionarios y funcionarias tanto provinciales como municipales; representantes de las firmas participantes.<\/p>\n","protected":false},"excerpt":{"rendered":"<p>El intendente -Andr\u00e9s Watson- recibi\u00f3 al vicegobernador de la provincia Shandong -Zhang Haibo- junto a su delegaci\u00f3n acompa\u00f1ante para afianzar la articulaci\u00f3n institucional durante su visita al Parque Industrial y Tecnol\u00f3gico del partido (PITec) -calle 1236 N\u00ba629, Ingeniero Allan- en la ma\u00f1ana del jueves. En su disertaci\u00f3n, el Mandatario Comunal defini\u00f3 a Florencio Varela \u201cuna [&hellip;]<\/p>\n","protected":false},"author":3,"featured_media":20219,"comment_status":"open","ping_status":"open","sticky":false,"template":"","format":"standard","meta":{"_jetpack_memberships_contains_paid_content":false,"footnotes":""},"categories":[6],"tags":[],"class_list":["post-20216","post","type-post","status-publish","format-standard","has-post-thumbnail","hentry","category-florencio-varela"],"yoast_head":"<!-- This site is optimized with the Yoast SEO plugin v24.7 - https:\/\/yoast.com\/wordpress\/plugins\/seo\/ -->\n<title>Encuentro bilateral entre Florencio Varela y China - Tres Lineas Noticias<\/title>\n<meta name=\"robots\" content=\"index, follow, max-snippet:-1, max-image-preview:large, max-video-preview:-1\" \/>\n<link rel=\"canonical\" href=\"https:\/\/treslineasnoticias.com.ar\/?p=20216\" \/>\n<meta property=\"og:locale\" content=\"es_ES\" \/>\n<meta property=\"og:type\" content=\"article\" \/>\n<meta property=\"og:title\" content=\"Encuentro bilateral entre Florencio Varela y China - Tres Lineas Noticias\" \/>\n<meta property=\"og:description\" content=\"El intendente -Andr\u00e9s Watson- recibi\u00f3 al vicegobernador de la provincia Shandong -Zhang Haibo- junto a su delegaci\u00f3n acompa\u00f1ante para afianzar la articulaci\u00f3n institucional durante su visita al Parque Industrial y Tecnol\u00f3gico del partido (PITec) -calle 1236 N\u00ba629, Ingeniero Allan- en la ma\u00f1ana del jueves. En su disertaci\u00f3n, el Mandatario Comunal defini\u00f3 a Florencio Varela \u201cuna [&hellip;]\" \/>\n<meta property=\"og:url\" content=\"https:\/\/treslineasnoticias.com.ar\/?p=20216\" \/>\n<meta property=\"og:site_name\" content=\"Tres Lineas Noticias\" \/>\n<meta property=\"article:published_time\" content=\"2025-11-13T23:42:00+00:00\" \/>\n<meta property=\"article:modified_time\" content=\"2025-11-16T21:47:26+00:00\" \/>\n<meta property=\"og:image\" content=\"http:\/\/treslineasnoticias.com.ar\/wp-content\/uploads\/2025\/11\/2324a629-a78e-56a5-9e48-bcdd8d0bf1b2-scaled.jpg\" \/>\n\t<meta property=\"og:image:width\" content=\"2560\" \/>\n\t<meta property=\"og:image:height\" content=\"1707\" \/>\n\t<meta property=\"og:image:type\" content=\"image\/jpeg\" \/>\n<meta name=\"author\" content=\"Horacio L\u00f3pez\" \/>\n<meta name=\"twitter:card\" content=\"summary_large_image\" \/>\n<meta name=\"twitter:label1\" content=\"Escrito por\" \/>\n\t<meta name=\"twitter:data1\" content=\"Horacio L\u00f3pez\" \/>\n\t<meta name=\"twitter:label2\" content=\"Tiempo de lectura\" \/>\n\t<meta name=\"twitter:data2\" content=\"2 minutos\" \/>\n<script type=\"application\/ld+json\" class=\"yoast-schema-graph\">{\"@context\":\"https:\/\/schema.org\",\"@graph\":[{\"@type\":\"WebPage\",\"@id\":\"https:\/\/treslineasnoticias.com.ar\/?p=20216\",\"url\":\"https:\/\/treslineasnoticias.com.ar\/?p=20216\",\"name\":\"Encuentro bilateral entre Florencio Varela y China - Tres Lineas Noticias\",\"isPartOf\":{\"@id\":\"https:\/\/treslineasnoticias.com.ar\/#website\"},\"primaryImageOfPage\":{\"@id\":\"https:\/\/treslineasnoticias.com.ar\/?p=20216#primaryimage\"},\"image\":{\"@id\":\"https:\/\/treslineasnoticias.com.ar\/?p=20216#primaryimage\"},\"thumbnailUrl\":\"https:\/\/treslineasnoticias.com.ar\/wp-content\/uploads\/2025\/11\/2324a629-a78e-56a5-9e48-bcdd8d0bf1b2-scaled.jpg\",\"datePublished\":\"2025-11-13T23:42:00+00:00\",\"dateModified\":\"2025-11-16T21:47:26+00:00\",\"author\":{\"@id\":\"https:\/\/treslineasnoticias.com.ar\/#\/schema\/person\/c5f7249e50517b84c2379b145ca14895\"},\"breadcrumb\":{\"@id\":\"https:\/\/treslineasnoticias.com.ar\/?p=20216#breadcrumb\"},\"inLanguage\":\"es\",\"potentialAction\":[{\"@type\":\"ReadAction\",\"target\":[\"https:\/\/treslineasnoticias.com.ar\/?p=20216\"]}]},{\"@type\":\"ImageObject\",\"inLanguage\":\"es\",\"@id\":\"https:\/\/treslineasnoticias.com.ar\/?p=20216#primaryimage\",\"url\":\"https:\/\/treslineasnoticias.com.ar\/wp-content\/uploads\/2025\/11\/2324a629-a78e-56a5-9e48-bcdd8d0bf1b2-scaled.jpg\",\"contentUrl\":\"https:\/\/treslineasnoticias.com.ar\/wp-content\/uploads\/2025\/11\/2324a629-a78e-56a5-9e48-bcdd8d0bf1b2-scaled.jpg\",\"width\":2560,\"height\":1707},{\"@type\":\"BreadcrumbList\",\"@id\":\"https:\/\/treslineasnoticias.com.ar\/?p=20216#breadcrumb\",\"itemListElement\":[{\"@type\":\"ListItem\",\"position\":1,\"name\":\"Portada\",\"item\":\"https:\/\/treslineasnoticias.com.ar\/\"},{\"@type\":\"ListItem\",\"position\":2,\"name\":\"Encuentro bilateral entre Florencio Varela y China\"}]},{\"@type\":\"WebSite\",\"@id\":\"https:\/\/treslineasnoticias.com.ar\/#website\",\"url\":\"https:\/\/treslineasnoticias.com.ar\/\",\"name\":\"Tres Lineas Noticias\",\"description\":\"\",\"potentialAction\":[{\"@type\":\"SearchAction\",\"target\":{\"@type\":\"EntryPoint\",\"urlTemplate\":\"https:\/\/treslineasnoticias.com.ar\/?s={search_term_string}\"},\"query-input\":{\"@type\":\"PropertyValueSpecification\",\"valueRequired\":true,\"valueName\":\"search_term_string\"}}],\"inLanguage\":\"es\"},{\"@type\":\"Person\",\"@id\":\"https:\/\/treslineasnoticias.com.ar\/#\/schema\/person\/c5f7249e50517b84c2379b145ca14895\",\"name\":\"Horacio L\u00f3pez\",\"image\":{\"@type\":\"ImageObject\",\"inLanguage\":\"es\",\"@id\":\"https:\/\/treslineasnoticias.com.ar\/#\/schema\/person\/image\/\",\"url\":\"https:\/\/treslineasnoticias.com.ar\/wp-content\/litespeed\/avatar\/ddbec442f0224f940ce000570a0cb216.jpg?ver=1777068930\",\"contentUrl\":\"https:\/\/treslineasnoticias.com.ar\/wp-content\/litespeed\/avatar\/ddbec442f0224f940ce000570a0cb216.jpg?ver=1777068930\",\"caption\":\"Horacio L\u00f3pez\"},\"sameAs\":[\"http:\/\/treslineasnoticias.com.ar\"],\"url\":\"https:\/\/treslineasnoticias.com.ar\/?author=3\"}]}<\/script>\n<!-- \/ Yoast SEO plugin. -->","yoast_head_json":{"title":"Encuentro bilateral entre Florencio Varela y China - Tres Lineas Noticias","robots":{"index":"index","follow":"follow","max-snippet":"max-snippet:-1","max-image-preview":"max-image-preview:large","max-video-preview":"max-video-preview:-1"},"canonical":"https:\/\/treslineasnoticias.com.ar\/?p=20216","og_locale":"es_ES","og_type":"article","og_title":"Encuentro bilateral entre Florencio Varela y China - Tres Lineas Noticias","og_description":"El intendente -Andr\u00e9s Watson- recibi\u00f3 al vicegobernador de la provincia Shandong -Zhang Haibo- junto a su delegaci\u00f3n acompa\u00f1ante para afianzar la articulaci\u00f3n institucional durante su visita al Parque Industrial y Tecnol\u00f3gico del partido (PITec) -calle 1236 N\u00ba629, Ingeniero Allan- en la ma\u00f1ana del jueves. En su disertaci\u00f3n, el Mandatario Comunal defini\u00f3 a Florencio Varela \u201cuna [&hellip;]","og_url":"https:\/\/treslineasnoticias.com.ar\/?p=20216","og_site_name":"Tres Lineas Noticias","article_published_time":"2025-11-13T23:42:00+00:00","article_modified_time":"2025-11-16T21:47:26+00:00","og_image":[{"width":2560,"height":1707,"url":"http:\/\/treslineasnoticias.com.ar\/wp-content\/uploads\/2025\/11\/2324a629-a78e-56a5-9e48-bcdd8d0bf1b2-scaled.jpg","type":"image\/jpeg"}],"author":"Horacio L\u00f3pez","twitter_card":"summary_large_image","twitter_misc":{"Escrito por":"Horacio L\u00f3pez","Tiempo de lectura":"2 minutos"},"schema":{"@context":"https:\/\/schema.org","@graph":[{"@type":"WebPage","@id":"https:\/\/treslineasnoticias.com.ar\/?p=20216","url":"https:\/\/treslineasnoticias.com.ar\/?p=20216","name":"Encuentro bilateral entre Florencio Varela y China - Tres Lineas Noticias","isPartOf":{"@id":"https:\/\/treslineasnoticias.com.ar\/#website"},"primaryImageOfPage":{"@id":"https:\/\/treslineasnoticias.com.ar\/?p=20216#primaryimage"},"image":{"@id":"https:\/\/treslineasnoticias.com.ar\/?p=20216#primaryimage"},"thumbnailUrl":"https:\/\/treslineasnoticias.com.ar\/wp-content\/uploads\/2025\/11\/2324a629-a78e-56a5-9e48-bcdd8d0bf1b2-scaled.jpg","datePublished":"2025-11-13T23:42:00+00:00","dateModified":"2025-11-16T21:47:26+00:00","author":{"@id":"https:\/\/treslineasnoticias.com.ar\/#\/schema\/person\/c5f7249e50517b84c2379b145ca14895"},"breadcrumb":{"@id":"https:\/\/treslineasnoticias.com.ar\/?p=20216#breadcrumb"},"inLanguage":"es","potentialAction":[{"@type":"ReadAction","target":["https:\/\/treslineasnoticias.com.ar\/?p=20216"]}]},{"@type":"ImageObject","inLanguage":"es","@id":"https:\/\/treslineasnoticias.com.ar\/?p=20216#primaryimage","url":"https:\/\/treslineasnoticias.com.ar\/wp-content\/uploads\/2025\/11\/2324a629-a78e-56a5-9e48-bcdd8d0bf1b2-scaled.jpg","contentUrl":"https:\/\/treslineasnoticias.com.ar\/wp-content\/uploads\/2025\/11\/2324a629-a78e-56a5-9e48-bcdd8d0bf1b2-scaled.jpg","width":2560,"height":1707},{"@type":"BreadcrumbList","@id":"https:\/\/treslineasnoticias.com.ar\/?p=20216#breadcrumb","itemListElement":[{"@type":"ListItem","position":1,"name":"Portada","item":"https:\/\/treslineasnoticias.com.ar\/"},{"@type":"ListItem","position":2,"name":"Encuentro bilateral entre Florencio Varela y China"}]},{"@type":"WebSite","@id":"https:\/\/treslineasnoticias.com.ar\/#website","url":"https:\/\/treslineasnoticias.com.ar\/","name":"Tres Lineas Noticias","description":"","potentialAction":[{"@type":"SearchAction","target":{"@type":"EntryPoint","urlTemplate":"https:\/\/treslineasnoticias.com.ar\/?s={search_term_string}"},"query-input":{"@type":"PropertyValueSpecification","valueRequired":true,"valueName":"search_term_string"}}],"inLanguage":"es"},{"@type":"Person","@id":"https:\/\/treslineasnoticias.com.ar\/#\/schema\/person\/c5f7249e50517b84c2379b145ca14895","name":"Horacio L\u00f3pez","image":{"@type":"ImageObject","inLanguage":"es","@id":"https:\/\/treslineasnoticias.com.ar\/#\/schema\/person\/image\/","url":"https:\/\/treslineasnoticias.com.ar\/wp-content\/litespeed\/avatar\/ddbec442f0224f940ce000570a0cb216.jpg?ver=1777068930","contentUrl":"https:\/\/treslineasnoticias.com.ar\/wp-content\/litespeed\/avatar\/ddbec442f0224f940ce000570a0cb216.jpg?ver=1777068930","caption":"Horacio L\u00f3pez"},"sameAs":["http:\/\/treslineasnoticias.com.ar"],"url":"https:\/\/treslineasnoticias.com.ar\/?author=3"}]}},"jetpack_featured_media_url":"https:\/\/treslineasnoticias.com.ar\/wp-content\/uploads\/2025\/11\/2324a629-a78e-56a5-9e48-bcdd8d0bf1b2-scaled.jpg","jetpack_sharing_enabled":true,"_links":{"self":[{"href":"https:\/\/treslineasnoticias.com.ar\/index.php?rest_route=\/wp\/v2\/posts\/20216","targetHints":{"allow":["GET"]}}],"collection":[{"href":"https:\/\/treslineasnoticias.com.ar\/index.php?rest_route=\/wp\/v2\/posts"}],"about":[{"href":"https:\/\/treslineasnoticias.com.ar\/index.php?rest_route=\/wp\/v2\/types\/post"}],"author":[{"embeddable":true,"href":"https:\/\/treslineasnoticias.com.ar\/index.php?rest_route=\/wp\/v2\/users\/3"}],"replies":[{"embeddable":true,"href":"https:\/\/treslineasnoticias.com.ar\/index.php?rest_route=%2Fwp%2Fv2%2Fcomments&post=20216"}],"version-history":[{"count":1,"href":"https:\/\/treslineasnoticias.com.ar\/index.php?rest_route=\/wp\/v2\/posts\/20216\/revisions"}],"predecessor-version":[{"id":20220,"href":"https:\/\/treslineasnoticias.com.ar\/index.php?rest_route=\/wp\/v2\/posts\/20216\/revisions\/20220"}],"wp:featuredmedia":[{"embeddable":true,"href":"https:\/\/treslineasnoticias.com.ar\/index.php?rest_route=\/wp\/v2\/media\/20219"}],"wp:attachment":[{"href":"https:\/\/treslineasnoticias.com.ar\/index.php?rest_route=%2Fwp%2Fv2%2Fmedia&parent=20216"}],"wp:term":[{"taxonomy":"category","embeddable":true,"href":"https:\/\/treslineasnoticias.com.ar\/index.php?rest_route=%2Fwp%2Fv2%2Fcategories&post=20216"},{"taxonomy":"post_tag","embeddable":true,"href":"https:\/\/treslineasnoticias.com.ar\/index.php?rest_route=%2Fwp%2Fv2%2Ftags&post=20216"}],"curies":[{"name":"wp","href":"https:\/\/api.w.org\/{rel}","templated":true}]}}