{"id":20453,"date":"2025-11-28T19:55:30","date_gmt":"2025-11-28T22:55:30","guid":{"rendered":"https:\/\/treslineasnoticias.com.ar\/?p=20453"},"modified":"2025-11-28T19:55:32","modified_gmt":"2025-11-28T22:55:32","slug":"avanzo-la-puesta-en-valor-de-la-red-vial-en-san-eduardo","status":"publish","type":"post","link":"https:\/\/treslineasnoticias.com.ar\/?p=20453","title":{"rendered":"Avanz\u00f3 la puesta en valor de la red vial en San Eduardo"},"content":{"rendered":"\n<p><strong><em>El jefe comunal, Andr\u00e9s Watson, supervis\u00f3 el progreso en un 70% de la pavimentaci\u00f3n sobre Rodr\u00edguez Pe\u00f1a, entre 22 y 24, el viernes por la ma\u00f1ana.<\/em><\/strong><\/p>\n\n\n\n<p>En su di\u00e1logo con frentistas, el Mandatario varelense detall\u00f3 \u201cla intervenci\u00f3n de cuatro etapas que abarc\u00f3 5 cuadras con el objetivo de asegurar una circulaci\u00f3n constante y conectar los nuevos asfaltos con los preexistentes\u201d.<\/p>\n\n\n\n<figure class=\"wp-block-image size-large\"><img loading=\"lazy\" decoding=\"async\" width=\"1024\" height=\"683\" src=\"http:\/\/treslineasnoticias.com.ar\/wp-content\/uploads\/2025\/11\/66c157ec-507b-b4ee-70d6-54e4244ce8f1-1024x683.jpg\" alt=\"\" class=\"wp-image-20455\" srcset=\"https:\/\/treslineasnoticias.com.ar\/wp-content\/uploads\/2025\/11\/66c157ec-507b-b4ee-70d6-54e4244ce8f1-1024x683.jpg 1024w, https:\/\/treslineasnoticias.com.ar\/wp-content\/uploads\/2025\/11\/66c157ec-507b-b4ee-70d6-54e4244ce8f1-300x200.jpg 300w, https:\/\/treslineasnoticias.com.ar\/wp-content\/uploads\/2025\/11\/66c157ec-507b-b4ee-70d6-54e4244ce8f1-768x512.jpg 768w, https:\/\/treslineasnoticias.com.ar\/wp-content\/uploads\/2025\/11\/66c157ec-507b-b4ee-70d6-54e4244ce8f1-1536x1024.jpg 1536w, https:\/\/treslineasnoticias.com.ar\/wp-content\/uploads\/2025\/11\/66c157ec-507b-b4ee-70d6-54e4244ce8f1-2048x1365.jpg 2048w\" sizes=\"auto, (max-width: 1024px) 100vw, 1024px\" \/><\/figure>\n\n\n\n<p>\u201cA trav\u00e9s de recursos municipales, continuamos el hormigonado, las labores hidr\u00e1ulicas complementarias y planificamos la colocaci\u00f3n de reductores de velocidad\u201d, agreg\u00f3 el Alcalde.<\/p>\n\n\n\n<p>\u201cLa obra fue necesaria para favorecer el acceso a las escuelas cercanas\u201d, expres\u00f3 Luis Mendoza, oriundo de la regi\u00f3n por m\u00e1s de cinco d\u00e9cadas, quien estaba \u201cal tanto de todos los avances en el partido que impulsaron el bienestar de las vecinas y los vecinos\u201d.<\/p>\n\n\n\n<p>\u201cFelicit\u00e9 al Intendente por el desarrollo en la zona\u201d, cont\u00f3 Norberto Lucero, que arrib\u00f3 al vecindario en 1975. \u201cEl cambio en el barrio fue notorio, espectacular\u201d, celebr\u00f3.<\/p>\n\n\n\n<figure class=\"wp-block-image size-large\"><img loading=\"lazy\" decoding=\"async\" width=\"1024\" height=\"683\" src=\"http:\/\/treslineasnoticias.com.ar\/wp-content\/uploads\/2025\/11\/61415e88-9876-c95b-0b94-f8cf9bfade30-1024x683.jpg\" alt=\"\" class=\"wp-image-20454\" srcset=\"https:\/\/treslineasnoticias.com.ar\/wp-content\/uploads\/2025\/11\/61415e88-9876-c95b-0b94-f8cf9bfade30-1024x683.jpg 1024w, https:\/\/treslineasnoticias.com.ar\/wp-content\/uploads\/2025\/11\/61415e88-9876-c95b-0b94-f8cf9bfade30-300x200.jpg 300w, https:\/\/treslineasnoticias.com.ar\/wp-content\/uploads\/2025\/11\/61415e88-9876-c95b-0b94-f8cf9bfade30-768x512.jpg 768w, https:\/\/treslineasnoticias.com.ar\/wp-content\/uploads\/2025\/11\/61415e88-9876-c95b-0b94-f8cf9bfade30-1536x1024.jpg 1536w, https:\/\/treslineasnoticias.com.ar\/wp-content\/uploads\/2025\/11\/61415e88-9876-c95b-0b94-f8cf9bfade30-2048x1365.jpg 2048w\" sizes=\"auto, (max-width: 1024px) 100vw, 1024px\" \/><\/figure>\n\n\n\n<p>Susana Sarabia, radicada en las inmediaciones durante 52 a\u00f1os, narr\u00f3: \u201cNuestros padres no llegaron a ver la calle terminada. Signific\u00f3 un crecimiento\u201d. \u201cAl ser discapacitada motriz, el arreglo fue una gran ayuda y una comodidad\u201d, afirm\u00f3.<\/p>\n\n\n\n<p>Estuvo el secretario de Obras, Servicios P\u00fablicos, Ambiente y Planificaci\u00f3n Urbana, Diego Trejo.<\/p>\n","protected":false},"excerpt":{"rendered":"<p>El jefe comunal, Andr\u00e9s Watson, supervis\u00f3 el progreso en un 70% de la pavimentaci\u00f3n sobre Rodr\u00edguez Pe\u00f1a, entre 22 y 24, el viernes por la ma\u00f1ana. En su di\u00e1logo con frentistas, el Mandatario varelense detall\u00f3 \u201cla intervenci\u00f3n de cuatro etapas que abarc\u00f3 5 cuadras con el objetivo de asegurar una circulaci\u00f3n constante y conectar los [&hellip;]<\/p>\n","protected":false},"author":3,"featured_media":20456,"comment_status":"open","ping_status":"open","sticky":false,"template":"","format":"standard","meta":{"_jetpack_memberships_contains_paid_content":false,"footnotes":""},"categories":[6],"tags":[],"class_list":["post-20453","post","type-post","status-publish","format-standard","has-post-thumbnail","hentry","category-florencio-varela"],"yoast_head":"<!-- This site is optimized with the Yoast SEO plugin v24.7 - https:\/\/yoast.com\/wordpress\/plugins\/seo\/ -->\n<title>Avanz\u00f3 la puesta en valor de la red vial en San Eduardo - Tres Lineas Noticias<\/title>\n<meta name=\"robots\" content=\"index, follow, max-snippet:-1, max-image-preview:large, max-video-preview:-1\" \/>\n<link rel=\"canonical\" href=\"https:\/\/treslineasnoticias.com.ar\/?p=20453\" \/>\n<meta property=\"og:locale\" content=\"es_ES\" \/>\n<meta property=\"og:type\" content=\"article\" \/>\n<meta property=\"og:title\" content=\"Avanz\u00f3 la puesta en valor de la red vial en San Eduardo - Tres Lineas Noticias\" \/>\n<meta property=\"og:description\" content=\"El jefe comunal, Andr\u00e9s Watson, supervis\u00f3 el progreso en un 70% de la pavimentaci\u00f3n sobre Rodr\u00edguez Pe\u00f1a, entre 22 y 24, el viernes por la ma\u00f1ana. En su di\u00e1logo con frentistas, el Mandatario varelense detall\u00f3 \u201cla intervenci\u00f3n de cuatro etapas que abarc\u00f3 5 cuadras con el objetivo de asegurar una circulaci\u00f3n constante y conectar los [&hellip;]\" \/>\n<meta property=\"og:url\" content=\"https:\/\/treslineasnoticias.com.ar\/?p=20453\" \/>\n<meta property=\"og:site_name\" content=\"Tres Lineas Noticias\" \/>\n<meta property=\"article:published_time\" content=\"2025-11-28T22:55:30+00:00\" \/>\n<meta property=\"article:modified_time\" content=\"2025-11-28T22:55:32+00:00\" \/>\n<meta property=\"og:image\" content=\"http:\/\/treslineasnoticias.com.ar\/wp-content\/uploads\/2025\/11\/c469b02c-f0e0-a988-dc76-ac2f819e9242-scaled.jpg\" \/>\n\t<meta property=\"og:image:width\" content=\"2560\" \/>\n\t<meta property=\"og:image:height\" content=\"1706\" \/>\n\t<meta property=\"og:image:type\" content=\"image\/jpeg\" \/>\n<meta name=\"author\" content=\"Horacio L\u00f3pez\" \/>\n<meta name=\"twitter:card\" content=\"summary_large_image\" \/>\n<meta name=\"twitter:label1\" content=\"Escrito por\" \/>\n\t<meta name=\"twitter:data1\" content=\"Horacio L\u00f3pez\" \/>\n\t<meta name=\"twitter:label2\" content=\"Tiempo de lectura\" \/>\n\t<meta name=\"twitter:data2\" content=\"2 minutos\" \/>\n<script type=\"application\/ld+json\" class=\"yoast-schema-graph\">{\"@context\":\"https:\/\/schema.org\",\"@graph\":[{\"@type\":\"WebPage\",\"@id\":\"https:\/\/treslineasnoticias.com.ar\/?p=20453\",\"url\":\"https:\/\/treslineasnoticias.com.ar\/?p=20453\",\"name\":\"Avanz\u00f3 la puesta en valor de la red vial en San Eduardo - Tres Lineas Noticias\",\"isPartOf\":{\"@id\":\"https:\/\/treslineasnoticias.com.ar\/#website\"},\"primaryImageOfPage\":{\"@id\":\"https:\/\/treslineasnoticias.com.ar\/?p=20453#primaryimage\"},\"image\":{\"@id\":\"https:\/\/treslineasnoticias.com.ar\/?p=20453#primaryimage\"},\"thumbnailUrl\":\"https:\/\/treslineasnoticias.com.ar\/wp-content\/uploads\/2025\/11\/c469b02c-f0e0-a988-dc76-ac2f819e9242-scaled.jpg\",\"datePublished\":\"2025-11-28T22:55:30+00:00\",\"dateModified\":\"2025-11-28T22:55:32+00:00\",\"author\":{\"@id\":\"https:\/\/treslineasnoticias.com.ar\/#\/schema\/person\/c5f7249e50517b84c2379b145ca14895\"},\"breadcrumb\":{\"@id\":\"https:\/\/treslineasnoticias.com.ar\/?p=20453#breadcrumb\"},\"inLanguage\":\"es\",\"potentialAction\":[{\"@type\":\"ReadAction\",\"target\":[\"https:\/\/treslineasnoticias.com.ar\/?p=20453\"]}]},{\"@type\":\"ImageObject\",\"inLanguage\":\"es\",\"@id\":\"https:\/\/treslineasnoticias.com.ar\/?p=20453#primaryimage\",\"url\":\"https:\/\/treslineasnoticias.com.ar\/wp-content\/uploads\/2025\/11\/c469b02c-f0e0-a988-dc76-ac2f819e9242-scaled.jpg\",\"contentUrl\":\"https:\/\/treslineasnoticias.com.ar\/wp-content\/uploads\/2025\/11\/c469b02c-f0e0-a988-dc76-ac2f819e9242-scaled.jpg\",\"width\":2560,\"height\":1706},{\"@type\":\"BreadcrumbList\",\"@id\":\"https:\/\/treslineasnoticias.com.ar\/?p=20453#breadcrumb\",\"itemListElement\":[{\"@type\":\"ListItem\",\"position\":1,\"name\":\"Portada\",\"item\":\"https:\/\/treslineasnoticias.com.ar\/\"},{\"@type\":\"ListItem\",\"position\":2,\"name\":\"Avanz\u00f3 la puesta en valor de la red vial en San Eduardo\"}]},{\"@type\":\"WebSite\",\"@id\":\"https:\/\/treslineasnoticias.com.ar\/#website\",\"url\":\"https:\/\/treslineasnoticias.com.ar\/\",\"name\":\"Tres Lineas Noticias\",\"description\":\"\",\"potentialAction\":[{\"@type\":\"SearchAction\",\"target\":{\"@type\":\"EntryPoint\",\"urlTemplate\":\"https:\/\/treslineasnoticias.com.ar\/?s={search_term_string}\"},\"query-input\":{\"@type\":\"PropertyValueSpecification\",\"valueRequired\":true,\"valueName\":\"search_term_string\"}}],\"inLanguage\":\"es\"},{\"@type\":\"Person\",\"@id\":\"https:\/\/treslineasnoticias.com.ar\/#\/schema\/person\/c5f7249e50517b84c2379b145ca14895\",\"name\":\"Horacio L\u00f3pez\",\"image\":{\"@type\":\"ImageObject\",\"inLanguage\":\"es\",\"@id\":\"https:\/\/treslineasnoticias.com.ar\/#\/schema\/person\/image\/\",\"url\":\"https:\/\/treslineasnoticias.com.ar\/wp-content\/litespeed\/avatar\/ddbec442f0224f940ce000570a0cb216.jpg?ver=1777068930\",\"contentUrl\":\"https:\/\/treslineasnoticias.com.ar\/wp-content\/litespeed\/avatar\/ddbec442f0224f940ce000570a0cb216.jpg?ver=1777068930\",\"caption\":\"Horacio L\u00f3pez\"},\"sameAs\":[\"http:\/\/treslineasnoticias.com.ar\"],\"url\":\"https:\/\/treslineasnoticias.com.ar\/?author=3\"}]}<\/script>\n<!-- \/ Yoast SEO plugin. -->","yoast_head_json":{"title":"Avanz\u00f3 la puesta en valor de la red vial en San Eduardo - Tres Lineas Noticias","robots":{"index":"index","follow":"follow","max-snippet":"max-snippet:-1","max-image-preview":"max-image-preview:large","max-video-preview":"max-video-preview:-1"},"canonical":"https:\/\/treslineasnoticias.com.ar\/?p=20453","og_locale":"es_ES","og_type":"article","og_title":"Avanz\u00f3 la puesta en valor de la red vial en San Eduardo - Tres Lineas Noticias","og_description":"El jefe comunal, Andr\u00e9s Watson, supervis\u00f3 el progreso en un 70% de la pavimentaci\u00f3n sobre Rodr\u00edguez Pe\u00f1a, entre 22 y 24, el viernes por la ma\u00f1ana. En su di\u00e1logo con frentistas, el Mandatario varelense detall\u00f3 \u201cla intervenci\u00f3n de cuatro etapas que abarc\u00f3 5 cuadras con el objetivo de asegurar una circulaci\u00f3n constante y conectar los [&hellip;]","og_url":"https:\/\/treslineasnoticias.com.ar\/?p=20453","og_site_name":"Tres Lineas Noticias","article_published_time":"2025-11-28T22:55:30+00:00","article_modified_time":"2025-11-28T22:55:32+00:00","og_image":[{"width":2560,"height":1706,"url":"http:\/\/treslineasnoticias.com.ar\/wp-content\/uploads\/2025\/11\/c469b02c-f0e0-a988-dc76-ac2f819e9242-scaled.jpg","type":"image\/jpeg"}],"author":"Horacio L\u00f3pez","twitter_card":"summary_large_image","twitter_misc":{"Escrito por":"Horacio L\u00f3pez","Tiempo de lectura":"2 minutos"},"schema":{"@context":"https:\/\/schema.org","@graph":[{"@type":"WebPage","@id":"https:\/\/treslineasnoticias.com.ar\/?p=20453","url":"https:\/\/treslineasnoticias.com.ar\/?p=20453","name":"Avanz\u00f3 la puesta en valor de la red vial en San Eduardo - Tres Lineas Noticias","isPartOf":{"@id":"https:\/\/treslineasnoticias.com.ar\/#website"},"primaryImageOfPage":{"@id":"https:\/\/treslineasnoticias.com.ar\/?p=20453#primaryimage"},"image":{"@id":"https:\/\/treslineasnoticias.com.ar\/?p=20453#primaryimage"},"thumbnailUrl":"https:\/\/treslineasnoticias.com.ar\/wp-content\/uploads\/2025\/11\/c469b02c-f0e0-a988-dc76-ac2f819e9242-scaled.jpg","datePublished":"2025-11-28T22:55:30+00:00","dateModified":"2025-11-28T22:55:32+00:00","author":{"@id":"https:\/\/treslineasnoticias.com.ar\/#\/schema\/person\/c5f7249e50517b84c2379b145ca14895"},"breadcrumb":{"@id":"https:\/\/treslineasnoticias.com.ar\/?p=20453#breadcrumb"},"inLanguage":"es","potentialAction":[{"@type":"ReadAction","target":["https:\/\/treslineasnoticias.com.ar\/?p=20453"]}]},{"@type":"ImageObject","inLanguage":"es","@id":"https:\/\/treslineasnoticias.com.ar\/?p=20453#primaryimage","url":"https:\/\/treslineasnoticias.com.ar\/wp-content\/uploads\/2025\/11\/c469b02c-f0e0-a988-dc76-ac2f819e9242-scaled.jpg","contentUrl":"https:\/\/treslineasnoticias.com.ar\/wp-content\/uploads\/2025\/11\/c469b02c-f0e0-a988-dc76-ac2f819e9242-scaled.jpg","width":2560,"height":1706},{"@type":"BreadcrumbList","@id":"https:\/\/treslineasnoticias.com.ar\/?p=20453#breadcrumb","itemListElement":[{"@type":"ListItem","position":1,"name":"Portada","item":"https:\/\/treslineasnoticias.com.ar\/"},{"@type":"ListItem","position":2,"name":"Avanz\u00f3 la puesta en valor de la red vial en San Eduardo"}]},{"@type":"WebSite","@id":"https:\/\/treslineasnoticias.com.ar\/#website","url":"https:\/\/treslineasnoticias.com.ar\/","name":"Tres Lineas Noticias","description":"","potentialAction":[{"@type":"SearchAction","target":{"@type":"EntryPoint","urlTemplate":"https:\/\/treslineasnoticias.com.ar\/?s={search_term_string}"},"query-input":{"@type":"PropertyValueSpecification","valueRequired":true,"valueName":"search_term_string"}}],"inLanguage":"es"},{"@type":"Person","@id":"https:\/\/treslineasnoticias.com.ar\/#\/schema\/person\/c5f7249e50517b84c2379b145ca14895","name":"Horacio L\u00f3pez","image":{"@type":"ImageObject","inLanguage":"es","@id":"https:\/\/treslineasnoticias.com.ar\/#\/schema\/person\/image\/","url":"https:\/\/treslineasnoticias.com.ar\/wp-content\/litespeed\/avatar\/ddbec442f0224f940ce000570a0cb216.jpg?ver=1777068930","contentUrl":"https:\/\/treslineasnoticias.com.ar\/wp-content\/litespeed\/avatar\/ddbec442f0224f940ce000570a0cb216.jpg?ver=1777068930","caption":"Horacio L\u00f3pez"},"sameAs":["http:\/\/treslineasnoticias.com.ar"],"url":"https:\/\/treslineasnoticias.com.ar\/?author=3"}]}},"jetpack_featured_media_url":"https:\/\/treslineasnoticias.com.ar\/wp-content\/uploads\/2025\/11\/c469b02c-f0e0-a988-dc76-ac2f819e9242-scaled.jpg","jetpack_sharing_enabled":true,"_links":{"self":[{"href":"https:\/\/treslineasnoticias.com.ar\/index.php?rest_route=\/wp\/v2\/posts\/20453","targetHints":{"allow":["GET"]}}],"collection":[{"href":"https:\/\/treslineasnoticias.com.ar\/index.php?rest_route=\/wp\/v2\/posts"}],"about":[{"href":"https:\/\/treslineasnoticias.com.ar\/index.php?rest_route=\/wp\/v2\/types\/post"}],"author":[{"embeddable":true,"href":"https:\/\/treslineasnoticias.com.ar\/index.php?rest_route=\/wp\/v2\/users\/3"}],"replies":[{"embeddable":true,"href":"https:\/\/treslineasnoticias.com.ar\/index.php?rest_route=%2Fwp%2Fv2%2Fcomments&post=20453"}],"version-history":[{"count":1,"href":"https:\/\/treslineasnoticias.com.ar\/index.php?rest_route=\/wp\/v2\/posts\/20453\/revisions"}],"predecessor-version":[{"id":20457,"href":"https:\/\/treslineasnoticias.com.ar\/index.php?rest_route=\/wp\/v2\/posts\/20453\/revisions\/20457"}],"wp:featuredmedia":[{"embeddable":true,"href":"https:\/\/treslineasnoticias.com.ar\/index.php?rest_route=\/wp\/v2\/media\/20456"}],"wp:attachment":[{"href":"https:\/\/treslineasnoticias.com.ar\/index.php?rest_route=%2Fwp%2Fv2%2Fmedia&parent=20453"}],"wp:term":[{"taxonomy":"category","embeddable":true,"href":"https:\/\/treslineasnoticias.com.ar\/index.php?rest_route=%2Fwp%2Fv2%2Fcategories&post=20453"},{"taxonomy":"post_tag","embeddable":true,"href":"https:\/\/treslineasnoticias.com.ar\/index.php?rest_route=%2Fwp%2Fv2%2Ftags&post=20453"}],"curies":[{"name":"wp","href":"https:\/\/api.w.org\/{rel}","templated":true}]}}