{"id":20458,"date":"2025-11-28T19:59:44","date_gmt":"2025-11-28T22:59:44","guid":{"rendered":"https:\/\/treslineasnoticias.com.ar\/?p=20458"},"modified":"2025-11-28T19:59:46","modified_gmt":"2025-11-28T22:59:46","slug":"la-comunidad-educativa-denomina-heroes-de-malvinas-a-la-secundaria-no52","status":"publish","type":"post","link":"https:\/\/treslineasnoticias.com.ar\/?p=20458","title":{"rendered":"La comunidad educativa denomina \u201cH\u00e9roes de Malvinas\u201d a la Secundaria N\u00ba52"},"content":{"rendered":"\n<p><strong><em>\u201cY all\u00e1 quedar\u00e1n, eternos centinelas sin relevo esperando que alg\u00fan d\u00eda, sin que corra sangre vuelva la celeste y blanca a flamear sobre esas tierras argentinas\u201d, canta Andr\u00e9s Ciro Mart\u00ednez en una de las canciones que graba en su \u00e1lbum debut con \u201cLos Persas\u201d, editado en julio de 2010 tras la separaci\u00f3n de \u201cLos Piojos\u201d: \u201cEspejos\u201d.<\/em><\/strong><\/p>\n\n\n\n<p>El t\u00edtulo del tema es \u201cH\u00e9roes de Malvinas\u201d. Funciona como la musicalizaci\u00f3n apropiada para la ceremonia que instaura ese mismo nombre a la escuela ubicada en Villa Ang\u00e9lica: una decisi\u00f3n democr\u00e1tica que involucra a alumnos, alumnas, docentes, autoridades, auxiliares, vecinos y vecinas.&nbsp;&nbsp;<\/p>\n\n\n\n<figure class=\"wp-block-image size-large\"><img loading=\"lazy\" decoding=\"async\" width=\"1024\" height=\"683\" src=\"http:\/\/treslineasnoticias.com.ar\/wp-content\/uploads\/2025\/11\/a44c1cbc-4447-ee86-360d-1cab64f93957-1024x683.jpg\" alt=\"\" class=\"wp-image-20459\" srcset=\"https:\/\/treslineasnoticias.com.ar\/wp-content\/uploads\/2025\/11\/a44c1cbc-4447-ee86-360d-1cab64f93957-1024x683.jpg 1024w, https:\/\/treslineasnoticias.com.ar\/wp-content\/uploads\/2025\/11\/a44c1cbc-4447-ee86-360d-1cab64f93957-300x200.jpg 300w, https:\/\/treslineasnoticias.com.ar\/wp-content\/uploads\/2025\/11\/a44c1cbc-4447-ee86-360d-1cab64f93957-768x512.jpg 768w, https:\/\/treslineasnoticias.com.ar\/wp-content\/uploads\/2025\/11\/a44c1cbc-4447-ee86-360d-1cab64f93957-1536x1024.jpg 1536w, https:\/\/treslineasnoticias.com.ar\/wp-content\/uploads\/2025\/11\/a44c1cbc-4447-ee86-360d-1cab64f93957-2048x1365.jpg 2048w\" sizes=\"auto, (max-width: 1024px) 100vw, 1024px\" \/><\/figure>\n\n\n\n<p>\u201cEs imprescindible mantener la memoria activa y sostener en el tiempo la gesta de nuestros excombatientes. Reivindicar su defensa a la soberan\u00eda nacional sobre las islas hace 43 a\u00f1os\u201d, afirma el mandatario comunal -Andr\u00e9s Watson- durante la celebraci\u00f3n en el patio de la instituci\u00f3n pedag\u00f3gica el \u00faltimo viernes de noviembre.<\/p>\n\n\n\n<p>En ese contexto, el Intendente resalta: \u201cCon este nombramiento, cumplen varios objetivos. Por un lado, afianzan su identidad en la comunidad; por el otro, honran, respetan y enaltecen el legado de los veteranos de guerra\u201d.&nbsp; A modo de cierre, incentiva a \u201ccontinuar con la malvinizaci\u00f3n en Florencio Varela\u201d.<\/p>\n\n\n\n<p>Luego de repasar la historia de la Secundaria, sus protagonistas y el procedimiento para escoger la denominaci\u00f3n, su actual responsable -Eugenio Garc\u00eda- menciona a Ram\u00f3n Toledo, quien fallece en 2022, y Ricardo Vel\u00e1zquez, presente en el acto. Ambos enfrentan al Reino Unido en el conflicto b\u00e9lico del Atl\u00e1ntico Sur. Adem\u00e1s, desempe\u00f1an funciones en el establecimiento en diferentes etapas.<\/p>\n\n\n\n<p>\u201cEn el proceso de elecci\u00f3n, surgen varias opciones, pero el trabajo de estos dos hombres en estas aulas, su v\u00ednculo con los chicos, las chicas, las maestras, los maestros, siempre al servicio del bien com\u00fan, termina de definir la votaci\u00f3n e inmortaliza su recuerdo\u201d, describe el director anfitri\u00f3n.<\/p>\n\n\n\n<figure class=\"wp-block-image size-large\"><img loading=\"lazy\" decoding=\"async\" width=\"1024\" height=\"683\" src=\"http:\/\/treslineasnoticias.com.ar\/wp-content\/uploads\/2025\/11\/44ffbd31-4f03-5456-2b5c-80aada5e7af1-1024x683.jpg\" alt=\"\" class=\"wp-image-20460\" srcset=\"https:\/\/treslineasnoticias.com.ar\/wp-content\/uploads\/2025\/11\/44ffbd31-4f03-5456-2b5c-80aada5e7af1-1024x683.jpg 1024w, https:\/\/treslineasnoticias.com.ar\/wp-content\/uploads\/2025\/11\/44ffbd31-4f03-5456-2b5c-80aada5e7af1-300x200.jpg 300w, https:\/\/treslineasnoticias.com.ar\/wp-content\/uploads\/2025\/11\/44ffbd31-4f03-5456-2b5c-80aada5e7af1-768x512.jpg 768w, https:\/\/treslineasnoticias.com.ar\/wp-content\/uploads\/2025\/11\/44ffbd31-4f03-5456-2b5c-80aada5e7af1-1536x1024.jpg 1536w, https:\/\/treslineasnoticias.com.ar\/wp-content\/uploads\/2025\/11\/44ffbd31-4f03-5456-2b5c-80aada5e7af1-2048x1365.jpg 2048w\" sizes=\"auto, (max-width: 1024px) 100vw, 1024px\" \/><\/figure>\n\n\n\n<p>\u201cEl soldado no muere en el frente de batalla. Muere cuando su Patria lo olvida\u201d es la frase que inspira a las y los estudiantes en la confecci\u00f3n de una muestra art\u00edstica con grabados, pinturas, murales, cuadros o fotograf\u00edas que despliegan en los salones como argumento a su sentido de pertenencia.<\/p>\n\n\n\n<p>El presidente de la entidad que nuclea a los sobrevivientes de aquel enfrentamiento en el distrito -Carlos Orsini- expres\u00f3 su \u201cemoci\u00f3n por un reconocimiento que ayuda a que nuestras vivencias no sean indiferentes en las nuevas generaciones e integra a la sociedad\u201d.&nbsp;&nbsp;&nbsp;&nbsp;&nbsp;&nbsp;<\/p>\n\n\n\n<p>La banda perteneciente a la E.E.S. N\u00ba9001 Liceo Policial \u00abCr\u00edo. Gral. Jorge V. Schoo\u00bb interpreta el Himno Nacional, Aurora y la Marcha a las Malvinas. El cantautor varelense Kike Leguizam\u00f3n ameniza el encuentro con un repertorio folkl\u00f3rico.<\/p>\n","protected":false},"excerpt":{"rendered":"<p>\u201cY all\u00e1 quedar\u00e1n, eternos centinelas sin relevo esperando que alg\u00fan d\u00eda, sin que corra sangre vuelva la celeste y blanca a flamear sobre esas tierras argentinas\u201d, canta Andr\u00e9s Ciro Mart\u00ednez en una de las canciones que graba en su \u00e1lbum debut con \u201cLos Persas\u201d, editado en julio de 2010 tras la separaci\u00f3n de \u201cLos Piojos\u201d: [&hellip;]<\/p>\n","protected":false},"author":3,"featured_media":20461,"comment_status":"open","ping_status":"open","sticky":false,"template":"","format":"standard","meta":{"_jetpack_memberships_contains_paid_content":false,"footnotes":""},"categories":[6],"tags":[],"class_list":["post-20458","post","type-post","status-publish","format-standard","has-post-thumbnail","hentry","category-florencio-varela"],"yoast_head":"<!-- This site is optimized with the Yoast SEO plugin v24.7 - https:\/\/yoast.com\/wordpress\/plugins\/seo\/ -->\n<title>La comunidad educativa denomina \u201cH\u00e9roes de Malvinas\u201d a la Secundaria N\u00ba52 - Tres Lineas Noticias<\/title>\n<meta name=\"robots\" content=\"index, follow, max-snippet:-1, max-image-preview:large, max-video-preview:-1\" \/>\n<link rel=\"canonical\" href=\"https:\/\/treslineasnoticias.com.ar\/?p=20458\" \/>\n<meta property=\"og:locale\" content=\"es_ES\" \/>\n<meta property=\"og:type\" content=\"article\" \/>\n<meta property=\"og:title\" content=\"La comunidad educativa denomina \u201cH\u00e9roes de Malvinas\u201d a la Secundaria N\u00ba52 - Tres Lineas Noticias\" \/>\n<meta property=\"og:description\" content=\"\u201cY all\u00e1 quedar\u00e1n, eternos centinelas sin relevo esperando que alg\u00fan d\u00eda, sin que corra sangre vuelva la celeste y blanca a flamear sobre esas tierras argentinas\u201d, canta Andr\u00e9s Ciro Mart\u00ednez en una de las canciones que graba en su \u00e1lbum debut con \u201cLos Persas\u201d, editado en julio de 2010 tras la separaci\u00f3n de \u201cLos Piojos\u201d: [&hellip;]\" \/>\n<meta property=\"og:url\" content=\"https:\/\/treslineasnoticias.com.ar\/?p=20458\" \/>\n<meta property=\"og:site_name\" content=\"Tres Lineas Noticias\" \/>\n<meta property=\"article:published_time\" content=\"2025-11-28T22:59:44+00:00\" \/>\n<meta property=\"article:modified_time\" content=\"2025-11-28T22:59:46+00:00\" \/>\n<meta property=\"og:image\" content=\"http:\/\/treslineasnoticias.com.ar\/wp-content\/uploads\/2025\/11\/a12208d0-fb8a-5b13-729a-636f9b3d449f-scaled.jpg\" \/>\n\t<meta property=\"og:image:width\" content=\"2560\" \/>\n\t<meta property=\"og:image:height\" content=\"1706\" \/>\n\t<meta property=\"og:image:type\" content=\"image\/jpeg\" \/>\n<meta name=\"author\" content=\"Horacio L\u00f3pez\" \/>\n<meta name=\"twitter:card\" content=\"summary_large_image\" \/>\n<meta name=\"twitter:label1\" content=\"Escrito por\" \/>\n\t<meta name=\"twitter:data1\" content=\"Horacio L\u00f3pez\" \/>\n\t<meta name=\"twitter:label2\" content=\"Tiempo de lectura\" \/>\n\t<meta name=\"twitter:data2\" content=\"3 minutos\" \/>\n<script type=\"application\/ld+json\" class=\"yoast-schema-graph\">{\"@context\":\"https:\/\/schema.org\",\"@graph\":[{\"@type\":\"WebPage\",\"@id\":\"https:\/\/treslineasnoticias.com.ar\/?p=20458\",\"url\":\"https:\/\/treslineasnoticias.com.ar\/?p=20458\",\"name\":\"La comunidad educativa denomina \u201cH\u00e9roes de Malvinas\u201d a la Secundaria N\u00ba52 - Tres Lineas Noticias\",\"isPartOf\":{\"@id\":\"https:\/\/treslineasnoticias.com.ar\/#website\"},\"primaryImageOfPage\":{\"@id\":\"https:\/\/treslineasnoticias.com.ar\/?p=20458#primaryimage\"},\"image\":{\"@id\":\"https:\/\/treslineasnoticias.com.ar\/?p=20458#primaryimage\"},\"thumbnailUrl\":\"https:\/\/treslineasnoticias.com.ar\/wp-content\/uploads\/2025\/11\/a12208d0-fb8a-5b13-729a-636f9b3d449f-scaled.jpg\",\"datePublished\":\"2025-11-28T22:59:44+00:00\",\"dateModified\":\"2025-11-28T22:59:46+00:00\",\"author\":{\"@id\":\"https:\/\/treslineasnoticias.com.ar\/#\/schema\/person\/c5f7249e50517b84c2379b145ca14895\"},\"breadcrumb\":{\"@id\":\"https:\/\/treslineasnoticias.com.ar\/?p=20458#breadcrumb\"},\"inLanguage\":\"es\",\"potentialAction\":[{\"@type\":\"ReadAction\",\"target\":[\"https:\/\/treslineasnoticias.com.ar\/?p=20458\"]}]},{\"@type\":\"ImageObject\",\"inLanguage\":\"es\",\"@id\":\"https:\/\/treslineasnoticias.com.ar\/?p=20458#primaryimage\",\"url\":\"https:\/\/treslineasnoticias.com.ar\/wp-content\/uploads\/2025\/11\/a12208d0-fb8a-5b13-729a-636f9b3d449f-scaled.jpg\",\"contentUrl\":\"https:\/\/treslineasnoticias.com.ar\/wp-content\/uploads\/2025\/11\/a12208d0-fb8a-5b13-729a-636f9b3d449f-scaled.jpg\",\"width\":2560,\"height\":1706},{\"@type\":\"BreadcrumbList\",\"@id\":\"https:\/\/treslineasnoticias.com.ar\/?p=20458#breadcrumb\",\"itemListElement\":[{\"@type\":\"ListItem\",\"position\":1,\"name\":\"Portada\",\"item\":\"https:\/\/treslineasnoticias.com.ar\/\"},{\"@type\":\"ListItem\",\"position\":2,\"name\":\"La comunidad educativa denomina \u201cH\u00e9roes de Malvinas\u201d a la Secundaria N\u00ba52\"}]},{\"@type\":\"WebSite\",\"@id\":\"https:\/\/treslineasnoticias.com.ar\/#website\",\"url\":\"https:\/\/treslineasnoticias.com.ar\/\",\"name\":\"Tres Lineas Noticias\",\"description\":\"\",\"potentialAction\":[{\"@type\":\"SearchAction\",\"target\":{\"@type\":\"EntryPoint\",\"urlTemplate\":\"https:\/\/treslineasnoticias.com.ar\/?s={search_term_string}\"},\"query-input\":{\"@type\":\"PropertyValueSpecification\",\"valueRequired\":true,\"valueName\":\"search_term_string\"}}],\"inLanguage\":\"es\"},{\"@type\":\"Person\",\"@id\":\"https:\/\/treslineasnoticias.com.ar\/#\/schema\/person\/c5f7249e50517b84c2379b145ca14895\",\"name\":\"Horacio L\u00f3pez\",\"image\":{\"@type\":\"ImageObject\",\"inLanguage\":\"es\",\"@id\":\"https:\/\/treslineasnoticias.com.ar\/#\/schema\/person\/image\/\",\"url\":\"https:\/\/treslineasnoticias.com.ar\/wp-content\/litespeed\/avatar\/ddbec442f0224f940ce000570a0cb216.jpg?ver=1777068930\",\"contentUrl\":\"https:\/\/treslineasnoticias.com.ar\/wp-content\/litespeed\/avatar\/ddbec442f0224f940ce000570a0cb216.jpg?ver=1777068930\",\"caption\":\"Horacio L\u00f3pez\"},\"sameAs\":[\"http:\/\/treslineasnoticias.com.ar\"],\"url\":\"https:\/\/treslineasnoticias.com.ar\/?author=3\"}]}<\/script>\n<!-- \/ Yoast SEO plugin. -->","yoast_head_json":{"title":"La comunidad educativa denomina \u201cH\u00e9roes de Malvinas\u201d a la Secundaria N\u00ba52 - Tres Lineas Noticias","robots":{"index":"index","follow":"follow","max-snippet":"max-snippet:-1","max-image-preview":"max-image-preview:large","max-video-preview":"max-video-preview:-1"},"canonical":"https:\/\/treslineasnoticias.com.ar\/?p=20458","og_locale":"es_ES","og_type":"article","og_title":"La comunidad educativa denomina \u201cH\u00e9roes de Malvinas\u201d a la Secundaria N\u00ba52 - Tres Lineas Noticias","og_description":"\u201cY all\u00e1 quedar\u00e1n, eternos centinelas sin relevo esperando que alg\u00fan d\u00eda, sin que corra sangre vuelva la celeste y blanca a flamear sobre esas tierras argentinas\u201d, canta Andr\u00e9s Ciro Mart\u00ednez en una de las canciones que graba en su \u00e1lbum debut con \u201cLos Persas\u201d, editado en julio de 2010 tras la separaci\u00f3n de \u201cLos Piojos\u201d: [&hellip;]","og_url":"https:\/\/treslineasnoticias.com.ar\/?p=20458","og_site_name":"Tres Lineas Noticias","article_published_time":"2025-11-28T22:59:44+00:00","article_modified_time":"2025-11-28T22:59:46+00:00","og_image":[{"width":2560,"height":1706,"url":"http:\/\/treslineasnoticias.com.ar\/wp-content\/uploads\/2025\/11\/a12208d0-fb8a-5b13-729a-636f9b3d449f-scaled.jpg","type":"image\/jpeg"}],"author":"Horacio L\u00f3pez","twitter_card":"summary_large_image","twitter_misc":{"Escrito por":"Horacio L\u00f3pez","Tiempo de lectura":"3 minutos"},"schema":{"@context":"https:\/\/schema.org","@graph":[{"@type":"WebPage","@id":"https:\/\/treslineasnoticias.com.ar\/?p=20458","url":"https:\/\/treslineasnoticias.com.ar\/?p=20458","name":"La comunidad educativa denomina \u201cH\u00e9roes de Malvinas\u201d a la Secundaria N\u00ba52 - Tres Lineas Noticias","isPartOf":{"@id":"https:\/\/treslineasnoticias.com.ar\/#website"},"primaryImageOfPage":{"@id":"https:\/\/treslineasnoticias.com.ar\/?p=20458#primaryimage"},"image":{"@id":"https:\/\/treslineasnoticias.com.ar\/?p=20458#primaryimage"},"thumbnailUrl":"https:\/\/treslineasnoticias.com.ar\/wp-content\/uploads\/2025\/11\/a12208d0-fb8a-5b13-729a-636f9b3d449f-scaled.jpg","datePublished":"2025-11-28T22:59:44+00:00","dateModified":"2025-11-28T22:59:46+00:00","author":{"@id":"https:\/\/treslineasnoticias.com.ar\/#\/schema\/person\/c5f7249e50517b84c2379b145ca14895"},"breadcrumb":{"@id":"https:\/\/treslineasnoticias.com.ar\/?p=20458#breadcrumb"},"inLanguage":"es","potentialAction":[{"@type":"ReadAction","target":["https:\/\/treslineasnoticias.com.ar\/?p=20458"]}]},{"@type":"ImageObject","inLanguage":"es","@id":"https:\/\/treslineasnoticias.com.ar\/?p=20458#primaryimage","url":"https:\/\/treslineasnoticias.com.ar\/wp-content\/uploads\/2025\/11\/a12208d0-fb8a-5b13-729a-636f9b3d449f-scaled.jpg","contentUrl":"https:\/\/treslineasnoticias.com.ar\/wp-content\/uploads\/2025\/11\/a12208d0-fb8a-5b13-729a-636f9b3d449f-scaled.jpg","width":2560,"height":1706},{"@type":"BreadcrumbList","@id":"https:\/\/treslineasnoticias.com.ar\/?p=20458#breadcrumb","itemListElement":[{"@type":"ListItem","position":1,"name":"Portada","item":"https:\/\/treslineasnoticias.com.ar\/"},{"@type":"ListItem","position":2,"name":"La comunidad educativa denomina \u201cH\u00e9roes de Malvinas\u201d a la Secundaria N\u00ba52"}]},{"@type":"WebSite","@id":"https:\/\/treslineasnoticias.com.ar\/#website","url":"https:\/\/treslineasnoticias.com.ar\/","name":"Tres Lineas Noticias","description":"","potentialAction":[{"@type":"SearchAction","target":{"@type":"EntryPoint","urlTemplate":"https:\/\/treslineasnoticias.com.ar\/?s={search_term_string}"},"query-input":{"@type":"PropertyValueSpecification","valueRequired":true,"valueName":"search_term_string"}}],"inLanguage":"es"},{"@type":"Person","@id":"https:\/\/treslineasnoticias.com.ar\/#\/schema\/person\/c5f7249e50517b84c2379b145ca14895","name":"Horacio L\u00f3pez","image":{"@type":"ImageObject","inLanguage":"es","@id":"https:\/\/treslineasnoticias.com.ar\/#\/schema\/person\/image\/","url":"https:\/\/treslineasnoticias.com.ar\/wp-content\/litespeed\/avatar\/ddbec442f0224f940ce000570a0cb216.jpg?ver=1777068930","contentUrl":"https:\/\/treslineasnoticias.com.ar\/wp-content\/litespeed\/avatar\/ddbec442f0224f940ce000570a0cb216.jpg?ver=1777068930","caption":"Horacio L\u00f3pez"},"sameAs":["http:\/\/treslineasnoticias.com.ar"],"url":"https:\/\/treslineasnoticias.com.ar\/?author=3"}]}},"jetpack_featured_media_url":"https:\/\/treslineasnoticias.com.ar\/wp-content\/uploads\/2025\/11\/a12208d0-fb8a-5b13-729a-636f9b3d449f-scaled.jpg","jetpack_sharing_enabled":true,"_links":{"self":[{"href":"https:\/\/treslineasnoticias.com.ar\/index.php?rest_route=\/wp\/v2\/posts\/20458","targetHints":{"allow":["GET"]}}],"collection":[{"href":"https:\/\/treslineasnoticias.com.ar\/index.php?rest_route=\/wp\/v2\/posts"}],"about":[{"href":"https:\/\/treslineasnoticias.com.ar\/index.php?rest_route=\/wp\/v2\/types\/post"}],"author":[{"embeddable":true,"href":"https:\/\/treslineasnoticias.com.ar\/index.php?rest_route=\/wp\/v2\/users\/3"}],"replies":[{"embeddable":true,"href":"https:\/\/treslineasnoticias.com.ar\/index.php?rest_route=%2Fwp%2Fv2%2Fcomments&post=20458"}],"version-history":[{"count":1,"href":"https:\/\/treslineasnoticias.com.ar\/index.php?rest_route=\/wp\/v2\/posts\/20458\/revisions"}],"predecessor-version":[{"id":20462,"href":"https:\/\/treslineasnoticias.com.ar\/index.php?rest_route=\/wp\/v2\/posts\/20458\/revisions\/20462"}],"wp:featuredmedia":[{"embeddable":true,"href":"https:\/\/treslineasnoticias.com.ar\/index.php?rest_route=\/wp\/v2\/media\/20461"}],"wp:attachment":[{"href":"https:\/\/treslineasnoticias.com.ar\/index.php?rest_route=%2Fwp%2Fv2%2Fmedia&parent=20458"}],"wp:term":[{"taxonomy":"category","embeddable":true,"href":"https:\/\/treslineasnoticias.com.ar\/index.php?rest_route=%2Fwp%2Fv2%2Fcategories&post=20458"},{"taxonomy":"post_tag","embeddable":true,"href":"https:\/\/treslineasnoticias.com.ar\/index.php?rest_route=%2Fwp%2Fv2%2Ftags&post=20458"}],"curies":[{"name":"wp","href":"https:\/\/api.w.org\/{rel}","templated":true}]}}