{"id":20575,"date":"2025-12-02T22:36:00","date_gmt":"2025-12-03T01:36:00","guid":{"rendered":"https:\/\/treslineasnoticias.com.ar\/?p=20575"},"modified":"2025-12-03T10:39:57","modified_gmt":"2025-12-03T13:39:57","slug":"la-madera-como-lienzo","status":"publish","type":"post","link":"https:\/\/treslineasnoticias.com.ar\/?p=20575","title":{"rendered":"La madera como lienzo"},"content":{"rendered":"\n<p><strong><em>Una decena de alumnas concurrieron al inicio del taller de pintura en el museo local, ubicado en 25 de Mayo esquina Chacabuco, durante la ma\u00f1ana del martes.<\/em><\/strong><\/p>\n\n\n\n<p>Habit\u00fae de los seminarios ofrecidos por la Comuna, Rita Vargas coment\u00f3: \u201cSiempre me gust\u00f3 lo relacionado al dibujo, por eso aprovech\u00e9 esta propuesta y me anot\u00e9\u201d. \u201cLa oferta gratuita fue una genialidad, en el \u00e1mbito privado los costos eran elevados\u00bb, asegur\u00f3. Si bien la vecina de Zeballos asever\u00f3 que \u00abasist\u00eda al encuentro de forma recreativa\u201d, tambi\u00e9n sugiri\u00f3 \u201ctransformarlo en una alternativa para vender mis artesan\u00edas\u201d.<\/p>\n\n\n\n<figure class=\"wp-block-image size-large\"><img loading=\"lazy\" decoding=\"async\" width=\"1024\" height=\"683\" src=\"http:\/\/treslineasnoticias.com.ar\/wp-content\/uploads\/2025\/12\/3b285b30-1af8-dd1b-ee66-2edb3e9e47af-1024x683.jpg\" alt=\"\" class=\"wp-image-20576\" srcset=\"https:\/\/treslineasnoticias.com.ar\/wp-content\/uploads\/2025\/12\/3b285b30-1af8-dd1b-ee66-2edb3e9e47af-1024x683.jpg 1024w, https:\/\/treslineasnoticias.com.ar\/wp-content\/uploads\/2025\/12\/3b285b30-1af8-dd1b-ee66-2edb3e9e47af-300x200.jpg 300w, https:\/\/treslineasnoticias.com.ar\/wp-content\/uploads\/2025\/12\/3b285b30-1af8-dd1b-ee66-2edb3e9e47af-768x512.jpg 768w, https:\/\/treslineasnoticias.com.ar\/wp-content\/uploads\/2025\/12\/3b285b30-1af8-dd1b-ee66-2edb3e9e47af-1536x1024.jpg 1536w, https:\/\/treslineasnoticias.com.ar\/wp-content\/uploads\/2025\/12\/3b285b30-1af8-dd1b-ee66-2edb3e9e47af-2048x1365.jpg 2048w\" sizes=\"auto, (max-width: 1024px) 100vw, 1024px\" \/><\/figure>\n\n\n\n<p>Norma Abreg\u00fa lleg\u00f3 desde Lomas de Zamora para acompa\u00f1ar a su amiga. La se\u00f1ora detall\u00f3: \u00abNos ense\u00f1aron a acondicionar el material antes de intervenirlo\u201d. Adem\u00e1s, valor\u00f3 \u201cun espacio en el cual hacer amistades con buenas compa\u00f1eras y muy talentosas\u00bb.<\/p>\n\n\n\n<p>Karina Balbuena -docente en la jornada- describi\u00f3: \u201cFue una capacitaci\u00f3n en la que las vecinas aprendieron a trabajar con precisi\u00f3n un recurso natural, con el objetivo final de comercializar sus elaboraciones\u201d. Con respecto a lo visto en la reuni\u00f3n, a\u00f1adi\u00f3: \u00abConocieron c\u00f3mo tratar la madera, los tiempos o procesos para que el resultado definitivo fuese el mejor\u201d.<\/p>\n\n\n\n<p>Para conocer nuevas oportunidades en artes pl\u00e1sticas, ingresar en la <a href=\"https:\/\/www.varela.gob.ar\/prensa\/nota.aspx?not_id=151814\">web municipal<\/a>.<\/p>\n","protected":false},"excerpt":{"rendered":"<p>Una decena de alumnas concurrieron al inicio del taller de pintura en el museo local, ubicado en 25 de Mayo esquina Chacabuco, durante la ma\u00f1ana del martes. Habit\u00fae de los seminarios ofrecidos por la Comuna, Rita Vargas coment\u00f3: \u201cSiempre me gust\u00f3 lo relacionado al dibujo, por eso aprovech\u00e9 esta propuesta y me anot\u00e9\u201d. \u201cLa oferta [&hellip;]<\/p>\n","protected":false},"author":3,"featured_media":20577,"comment_status":"open","ping_status":"open","sticky":false,"template":"","format":"standard","meta":{"_jetpack_memberships_contains_paid_content":false,"footnotes":""},"categories":[6],"tags":[],"class_list":["post-20575","post","type-post","status-publish","format-standard","has-post-thumbnail","hentry","category-florencio-varela"],"yoast_head":"<!-- This site is optimized with the Yoast SEO plugin v24.7 - https:\/\/yoast.com\/wordpress\/plugins\/seo\/ -->\n<title>La madera como lienzo - Tres Lineas Noticias<\/title>\n<meta name=\"robots\" content=\"index, follow, max-snippet:-1, max-image-preview:large, max-video-preview:-1\" \/>\n<link rel=\"canonical\" href=\"https:\/\/treslineasnoticias.com.ar\/?p=20575\" \/>\n<meta property=\"og:locale\" content=\"es_ES\" \/>\n<meta property=\"og:type\" content=\"article\" \/>\n<meta property=\"og:title\" content=\"La madera como lienzo - Tres Lineas Noticias\" \/>\n<meta property=\"og:description\" content=\"Una decena de alumnas concurrieron al inicio del taller de pintura en el museo local, ubicado en 25 de Mayo esquina Chacabuco, durante la ma\u00f1ana del martes. Habit\u00fae de los seminarios ofrecidos por la Comuna, Rita Vargas coment\u00f3: \u201cSiempre me gust\u00f3 lo relacionado al dibujo, por eso aprovech\u00e9 esta propuesta y me anot\u00e9\u201d. \u201cLa oferta [&hellip;]\" \/>\n<meta property=\"og:url\" content=\"https:\/\/treslineasnoticias.com.ar\/?p=20575\" \/>\n<meta property=\"og:site_name\" content=\"Tres Lineas Noticias\" \/>\n<meta property=\"article:published_time\" content=\"2025-12-03T01:36:00+00:00\" \/>\n<meta property=\"article:modified_time\" content=\"2025-12-03T13:39:57+00:00\" \/>\n<meta property=\"og:image\" content=\"http:\/\/treslineasnoticias.com.ar\/wp-content\/uploads\/2025\/12\/f7920ca7-d63c-18b7-fabc-b8c2726385fc-scaled.jpg\" \/>\n\t<meta property=\"og:image:width\" content=\"2560\" \/>\n\t<meta property=\"og:image:height\" content=\"1707\" \/>\n\t<meta property=\"og:image:type\" content=\"image\/jpeg\" \/>\n<meta name=\"author\" content=\"Horacio L\u00f3pez\" \/>\n<meta name=\"twitter:card\" content=\"summary_large_image\" \/>\n<meta name=\"twitter:label1\" content=\"Escrito por\" \/>\n\t<meta name=\"twitter:data1\" content=\"Horacio L\u00f3pez\" \/>\n\t<meta name=\"twitter:label2\" content=\"Tiempo de lectura\" \/>\n\t<meta name=\"twitter:data2\" content=\"2 minutos\" \/>\n<script type=\"application\/ld+json\" class=\"yoast-schema-graph\">{\"@context\":\"https:\/\/schema.org\",\"@graph\":[{\"@type\":\"WebPage\",\"@id\":\"https:\/\/treslineasnoticias.com.ar\/?p=20575\",\"url\":\"https:\/\/treslineasnoticias.com.ar\/?p=20575\",\"name\":\"La madera como lienzo - Tres Lineas Noticias\",\"isPartOf\":{\"@id\":\"https:\/\/treslineasnoticias.com.ar\/#website\"},\"primaryImageOfPage\":{\"@id\":\"https:\/\/treslineasnoticias.com.ar\/?p=20575#primaryimage\"},\"image\":{\"@id\":\"https:\/\/treslineasnoticias.com.ar\/?p=20575#primaryimage\"},\"thumbnailUrl\":\"https:\/\/treslineasnoticias.com.ar\/wp-content\/uploads\/2025\/12\/f7920ca7-d63c-18b7-fabc-b8c2726385fc-scaled.jpg\",\"datePublished\":\"2025-12-03T01:36:00+00:00\",\"dateModified\":\"2025-12-03T13:39:57+00:00\",\"author\":{\"@id\":\"https:\/\/treslineasnoticias.com.ar\/#\/schema\/person\/c5f7249e50517b84c2379b145ca14895\"},\"breadcrumb\":{\"@id\":\"https:\/\/treslineasnoticias.com.ar\/?p=20575#breadcrumb\"},\"inLanguage\":\"es\",\"potentialAction\":[{\"@type\":\"ReadAction\",\"target\":[\"https:\/\/treslineasnoticias.com.ar\/?p=20575\"]}]},{\"@type\":\"ImageObject\",\"inLanguage\":\"es\",\"@id\":\"https:\/\/treslineasnoticias.com.ar\/?p=20575#primaryimage\",\"url\":\"https:\/\/treslineasnoticias.com.ar\/wp-content\/uploads\/2025\/12\/f7920ca7-d63c-18b7-fabc-b8c2726385fc-scaled.jpg\",\"contentUrl\":\"https:\/\/treslineasnoticias.com.ar\/wp-content\/uploads\/2025\/12\/f7920ca7-d63c-18b7-fabc-b8c2726385fc-scaled.jpg\",\"width\":2560,\"height\":1707},{\"@type\":\"BreadcrumbList\",\"@id\":\"https:\/\/treslineasnoticias.com.ar\/?p=20575#breadcrumb\",\"itemListElement\":[{\"@type\":\"ListItem\",\"position\":1,\"name\":\"Portada\",\"item\":\"https:\/\/treslineasnoticias.com.ar\/\"},{\"@type\":\"ListItem\",\"position\":2,\"name\":\"La madera como lienzo\"}]},{\"@type\":\"WebSite\",\"@id\":\"https:\/\/treslineasnoticias.com.ar\/#website\",\"url\":\"https:\/\/treslineasnoticias.com.ar\/\",\"name\":\"Tres Lineas Noticias\",\"description\":\"\",\"potentialAction\":[{\"@type\":\"SearchAction\",\"target\":{\"@type\":\"EntryPoint\",\"urlTemplate\":\"https:\/\/treslineasnoticias.com.ar\/?s={search_term_string}\"},\"query-input\":{\"@type\":\"PropertyValueSpecification\",\"valueRequired\":true,\"valueName\":\"search_term_string\"}}],\"inLanguage\":\"es\"},{\"@type\":\"Person\",\"@id\":\"https:\/\/treslineasnoticias.com.ar\/#\/schema\/person\/c5f7249e50517b84c2379b145ca14895\",\"name\":\"Horacio L\u00f3pez\",\"image\":{\"@type\":\"ImageObject\",\"inLanguage\":\"es\",\"@id\":\"https:\/\/treslineasnoticias.com.ar\/#\/schema\/person\/image\/\",\"url\":\"https:\/\/treslineasnoticias.com.ar\/wp-content\/litespeed\/avatar\/ddbec442f0224f940ce000570a0cb216.jpg?ver=1777068930\",\"contentUrl\":\"https:\/\/treslineasnoticias.com.ar\/wp-content\/litespeed\/avatar\/ddbec442f0224f940ce000570a0cb216.jpg?ver=1777068930\",\"caption\":\"Horacio L\u00f3pez\"},\"sameAs\":[\"http:\/\/treslineasnoticias.com.ar\"],\"url\":\"https:\/\/treslineasnoticias.com.ar\/?author=3\"}]}<\/script>\n<!-- \/ Yoast SEO plugin. -->","yoast_head_json":{"title":"La madera como lienzo - Tres Lineas Noticias","robots":{"index":"index","follow":"follow","max-snippet":"max-snippet:-1","max-image-preview":"max-image-preview:large","max-video-preview":"max-video-preview:-1"},"canonical":"https:\/\/treslineasnoticias.com.ar\/?p=20575","og_locale":"es_ES","og_type":"article","og_title":"La madera como lienzo - Tres Lineas Noticias","og_description":"Una decena de alumnas concurrieron al inicio del taller de pintura en el museo local, ubicado en 25 de Mayo esquina Chacabuco, durante la ma\u00f1ana del martes. Habit\u00fae de los seminarios ofrecidos por la Comuna, Rita Vargas coment\u00f3: \u201cSiempre me gust\u00f3 lo relacionado al dibujo, por eso aprovech\u00e9 esta propuesta y me anot\u00e9\u201d. \u201cLa oferta [&hellip;]","og_url":"https:\/\/treslineasnoticias.com.ar\/?p=20575","og_site_name":"Tres Lineas Noticias","article_published_time":"2025-12-03T01:36:00+00:00","article_modified_time":"2025-12-03T13:39:57+00:00","og_image":[{"width":2560,"height":1707,"url":"http:\/\/treslineasnoticias.com.ar\/wp-content\/uploads\/2025\/12\/f7920ca7-d63c-18b7-fabc-b8c2726385fc-scaled.jpg","type":"image\/jpeg"}],"author":"Horacio L\u00f3pez","twitter_card":"summary_large_image","twitter_misc":{"Escrito por":"Horacio L\u00f3pez","Tiempo de lectura":"2 minutos"},"schema":{"@context":"https:\/\/schema.org","@graph":[{"@type":"WebPage","@id":"https:\/\/treslineasnoticias.com.ar\/?p=20575","url":"https:\/\/treslineasnoticias.com.ar\/?p=20575","name":"La madera como lienzo - Tres Lineas Noticias","isPartOf":{"@id":"https:\/\/treslineasnoticias.com.ar\/#website"},"primaryImageOfPage":{"@id":"https:\/\/treslineasnoticias.com.ar\/?p=20575#primaryimage"},"image":{"@id":"https:\/\/treslineasnoticias.com.ar\/?p=20575#primaryimage"},"thumbnailUrl":"https:\/\/treslineasnoticias.com.ar\/wp-content\/uploads\/2025\/12\/f7920ca7-d63c-18b7-fabc-b8c2726385fc-scaled.jpg","datePublished":"2025-12-03T01:36:00+00:00","dateModified":"2025-12-03T13:39:57+00:00","author":{"@id":"https:\/\/treslineasnoticias.com.ar\/#\/schema\/person\/c5f7249e50517b84c2379b145ca14895"},"breadcrumb":{"@id":"https:\/\/treslineasnoticias.com.ar\/?p=20575#breadcrumb"},"inLanguage":"es","potentialAction":[{"@type":"ReadAction","target":["https:\/\/treslineasnoticias.com.ar\/?p=20575"]}]},{"@type":"ImageObject","inLanguage":"es","@id":"https:\/\/treslineasnoticias.com.ar\/?p=20575#primaryimage","url":"https:\/\/treslineasnoticias.com.ar\/wp-content\/uploads\/2025\/12\/f7920ca7-d63c-18b7-fabc-b8c2726385fc-scaled.jpg","contentUrl":"https:\/\/treslineasnoticias.com.ar\/wp-content\/uploads\/2025\/12\/f7920ca7-d63c-18b7-fabc-b8c2726385fc-scaled.jpg","width":2560,"height":1707},{"@type":"BreadcrumbList","@id":"https:\/\/treslineasnoticias.com.ar\/?p=20575#breadcrumb","itemListElement":[{"@type":"ListItem","position":1,"name":"Portada","item":"https:\/\/treslineasnoticias.com.ar\/"},{"@type":"ListItem","position":2,"name":"La madera como lienzo"}]},{"@type":"WebSite","@id":"https:\/\/treslineasnoticias.com.ar\/#website","url":"https:\/\/treslineasnoticias.com.ar\/","name":"Tres Lineas Noticias","description":"","potentialAction":[{"@type":"SearchAction","target":{"@type":"EntryPoint","urlTemplate":"https:\/\/treslineasnoticias.com.ar\/?s={search_term_string}"},"query-input":{"@type":"PropertyValueSpecification","valueRequired":true,"valueName":"search_term_string"}}],"inLanguage":"es"},{"@type":"Person","@id":"https:\/\/treslineasnoticias.com.ar\/#\/schema\/person\/c5f7249e50517b84c2379b145ca14895","name":"Horacio L\u00f3pez","image":{"@type":"ImageObject","inLanguage":"es","@id":"https:\/\/treslineasnoticias.com.ar\/#\/schema\/person\/image\/","url":"https:\/\/treslineasnoticias.com.ar\/wp-content\/litespeed\/avatar\/ddbec442f0224f940ce000570a0cb216.jpg?ver=1777068930","contentUrl":"https:\/\/treslineasnoticias.com.ar\/wp-content\/litespeed\/avatar\/ddbec442f0224f940ce000570a0cb216.jpg?ver=1777068930","caption":"Horacio L\u00f3pez"},"sameAs":["http:\/\/treslineasnoticias.com.ar"],"url":"https:\/\/treslineasnoticias.com.ar\/?author=3"}]}},"jetpack_featured_media_url":"https:\/\/treslineasnoticias.com.ar\/wp-content\/uploads\/2025\/12\/f7920ca7-d63c-18b7-fabc-b8c2726385fc-scaled.jpg","jetpack_sharing_enabled":true,"_links":{"self":[{"href":"https:\/\/treslineasnoticias.com.ar\/index.php?rest_route=\/wp\/v2\/posts\/20575","targetHints":{"allow":["GET"]}}],"collection":[{"href":"https:\/\/treslineasnoticias.com.ar\/index.php?rest_route=\/wp\/v2\/posts"}],"about":[{"href":"https:\/\/treslineasnoticias.com.ar\/index.php?rest_route=\/wp\/v2\/types\/post"}],"author":[{"embeddable":true,"href":"https:\/\/treslineasnoticias.com.ar\/index.php?rest_route=\/wp\/v2\/users\/3"}],"replies":[{"embeddable":true,"href":"https:\/\/treslineasnoticias.com.ar\/index.php?rest_route=%2Fwp%2Fv2%2Fcomments&post=20575"}],"version-history":[{"count":1,"href":"https:\/\/treslineasnoticias.com.ar\/index.php?rest_route=\/wp\/v2\/posts\/20575\/revisions"}],"predecessor-version":[{"id":20578,"href":"https:\/\/treslineasnoticias.com.ar\/index.php?rest_route=\/wp\/v2\/posts\/20575\/revisions\/20578"}],"wp:featuredmedia":[{"embeddable":true,"href":"https:\/\/treslineasnoticias.com.ar\/index.php?rest_route=\/wp\/v2\/media\/20577"}],"wp:attachment":[{"href":"https:\/\/treslineasnoticias.com.ar\/index.php?rest_route=%2Fwp%2Fv2%2Fmedia&parent=20575"}],"wp:term":[{"taxonomy":"category","embeddable":true,"href":"https:\/\/treslineasnoticias.com.ar\/index.php?rest_route=%2Fwp%2Fv2%2Fcategories&post=20575"},{"taxonomy":"post_tag","embeddable":true,"href":"https:\/\/treslineasnoticias.com.ar\/index.php?rest_route=%2Fwp%2Fv2%2Ftags&post=20575"}],"curies":[{"name":"wp","href":"https:\/\/api.w.org\/{rel}","templated":true}]}}