{"id":20592,"date":"2025-12-05T20:10:42","date_gmt":"2025-12-05T23:10:42","guid":{"rendered":"https:\/\/treslineasnoticias.com.ar\/?p=20592"},"modified":"2025-12-05T20:10:44","modified_gmt":"2025-12-05T23:10:44","slug":"sesion-preparatoria-en-el-hcd-de-florencio-varela-juran-nuevos-concejales-y-ratifican-a-gustavo-rearte-en-la-presidencia-del-cuerpo","status":"publish","type":"post","link":"https:\/\/treslineasnoticias.com.ar\/?p=20592","title":{"rendered":"Sesi\u00f3n preparatoria en el HCD de Florencio Varela: juran nuevos concejales y ratifican a Gustavo Rearte en la presidencia del cuerpo"},"content":{"rendered":"\n<p><strong><em>En la ma\u00f1ana de hoy, el Honorable Concejo Deliberante de Florencio Varela celebr\u00f3 su sesi\u00f3n preparatoria en el recinto \u201cIslas Malvinas Argentinas\u201d, donde asumieron los concejales electos.<\/em><\/strong><\/p>\n\n\n\n<figure class=\"wp-block-image size-large\"><img loading=\"lazy\" decoding=\"async\" width=\"1024\" height=\"683\" src=\"http:\/\/treslineasnoticias.com.ar\/wp-content\/uploads\/2025\/12\/594004619_1442888827846585_6234793253001396449_n-1024x683.jpg\" alt=\"\" class=\"wp-image-20605\" srcset=\"https:\/\/treslineasnoticias.com.ar\/wp-content\/uploads\/2025\/12\/594004619_1442888827846585_6234793253001396449_n-1024x683.jpg 1024w, https:\/\/treslineasnoticias.com.ar\/wp-content\/uploads\/2025\/12\/594004619_1442888827846585_6234793253001396449_n-300x200.jpg 300w, https:\/\/treslineasnoticias.com.ar\/wp-content\/uploads\/2025\/12\/594004619_1442888827846585_6234793253001396449_n-768x512.jpg 768w, https:\/\/treslineasnoticias.com.ar\/wp-content\/uploads\/2025\/12\/594004619_1442888827846585_6234793253001396449_n-1536x1024.jpg 1536w, https:\/\/treslineasnoticias.com.ar\/wp-content\/uploads\/2025\/12\/594004619_1442888827846585_6234793253001396449_n.jpg 2048w\" sizes=\"auto, (max-width: 1024px) 100vw, 1024px\" \/><\/figure>\n\n\n\n<p><strong><em><br><\/em><\/strong>Por el bloque PJ\/Fuerza Patria prestaron juramento <strong>Beatriz Domingorena, Gustavo Rearte, Nidia Perrone, Marcelo Vicente, Amancia B\u00e1ez, Marcelo Basualdo, Noelia Pi\u00f1eiro, Jorge Romero y N\u00e9lida Acosta. En representaci\u00f3n de La Libertad Avanza juraron Mart\u00edn Castello, Carolina Gallo y Emilio Serra.<\/strong><\/p>\n\n\n\n<figure class=\"wp-block-image size-large\"><img loading=\"lazy\" decoding=\"async\" width=\"1024\" height=\"683\" src=\"http:\/\/treslineasnoticias.com.ar\/wp-content\/uploads\/2025\/12\/594307143_1442888977846570_137789020992176952_n-1024x683.jpg\" alt=\"\" class=\"wp-image-20604\" srcset=\"https:\/\/treslineasnoticias.com.ar\/wp-content\/uploads\/2025\/12\/594307143_1442888977846570_137789020992176952_n-1024x683.jpg 1024w, https:\/\/treslineasnoticias.com.ar\/wp-content\/uploads\/2025\/12\/594307143_1442888977846570_137789020992176952_n-300x200.jpg 300w, https:\/\/treslineasnoticias.com.ar\/wp-content\/uploads\/2025\/12\/594307143_1442888977846570_137789020992176952_n-768x512.jpg 768w, https:\/\/treslineasnoticias.com.ar\/wp-content\/uploads\/2025\/12\/594307143_1442888977846570_137789020992176952_n-1536x1024.jpg 1536w, https:\/\/treslineasnoticias.com.ar\/wp-content\/uploads\/2025\/12\/594307143_1442888977846570_137789020992176952_n.jpg 2048w\" sizes=\"auto, (max-width: 1024px) 100vw, 1024px\" \/><\/figure>\n\n\n\n<p><br>Durante la sesi\u00f3n se inform\u00f3 el pedido de licencia de la concejala Noelia Pi\u00f1eiro, quien continuar\u00e1 en funciones en el Departamento Ejecutivo. En su lugar <strong>asumi\u00f3 Gabriel Navarrete<\/strong>, completando as\u00ed la n\u00f3mina del bloque oficialista.<\/p>\n\n\n\n<figure class=\"wp-block-image size-large\"><img loading=\"lazy\" decoding=\"async\" width=\"1024\" height=\"683\" src=\"http:\/\/treslineasnoticias.com.ar\/wp-content\/uploads\/2025\/12\/595362837_1442888441179957_6355120959048924706_n-1024x683.jpg\" alt=\"\" class=\"wp-image-20600\" srcset=\"https:\/\/treslineasnoticias.com.ar\/wp-content\/uploads\/2025\/12\/595362837_1442888441179957_6355120959048924706_n-1024x683.jpg 1024w, https:\/\/treslineasnoticias.com.ar\/wp-content\/uploads\/2025\/12\/595362837_1442888441179957_6355120959048924706_n-300x200.jpg 300w, https:\/\/treslineasnoticias.com.ar\/wp-content\/uploads\/2025\/12\/595362837_1442888441179957_6355120959048924706_n-768x512.jpg 768w, https:\/\/treslineasnoticias.com.ar\/wp-content\/uploads\/2025\/12\/595362837_1442888441179957_6355120959048924706_n-1536x1024.jpg 1536w, https:\/\/treslineasnoticias.com.ar\/wp-content\/uploads\/2025\/12\/595362837_1442888441179957_6355120959048924706_n.jpg 2048w\" sizes=\"auto, (max-width: 1024px) 100vw, 1024px\" \/><\/figure>\n\n\n\n<p><br>Asimismo, quedaron definidas las presidencias de los distintos bloques pol\u00edticos: Dar\u00edo D\u2019Aquino conducir\u00e1 el bloque PJ\/Uni\u00f3n por la Patria, Marcela Ochs encabezar\u00e1 La Libertad Avanza y Carlos Boco har\u00e1 lo propio en el bloque PRO.<\/p>\n\n\n\n<figure class=\"wp-block-image size-large\"><img loading=\"lazy\" decoding=\"async\" width=\"1024\" height=\"683\" src=\"http:\/\/treslineasnoticias.com.ar\/wp-content\/uploads\/2025\/12\/594415616_1442888834513251_6306245220102521193_n-1024x683.jpg\" alt=\"\" class=\"wp-image-20603\" srcset=\"https:\/\/treslineasnoticias.com.ar\/wp-content\/uploads\/2025\/12\/594415616_1442888834513251_6306245220102521193_n-1024x683.jpg 1024w, https:\/\/treslineasnoticias.com.ar\/wp-content\/uploads\/2025\/12\/594415616_1442888834513251_6306245220102521193_n-300x200.jpg 300w, https:\/\/treslineasnoticias.com.ar\/wp-content\/uploads\/2025\/12\/594415616_1442888834513251_6306245220102521193_n-768x512.jpg 768w, https:\/\/treslineasnoticias.com.ar\/wp-content\/uploads\/2025\/12\/594415616_1442888834513251_6306245220102521193_n-1536x1024.jpg 1536w, https:\/\/treslineasnoticias.com.ar\/wp-content\/uploads\/2025\/12\/594415616_1442888834513251_6306245220102521193_n.jpg 2048w\" sizes=\"auto, (max-width: 1024px) 100vw, 1024px\" \/><\/figure>\n\n\n\n<p><br>El acto cont\u00f3 con la presencia de ministros de la provincia de Buenos Aires, entre ellos Andr\u00e9s Larroque, Ministro de Desarrollo de la Comunidad, Walter Correa (Ministro de Trabajo), y referentes de agrupaciones como Emilio P\u00e9rsico del Movimiento Evita, junto a otros funcionarios provinciales y municipales. Cabe destacar que el Diputado Nacional Julio Pereyra y el intendente Andr\u00e9s Watson participaron desde el estrado durante la jura de los nuevos concejales.<\/p>\n\n\n\n<figure class=\"wp-block-image size-large\"><img loading=\"lazy\" decoding=\"async\" width=\"1024\" height=\"683\" src=\"http:\/\/treslineasnoticias.com.ar\/wp-content\/uploads\/2025\/12\/595278623_1442888397846628_6766949265775551449_n-1024x683.jpg\" alt=\"\" class=\"wp-image-20601\" srcset=\"https:\/\/treslineasnoticias.com.ar\/wp-content\/uploads\/2025\/12\/595278623_1442888397846628_6766949265775551449_n-1024x683.jpg 1024w, https:\/\/treslineasnoticias.com.ar\/wp-content\/uploads\/2025\/12\/595278623_1442888397846628_6766949265775551449_n-300x200.jpg 300w, https:\/\/treslineasnoticias.com.ar\/wp-content\/uploads\/2025\/12\/595278623_1442888397846628_6766949265775551449_n-768x512.jpg 768w, https:\/\/treslineasnoticias.com.ar\/wp-content\/uploads\/2025\/12\/595278623_1442888397846628_6766949265775551449_n-1536x1024.jpg 1536w, https:\/\/treslineasnoticias.com.ar\/wp-content\/uploads\/2025\/12\/595278623_1442888397846628_6766949265775551449_n.jpg 2048w\" sizes=\"auto, (max-width: 1024px) 100vw, 1024px\" \/><\/figure>\n\n\n\n<p><br>En el tramo final de la jornada, el cuerpo legislativo ratific\u00f3 por unanimidad la continuidad de Gustavo Rearte como presidente del Honorable Concejo Deliberante. Tambi\u00e9n se confirm\u00f3 a Beatriz Domingorena como vicepresidenta y a Yanina Lameiro como secretaria del cuerpo, consolidando la conducci\u00f3n institucional para el pr\u00f3ximo per\u00edodo.<\/p>\n\n\n\n<figure class=\"wp-block-image size-large\"><img loading=\"lazy\" decoding=\"async\" width=\"1024\" height=\"683\" src=\"http:\/\/treslineasnoticias.com.ar\/wp-content\/uploads\/2025\/12\/593884079_1442888447846623_3903131673625207995_n-1024x683.jpg\" alt=\"\" class=\"wp-image-20602\" srcset=\"https:\/\/treslineasnoticias.com.ar\/wp-content\/uploads\/2025\/12\/593884079_1442888447846623_3903131673625207995_n-1024x683.jpg 1024w, https:\/\/treslineasnoticias.com.ar\/wp-content\/uploads\/2025\/12\/593884079_1442888447846623_3903131673625207995_n-300x200.jpg 300w, https:\/\/treslineasnoticias.com.ar\/wp-content\/uploads\/2025\/12\/593884079_1442888447846623_3903131673625207995_n-768x512.jpg 768w, https:\/\/treslineasnoticias.com.ar\/wp-content\/uploads\/2025\/12\/593884079_1442888447846623_3903131673625207995_n-1536x1024.jpg 1536w, https:\/\/treslineasnoticias.com.ar\/wp-content\/uploads\/2025\/12\/593884079_1442888447846623_3903131673625207995_n.jpg 2048w\" sizes=\"auto, (max-width: 1024px) 100vw, 1024px\" \/><\/figure>\n\n\n\n<p><br>La sesi\u00f3n preparatoria dej\u00f3 formalmente constituido el nuevo HCD, marcando as\u00ed el inicio de una nueva etapa legislativa en Florencio Varela.<\/p>\n","protected":false},"excerpt":{"rendered":"<p>En la ma\u00f1ana de hoy, el Honorable Concejo Deliberante de Florencio Varela celebr\u00f3 su sesi\u00f3n preparatoria en el recinto \u201cIslas Malvinas Argentinas\u201d, donde asumieron los concejales electos. Por el bloque PJ\/Fuerza Patria prestaron juramento Beatriz Domingorena, Gustavo Rearte, Nidia Perrone, Marcelo Vicente, Amancia B\u00e1ez, Marcelo Basualdo, Noelia Pi\u00f1eiro, Jorge Romero y N\u00e9lida Acosta. En representaci\u00f3n [&hellip;]<\/p>\n","protected":false},"author":3,"featured_media":20598,"comment_status":"open","ping_status":"open","sticky":false,"template":"","format":"standard","meta":{"_jetpack_memberships_contains_paid_content":false,"footnotes":""},"categories":[6],"tags":[],"class_list":["post-20592","post","type-post","status-publish","format-standard","has-post-thumbnail","hentry","category-florencio-varela"],"yoast_head":"<!-- This site is optimized with the Yoast SEO plugin v24.7 - https:\/\/yoast.com\/wordpress\/plugins\/seo\/ -->\n<title>Sesi\u00f3n preparatoria en el HCD de Florencio Varela: juran nuevos concejales y ratifican a Gustavo Rearte en la presidencia del cuerpo - Tres Lineas Noticias<\/title>\n<meta name=\"robots\" content=\"index, follow, max-snippet:-1, max-image-preview:large, max-video-preview:-1\" \/>\n<link rel=\"canonical\" href=\"https:\/\/treslineasnoticias.com.ar\/?p=20592\" \/>\n<meta property=\"og:locale\" content=\"es_ES\" \/>\n<meta property=\"og:type\" content=\"article\" \/>\n<meta property=\"og:title\" content=\"Sesi\u00f3n preparatoria en el HCD de Florencio Varela: juran nuevos concejales y ratifican a Gustavo Rearte en la presidencia del cuerpo - Tres Lineas Noticias\" \/>\n<meta property=\"og:description\" content=\"En la ma\u00f1ana de hoy, el Honorable Concejo Deliberante de Florencio Varela celebr\u00f3 su sesi\u00f3n preparatoria en el recinto \u201cIslas Malvinas Argentinas\u201d, donde asumieron los concejales electos. Por el bloque PJ\/Fuerza Patria prestaron juramento Beatriz Domingorena, Gustavo Rearte, Nidia Perrone, Marcelo Vicente, Amancia B\u00e1ez, Marcelo Basualdo, Noelia Pi\u00f1eiro, Jorge Romero y N\u00e9lida Acosta. En representaci\u00f3n [&hellip;]\" \/>\n<meta property=\"og:url\" content=\"https:\/\/treslineasnoticias.com.ar\/?p=20592\" \/>\n<meta property=\"og:site_name\" content=\"Tres Lineas Noticias\" \/>\n<meta property=\"article:published_time\" content=\"2025-12-05T23:10:42+00:00\" \/>\n<meta property=\"article:modified_time\" content=\"2025-12-05T23:10:44+00:00\" \/>\n<meta property=\"og:image\" content=\"http:\/\/treslineasnoticias.com.ar\/wp-content\/uploads\/2025\/12\/IMG-20251205-WA0011.jpg\" \/>\n\t<meta property=\"og:image:width\" content=\"1600\" \/>\n\t<meta property=\"og:image:height\" content=\"1066\" \/>\n\t<meta property=\"og:image:type\" content=\"image\/jpeg\" \/>\n<meta name=\"author\" content=\"Horacio L\u00f3pez\" \/>\n<meta name=\"twitter:card\" content=\"summary_large_image\" \/>\n<meta name=\"twitter:label1\" content=\"Escrito por\" \/>\n\t<meta name=\"twitter:data1\" content=\"Horacio L\u00f3pez\" \/>\n\t<meta name=\"twitter:label2\" content=\"Tiempo de lectura\" \/>\n\t<meta name=\"twitter:data2\" content=\"3 minutos\" \/>\n<script type=\"application\/ld+json\" class=\"yoast-schema-graph\">{\"@context\":\"https:\/\/schema.org\",\"@graph\":[{\"@type\":\"WebPage\",\"@id\":\"https:\/\/treslineasnoticias.com.ar\/?p=20592\",\"url\":\"https:\/\/treslineasnoticias.com.ar\/?p=20592\",\"name\":\"Sesi\u00f3n preparatoria en el HCD de Florencio Varela: juran nuevos concejales y ratifican a Gustavo Rearte en la presidencia del cuerpo - Tres Lineas Noticias\",\"isPartOf\":{\"@id\":\"https:\/\/treslineasnoticias.com.ar\/#website\"},\"primaryImageOfPage\":{\"@id\":\"https:\/\/treslineasnoticias.com.ar\/?p=20592#primaryimage\"},\"image\":{\"@id\":\"https:\/\/treslineasnoticias.com.ar\/?p=20592#primaryimage\"},\"thumbnailUrl\":\"https:\/\/treslineasnoticias.com.ar\/wp-content\/uploads\/2025\/12\/IMG-20251205-WA0011.jpg\",\"datePublished\":\"2025-12-05T23:10:42+00:00\",\"dateModified\":\"2025-12-05T23:10:44+00:00\",\"author\":{\"@id\":\"https:\/\/treslineasnoticias.com.ar\/#\/schema\/person\/c5f7249e50517b84c2379b145ca14895\"},\"breadcrumb\":{\"@id\":\"https:\/\/treslineasnoticias.com.ar\/?p=20592#breadcrumb\"},\"inLanguage\":\"es\",\"potentialAction\":[{\"@type\":\"ReadAction\",\"target\":[\"https:\/\/treslineasnoticias.com.ar\/?p=20592\"]}]},{\"@type\":\"ImageObject\",\"inLanguage\":\"es\",\"@id\":\"https:\/\/treslineasnoticias.com.ar\/?p=20592#primaryimage\",\"url\":\"https:\/\/treslineasnoticias.com.ar\/wp-content\/uploads\/2025\/12\/IMG-20251205-WA0011.jpg\",\"contentUrl\":\"https:\/\/treslineasnoticias.com.ar\/wp-content\/uploads\/2025\/12\/IMG-20251205-WA0011.jpg\",\"width\":1600,\"height\":1066},{\"@type\":\"BreadcrumbList\",\"@id\":\"https:\/\/treslineasnoticias.com.ar\/?p=20592#breadcrumb\",\"itemListElement\":[{\"@type\":\"ListItem\",\"position\":1,\"name\":\"Portada\",\"item\":\"https:\/\/treslineasnoticias.com.ar\/\"},{\"@type\":\"ListItem\",\"position\":2,\"name\":\"Sesi\u00f3n preparatoria en el HCD de Florencio Varela: juran nuevos concejales y ratifican a Gustavo Rearte en la presidencia del cuerpo\"}]},{\"@type\":\"WebSite\",\"@id\":\"https:\/\/treslineasnoticias.com.ar\/#website\",\"url\":\"https:\/\/treslineasnoticias.com.ar\/\",\"name\":\"Tres Lineas Noticias\",\"description\":\"\",\"potentialAction\":[{\"@type\":\"SearchAction\",\"target\":{\"@type\":\"EntryPoint\",\"urlTemplate\":\"https:\/\/treslineasnoticias.com.ar\/?s={search_term_string}\"},\"query-input\":{\"@type\":\"PropertyValueSpecification\",\"valueRequired\":true,\"valueName\":\"search_term_string\"}}],\"inLanguage\":\"es\"},{\"@type\":\"Person\",\"@id\":\"https:\/\/treslineasnoticias.com.ar\/#\/schema\/person\/c5f7249e50517b84c2379b145ca14895\",\"name\":\"Horacio L\u00f3pez\",\"image\":{\"@type\":\"ImageObject\",\"inLanguage\":\"es\",\"@id\":\"https:\/\/treslineasnoticias.com.ar\/#\/schema\/person\/image\/\",\"url\":\"https:\/\/treslineasnoticias.com.ar\/wp-content\/litespeed\/avatar\/ddbec442f0224f940ce000570a0cb216.jpg?ver=1777068930\",\"contentUrl\":\"https:\/\/treslineasnoticias.com.ar\/wp-content\/litespeed\/avatar\/ddbec442f0224f940ce000570a0cb216.jpg?ver=1777068930\",\"caption\":\"Horacio L\u00f3pez\"},\"sameAs\":[\"http:\/\/treslineasnoticias.com.ar\"],\"url\":\"https:\/\/treslineasnoticias.com.ar\/?author=3\"}]}<\/script>\n<!-- \/ Yoast SEO plugin. -->","yoast_head_json":{"title":"Sesi\u00f3n preparatoria en el HCD de Florencio Varela: juran nuevos concejales y ratifican a Gustavo Rearte en la presidencia del cuerpo - Tres Lineas Noticias","robots":{"index":"index","follow":"follow","max-snippet":"max-snippet:-1","max-image-preview":"max-image-preview:large","max-video-preview":"max-video-preview:-1"},"canonical":"https:\/\/treslineasnoticias.com.ar\/?p=20592","og_locale":"es_ES","og_type":"article","og_title":"Sesi\u00f3n preparatoria en el HCD de Florencio Varela: juran nuevos concejales y ratifican a Gustavo Rearte en la presidencia del cuerpo - Tres Lineas Noticias","og_description":"En la ma\u00f1ana de hoy, el Honorable Concejo Deliberante de Florencio Varela celebr\u00f3 su sesi\u00f3n preparatoria en el recinto \u201cIslas Malvinas Argentinas\u201d, donde asumieron los concejales electos. Por el bloque PJ\/Fuerza Patria prestaron juramento Beatriz Domingorena, Gustavo Rearte, Nidia Perrone, Marcelo Vicente, Amancia B\u00e1ez, Marcelo Basualdo, Noelia Pi\u00f1eiro, Jorge Romero y N\u00e9lida Acosta. En representaci\u00f3n [&hellip;]","og_url":"https:\/\/treslineasnoticias.com.ar\/?p=20592","og_site_name":"Tres Lineas Noticias","article_published_time":"2025-12-05T23:10:42+00:00","article_modified_time":"2025-12-05T23:10:44+00:00","og_image":[{"width":1600,"height":1066,"url":"http:\/\/treslineasnoticias.com.ar\/wp-content\/uploads\/2025\/12\/IMG-20251205-WA0011.jpg","type":"image\/jpeg"}],"author":"Horacio L\u00f3pez","twitter_card":"summary_large_image","twitter_misc":{"Escrito por":"Horacio L\u00f3pez","Tiempo de lectura":"3 minutos"},"schema":{"@context":"https:\/\/schema.org","@graph":[{"@type":"WebPage","@id":"https:\/\/treslineasnoticias.com.ar\/?p=20592","url":"https:\/\/treslineasnoticias.com.ar\/?p=20592","name":"Sesi\u00f3n preparatoria en el HCD de Florencio Varela: juran nuevos concejales y ratifican a Gustavo Rearte en la presidencia del cuerpo - Tres Lineas Noticias","isPartOf":{"@id":"https:\/\/treslineasnoticias.com.ar\/#website"},"primaryImageOfPage":{"@id":"https:\/\/treslineasnoticias.com.ar\/?p=20592#primaryimage"},"image":{"@id":"https:\/\/treslineasnoticias.com.ar\/?p=20592#primaryimage"},"thumbnailUrl":"https:\/\/treslineasnoticias.com.ar\/wp-content\/uploads\/2025\/12\/IMG-20251205-WA0011.jpg","datePublished":"2025-12-05T23:10:42+00:00","dateModified":"2025-12-05T23:10:44+00:00","author":{"@id":"https:\/\/treslineasnoticias.com.ar\/#\/schema\/person\/c5f7249e50517b84c2379b145ca14895"},"breadcrumb":{"@id":"https:\/\/treslineasnoticias.com.ar\/?p=20592#breadcrumb"},"inLanguage":"es","potentialAction":[{"@type":"ReadAction","target":["https:\/\/treslineasnoticias.com.ar\/?p=20592"]}]},{"@type":"ImageObject","inLanguage":"es","@id":"https:\/\/treslineasnoticias.com.ar\/?p=20592#primaryimage","url":"https:\/\/treslineasnoticias.com.ar\/wp-content\/uploads\/2025\/12\/IMG-20251205-WA0011.jpg","contentUrl":"https:\/\/treslineasnoticias.com.ar\/wp-content\/uploads\/2025\/12\/IMG-20251205-WA0011.jpg","width":1600,"height":1066},{"@type":"BreadcrumbList","@id":"https:\/\/treslineasnoticias.com.ar\/?p=20592#breadcrumb","itemListElement":[{"@type":"ListItem","position":1,"name":"Portada","item":"https:\/\/treslineasnoticias.com.ar\/"},{"@type":"ListItem","position":2,"name":"Sesi\u00f3n preparatoria en el HCD de Florencio Varela: juran nuevos concejales y ratifican a Gustavo Rearte en la presidencia del cuerpo"}]},{"@type":"WebSite","@id":"https:\/\/treslineasnoticias.com.ar\/#website","url":"https:\/\/treslineasnoticias.com.ar\/","name":"Tres Lineas Noticias","description":"","potentialAction":[{"@type":"SearchAction","target":{"@type":"EntryPoint","urlTemplate":"https:\/\/treslineasnoticias.com.ar\/?s={search_term_string}"},"query-input":{"@type":"PropertyValueSpecification","valueRequired":true,"valueName":"search_term_string"}}],"inLanguage":"es"},{"@type":"Person","@id":"https:\/\/treslineasnoticias.com.ar\/#\/schema\/person\/c5f7249e50517b84c2379b145ca14895","name":"Horacio L\u00f3pez","image":{"@type":"ImageObject","inLanguage":"es","@id":"https:\/\/treslineasnoticias.com.ar\/#\/schema\/person\/image\/","url":"https:\/\/treslineasnoticias.com.ar\/wp-content\/litespeed\/avatar\/ddbec442f0224f940ce000570a0cb216.jpg?ver=1777068930","contentUrl":"https:\/\/treslineasnoticias.com.ar\/wp-content\/litespeed\/avatar\/ddbec442f0224f940ce000570a0cb216.jpg?ver=1777068930","caption":"Horacio L\u00f3pez"},"sameAs":["http:\/\/treslineasnoticias.com.ar"],"url":"https:\/\/treslineasnoticias.com.ar\/?author=3"}]}},"jetpack_featured_media_url":"https:\/\/treslineasnoticias.com.ar\/wp-content\/uploads\/2025\/12\/IMG-20251205-WA0011.jpg","jetpack_sharing_enabled":true,"_links":{"self":[{"href":"https:\/\/treslineasnoticias.com.ar\/index.php?rest_route=\/wp\/v2\/posts\/20592","targetHints":{"allow":["GET"]}}],"collection":[{"href":"https:\/\/treslineasnoticias.com.ar\/index.php?rest_route=\/wp\/v2\/posts"}],"about":[{"href":"https:\/\/treslineasnoticias.com.ar\/index.php?rest_route=\/wp\/v2\/types\/post"}],"author":[{"embeddable":true,"href":"https:\/\/treslineasnoticias.com.ar\/index.php?rest_route=\/wp\/v2\/users\/3"}],"replies":[{"embeddable":true,"href":"https:\/\/treslineasnoticias.com.ar\/index.php?rest_route=%2Fwp%2Fv2%2Fcomments&post=20592"}],"version-history":[{"count":1,"href":"https:\/\/treslineasnoticias.com.ar\/index.php?rest_route=\/wp\/v2\/posts\/20592\/revisions"}],"predecessor-version":[{"id":20606,"href":"https:\/\/treslineasnoticias.com.ar\/index.php?rest_route=\/wp\/v2\/posts\/20592\/revisions\/20606"}],"wp:featuredmedia":[{"embeddable":true,"href":"https:\/\/treslineasnoticias.com.ar\/index.php?rest_route=\/wp\/v2\/media\/20598"}],"wp:attachment":[{"href":"https:\/\/treslineasnoticias.com.ar\/index.php?rest_route=%2Fwp%2Fv2%2Fmedia&parent=20592"}],"wp:term":[{"taxonomy":"category","embeddable":true,"href":"https:\/\/treslineasnoticias.com.ar\/index.php?rest_route=%2Fwp%2Fv2%2Fcategories&post=20592"},{"taxonomy":"post_tag","embeddable":true,"href":"https:\/\/treslineasnoticias.com.ar\/index.php?rest_route=%2Fwp%2Fv2%2Ftags&post=20592"}],"curies":[{"name":"wp","href":"https:\/\/api.w.org\/{rel}","templated":true}]}}