{"id":20624,"date":"2025-12-05T23:35:00","date_gmt":"2025-12-06T02:35:00","guid":{"rendered":"https:\/\/treslineasnoticias.com.ar\/?p=20624"},"modified":"2025-12-06T20:13:41","modified_gmt":"2025-12-06T23:13:41","slug":"talento-local-y-espiritu-festivo-en-el-primer-dia-de-la-30o-expo-emprendedores","status":"publish","type":"post","link":"https:\/\/treslineasnoticias.com.ar\/?p=20624","title":{"rendered":"Talento local y esp\u00edritu festivo en el primer d\u00eda de la 30\u00ba Expo Emprendedores"},"content":{"rendered":"\n<p><strong><em>El mandatario varelense, Andr\u00e9s Watson, efectu\u00f3 un itinerario por el evento con m\u00e1s de 300 stands y propuestas culturales en el parque situado sobre Thevenet esquina Alfonsina Storni -Villa Ang\u00e9lica- durante el viernes por la tarde.<\/em><\/strong><\/p>\n\n\n\n<figure class=\"wp-block-image size-large\"><img loading=\"lazy\" decoding=\"async\" width=\"1024\" height=\"683\" src=\"http:\/\/treslineasnoticias.com.ar\/wp-content\/uploads\/2025\/12\/54f3d006-7323-941a-aa77-f9177ebd4885-1024x683.jpg\" alt=\"\" class=\"wp-image-20627\" srcset=\"https:\/\/treslineasnoticias.com.ar\/wp-content\/uploads\/2025\/12\/54f3d006-7323-941a-aa77-f9177ebd4885-1024x683.jpg 1024w, https:\/\/treslineasnoticias.com.ar\/wp-content\/uploads\/2025\/12\/54f3d006-7323-941a-aa77-f9177ebd4885-300x200.jpg 300w, https:\/\/treslineasnoticias.com.ar\/wp-content\/uploads\/2025\/12\/54f3d006-7323-941a-aa77-f9177ebd4885-768x512.jpg 768w, https:\/\/treslineasnoticias.com.ar\/wp-content\/uploads\/2025\/12\/54f3d006-7323-941a-aa77-f9177ebd4885.jpg 1392w\" sizes=\"auto, (max-width: 1024px) 100vw, 1024px\" \/><\/figure>\n\n\n\n<p>El Alcalde explic\u00f3: \u00abCoordinamos una estrategia productiva, con el apoyo de la gesti\u00f3n liderada por Axel Kicillof, para respaldar a los emprendimientos locales, promover su crecimiento, profesionalizaci\u00f3n y ofrecer a la comunidad art\u00edculos de calidad a bajo costo\u00bb.<\/p>\n\n\n\n<p>Cristina \u00c1lvarez Rodr\u00edguez -jefa de asesores del Gobernador- resalt\u00f3 \u00abla labor de un Intendente que siempre trabaj\u00f3 por su ciudadan\u00eda mediante el impulso y la inversi\u00f3n constante\u00bb. \u00abFue emocionante ver el talento del distrito\u00bb, agreg\u00f3.<\/p>\n\n\n\n<figure class=\"wp-block-image size-large\"><img loading=\"lazy\" decoding=\"async\" width=\"1024\" height=\"683\" src=\"http:\/\/treslineasnoticias.com.ar\/wp-content\/uploads\/2025\/12\/d7050439-6bf5-14e4-9ec1-8dbe55ab5a9b-1024x683.jpg\" alt=\"\" class=\"wp-image-20626\" srcset=\"https:\/\/treslineasnoticias.com.ar\/wp-content\/uploads\/2025\/12\/d7050439-6bf5-14e4-9ec1-8dbe55ab5a9b-1024x683.jpg 1024w, https:\/\/treslineasnoticias.com.ar\/wp-content\/uploads\/2025\/12\/d7050439-6bf5-14e4-9ec1-8dbe55ab5a9b-300x200.jpg 300w, https:\/\/treslineasnoticias.com.ar\/wp-content\/uploads\/2025\/12\/d7050439-6bf5-14e4-9ec1-8dbe55ab5a9b-768x512.jpg 768w, https:\/\/treslineasnoticias.com.ar\/wp-content\/uploads\/2025\/12\/d7050439-6bf5-14e4-9ec1-8dbe55ab5a9b.jpg 1252w\" sizes=\"auto, (max-width: 1024px) 100vw, 1024px\" \/><\/figure>\n\n\n\n<p>Con bolsas en sus manos, Roxana Tommasi y Silvana Valenzuela contemplaban los puestos de flores. \u00abConseguimos regalitos para fin de a\u00f1o; tambi\u00e9n, estuvimos en talleres con los m\u00e1s chicos\u00bb, compartieron. Las amigas de Villa del Plata observaron \u00abcreaciones originales a excelentes precios\u00bb. \u00abEl predio estaba muy cuidado. Nuestros hijos jugaron tranquilos\u00bb, comentaron.<\/p>\n\n\n\n<p>Viviana Carvajal camin\u00f3 unas pocas cuadras desde su casa. \u00abMe enter\u00e9 por mi marido. \u00c9l pas\u00f3 al mediod\u00eda a comprar comida y me cont\u00f3. Encontr\u00e9 de todo: alimentos org\u00e1nicos, mate, ropa, accesorios. Hab\u00eda mucha variedad\u00bb, afirm\u00f3. La frentista valor\u00f3 \u00ablos espacios de esparcimiento en una situaci\u00f3n econ\u00f3mica dif\u00edcil del pa\u00eds\u00bb. \u00abFue una alternativa divertida para las familias numerosas\u00bb, asever\u00f3.<\/p>\n\n\n\n<figure class=\"wp-block-image size-large\"><img loading=\"lazy\" decoding=\"async\" width=\"1024\" height=\"683\" src=\"http:\/\/treslineasnoticias.com.ar\/wp-content\/uploads\/2025\/12\/c5f2ac83-d22d-c05d-8213-606ea1b799f8-1024x683.jpg\" alt=\"\" class=\"wp-image-20625\" srcset=\"https:\/\/treslineasnoticias.com.ar\/wp-content\/uploads\/2025\/12\/c5f2ac83-d22d-c05d-8213-606ea1b799f8-1024x683.jpg 1024w, https:\/\/treslineasnoticias.com.ar\/wp-content\/uploads\/2025\/12\/c5f2ac83-d22d-c05d-8213-606ea1b799f8-300x200.jpg 300w, https:\/\/treslineasnoticias.com.ar\/wp-content\/uploads\/2025\/12\/c5f2ac83-d22d-c05d-8213-606ea1b799f8-768x512.jpg 768w, https:\/\/treslineasnoticias.com.ar\/wp-content\/uploads\/2025\/12\/c5f2ac83-d22d-c05d-8213-606ea1b799f8.jpg 1392w\" sizes=\"auto, (max-width: 1024px) 100vw, 1024px\" \/><\/figure>\n\n\n\n<p>Catalina y Constanza Donaire, vecinas de Zeballos, mostraron su proyecto de plantas e impresiones 3D \u00abVerde Catalina\u00bb. \u00abLa edici\u00f3n vino s\u00faper bien porque participar en otras ferias era car\u00edsimo; tener la oportunidad de exponer gratis, darnos a conocer, vender y generar contactos result\u00f3 \u00fatil\u00bb, aseguraron.<\/p>\n\n\n\n<p>Estuvo Ayel\u00e9n Borda -subsecretaria de Priorizaci\u00f3n y Seguimiento Econ\u00f3mico y Productivo- m\u00e1s el secretario de Industria y Desarrollo Productivo del partido -Ricardo de la Fuente-.<\/p>\n","protected":false},"excerpt":{"rendered":"<p>El mandatario varelense, Andr\u00e9s Watson, efectu\u00f3 un itinerario por el evento con m\u00e1s de 300 stands y propuestas culturales en el parque situado sobre Thevenet esquina Alfonsina Storni -Villa Ang\u00e9lica- durante el viernes por la tarde. El Alcalde explic\u00f3: \u00abCoordinamos una estrategia productiva, con el apoyo de la gesti\u00f3n liderada por Axel Kicillof, para respaldar [&hellip;]<\/p>\n","protected":false},"author":3,"featured_media":20628,"comment_status":"open","ping_status":"open","sticky":false,"template":"","format":"standard","meta":{"_jetpack_memberships_contains_paid_content":false,"footnotes":""},"categories":[6],"tags":[],"class_list":["post-20624","post","type-post","status-publish","format-standard","has-post-thumbnail","hentry","category-florencio-varela"],"yoast_head":"<!-- This site is optimized with the Yoast SEO plugin v24.7 - https:\/\/yoast.com\/wordpress\/plugins\/seo\/ -->\n<title>Talento local y esp\u00edritu festivo en el primer d\u00eda de la 30\u00ba Expo Emprendedores - Tres Lineas Noticias<\/title>\n<meta name=\"robots\" content=\"index, follow, max-snippet:-1, max-image-preview:large, max-video-preview:-1\" \/>\n<link rel=\"canonical\" href=\"https:\/\/treslineasnoticias.com.ar\/?p=20624\" \/>\n<meta property=\"og:locale\" content=\"es_ES\" \/>\n<meta property=\"og:type\" content=\"article\" \/>\n<meta property=\"og:title\" content=\"Talento local y esp\u00edritu festivo en el primer d\u00eda de la 30\u00ba Expo Emprendedores - Tres Lineas Noticias\" \/>\n<meta property=\"og:description\" content=\"El mandatario varelense, Andr\u00e9s Watson, efectu\u00f3 un itinerario por el evento con m\u00e1s de 300 stands y propuestas culturales en el parque situado sobre Thevenet esquina Alfonsina Storni -Villa Ang\u00e9lica- durante el viernes por la tarde. El Alcalde explic\u00f3: \u00abCoordinamos una estrategia productiva, con el apoyo de la gesti\u00f3n liderada por Axel Kicillof, para respaldar [&hellip;]\" \/>\n<meta property=\"og:url\" content=\"https:\/\/treslineasnoticias.com.ar\/?p=20624\" \/>\n<meta property=\"og:site_name\" content=\"Tres Lineas Noticias\" \/>\n<meta property=\"article:published_time\" content=\"2025-12-06T02:35:00+00:00\" \/>\n<meta property=\"article:modified_time\" content=\"2025-12-06T23:13:41+00:00\" \/>\n<meta property=\"og:image\" content=\"http:\/\/treslineasnoticias.com.ar\/wp-content\/uploads\/2025\/12\/f35271d3-7228-0a17-a22d-21f5419f1241.jpg\" \/>\n\t<meta property=\"og:image:width\" content=\"1252\" \/>\n\t<meta property=\"og:image:height\" content=\"835\" \/>\n\t<meta property=\"og:image:type\" content=\"image\/jpeg\" \/>\n<meta name=\"author\" content=\"Horacio L\u00f3pez\" \/>\n<meta name=\"twitter:card\" content=\"summary_large_image\" \/>\n<meta name=\"twitter:label1\" content=\"Escrito por\" \/>\n\t<meta name=\"twitter:data1\" content=\"Horacio L\u00f3pez\" \/>\n\t<meta name=\"twitter:label2\" content=\"Tiempo de lectura\" \/>\n\t<meta name=\"twitter:data2\" content=\"3 minutos\" \/>\n<script type=\"application\/ld+json\" class=\"yoast-schema-graph\">{\"@context\":\"https:\/\/schema.org\",\"@graph\":[{\"@type\":\"WebPage\",\"@id\":\"https:\/\/treslineasnoticias.com.ar\/?p=20624\",\"url\":\"https:\/\/treslineasnoticias.com.ar\/?p=20624\",\"name\":\"Talento local y esp\u00edritu festivo en el primer d\u00eda de la 30\u00ba Expo Emprendedores - Tres Lineas Noticias\",\"isPartOf\":{\"@id\":\"https:\/\/treslineasnoticias.com.ar\/#website\"},\"primaryImageOfPage\":{\"@id\":\"https:\/\/treslineasnoticias.com.ar\/?p=20624#primaryimage\"},\"image\":{\"@id\":\"https:\/\/treslineasnoticias.com.ar\/?p=20624#primaryimage\"},\"thumbnailUrl\":\"https:\/\/treslineasnoticias.com.ar\/wp-content\/uploads\/2025\/12\/f35271d3-7228-0a17-a22d-21f5419f1241.jpg\",\"datePublished\":\"2025-12-06T02:35:00+00:00\",\"dateModified\":\"2025-12-06T23:13:41+00:00\",\"author\":{\"@id\":\"https:\/\/treslineasnoticias.com.ar\/#\/schema\/person\/c5f7249e50517b84c2379b145ca14895\"},\"breadcrumb\":{\"@id\":\"https:\/\/treslineasnoticias.com.ar\/?p=20624#breadcrumb\"},\"inLanguage\":\"es\",\"potentialAction\":[{\"@type\":\"ReadAction\",\"target\":[\"https:\/\/treslineasnoticias.com.ar\/?p=20624\"]}]},{\"@type\":\"ImageObject\",\"inLanguage\":\"es\",\"@id\":\"https:\/\/treslineasnoticias.com.ar\/?p=20624#primaryimage\",\"url\":\"https:\/\/treslineasnoticias.com.ar\/wp-content\/uploads\/2025\/12\/f35271d3-7228-0a17-a22d-21f5419f1241.jpg\",\"contentUrl\":\"https:\/\/treslineasnoticias.com.ar\/wp-content\/uploads\/2025\/12\/f35271d3-7228-0a17-a22d-21f5419f1241.jpg\",\"width\":1252,\"height\":835},{\"@type\":\"BreadcrumbList\",\"@id\":\"https:\/\/treslineasnoticias.com.ar\/?p=20624#breadcrumb\",\"itemListElement\":[{\"@type\":\"ListItem\",\"position\":1,\"name\":\"Portada\",\"item\":\"https:\/\/treslineasnoticias.com.ar\/\"},{\"@type\":\"ListItem\",\"position\":2,\"name\":\"Talento local y esp\u00edritu festivo en el primer d\u00eda de la 30\u00ba Expo Emprendedores\"}]},{\"@type\":\"WebSite\",\"@id\":\"https:\/\/treslineasnoticias.com.ar\/#website\",\"url\":\"https:\/\/treslineasnoticias.com.ar\/\",\"name\":\"Tres Lineas Noticias\",\"description\":\"\",\"potentialAction\":[{\"@type\":\"SearchAction\",\"target\":{\"@type\":\"EntryPoint\",\"urlTemplate\":\"https:\/\/treslineasnoticias.com.ar\/?s={search_term_string}\"},\"query-input\":{\"@type\":\"PropertyValueSpecification\",\"valueRequired\":true,\"valueName\":\"search_term_string\"}}],\"inLanguage\":\"es\"},{\"@type\":\"Person\",\"@id\":\"https:\/\/treslineasnoticias.com.ar\/#\/schema\/person\/c5f7249e50517b84c2379b145ca14895\",\"name\":\"Horacio L\u00f3pez\",\"image\":{\"@type\":\"ImageObject\",\"inLanguage\":\"es\",\"@id\":\"https:\/\/treslineasnoticias.com.ar\/#\/schema\/person\/image\/\",\"url\":\"https:\/\/treslineasnoticias.com.ar\/wp-content\/litespeed\/avatar\/ddbec442f0224f940ce000570a0cb216.jpg?ver=1777068930\",\"contentUrl\":\"https:\/\/treslineasnoticias.com.ar\/wp-content\/litespeed\/avatar\/ddbec442f0224f940ce000570a0cb216.jpg?ver=1777068930\",\"caption\":\"Horacio L\u00f3pez\"},\"sameAs\":[\"http:\/\/treslineasnoticias.com.ar\"],\"url\":\"https:\/\/treslineasnoticias.com.ar\/?author=3\"}]}<\/script>\n<!-- \/ Yoast SEO plugin. -->","yoast_head_json":{"title":"Talento local y esp\u00edritu festivo en el primer d\u00eda de la 30\u00ba Expo Emprendedores - Tres Lineas Noticias","robots":{"index":"index","follow":"follow","max-snippet":"max-snippet:-1","max-image-preview":"max-image-preview:large","max-video-preview":"max-video-preview:-1"},"canonical":"https:\/\/treslineasnoticias.com.ar\/?p=20624","og_locale":"es_ES","og_type":"article","og_title":"Talento local y esp\u00edritu festivo en el primer d\u00eda de la 30\u00ba Expo Emprendedores - Tres Lineas Noticias","og_description":"El mandatario varelense, Andr\u00e9s Watson, efectu\u00f3 un itinerario por el evento con m\u00e1s de 300 stands y propuestas culturales en el parque situado sobre Thevenet esquina Alfonsina Storni -Villa Ang\u00e9lica- durante el viernes por la tarde. El Alcalde explic\u00f3: \u00abCoordinamos una estrategia productiva, con el apoyo de la gesti\u00f3n liderada por Axel Kicillof, para respaldar [&hellip;]","og_url":"https:\/\/treslineasnoticias.com.ar\/?p=20624","og_site_name":"Tres Lineas Noticias","article_published_time":"2025-12-06T02:35:00+00:00","article_modified_time":"2025-12-06T23:13:41+00:00","og_image":[{"width":1252,"height":835,"url":"http:\/\/treslineasnoticias.com.ar\/wp-content\/uploads\/2025\/12\/f35271d3-7228-0a17-a22d-21f5419f1241.jpg","type":"image\/jpeg"}],"author":"Horacio L\u00f3pez","twitter_card":"summary_large_image","twitter_misc":{"Escrito por":"Horacio L\u00f3pez","Tiempo de lectura":"3 minutos"},"schema":{"@context":"https:\/\/schema.org","@graph":[{"@type":"WebPage","@id":"https:\/\/treslineasnoticias.com.ar\/?p=20624","url":"https:\/\/treslineasnoticias.com.ar\/?p=20624","name":"Talento local y esp\u00edritu festivo en el primer d\u00eda de la 30\u00ba Expo Emprendedores - Tres Lineas Noticias","isPartOf":{"@id":"https:\/\/treslineasnoticias.com.ar\/#website"},"primaryImageOfPage":{"@id":"https:\/\/treslineasnoticias.com.ar\/?p=20624#primaryimage"},"image":{"@id":"https:\/\/treslineasnoticias.com.ar\/?p=20624#primaryimage"},"thumbnailUrl":"https:\/\/treslineasnoticias.com.ar\/wp-content\/uploads\/2025\/12\/f35271d3-7228-0a17-a22d-21f5419f1241.jpg","datePublished":"2025-12-06T02:35:00+00:00","dateModified":"2025-12-06T23:13:41+00:00","author":{"@id":"https:\/\/treslineasnoticias.com.ar\/#\/schema\/person\/c5f7249e50517b84c2379b145ca14895"},"breadcrumb":{"@id":"https:\/\/treslineasnoticias.com.ar\/?p=20624#breadcrumb"},"inLanguage":"es","potentialAction":[{"@type":"ReadAction","target":["https:\/\/treslineasnoticias.com.ar\/?p=20624"]}]},{"@type":"ImageObject","inLanguage":"es","@id":"https:\/\/treslineasnoticias.com.ar\/?p=20624#primaryimage","url":"https:\/\/treslineasnoticias.com.ar\/wp-content\/uploads\/2025\/12\/f35271d3-7228-0a17-a22d-21f5419f1241.jpg","contentUrl":"https:\/\/treslineasnoticias.com.ar\/wp-content\/uploads\/2025\/12\/f35271d3-7228-0a17-a22d-21f5419f1241.jpg","width":1252,"height":835},{"@type":"BreadcrumbList","@id":"https:\/\/treslineasnoticias.com.ar\/?p=20624#breadcrumb","itemListElement":[{"@type":"ListItem","position":1,"name":"Portada","item":"https:\/\/treslineasnoticias.com.ar\/"},{"@type":"ListItem","position":2,"name":"Talento local y esp\u00edritu festivo en el primer d\u00eda de la 30\u00ba Expo Emprendedores"}]},{"@type":"WebSite","@id":"https:\/\/treslineasnoticias.com.ar\/#website","url":"https:\/\/treslineasnoticias.com.ar\/","name":"Tres Lineas Noticias","description":"","potentialAction":[{"@type":"SearchAction","target":{"@type":"EntryPoint","urlTemplate":"https:\/\/treslineasnoticias.com.ar\/?s={search_term_string}"},"query-input":{"@type":"PropertyValueSpecification","valueRequired":true,"valueName":"search_term_string"}}],"inLanguage":"es"},{"@type":"Person","@id":"https:\/\/treslineasnoticias.com.ar\/#\/schema\/person\/c5f7249e50517b84c2379b145ca14895","name":"Horacio L\u00f3pez","image":{"@type":"ImageObject","inLanguage":"es","@id":"https:\/\/treslineasnoticias.com.ar\/#\/schema\/person\/image\/","url":"https:\/\/treslineasnoticias.com.ar\/wp-content\/litespeed\/avatar\/ddbec442f0224f940ce000570a0cb216.jpg?ver=1777068930","contentUrl":"https:\/\/treslineasnoticias.com.ar\/wp-content\/litespeed\/avatar\/ddbec442f0224f940ce000570a0cb216.jpg?ver=1777068930","caption":"Horacio L\u00f3pez"},"sameAs":["http:\/\/treslineasnoticias.com.ar"],"url":"https:\/\/treslineasnoticias.com.ar\/?author=3"}]}},"jetpack_featured_media_url":"https:\/\/treslineasnoticias.com.ar\/wp-content\/uploads\/2025\/12\/f35271d3-7228-0a17-a22d-21f5419f1241.jpg","jetpack_sharing_enabled":true,"_links":{"self":[{"href":"https:\/\/treslineasnoticias.com.ar\/index.php?rest_route=\/wp\/v2\/posts\/20624","targetHints":{"allow":["GET"]}}],"collection":[{"href":"https:\/\/treslineasnoticias.com.ar\/index.php?rest_route=\/wp\/v2\/posts"}],"about":[{"href":"https:\/\/treslineasnoticias.com.ar\/index.php?rest_route=\/wp\/v2\/types\/post"}],"author":[{"embeddable":true,"href":"https:\/\/treslineasnoticias.com.ar\/index.php?rest_route=\/wp\/v2\/users\/3"}],"replies":[{"embeddable":true,"href":"https:\/\/treslineasnoticias.com.ar\/index.php?rest_route=%2Fwp%2Fv2%2Fcomments&post=20624"}],"version-history":[{"count":1,"href":"https:\/\/treslineasnoticias.com.ar\/index.php?rest_route=\/wp\/v2\/posts\/20624\/revisions"}],"predecessor-version":[{"id":20629,"href":"https:\/\/treslineasnoticias.com.ar\/index.php?rest_route=\/wp\/v2\/posts\/20624\/revisions\/20629"}],"wp:featuredmedia":[{"embeddable":true,"href":"https:\/\/treslineasnoticias.com.ar\/index.php?rest_route=\/wp\/v2\/media\/20628"}],"wp:attachment":[{"href":"https:\/\/treslineasnoticias.com.ar\/index.php?rest_route=%2Fwp%2Fv2%2Fmedia&parent=20624"}],"wp:term":[{"taxonomy":"category","embeddable":true,"href":"https:\/\/treslineasnoticias.com.ar\/index.php?rest_route=%2Fwp%2Fv2%2Fcategories&post=20624"},{"taxonomy":"post_tag","embeddable":true,"href":"https:\/\/treslineasnoticias.com.ar\/index.php?rest_route=%2Fwp%2Fv2%2Ftags&post=20624"}],"curies":[{"name":"wp","href":"https:\/\/api.w.org\/{rel}","templated":true}]}}