{"id":20630,"date":"2025-12-05T23:40:00","date_gmt":"2025-12-06T02:40:00","guid":{"rendered":"https:\/\/treslineasnoticias.com.ar\/?p=20630"},"modified":"2025-12-06T20:17:19","modified_gmt":"2025-12-06T23:17:19","slug":"vecinos-y-vecinas-destacaron-la-modernizacion-del-alumbrado-publico-en-pico-de-oro","status":"publish","type":"post","link":"https:\/\/treslineasnoticias.com.ar\/?p=20630","title":{"rendered":"Vecinos y vecinas destacaron la modernizaci\u00f3n del alumbrado p\u00fablico en Pico de Oro"},"content":{"rendered":"\n<p><strong><em>El titular del Ejecutivo local -Andr\u00e9s Watson- supervis\u00f3 la finalizaci\u00f3n de las labores para potenciar el parque lum\u00ednico con tecnolog\u00eda sustentable en el 61\u00ba barrio del distrito.<\/em><\/strong><\/p>\n\n\n\n<p>En la esquina de Berna y Polonia, el Mandatario Comunal dialog\u00f3 con frentistas. Repas\u00f3 \u201cuna planificaci\u00f3n que contempl\u00f3 la colocaci\u00f3n de 194 nuevos artefactos m\u00e1s la renovaci\u00f3n de los 661 existentes\u201d. \u201cUn accionar que implic\u00f3 modernizaci\u00f3n, pero tambi\u00e9n ampliaci\u00f3n del tendido\u201d, remarc\u00f3.<\/p>\n\n\n\n<figure class=\"wp-block-image size-large\"><img loading=\"lazy\" decoding=\"async\" width=\"1024\" height=\"683\" src=\"http:\/\/treslineasnoticias.com.ar\/wp-content\/uploads\/2025\/12\/d35300f9-7b43-71e5-dcf6-857dd1e58979-1024x683.jpg\" alt=\"\" class=\"wp-image-20632\" srcset=\"https:\/\/treslineasnoticias.com.ar\/wp-content\/uploads\/2025\/12\/d35300f9-7b43-71e5-dcf6-857dd1e58979-1024x683.jpg 1024w, https:\/\/treslineasnoticias.com.ar\/wp-content\/uploads\/2025\/12\/d35300f9-7b43-71e5-dcf6-857dd1e58979-300x200.jpg 300w, https:\/\/treslineasnoticias.com.ar\/wp-content\/uploads\/2025\/12\/d35300f9-7b43-71e5-dcf6-857dd1e58979-768x512.jpg 768w, https:\/\/treslineasnoticias.com.ar\/wp-content\/uploads\/2025\/12\/d35300f9-7b43-71e5-dcf6-857dd1e58979-1536x1024.jpg 1536w, https:\/\/treslineasnoticias.com.ar\/wp-content\/uploads\/2025\/12\/d35300f9-7b43-71e5-dcf6-857dd1e58979-2048x1365.jpg 2048w\" sizes=\"auto, (max-width: 1024px) 100vw, 1024px\" \/><\/figure>\n\n\n\n<p>Adem\u00e1s, el Alcalde mencion\u00f3 \u201cla flamante incorporaci\u00f3n de dos camiones hidro elevadores para fortalecer el recambio de l\u00e1mparas en las distintas localidades con el compromiso de llegar a diciembre de 2027 con Florencio Varela full LED\u201d e indic\u00f3 \u201cla continuidad de los trabajos, en simult\u00e1neo, en Santa Rosa y Villa Hudson\u201d.<\/p>\n\n\n\n<p>Con m\u00e1s de 40 a\u00f1os de residencia en la zona, Victoria Galarza record\u00f3: \u201cAntes, no sal\u00edamos. Estaba oscuro, no ve\u00edamos nada\u201d. En contraste, destac\u00f3: \u201cAhora, not\u00e9&nbsp; m\u00e1s seguridad al ir o volver a casa en la madrugada\u201d.<\/p>\n\n\n\n<figure class=\"wp-block-image size-large\"><img loading=\"lazy\" decoding=\"async\" width=\"1024\" height=\"683\" src=\"http:\/\/treslineasnoticias.com.ar\/wp-content\/uploads\/2025\/12\/77d4586b-0fd9-a32b-7c67-c651180ad3a8-1024x683.jpg\" alt=\"\" class=\"wp-image-20633\" srcset=\"https:\/\/treslineasnoticias.com.ar\/wp-content\/uploads\/2025\/12\/77d4586b-0fd9-a32b-7c67-c651180ad3a8-1024x683.jpg 1024w, https:\/\/treslineasnoticias.com.ar\/wp-content\/uploads\/2025\/12\/77d4586b-0fd9-a32b-7c67-c651180ad3a8-300x200.jpg 300w, https:\/\/treslineasnoticias.com.ar\/wp-content\/uploads\/2025\/12\/77d4586b-0fd9-a32b-7c67-c651180ad3a8-768x512.jpg 768w, https:\/\/treslineasnoticias.com.ar\/wp-content\/uploads\/2025\/12\/77d4586b-0fd9-a32b-7c67-c651180ad3a8-1536x1024.jpg 1536w, https:\/\/treslineasnoticias.com.ar\/wp-content\/uploads\/2025\/12\/77d4586b-0fd9-a32b-7c67-c651180ad3a8-2048x1365.jpg 2048w\" sizes=\"auto, (max-width: 1024px) 100vw, 1024px\" \/><\/figure>\n\n\n\n<p>Radicado en las inmediaciones por m\u00e1s de cinco d\u00e9cadas, Jorge Macellio calific\u00f3 a las luces como \u201cespectaculares\u201d. \u201cQued\u00f3 muy bien iluminada la cuadra\u201d, asegur\u00f3.<\/p>\n\n\n\n<p>Por \u00faltimo, Rita Gauna -vecina- valor\u00f3 que \u201cel Intendente monitoreara las tareas porque fue una oportunidad de canalizar inquietudes\u201d. Apel\u00f3 a \u201cla uni\u00f3n de la comunidad para avanzar con m\u00e1s logros\u201d. Respecto a la intervenci\u00f3n, asever\u00f3: \u201cNos ayud\u00f3 a caminar m\u00e1s tranquilos\u201d.<\/p>\n","protected":false},"excerpt":{"rendered":"<p>El titular del Ejecutivo local -Andr\u00e9s Watson- supervis\u00f3 la finalizaci\u00f3n de las labores para potenciar el parque lum\u00ednico con tecnolog\u00eda sustentable en el 61\u00ba barrio del distrito. En la esquina de Berna y Polonia, el Mandatario Comunal dialog\u00f3 con frentistas. Repas\u00f3 \u201cuna planificaci\u00f3n que contempl\u00f3 la colocaci\u00f3n de 194 nuevos artefactos m\u00e1s la renovaci\u00f3n de [&hellip;]<\/p>\n","protected":false},"author":3,"featured_media":20631,"comment_status":"open","ping_status":"open","sticky":false,"template":"","format":"standard","meta":{"_jetpack_memberships_contains_paid_content":false,"footnotes":""},"categories":[6],"tags":[],"class_list":["post-20630","post","type-post","status-publish","format-standard","has-post-thumbnail","hentry","category-florencio-varela"],"yoast_head":"<!-- This site is optimized with the Yoast SEO plugin v24.7 - https:\/\/yoast.com\/wordpress\/plugins\/seo\/ -->\n<title>Vecinos y vecinas destacaron la modernizaci\u00f3n del alumbrado p\u00fablico en Pico de Oro - Tres Lineas Noticias<\/title>\n<meta name=\"robots\" content=\"index, follow, max-snippet:-1, max-image-preview:large, max-video-preview:-1\" \/>\n<link rel=\"canonical\" href=\"https:\/\/treslineasnoticias.com.ar\/?p=20630\" \/>\n<meta property=\"og:locale\" content=\"es_ES\" \/>\n<meta property=\"og:type\" content=\"article\" \/>\n<meta property=\"og:title\" content=\"Vecinos y vecinas destacaron la modernizaci\u00f3n del alumbrado p\u00fablico en Pico de Oro - Tres Lineas Noticias\" \/>\n<meta property=\"og:description\" content=\"El titular del Ejecutivo local -Andr\u00e9s Watson- supervis\u00f3 la finalizaci\u00f3n de las labores para potenciar el parque lum\u00ednico con tecnolog\u00eda sustentable en el 61\u00ba barrio del distrito. En la esquina de Berna y Polonia, el Mandatario Comunal dialog\u00f3 con frentistas. Repas\u00f3 \u201cuna planificaci\u00f3n que contempl\u00f3 la colocaci\u00f3n de 194 nuevos artefactos m\u00e1s la renovaci\u00f3n de [&hellip;]\" \/>\n<meta property=\"og:url\" content=\"https:\/\/treslineasnoticias.com.ar\/?p=20630\" \/>\n<meta property=\"og:site_name\" content=\"Tres Lineas Noticias\" \/>\n<meta property=\"article:published_time\" content=\"2025-12-06T02:40:00+00:00\" \/>\n<meta property=\"article:modified_time\" content=\"2025-12-06T23:17:19+00:00\" \/>\n<meta property=\"og:image\" content=\"http:\/\/treslineasnoticias.com.ar\/wp-content\/uploads\/2025\/12\/81f487a1-963f-fbef-9c2e-9703cfda3a2b-scaled.jpg\" \/>\n\t<meta property=\"og:image:width\" content=\"2560\" \/>\n\t<meta property=\"og:image:height\" content=\"1707\" \/>\n\t<meta property=\"og:image:type\" content=\"image\/jpeg\" \/>\n<meta name=\"author\" content=\"Horacio L\u00f3pez\" \/>\n<meta name=\"twitter:card\" content=\"summary_large_image\" \/>\n<meta name=\"twitter:label1\" content=\"Escrito por\" \/>\n\t<meta name=\"twitter:data1\" content=\"Horacio L\u00f3pez\" \/>\n\t<meta name=\"twitter:label2\" content=\"Tiempo de lectura\" \/>\n\t<meta name=\"twitter:data2\" content=\"2 minutos\" \/>\n<script type=\"application\/ld+json\" class=\"yoast-schema-graph\">{\"@context\":\"https:\/\/schema.org\",\"@graph\":[{\"@type\":\"WebPage\",\"@id\":\"https:\/\/treslineasnoticias.com.ar\/?p=20630\",\"url\":\"https:\/\/treslineasnoticias.com.ar\/?p=20630\",\"name\":\"Vecinos y vecinas destacaron la modernizaci\u00f3n del alumbrado p\u00fablico en Pico de Oro - Tres Lineas Noticias\",\"isPartOf\":{\"@id\":\"https:\/\/treslineasnoticias.com.ar\/#website\"},\"primaryImageOfPage\":{\"@id\":\"https:\/\/treslineasnoticias.com.ar\/?p=20630#primaryimage\"},\"image\":{\"@id\":\"https:\/\/treslineasnoticias.com.ar\/?p=20630#primaryimage\"},\"thumbnailUrl\":\"https:\/\/treslineasnoticias.com.ar\/wp-content\/uploads\/2025\/12\/81f487a1-963f-fbef-9c2e-9703cfda3a2b-scaled.jpg\",\"datePublished\":\"2025-12-06T02:40:00+00:00\",\"dateModified\":\"2025-12-06T23:17:19+00:00\",\"author\":{\"@id\":\"https:\/\/treslineasnoticias.com.ar\/#\/schema\/person\/c5f7249e50517b84c2379b145ca14895\"},\"breadcrumb\":{\"@id\":\"https:\/\/treslineasnoticias.com.ar\/?p=20630#breadcrumb\"},\"inLanguage\":\"es\",\"potentialAction\":[{\"@type\":\"ReadAction\",\"target\":[\"https:\/\/treslineasnoticias.com.ar\/?p=20630\"]}]},{\"@type\":\"ImageObject\",\"inLanguage\":\"es\",\"@id\":\"https:\/\/treslineasnoticias.com.ar\/?p=20630#primaryimage\",\"url\":\"https:\/\/treslineasnoticias.com.ar\/wp-content\/uploads\/2025\/12\/81f487a1-963f-fbef-9c2e-9703cfda3a2b-scaled.jpg\",\"contentUrl\":\"https:\/\/treslineasnoticias.com.ar\/wp-content\/uploads\/2025\/12\/81f487a1-963f-fbef-9c2e-9703cfda3a2b-scaled.jpg\",\"width\":2560,\"height\":1707},{\"@type\":\"BreadcrumbList\",\"@id\":\"https:\/\/treslineasnoticias.com.ar\/?p=20630#breadcrumb\",\"itemListElement\":[{\"@type\":\"ListItem\",\"position\":1,\"name\":\"Portada\",\"item\":\"https:\/\/treslineasnoticias.com.ar\/\"},{\"@type\":\"ListItem\",\"position\":2,\"name\":\"Vecinos y vecinas destacaron la modernizaci\u00f3n del alumbrado p\u00fablico en Pico de Oro\"}]},{\"@type\":\"WebSite\",\"@id\":\"https:\/\/treslineasnoticias.com.ar\/#website\",\"url\":\"https:\/\/treslineasnoticias.com.ar\/\",\"name\":\"Tres Lineas Noticias\",\"description\":\"\",\"potentialAction\":[{\"@type\":\"SearchAction\",\"target\":{\"@type\":\"EntryPoint\",\"urlTemplate\":\"https:\/\/treslineasnoticias.com.ar\/?s={search_term_string}\"},\"query-input\":{\"@type\":\"PropertyValueSpecification\",\"valueRequired\":true,\"valueName\":\"search_term_string\"}}],\"inLanguage\":\"es\"},{\"@type\":\"Person\",\"@id\":\"https:\/\/treslineasnoticias.com.ar\/#\/schema\/person\/c5f7249e50517b84c2379b145ca14895\",\"name\":\"Horacio L\u00f3pez\",\"image\":{\"@type\":\"ImageObject\",\"inLanguage\":\"es\",\"@id\":\"https:\/\/treslineasnoticias.com.ar\/#\/schema\/person\/image\/\",\"url\":\"https:\/\/treslineasnoticias.com.ar\/wp-content\/litespeed\/avatar\/ddbec442f0224f940ce000570a0cb216.jpg?ver=1777068930\",\"contentUrl\":\"https:\/\/treslineasnoticias.com.ar\/wp-content\/litespeed\/avatar\/ddbec442f0224f940ce000570a0cb216.jpg?ver=1777068930\",\"caption\":\"Horacio L\u00f3pez\"},\"sameAs\":[\"http:\/\/treslineasnoticias.com.ar\"],\"url\":\"https:\/\/treslineasnoticias.com.ar\/?author=3\"}]}<\/script>\n<!-- \/ Yoast SEO plugin. -->","yoast_head_json":{"title":"Vecinos y vecinas destacaron la modernizaci\u00f3n del alumbrado p\u00fablico en Pico de Oro - Tres Lineas Noticias","robots":{"index":"index","follow":"follow","max-snippet":"max-snippet:-1","max-image-preview":"max-image-preview:large","max-video-preview":"max-video-preview:-1"},"canonical":"https:\/\/treslineasnoticias.com.ar\/?p=20630","og_locale":"es_ES","og_type":"article","og_title":"Vecinos y vecinas destacaron la modernizaci\u00f3n del alumbrado p\u00fablico en Pico de Oro - Tres Lineas Noticias","og_description":"El titular del Ejecutivo local -Andr\u00e9s Watson- supervis\u00f3 la finalizaci\u00f3n de las labores para potenciar el parque lum\u00ednico con tecnolog\u00eda sustentable en el 61\u00ba barrio del distrito. En la esquina de Berna y Polonia, el Mandatario Comunal dialog\u00f3 con frentistas. Repas\u00f3 \u201cuna planificaci\u00f3n que contempl\u00f3 la colocaci\u00f3n de 194 nuevos artefactos m\u00e1s la renovaci\u00f3n de [&hellip;]","og_url":"https:\/\/treslineasnoticias.com.ar\/?p=20630","og_site_name":"Tres Lineas Noticias","article_published_time":"2025-12-06T02:40:00+00:00","article_modified_time":"2025-12-06T23:17:19+00:00","og_image":[{"width":2560,"height":1707,"url":"http:\/\/treslineasnoticias.com.ar\/wp-content\/uploads\/2025\/12\/81f487a1-963f-fbef-9c2e-9703cfda3a2b-scaled.jpg","type":"image\/jpeg"}],"author":"Horacio L\u00f3pez","twitter_card":"summary_large_image","twitter_misc":{"Escrito por":"Horacio L\u00f3pez","Tiempo de lectura":"2 minutos"},"schema":{"@context":"https:\/\/schema.org","@graph":[{"@type":"WebPage","@id":"https:\/\/treslineasnoticias.com.ar\/?p=20630","url":"https:\/\/treslineasnoticias.com.ar\/?p=20630","name":"Vecinos y vecinas destacaron la modernizaci\u00f3n del alumbrado p\u00fablico en Pico de Oro - Tres Lineas Noticias","isPartOf":{"@id":"https:\/\/treslineasnoticias.com.ar\/#website"},"primaryImageOfPage":{"@id":"https:\/\/treslineasnoticias.com.ar\/?p=20630#primaryimage"},"image":{"@id":"https:\/\/treslineasnoticias.com.ar\/?p=20630#primaryimage"},"thumbnailUrl":"https:\/\/treslineasnoticias.com.ar\/wp-content\/uploads\/2025\/12\/81f487a1-963f-fbef-9c2e-9703cfda3a2b-scaled.jpg","datePublished":"2025-12-06T02:40:00+00:00","dateModified":"2025-12-06T23:17:19+00:00","author":{"@id":"https:\/\/treslineasnoticias.com.ar\/#\/schema\/person\/c5f7249e50517b84c2379b145ca14895"},"breadcrumb":{"@id":"https:\/\/treslineasnoticias.com.ar\/?p=20630#breadcrumb"},"inLanguage":"es","potentialAction":[{"@type":"ReadAction","target":["https:\/\/treslineasnoticias.com.ar\/?p=20630"]}]},{"@type":"ImageObject","inLanguage":"es","@id":"https:\/\/treslineasnoticias.com.ar\/?p=20630#primaryimage","url":"https:\/\/treslineasnoticias.com.ar\/wp-content\/uploads\/2025\/12\/81f487a1-963f-fbef-9c2e-9703cfda3a2b-scaled.jpg","contentUrl":"https:\/\/treslineasnoticias.com.ar\/wp-content\/uploads\/2025\/12\/81f487a1-963f-fbef-9c2e-9703cfda3a2b-scaled.jpg","width":2560,"height":1707},{"@type":"BreadcrumbList","@id":"https:\/\/treslineasnoticias.com.ar\/?p=20630#breadcrumb","itemListElement":[{"@type":"ListItem","position":1,"name":"Portada","item":"https:\/\/treslineasnoticias.com.ar\/"},{"@type":"ListItem","position":2,"name":"Vecinos y vecinas destacaron la modernizaci\u00f3n del alumbrado p\u00fablico en Pico de Oro"}]},{"@type":"WebSite","@id":"https:\/\/treslineasnoticias.com.ar\/#website","url":"https:\/\/treslineasnoticias.com.ar\/","name":"Tres Lineas Noticias","description":"","potentialAction":[{"@type":"SearchAction","target":{"@type":"EntryPoint","urlTemplate":"https:\/\/treslineasnoticias.com.ar\/?s={search_term_string}"},"query-input":{"@type":"PropertyValueSpecification","valueRequired":true,"valueName":"search_term_string"}}],"inLanguage":"es"},{"@type":"Person","@id":"https:\/\/treslineasnoticias.com.ar\/#\/schema\/person\/c5f7249e50517b84c2379b145ca14895","name":"Horacio L\u00f3pez","image":{"@type":"ImageObject","inLanguage":"es","@id":"https:\/\/treslineasnoticias.com.ar\/#\/schema\/person\/image\/","url":"https:\/\/treslineasnoticias.com.ar\/wp-content\/litespeed\/avatar\/ddbec442f0224f940ce000570a0cb216.jpg?ver=1777068930","contentUrl":"https:\/\/treslineasnoticias.com.ar\/wp-content\/litespeed\/avatar\/ddbec442f0224f940ce000570a0cb216.jpg?ver=1777068930","caption":"Horacio L\u00f3pez"},"sameAs":["http:\/\/treslineasnoticias.com.ar"],"url":"https:\/\/treslineasnoticias.com.ar\/?author=3"}]}},"jetpack_featured_media_url":"https:\/\/treslineasnoticias.com.ar\/wp-content\/uploads\/2025\/12\/81f487a1-963f-fbef-9c2e-9703cfda3a2b-scaled.jpg","jetpack_sharing_enabled":true,"_links":{"self":[{"href":"https:\/\/treslineasnoticias.com.ar\/index.php?rest_route=\/wp\/v2\/posts\/20630","targetHints":{"allow":["GET"]}}],"collection":[{"href":"https:\/\/treslineasnoticias.com.ar\/index.php?rest_route=\/wp\/v2\/posts"}],"about":[{"href":"https:\/\/treslineasnoticias.com.ar\/index.php?rest_route=\/wp\/v2\/types\/post"}],"author":[{"embeddable":true,"href":"https:\/\/treslineasnoticias.com.ar\/index.php?rest_route=\/wp\/v2\/users\/3"}],"replies":[{"embeddable":true,"href":"https:\/\/treslineasnoticias.com.ar\/index.php?rest_route=%2Fwp%2Fv2%2Fcomments&post=20630"}],"version-history":[{"count":1,"href":"https:\/\/treslineasnoticias.com.ar\/index.php?rest_route=\/wp\/v2\/posts\/20630\/revisions"}],"predecessor-version":[{"id":20634,"href":"https:\/\/treslineasnoticias.com.ar\/index.php?rest_route=\/wp\/v2\/posts\/20630\/revisions\/20634"}],"wp:featuredmedia":[{"embeddable":true,"href":"https:\/\/treslineasnoticias.com.ar\/index.php?rest_route=\/wp\/v2\/media\/20631"}],"wp:attachment":[{"href":"https:\/\/treslineasnoticias.com.ar\/index.php?rest_route=%2Fwp%2Fv2%2Fmedia&parent=20630"}],"wp:term":[{"taxonomy":"category","embeddable":true,"href":"https:\/\/treslineasnoticias.com.ar\/index.php?rest_route=%2Fwp%2Fv2%2Fcategories&post=20630"},{"taxonomy":"post_tag","embeddable":true,"href":"https:\/\/treslineasnoticias.com.ar\/index.php?rest_route=%2Fwp%2Fv2%2Ftags&post=20630"}],"curies":[{"name":"wp","href":"https:\/\/api.w.org\/{rel}","templated":true}]}}