{"id":21617,"date":"2026-01-19T11:25:32","date_gmt":"2026-01-19T14:25:32","guid":{"rendered":"https:\/\/treslineasnoticias.com.ar\/?p=21617"},"modified":"2026-01-19T11:25:34","modified_gmt":"2026-01-19T14:25:34","slug":"jornadas-de-control-oftalmologico-para-personas-mayores-de-60-anos","status":"publish","type":"post","link":"https:\/\/treslineasnoticias.com.ar\/?p=21617","title":{"rendered":"Jornadas de Control Oftalmol\u00f3gico para personas mayores de 60 a\u00f1os"},"content":{"rendered":"\n<p><strong><em>El jueves 22\/01 se realizar\u00e1 la primera Jornada gratuita de Control Oftalmol\u00f3gico en la Sociedad de Fomento Barrio Once (calle 616 y 504, El Pato), en el horario de 8.00 a 12.00, con el objetivo de detectar patolog\u00edas y realizar el correspondiente seguimiento en el Centro Oftalmol\u00f3gico Municipal San Camilo. Esta iniciativa es organizada por la Municipalidad de Berazategui, a trav\u00e9s de la Secretar\u00eda de Salud P\u00fablica e Higiene, e impulsada por el intendente Carlos Balor.<\/em><\/strong><\/p>\n\n\n\n<p>De esta manera, los y las pacientes berazateguenses mayores de 60 a\u00f1os que lo requieran ser\u00e1n derivados por los y las profesionales -con turnos seg\u00fan el caso- para realizarse estudios, tratamientos o cirug\u00edas de forma gratuita en el Centro Oftalmol\u00f3gico Municipal San Camilo. Quienes se acerquen a las jornadas deben presentar DNI que certifique su domicilio en Berazategui.<\/p>\n\n\n\n<p>El cronograma de las siguientes jornadas -tambi\u00e9n, en el horario de 8.00 a 12.00- es el siguiente:<\/p>\n\n\n\n<p>Jueves 29\/01: Sociedad de Fomento San Blas (Diagonal G e\/ 43 y Av. Milazzo).<br>Viernes 30\/01: Sociedad de Fomento Los Para\u00edsos (calle 11 e\/ 159 y 160).<br>Lunes 02\/02: Sociedad de Fomento 1 de Mayo (Av. Dardo Rocha e\/ 1 y 2).<\/p>\n\n\n\n<p>Para conocer m\u00e1s acerca de las pol\u00edticas p\u00fablicas municipales impulsadas en el distrito, se puede ingresar a berazategui.gob.ar\/salud.<\/p>\n","protected":false},"excerpt":{"rendered":"<p>El jueves 22\/01 se realizar\u00e1 la primera Jornada gratuita de Control Oftalmol\u00f3gico en la Sociedad de Fomento Barrio Once (calle 616 y 504, El Pato), en el horario de 8.00 a 12.00, con el objetivo de detectar patolog\u00edas y realizar el correspondiente seguimiento en el Centro Oftalmol\u00f3gico Municipal San Camilo. Esta iniciativa es organizada por [&hellip;]<\/p>\n","protected":false},"author":3,"featured_media":21618,"comment_status":"open","ping_status":"open","sticky":false,"template":"","format":"standard","meta":{"_jetpack_memberships_contains_paid_content":false,"footnotes":""},"categories":[4],"tags":[],"class_list":["post-21617","post","type-post","status-publish","format-standard","has-post-thumbnail","hentry","category-berazategui"],"yoast_head":"<!-- This site is optimized with the Yoast SEO plugin v24.7 - https:\/\/yoast.com\/wordpress\/plugins\/seo\/ -->\n<title>Jornadas de Control Oftalmol\u00f3gico para personas mayores de 60 a\u00f1os - Tres Lineas Noticias<\/title>\n<meta name=\"robots\" content=\"index, follow, max-snippet:-1, max-image-preview:large, max-video-preview:-1\" \/>\n<link rel=\"canonical\" href=\"https:\/\/treslineasnoticias.com.ar\/?p=21617\" \/>\n<meta property=\"og:locale\" content=\"es_ES\" \/>\n<meta property=\"og:type\" content=\"article\" \/>\n<meta property=\"og:title\" content=\"Jornadas de Control Oftalmol\u00f3gico para personas mayores de 60 a\u00f1os - Tres Lineas Noticias\" \/>\n<meta property=\"og:description\" content=\"El jueves 22\/01 se realizar\u00e1 la primera Jornada gratuita de Control Oftalmol\u00f3gico en la Sociedad de Fomento Barrio Once (calle 616 y 504, El Pato), en el horario de 8.00 a 12.00, con el objetivo de detectar patolog\u00edas y realizar el correspondiente seguimiento en el Centro Oftalmol\u00f3gico Municipal San Camilo. Esta iniciativa es organizada por [&hellip;]\" \/>\n<meta property=\"og:url\" content=\"https:\/\/treslineasnoticias.com.ar\/?p=21617\" \/>\n<meta property=\"og:site_name\" content=\"Tres Lineas Noticias\" \/>\n<meta property=\"article:published_time\" content=\"2026-01-19T14:25:32+00:00\" \/>\n<meta property=\"article:modified_time\" content=\"2026-01-19T14:25:34+00:00\" \/>\n<meta property=\"og:image\" content=\"http:\/\/treslineasnoticias.com.ar\/wp-content\/uploads\/2026\/01\/Jornadas-de-Control-Oftalmologico-para-personas-mayores-de-60-anos-scaled.jpg\" \/>\n\t<meta property=\"og:image:width\" content=\"2048\" \/>\n\t<meta property=\"og:image:height\" content=\"2560\" \/>\n\t<meta property=\"og:image:type\" content=\"image\/jpeg\" \/>\n<meta name=\"author\" content=\"Horacio L\u00f3pez\" \/>\n<meta name=\"twitter:card\" content=\"summary_large_image\" \/>\n<meta name=\"twitter:label1\" content=\"Escrito por\" \/>\n\t<meta name=\"twitter:data1\" content=\"Horacio L\u00f3pez\" \/>\n\t<meta name=\"twitter:label2\" content=\"Tiempo de lectura\" \/>\n\t<meta name=\"twitter:data2\" content=\"2 minutos\" \/>\n<script type=\"application\/ld+json\" class=\"yoast-schema-graph\">{\"@context\":\"https:\/\/schema.org\",\"@graph\":[{\"@type\":\"WebPage\",\"@id\":\"https:\/\/treslineasnoticias.com.ar\/?p=21617\",\"url\":\"https:\/\/treslineasnoticias.com.ar\/?p=21617\",\"name\":\"Jornadas de Control Oftalmol\u00f3gico para personas mayores de 60 a\u00f1os - Tres Lineas Noticias\",\"isPartOf\":{\"@id\":\"https:\/\/treslineasnoticias.com.ar\/#website\"},\"primaryImageOfPage\":{\"@id\":\"https:\/\/treslineasnoticias.com.ar\/?p=21617#primaryimage\"},\"image\":{\"@id\":\"https:\/\/treslineasnoticias.com.ar\/?p=21617#primaryimage\"},\"thumbnailUrl\":\"https:\/\/treslineasnoticias.com.ar\/wp-content\/uploads\/2026\/01\/Jornadas-de-Control-Oftalmologico-para-personas-mayores-de-60-anos-scaled.jpg\",\"datePublished\":\"2026-01-19T14:25:32+00:00\",\"dateModified\":\"2026-01-19T14:25:34+00:00\",\"author\":{\"@id\":\"https:\/\/treslineasnoticias.com.ar\/#\/schema\/person\/c5f7249e50517b84c2379b145ca14895\"},\"breadcrumb\":{\"@id\":\"https:\/\/treslineasnoticias.com.ar\/?p=21617#breadcrumb\"},\"inLanguage\":\"es\",\"potentialAction\":[{\"@type\":\"ReadAction\",\"target\":[\"https:\/\/treslineasnoticias.com.ar\/?p=21617\"]}]},{\"@type\":\"ImageObject\",\"inLanguage\":\"es\",\"@id\":\"https:\/\/treslineasnoticias.com.ar\/?p=21617#primaryimage\",\"url\":\"https:\/\/treslineasnoticias.com.ar\/wp-content\/uploads\/2026\/01\/Jornadas-de-Control-Oftalmologico-para-personas-mayores-de-60-anos-scaled.jpg\",\"contentUrl\":\"https:\/\/treslineasnoticias.com.ar\/wp-content\/uploads\/2026\/01\/Jornadas-de-Control-Oftalmologico-para-personas-mayores-de-60-anos-scaled.jpg\",\"width\":2048,\"height\":2560},{\"@type\":\"BreadcrumbList\",\"@id\":\"https:\/\/treslineasnoticias.com.ar\/?p=21617#breadcrumb\",\"itemListElement\":[{\"@type\":\"ListItem\",\"position\":1,\"name\":\"Portada\",\"item\":\"https:\/\/treslineasnoticias.com.ar\/\"},{\"@type\":\"ListItem\",\"position\":2,\"name\":\"Jornadas de Control Oftalmol\u00f3gico para personas mayores de 60 a\u00f1os\"}]},{\"@type\":\"WebSite\",\"@id\":\"https:\/\/treslineasnoticias.com.ar\/#website\",\"url\":\"https:\/\/treslineasnoticias.com.ar\/\",\"name\":\"Tres Lineas Noticias\",\"description\":\"\",\"potentialAction\":[{\"@type\":\"SearchAction\",\"target\":{\"@type\":\"EntryPoint\",\"urlTemplate\":\"https:\/\/treslineasnoticias.com.ar\/?s={search_term_string}\"},\"query-input\":{\"@type\":\"PropertyValueSpecification\",\"valueRequired\":true,\"valueName\":\"search_term_string\"}}],\"inLanguage\":\"es\"},{\"@type\":\"Person\",\"@id\":\"https:\/\/treslineasnoticias.com.ar\/#\/schema\/person\/c5f7249e50517b84c2379b145ca14895\",\"name\":\"Horacio L\u00f3pez\",\"image\":{\"@type\":\"ImageObject\",\"inLanguage\":\"es\",\"@id\":\"https:\/\/treslineasnoticias.com.ar\/#\/schema\/person\/image\/\",\"url\":\"https:\/\/treslineasnoticias.com.ar\/wp-content\/litespeed\/avatar\/ddbec442f0224f940ce000570a0cb216.jpg?ver=1777068930\",\"contentUrl\":\"https:\/\/treslineasnoticias.com.ar\/wp-content\/litespeed\/avatar\/ddbec442f0224f940ce000570a0cb216.jpg?ver=1777068930\",\"caption\":\"Horacio L\u00f3pez\"},\"sameAs\":[\"http:\/\/treslineasnoticias.com.ar\"],\"url\":\"https:\/\/treslineasnoticias.com.ar\/?author=3\"}]}<\/script>\n<!-- \/ Yoast SEO plugin. -->","yoast_head_json":{"title":"Jornadas de Control Oftalmol\u00f3gico para personas mayores de 60 a\u00f1os - Tres Lineas Noticias","robots":{"index":"index","follow":"follow","max-snippet":"max-snippet:-1","max-image-preview":"max-image-preview:large","max-video-preview":"max-video-preview:-1"},"canonical":"https:\/\/treslineasnoticias.com.ar\/?p=21617","og_locale":"es_ES","og_type":"article","og_title":"Jornadas de Control Oftalmol\u00f3gico para personas mayores de 60 a\u00f1os - Tres Lineas Noticias","og_description":"El jueves 22\/01 se realizar\u00e1 la primera Jornada gratuita de Control Oftalmol\u00f3gico en la Sociedad de Fomento Barrio Once (calle 616 y 504, El Pato), en el horario de 8.00 a 12.00, con el objetivo de detectar patolog\u00edas y realizar el correspondiente seguimiento en el Centro Oftalmol\u00f3gico Municipal San Camilo. Esta iniciativa es organizada por [&hellip;]","og_url":"https:\/\/treslineasnoticias.com.ar\/?p=21617","og_site_name":"Tres Lineas Noticias","article_published_time":"2026-01-19T14:25:32+00:00","article_modified_time":"2026-01-19T14:25:34+00:00","og_image":[{"width":2048,"height":2560,"url":"http:\/\/treslineasnoticias.com.ar\/wp-content\/uploads\/2026\/01\/Jornadas-de-Control-Oftalmologico-para-personas-mayores-de-60-anos-scaled.jpg","type":"image\/jpeg"}],"author":"Horacio L\u00f3pez","twitter_card":"summary_large_image","twitter_misc":{"Escrito por":"Horacio L\u00f3pez","Tiempo de lectura":"2 minutos"},"schema":{"@context":"https:\/\/schema.org","@graph":[{"@type":"WebPage","@id":"https:\/\/treslineasnoticias.com.ar\/?p=21617","url":"https:\/\/treslineasnoticias.com.ar\/?p=21617","name":"Jornadas de Control Oftalmol\u00f3gico para personas mayores de 60 a\u00f1os - Tres Lineas Noticias","isPartOf":{"@id":"https:\/\/treslineasnoticias.com.ar\/#website"},"primaryImageOfPage":{"@id":"https:\/\/treslineasnoticias.com.ar\/?p=21617#primaryimage"},"image":{"@id":"https:\/\/treslineasnoticias.com.ar\/?p=21617#primaryimage"},"thumbnailUrl":"https:\/\/treslineasnoticias.com.ar\/wp-content\/uploads\/2026\/01\/Jornadas-de-Control-Oftalmologico-para-personas-mayores-de-60-anos-scaled.jpg","datePublished":"2026-01-19T14:25:32+00:00","dateModified":"2026-01-19T14:25:34+00:00","author":{"@id":"https:\/\/treslineasnoticias.com.ar\/#\/schema\/person\/c5f7249e50517b84c2379b145ca14895"},"breadcrumb":{"@id":"https:\/\/treslineasnoticias.com.ar\/?p=21617#breadcrumb"},"inLanguage":"es","potentialAction":[{"@type":"ReadAction","target":["https:\/\/treslineasnoticias.com.ar\/?p=21617"]}]},{"@type":"ImageObject","inLanguage":"es","@id":"https:\/\/treslineasnoticias.com.ar\/?p=21617#primaryimage","url":"https:\/\/treslineasnoticias.com.ar\/wp-content\/uploads\/2026\/01\/Jornadas-de-Control-Oftalmologico-para-personas-mayores-de-60-anos-scaled.jpg","contentUrl":"https:\/\/treslineasnoticias.com.ar\/wp-content\/uploads\/2026\/01\/Jornadas-de-Control-Oftalmologico-para-personas-mayores-de-60-anos-scaled.jpg","width":2048,"height":2560},{"@type":"BreadcrumbList","@id":"https:\/\/treslineasnoticias.com.ar\/?p=21617#breadcrumb","itemListElement":[{"@type":"ListItem","position":1,"name":"Portada","item":"https:\/\/treslineasnoticias.com.ar\/"},{"@type":"ListItem","position":2,"name":"Jornadas de Control Oftalmol\u00f3gico para personas mayores de 60 a\u00f1os"}]},{"@type":"WebSite","@id":"https:\/\/treslineasnoticias.com.ar\/#website","url":"https:\/\/treslineasnoticias.com.ar\/","name":"Tres Lineas Noticias","description":"","potentialAction":[{"@type":"SearchAction","target":{"@type":"EntryPoint","urlTemplate":"https:\/\/treslineasnoticias.com.ar\/?s={search_term_string}"},"query-input":{"@type":"PropertyValueSpecification","valueRequired":true,"valueName":"search_term_string"}}],"inLanguage":"es"},{"@type":"Person","@id":"https:\/\/treslineasnoticias.com.ar\/#\/schema\/person\/c5f7249e50517b84c2379b145ca14895","name":"Horacio L\u00f3pez","image":{"@type":"ImageObject","inLanguage":"es","@id":"https:\/\/treslineasnoticias.com.ar\/#\/schema\/person\/image\/","url":"https:\/\/treslineasnoticias.com.ar\/wp-content\/litespeed\/avatar\/ddbec442f0224f940ce000570a0cb216.jpg?ver=1777068930","contentUrl":"https:\/\/treslineasnoticias.com.ar\/wp-content\/litespeed\/avatar\/ddbec442f0224f940ce000570a0cb216.jpg?ver=1777068930","caption":"Horacio L\u00f3pez"},"sameAs":["http:\/\/treslineasnoticias.com.ar"],"url":"https:\/\/treslineasnoticias.com.ar\/?author=3"}]}},"jetpack_featured_media_url":"https:\/\/treslineasnoticias.com.ar\/wp-content\/uploads\/2026\/01\/Jornadas-de-Control-Oftalmologico-para-personas-mayores-de-60-anos-scaled.jpg","jetpack_sharing_enabled":true,"_links":{"self":[{"href":"https:\/\/treslineasnoticias.com.ar\/index.php?rest_route=\/wp\/v2\/posts\/21617","targetHints":{"allow":["GET"]}}],"collection":[{"href":"https:\/\/treslineasnoticias.com.ar\/index.php?rest_route=\/wp\/v2\/posts"}],"about":[{"href":"https:\/\/treslineasnoticias.com.ar\/index.php?rest_route=\/wp\/v2\/types\/post"}],"author":[{"embeddable":true,"href":"https:\/\/treslineasnoticias.com.ar\/index.php?rest_route=\/wp\/v2\/users\/3"}],"replies":[{"embeddable":true,"href":"https:\/\/treslineasnoticias.com.ar\/index.php?rest_route=%2Fwp%2Fv2%2Fcomments&post=21617"}],"version-history":[{"count":1,"href":"https:\/\/treslineasnoticias.com.ar\/index.php?rest_route=\/wp\/v2\/posts\/21617\/revisions"}],"predecessor-version":[{"id":21619,"href":"https:\/\/treslineasnoticias.com.ar\/index.php?rest_route=\/wp\/v2\/posts\/21617\/revisions\/21619"}],"wp:featuredmedia":[{"embeddable":true,"href":"https:\/\/treslineasnoticias.com.ar\/index.php?rest_route=\/wp\/v2\/media\/21618"}],"wp:attachment":[{"href":"https:\/\/treslineasnoticias.com.ar\/index.php?rest_route=%2Fwp%2Fv2%2Fmedia&parent=21617"}],"wp:term":[{"taxonomy":"category","embeddable":true,"href":"https:\/\/treslineasnoticias.com.ar\/index.php?rest_route=%2Fwp%2Fv2%2Fcategories&post=21617"},{"taxonomy":"post_tag","embeddable":true,"href":"https:\/\/treslineasnoticias.com.ar\/index.php?rest_route=%2Fwp%2Fv2%2Ftags&post=21617"}],"curies":[{"name":"wp","href":"https:\/\/api.w.org\/{rel}","templated":true}]}}