{"id":21656,"date":"2026-01-23T19:17:27","date_gmt":"2026-01-23T22:17:27","guid":{"rendered":"https:\/\/treslineasnoticias.com.ar\/?p=21656"},"modified":"2026-01-23T19:17:29","modified_gmt":"2026-01-23T22:17:29","slug":"comenzaron-los-tradicionales-patios-de-tango-y-folclore-en-berazategui","status":"publish","type":"post","link":"https:\/\/treslineasnoticias.com.ar\/?p=21656","title":{"rendered":"Comenzaron los tradicionales Patios de Tango y Folclore en Berazategui"},"content":{"rendered":"\n<p><strong><em>Como parte del Ciclo de Verano 2026, comenzaron los tradicionales Patios de Tango y Folclore con la presentaci\u00f3n de Gustavo Ser\u00e1 y la Orquesta Municipal de Tango. De esta manera, todos los viernes de enero y febrero, con entrada libre y gratuita, los vecinos y vecinas podr\u00e1n acercarse al Centro Municipal de Actividades Roberto De Vicenzo para bailar y disfrutar de distintos shows y de una variada propuesta gastron\u00f3mica.<\/em><\/strong><\/p>\n\n\n\n<figure class=\"wp-block-image size-large\"><img loading=\"lazy\" decoding=\"async\" width=\"1024\" height=\"682\" src=\"http:\/\/treslineasnoticias.com.ar\/wp-content\/uploads\/2026\/01\/Comenzaron-los-tradicionales-Patios-de-Tango-y-Folclore-en-Berazategui-1024x682.jpg\" alt=\"\" class=\"wp-image-21658\" srcset=\"https:\/\/treslineasnoticias.com.ar\/wp-content\/uploads\/2026\/01\/Comenzaron-los-tradicionales-Patios-de-Tango-y-Folclore-en-Berazategui-1024x682.jpg 1024w, https:\/\/treslineasnoticias.com.ar\/wp-content\/uploads\/2026\/01\/Comenzaron-los-tradicionales-Patios-de-Tango-y-Folclore-en-Berazategui-300x200.jpg 300w, https:\/\/treslineasnoticias.com.ar\/wp-content\/uploads\/2026\/01\/Comenzaron-los-tradicionales-Patios-de-Tango-y-Folclore-en-Berazategui-768x512.jpg 768w, https:\/\/treslineasnoticias.com.ar\/wp-content\/uploads\/2026\/01\/Comenzaron-los-tradicionales-Patios-de-Tango-y-Folclore-en-Berazategui-1536x1023.jpg 1536w, https:\/\/treslineasnoticias.com.ar\/wp-content\/uploads\/2026\/01\/Comenzaron-los-tradicionales-Patios-de-Tango-y-Folclore-en-Berazategui.jpg 1600w\" sizes=\"auto, (max-width: 1024px) 100vw, 1024px\" \/><\/figure>\n\n\n\n<p>\u201cEl Patio de Tango y Folclore es un cl\u00e1sico del Ciclo de Verano que desde hace muchos a\u00f1os se realiza en Berazategui. Lo comenz\u00f3 Juan Jos\u00e9 Mussi y hoy lo contin\u00faa el intendente Carlos Balor. Los vecinos y vecinas tienen la oportunidad de vivir la cultura en su ciudad, como en el caso de este patio, donde escuchan m\u00fasica, bailan y disfrutan de shows en vivo, todo con entrada gratuita\u201d, explic\u00f3 el secretario de Cultura y Educaci\u00f3n, Federico L\u00f3pez.<\/p>\n\n\n\n<figure class=\"wp-block-image size-large\"><img loading=\"lazy\" decoding=\"async\" width=\"1024\" height=\"682\" src=\"http:\/\/treslineasnoticias.com.ar\/wp-content\/uploads\/2026\/01\/Comenzaron-los-tradicionales-Patios-de-Tango-y-Folclore-en-Berazategui-2-1024x682.jpg\" alt=\"\" class=\"wp-image-21657\" srcset=\"https:\/\/treslineasnoticias.com.ar\/wp-content\/uploads\/2026\/01\/Comenzaron-los-tradicionales-Patios-de-Tango-y-Folclore-en-Berazategui-2-1024x682.jpg 1024w, https:\/\/treslineasnoticias.com.ar\/wp-content\/uploads\/2026\/01\/Comenzaron-los-tradicionales-Patios-de-Tango-y-Folclore-en-Berazategui-2-300x200.jpg 300w, https:\/\/treslineasnoticias.com.ar\/wp-content\/uploads\/2026\/01\/Comenzaron-los-tradicionales-Patios-de-Tango-y-Folclore-en-Berazategui-2-768x512.jpg 768w, https:\/\/treslineasnoticias.com.ar\/wp-content\/uploads\/2026\/01\/Comenzaron-los-tradicionales-Patios-de-Tango-y-Folclore-en-Berazategui-2-1536x1023.jpg 1536w, https:\/\/treslineasnoticias.com.ar\/wp-content\/uploads\/2026\/01\/Comenzaron-los-tradicionales-Patios-de-Tango-y-Folclore-en-Berazategui-2.jpg 1600w\" sizes=\"auto, (max-width: 1024px) 100vw, 1024px\" \/><\/figure>\n\n\n\n<p>Este tradicional evento comenz\u00f3 a realizarse en 2001 en el Complejo Cultural Municipal El Patio. Sin embargo, debido al \u00e9xito de la propuesta y a la concurrencia masiva, en 2016 se traslad\u00f3 al Centro Municipal de Actividades Roberto De Vicenzo. Este espect\u00e1culo constituye un espacio de encuentro y participaci\u00f3n, con la presentaci\u00f3n en vivo de artistas locales e invitados, adem\u00e1s de una propuesta gastron\u00f3mica a cargo de food trucks.<\/p>\n","protected":false},"excerpt":{"rendered":"<p>Como parte del Ciclo de Verano 2026, comenzaron los tradicionales Patios de Tango y Folclore con la presentaci\u00f3n de Gustavo Ser\u00e1 y la Orquesta Municipal de Tango. De esta manera, todos los viernes de enero y febrero, con entrada libre y gratuita, los vecinos y vecinas podr\u00e1n acercarse al Centro Municipal de Actividades Roberto De [&hellip;]<\/p>\n","protected":false},"author":3,"featured_media":21659,"comment_status":"open","ping_status":"open","sticky":false,"template":"","format":"standard","meta":{"_jetpack_memberships_contains_paid_content":false,"footnotes":""},"categories":[4],"tags":[],"class_list":["post-21656","post","type-post","status-publish","format-standard","has-post-thumbnail","hentry","category-berazategui"],"yoast_head":"<!-- This site is optimized with the Yoast SEO plugin v24.7 - https:\/\/yoast.com\/wordpress\/plugins\/seo\/ -->\n<title>Comenzaron los tradicionales Patios de Tango y Folclore en Berazategui - Tres Lineas Noticias<\/title>\n<meta name=\"robots\" content=\"index, follow, max-snippet:-1, max-image-preview:large, max-video-preview:-1\" \/>\n<link rel=\"canonical\" href=\"https:\/\/treslineasnoticias.com.ar\/?p=21656\" \/>\n<meta property=\"og:locale\" content=\"es_ES\" \/>\n<meta property=\"og:type\" content=\"article\" \/>\n<meta property=\"og:title\" content=\"Comenzaron los tradicionales Patios de Tango y Folclore en Berazategui - Tres Lineas Noticias\" \/>\n<meta property=\"og:description\" content=\"Como parte del Ciclo de Verano 2026, comenzaron los tradicionales Patios de Tango y Folclore con la presentaci\u00f3n de Gustavo Ser\u00e1 y la Orquesta Municipal de Tango. De esta manera, todos los viernes de enero y febrero, con entrada libre y gratuita, los vecinos y vecinas podr\u00e1n acercarse al Centro Municipal de Actividades Roberto De [&hellip;]\" \/>\n<meta property=\"og:url\" content=\"https:\/\/treslineasnoticias.com.ar\/?p=21656\" \/>\n<meta property=\"og:site_name\" content=\"Tres Lineas Noticias\" \/>\n<meta property=\"article:published_time\" content=\"2026-01-23T22:17:27+00:00\" \/>\n<meta property=\"article:modified_time\" content=\"2026-01-23T22:17:29+00:00\" \/>\n<meta property=\"og:image\" content=\"http:\/\/treslineasnoticias.com.ar\/wp-content\/uploads\/2026\/01\/Comenzaron-los-tradicionales-Patios-de-Tango-y-Folclore-en-Berazategui-4.jpg\" \/>\n\t<meta property=\"og:image:width\" content=\"1600\" \/>\n\t<meta property=\"og:image:height\" content=\"1066\" \/>\n\t<meta property=\"og:image:type\" content=\"image\/jpeg\" \/>\n<meta name=\"author\" content=\"Horacio L\u00f3pez\" \/>\n<meta name=\"twitter:card\" content=\"summary_large_image\" \/>\n<meta name=\"twitter:label1\" content=\"Escrito por\" \/>\n\t<meta name=\"twitter:data1\" content=\"Horacio L\u00f3pez\" \/>\n\t<meta name=\"twitter:label2\" content=\"Tiempo de lectura\" \/>\n\t<meta name=\"twitter:data2\" content=\"2 minutos\" \/>\n<script type=\"application\/ld+json\" class=\"yoast-schema-graph\">{\"@context\":\"https:\/\/schema.org\",\"@graph\":[{\"@type\":\"WebPage\",\"@id\":\"https:\/\/treslineasnoticias.com.ar\/?p=21656\",\"url\":\"https:\/\/treslineasnoticias.com.ar\/?p=21656\",\"name\":\"Comenzaron los tradicionales Patios de Tango y Folclore en Berazategui - Tres Lineas Noticias\",\"isPartOf\":{\"@id\":\"https:\/\/treslineasnoticias.com.ar\/#website\"},\"primaryImageOfPage\":{\"@id\":\"https:\/\/treslineasnoticias.com.ar\/?p=21656#primaryimage\"},\"image\":{\"@id\":\"https:\/\/treslineasnoticias.com.ar\/?p=21656#primaryimage\"},\"thumbnailUrl\":\"https:\/\/treslineasnoticias.com.ar\/wp-content\/uploads\/2026\/01\/Comenzaron-los-tradicionales-Patios-de-Tango-y-Folclore-en-Berazategui-4.jpg\",\"datePublished\":\"2026-01-23T22:17:27+00:00\",\"dateModified\":\"2026-01-23T22:17:29+00:00\",\"author\":{\"@id\":\"https:\/\/treslineasnoticias.com.ar\/#\/schema\/person\/c5f7249e50517b84c2379b145ca14895\"},\"breadcrumb\":{\"@id\":\"https:\/\/treslineasnoticias.com.ar\/?p=21656#breadcrumb\"},\"inLanguage\":\"es\",\"potentialAction\":[{\"@type\":\"ReadAction\",\"target\":[\"https:\/\/treslineasnoticias.com.ar\/?p=21656\"]}]},{\"@type\":\"ImageObject\",\"inLanguage\":\"es\",\"@id\":\"https:\/\/treslineasnoticias.com.ar\/?p=21656#primaryimage\",\"url\":\"https:\/\/treslineasnoticias.com.ar\/wp-content\/uploads\/2026\/01\/Comenzaron-los-tradicionales-Patios-de-Tango-y-Folclore-en-Berazategui-4.jpg\",\"contentUrl\":\"https:\/\/treslineasnoticias.com.ar\/wp-content\/uploads\/2026\/01\/Comenzaron-los-tradicionales-Patios-de-Tango-y-Folclore-en-Berazategui-4.jpg\",\"width\":1600,\"height\":1066},{\"@type\":\"BreadcrumbList\",\"@id\":\"https:\/\/treslineasnoticias.com.ar\/?p=21656#breadcrumb\",\"itemListElement\":[{\"@type\":\"ListItem\",\"position\":1,\"name\":\"Portada\",\"item\":\"https:\/\/treslineasnoticias.com.ar\/\"},{\"@type\":\"ListItem\",\"position\":2,\"name\":\"Comenzaron los tradicionales Patios de Tango y Folclore en Berazategui\"}]},{\"@type\":\"WebSite\",\"@id\":\"https:\/\/treslineasnoticias.com.ar\/#website\",\"url\":\"https:\/\/treslineasnoticias.com.ar\/\",\"name\":\"Tres Lineas Noticias\",\"description\":\"\",\"potentialAction\":[{\"@type\":\"SearchAction\",\"target\":{\"@type\":\"EntryPoint\",\"urlTemplate\":\"https:\/\/treslineasnoticias.com.ar\/?s={search_term_string}\"},\"query-input\":{\"@type\":\"PropertyValueSpecification\",\"valueRequired\":true,\"valueName\":\"search_term_string\"}}],\"inLanguage\":\"es\"},{\"@type\":\"Person\",\"@id\":\"https:\/\/treslineasnoticias.com.ar\/#\/schema\/person\/c5f7249e50517b84c2379b145ca14895\",\"name\":\"Horacio L\u00f3pez\",\"image\":{\"@type\":\"ImageObject\",\"inLanguage\":\"es\",\"@id\":\"https:\/\/treslineasnoticias.com.ar\/#\/schema\/person\/image\/\",\"url\":\"https:\/\/treslineasnoticias.com.ar\/wp-content\/litespeed\/avatar\/ddbec442f0224f940ce000570a0cb216.jpg?ver=1777068930\",\"contentUrl\":\"https:\/\/treslineasnoticias.com.ar\/wp-content\/litespeed\/avatar\/ddbec442f0224f940ce000570a0cb216.jpg?ver=1777068930\",\"caption\":\"Horacio L\u00f3pez\"},\"sameAs\":[\"http:\/\/treslineasnoticias.com.ar\"],\"url\":\"https:\/\/treslineasnoticias.com.ar\/?author=3\"}]}<\/script>\n<!-- \/ Yoast SEO plugin. -->","yoast_head_json":{"title":"Comenzaron los tradicionales Patios de Tango y Folclore en Berazategui - Tres Lineas Noticias","robots":{"index":"index","follow":"follow","max-snippet":"max-snippet:-1","max-image-preview":"max-image-preview:large","max-video-preview":"max-video-preview:-1"},"canonical":"https:\/\/treslineasnoticias.com.ar\/?p=21656","og_locale":"es_ES","og_type":"article","og_title":"Comenzaron los tradicionales Patios de Tango y Folclore en Berazategui - Tres Lineas Noticias","og_description":"Como parte del Ciclo de Verano 2026, comenzaron los tradicionales Patios de Tango y Folclore con la presentaci\u00f3n de Gustavo Ser\u00e1 y la Orquesta Municipal de Tango. De esta manera, todos los viernes de enero y febrero, con entrada libre y gratuita, los vecinos y vecinas podr\u00e1n acercarse al Centro Municipal de Actividades Roberto De [&hellip;]","og_url":"https:\/\/treslineasnoticias.com.ar\/?p=21656","og_site_name":"Tres Lineas Noticias","article_published_time":"2026-01-23T22:17:27+00:00","article_modified_time":"2026-01-23T22:17:29+00:00","og_image":[{"width":1600,"height":1066,"url":"http:\/\/treslineasnoticias.com.ar\/wp-content\/uploads\/2026\/01\/Comenzaron-los-tradicionales-Patios-de-Tango-y-Folclore-en-Berazategui-4.jpg","type":"image\/jpeg"}],"author":"Horacio L\u00f3pez","twitter_card":"summary_large_image","twitter_misc":{"Escrito por":"Horacio L\u00f3pez","Tiempo de lectura":"2 minutos"},"schema":{"@context":"https:\/\/schema.org","@graph":[{"@type":"WebPage","@id":"https:\/\/treslineasnoticias.com.ar\/?p=21656","url":"https:\/\/treslineasnoticias.com.ar\/?p=21656","name":"Comenzaron los tradicionales Patios de Tango y Folclore en Berazategui - Tres Lineas Noticias","isPartOf":{"@id":"https:\/\/treslineasnoticias.com.ar\/#website"},"primaryImageOfPage":{"@id":"https:\/\/treslineasnoticias.com.ar\/?p=21656#primaryimage"},"image":{"@id":"https:\/\/treslineasnoticias.com.ar\/?p=21656#primaryimage"},"thumbnailUrl":"https:\/\/treslineasnoticias.com.ar\/wp-content\/uploads\/2026\/01\/Comenzaron-los-tradicionales-Patios-de-Tango-y-Folclore-en-Berazategui-4.jpg","datePublished":"2026-01-23T22:17:27+00:00","dateModified":"2026-01-23T22:17:29+00:00","author":{"@id":"https:\/\/treslineasnoticias.com.ar\/#\/schema\/person\/c5f7249e50517b84c2379b145ca14895"},"breadcrumb":{"@id":"https:\/\/treslineasnoticias.com.ar\/?p=21656#breadcrumb"},"inLanguage":"es","potentialAction":[{"@type":"ReadAction","target":["https:\/\/treslineasnoticias.com.ar\/?p=21656"]}]},{"@type":"ImageObject","inLanguage":"es","@id":"https:\/\/treslineasnoticias.com.ar\/?p=21656#primaryimage","url":"https:\/\/treslineasnoticias.com.ar\/wp-content\/uploads\/2026\/01\/Comenzaron-los-tradicionales-Patios-de-Tango-y-Folclore-en-Berazategui-4.jpg","contentUrl":"https:\/\/treslineasnoticias.com.ar\/wp-content\/uploads\/2026\/01\/Comenzaron-los-tradicionales-Patios-de-Tango-y-Folclore-en-Berazategui-4.jpg","width":1600,"height":1066},{"@type":"BreadcrumbList","@id":"https:\/\/treslineasnoticias.com.ar\/?p=21656#breadcrumb","itemListElement":[{"@type":"ListItem","position":1,"name":"Portada","item":"https:\/\/treslineasnoticias.com.ar\/"},{"@type":"ListItem","position":2,"name":"Comenzaron los tradicionales Patios de Tango y Folclore en Berazategui"}]},{"@type":"WebSite","@id":"https:\/\/treslineasnoticias.com.ar\/#website","url":"https:\/\/treslineasnoticias.com.ar\/","name":"Tres Lineas Noticias","description":"","potentialAction":[{"@type":"SearchAction","target":{"@type":"EntryPoint","urlTemplate":"https:\/\/treslineasnoticias.com.ar\/?s={search_term_string}"},"query-input":{"@type":"PropertyValueSpecification","valueRequired":true,"valueName":"search_term_string"}}],"inLanguage":"es"},{"@type":"Person","@id":"https:\/\/treslineasnoticias.com.ar\/#\/schema\/person\/c5f7249e50517b84c2379b145ca14895","name":"Horacio L\u00f3pez","image":{"@type":"ImageObject","inLanguage":"es","@id":"https:\/\/treslineasnoticias.com.ar\/#\/schema\/person\/image\/","url":"https:\/\/treslineasnoticias.com.ar\/wp-content\/litespeed\/avatar\/ddbec442f0224f940ce000570a0cb216.jpg?ver=1777068930","contentUrl":"https:\/\/treslineasnoticias.com.ar\/wp-content\/litespeed\/avatar\/ddbec442f0224f940ce000570a0cb216.jpg?ver=1777068930","caption":"Horacio L\u00f3pez"},"sameAs":["http:\/\/treslineasnoticias.com.ar"],"url":"https:\/\/treslineasnoticias.com.ar\/?author=3"}]}},"jetpack_featured_media_url":"https:\/\/treslineasnoticias.com.ar\/wp-content\/uploads\/2026\/01\/Comenzaron-los-tradicionales-Patios-de-Tango-y-Folclore-en-Berazategui-4.jpg","jetpack_sharing_enabled":true,"_links":{"self":[{"href":"https:\/\/treslineasnoticias.com.ar\/index.php?rest_route=\/wp\/v2\/posts\/21656","targetHints":{"allow":["GET"]}}],"collection":[{"href":"https:\/\/treslineasnoticias.com.ar\/index.php?rest_route=\/wp\/v2\/posts"}],"about":[{"href":"https:\/\/treslineasnoticias.com.ar\/index.php?rest_route=\/wp\/v2\/types\/post"}],"author":[{"embeddable":true,"href":"https:\/\/treslineasnoticias.com.ar\/index.php?rest_route=\/wp\/v2\/users\/3"}],"replies":[{"embeddable":true,"href":"https:\/\/treslineasnoticias.com.ar\/index.php?rest_route=%2Fwp%2Fv2%2Fcomments&post=21656"}],"version-history":[{"count":1,"href":"https:\/\/treslineasnoticias.com.ar\/index.php?rest_route=\/wp\/v2\/posts\/21656\/revisions"}],"predecessor-version":[{"id":21660,"href":"https:\/\/treslineasnoticias.com.ar\/index.php?rest_route=\/wp\/v2\/posts\/21656\/revisions\/21660"}],"wp:featuredmedia":[{"embeddable":true,"href":"https:\/\/treslineasnoticias.com.ar\/index.php?rest_route=\/wp\/v2\/media\/21659"}],"wp:attachment":[{"href":"https:\/\/treslineasnoticias.com.ar\/index.php?rest_route=%2Fwp%2Fv2%2Fmedia&parent=21656"}],"wp:term":[{"taxonomy":"category","embeddable":true,"href":"https:\/\/treslineasnoticias.com.ar\/index.php?rest_route=%2Fwp%2Fv2%2Fcategories&post=21656"},{"taxonomy":"post_tag","embeddable":true,"href":"https:\/\/treslineasnoticias.com.ar\/index.php?rest_route=%2Fwp%2Fv2%2Ftags&post=21656"}],"curies":[{"name":"wp","href":"https:\/\/api.w.org\/{rel}","templated":true}]}}