{"id":21740,"date":"2026-01-20T20:34:00","date_gmt":"2026-01-20T23:34:00","guid":{"rendered":"https:\/\/treslineasnoticias.com.ar\/?p=21740"},"modified":"2026-01-24T19:41:23","modified_gmt":"2026-01-24T22:41:23","slug":"el-municipio-de-florencio-varela-efectuo-relevamientos-y-operativos-de-clausura-por-loteos-irregulares","status":"publish","type":"post","link":"https:\/\/treslineasnoticias.com.ar\/?p=21740","title":{"rendered":"El Municipio de Florencio Varela efectu\u00f3 relevamientos y operativos de clausura por loteos irregulares"},"content":{"rendered":"\n<p><strong><em>Durante las inspecciones para prevenir la comercializaci\u00f3n de parcelas no autorizadas, el gobierno varelense inhabilit\u00f3 el desarrollo de divisiones de terrenos en la zona rural de la localidad de Gobernador Julio A. Costa.<\/em><\/strong><\/p>\n\n\n\n<p>La directora t\u00e9cnica en la Subsecretar\u00eda de Desarrollo Urbano y Vivienda -Lorena Herrera- explic\u00f3: \u201cPor estricta directiva del intendente Andr\u00e9s Watson, continuamos con relevamientos peri\u00f3dicos para evitar la proliferaci\u00f3n de loteos irregulares en el distrito\u201d.<\/p>\n\n\n\n<figure class=\"wp-block-image size-large\"><img loading=\"lazy\" decoding=\"async\" width=\"1024\" height=\"768\" src=\"http:\/\/treslineasnoticias.com.ar\/wp-content\/uploads\/2026\/01\/d03b4a9e-17bd-a0e2-2206-fabc6518babb-1024x768.jpeg\" alt=\"\" class=\"wp-image-21741\" srcset=\"https:\/\/treslineasnoticias.com.ar\/wp-content\/uploads\/2026\/01\/d03b4a9e-17bd-a0e2-2206-fabc6518babb-1024x768.jpeg 1024w, https:\/\/treslineasnoticias.com.ar\/wp-content\/uploads\/2026\/01\/d03b4a9e-17bd-a0e2-2206-fabc6518babb-300x225.jpeg 300w, https:\/\/treslineasnoticias.com.ar\/wp-content\/uploads\/2026\/01\/d03b4a9e-17bd-a0e2-2206-fabc6518babb-768x576.jpeg 768w, https:\/\/treslineasnoticias.com.ar\/wp-content\/uploads\/2026\/01\/d03b4a9e-17bd-a0e2-2206-fabc6518babb-1536x1152.jpeg 1536w, https:\/\/treslineasnoticias.com.ar\/wp-content\/uploads\/2026\/01\/d03b4a9e-17bd-a0e2-2206-fabc6518babb.jpeg 1600w\" sizes=\"auto, (max-width: 1024px) 100vw, 1024px\" \/><\/figure>\n\n\n\n<p>\u201cHoy, concurrimos a la intersecci\u00f3n de Av. Humahuaca con El Zorzal. Nuevamente, clausuramos un predio donde hab\u00edamos iniciado actuaciones en julio y octubre de 2025\u201d, detall\u00f3. \u201cAl no acatar la orden del Municipio y presentar los planos de mensura, labramos un acta de comprobaci\u00f3n para remitirla al Juzgado de Faltas N\u00ba1\u201d, a\u00f1adi\u00f3.<\/p>\n\n\n\n<p>\u201cDe igual manera, procedimos en calle Villaabrille y La Jarilla: detectamos venta sin los requisitos necesarios\u201d, indic\u00f3 respecto a \u201clos operativos efectuados en coordinaci\u00f3n con Guardia Comunal\u201d.<\/p>\n\n\n\n<p>Por \u00faltimo, Herrera recomend\u00f3 a la ciudadan\u00eda \u201cacercarse al edificio del Ejecutivo local, ubicado en 25 de Mayo N\u00b02725, antes de comprar una propiedad y consultar sobre la habilitaci\u00f3n de la misma\u201d.<\/p>\n","protected":false},"excerpt":{"rendered":"<p>Durante las inspecciones para prevenir la comercializaci\u00f3n de parcelas no autorizadas, el gobierno varelense inhabilit\u00f3 el desarrollo de divisiones de terrenos en la zona rural de la localidad de Gobernador Julio A. Costa. La directora t\u00e9cnica en la Subsecretar\u00eda de Desarrollo Urbano y Vivienda -Lorena Herrera- explic\u00f3: \u201cPor estricta directiva del intendente Andr\u00e9s Watson, continuamos [&hellip;]<\/p>\n","protected":false},"author":3,"featured_media":21742,"comment_status":"open","ping_status":"open","sticky":false,"template":"","format":"standard","meta":{"_jetpack_memberships_contains_paid_content":false,"footnotes":""},"categories":[6],"tags":[],"class_list":["post-21740","post","type-post","status-publish","format-standard","has-post-thumbnail","hentry","category-florencio-varela"],"yoast_head":"<!-- This site is optimized with the Yoast SEO plugin v24.7 - https:\/\/yoast.com\/wordpress\/plugins\/seo\/ -->\n<title>El Municipio de Florencio Varela efectu\u00f3 relevamientos y operativos de clausura por loteos irregulares - Tres Lineas Noticias<\/title>\n<meta name=\"robots\" content=\"index, follow, max-snippet:-1, max-image-preview:large, max-video-preview:-1\" \/>\n<link rel=\"canonical\" href=\"https:\/\/treslineasnoticias.com.ar\/?p=21740\" \/>\n<meta property=\"og:locale\" content=\"es_ES\" \/>\n<meta property=\"og:type\" content=\"article\" \/>\n<meta property=\"og:title\" content=\"El Municipio de Florencio Varela efectu\u00f3 relevamientos y operativos de clausura por loteos irregulares - Tres Lineas Noticias\" \/>\n<meta property=\"og:description\" content=\"Durante las inspecciones para prevenir la comercializaci\u00f3n de parcelas no autorizadas, el gobierno varelense inhabilit\u00f3 el desarrollo de divisiones de terrenos en la zona rural de la localidad de Gobernador Julio A. Costa. La directora t\u00e9cnica en la Subsecretar\u00eda de Desarrollo Urbano y Vivienda -Lorena Herrera- explic\u00f3: \u201cPor estricta directiva del intendente Andr\u00e9s Watson, continuamos [&hellip;]\" \/>\n<meta property=\"og:url\" content=\"https:\/\/treslineasnoticias.com.ar\/?p=21740\" \/>\n<meta property=\"og:site_name\" content=\"Tres Lineas Noticias\" \/>\n<meta property=\"article:published_time\" content=\"2026-01-20T23:34:00+00:00\" \/>\n<meta property=\"article:modified_time\" content=\"2026-01-24T22:41:23+00:00\" \/>\n<meta property=\"og:image\" content=\"http:\/\/treslineasnoticias.com.ar\/wp-content\/uploads\/2026\/01\/c462abcf-2fe3-6cb5-347c-7f4926822aee.jpeg\" \/>\n\t<meta property=\"og:image:width\" content=\"1600\" \/>\n\t<meta property=\"og:image:height\" content=\"1200\" \/>\n\t<meta property=\"og:image:type\" content=\"image\/jpeg\" \/>\n<meta name=\"author\" content=\"Horacio L\u00f3pez\" \/>\n<meta name=\"twitter:card\" content=\"summary_large_image\" \/>\n<meta name=\"twitter:label1\" content=\"Escrito por\" \/>\n\t<meta name=\"twitter:data1\" content=\"Horacio L\u00f3pez\" \/>\n\t<meta name=\"twitter:label2\" content=\"Tiempo de lectura\" \/>\n\t<meta name=\"twitter:data2\" content=\"2 minutos\" \/>\n<script type=\"application\/ld+json\" class=\"yoast-schema-graph\">{\"@context\":\"https:\/\/schema.org\",\"@graph\":[{\"@type\":\"WebPage\",\"@id\":\"https:\/\/treslineasnoticias.com.ar\/?p=21740\",\"url\":\"https:\/\/treslineasnoticias.com.ar\/?p=21740\",\"name\":\"El Municipio de Florencio Varela efectu\u00f3 relevamientos y operativos de clausura por loteos irregulares - Tres Lineas Noticias\",\"isPartOf\":{\"@id\":\"https:\/\/treslineasnoticias.com.ar\/#website\"},\"primaryImageOfPage\":{\"@id\":\"https:\/\/treslineasnoticias.com.ar\/?p=21740#primaryimage\"},\"image\":{\"@id\":\"https:\/\/treslineasnoticias.com.ar\/?p=21740#primaryimage\"},\"thumbnailUrl\":\"https:\/\/treslineasnoticias.com.ar\/wp-content\/uploads\/2026\/01\/c462abcf-2fe3-6cb5-347c-7f4926822aee.jpeg\",\"datePublished\":\"2026-01-20T23:34:00+00:00\",\"dateModified\":\"2026-01-24T22:41:23+00:00\",\"author\":{\"@id\":\"https:\/\/treslineasnoticias.com.ar\/#\/schema\/person\/c5f7249e50517b84c2379b145ca14895\"},\"breadcrumb\":{\"@id\":\"https:\/\/treslineasnoticias.com.ar\/?p=21740#breadcrumb\"},\"inLanguage\":\"es\",\"potentialAction\":[{\"@type\":\"ReadAction\",\"target\":[\"https:\/\/treslineasnoticias.com.ar\/?p=21740\"]}]},{\"@type\":\"ImageObject\",\"inLanguage\":\"es\",\"@id\":\"https:\/\/treslineasnoticias.com.ar\/?p=21740#primaryimage\",\"url\":\"https:\/\/treslineasnoticias.com.ar\/wp-content\/uploads\/2026\/01\/c462abcf-2fe3-6cb5-347c-7f4926822aee.jpeg\",\"contentUrl\":\"https:\/\/treslineasnoticias.com.ar\/wp-content\/uploads\/2026\/01\/c462abcf-2fe3-6cb5-347c-7f4926822aee.jpeg\",\"width\":1600,\"height\":1200},{\"@type\":\"BreadcrumbList\",\"@id\":\"https:\/\/treslineasnoticias.com.ar\/?p=21740#breadcrumb\",\"itemListElement\":[{\"@type\":\"ListItem\",\"position\":1,\"name\":\"Portada\",\"item\":\"https:\/\/treslineasnoticias.com.ar\/\"},{\"@type\":\"ListItem\",\"position\":2,\"name\":\"El Municipio de Florencio Varela efectu\u00f3 relevamientos y operativos de clausura por loteos irregulares\"}]},{\"@type\":\"WebSite\",\"@id\":\"https:\/\/treslineasnoticias.com.ar\/#website\",\"url\":\"https:\/\/treslineasnoticias.com.ar\/\",\"name\":\"Tres Lineas Noticias\",\"description\":\"\",\"potentialAction\":[{\"@type\":\"SearchAction\",\"target\":{\"@type\":\"EntryPoint\",\"urlTemplate\":\"https:\/\/treslineasnoticias.com.ar\/?s={search_term_string}\"},\"query-input\":{\"@type\":\"PropertyValueSpecification\",\"valueRequired\":true,\"valueName\":\"search_term_string\"}}],\"inLanguage\":\"es\"},{\"@type\":\"Person\",\"@id\":\"https:\/\/treslineasnoticias.com.ar\/#\/schema\/person\/c5f7249e50517b84c2379b145ca14895\",\"name\":\"Horacio L\u00f3pez\",\"image\":{\"@type\":\"ImageObject\",\"inLanguage\":\"es\",\"@id\":\"https:\/\/treslineasnoticias.com.ar\/#\/schema\/person\/image\/\",\"url\":\"https:\/\/treslineasnoticias.com.ar\/wp-content\/litespeed\/avatar\/ddbec442f0224f940ce000570a0cb216.jpg?ver=1777068930\",\"contentUrl\":\"https:\/\/treslineasnoticias.com.ar\/wp-content\/litespeed\/avatar\/ddbec442f0224f940ce000570a0cb216.jpg?ver=1777068930\",\"caption\":\"Horacio L\u00f3pez\"},\"sameAs\":[\"http:\/\/treslineasnoticias.com.ar\"],\"url\":\"https:\/\/treslineasnoticias.com.ar\/?author=3\"}]}<\/script>\n<!-- \/ Yoast SEO plugin. -->","yoast_head_json":{"title":"El Municipio de Florencio Varela efectu\u00f3 relevamientos y operativos de clausura por loteos irregulares - Tres Lineas Noticias","robots":{"index":"index","follow":"follow","max-snippet":"max-snippet:-1","max-image-preview":"max-image-preview:large","max-video-preview":"max-video-preview:-1"},"canonical":"https:\/\/treslineasnoticias.com.ar\/?p=21740","og_locale":"es_ES","og_type":"article","og_title":"El Municipio de Florencio Varela efectu\u00f3 relevamientos y operativos de clausura por loteos irregulares - Tres Lineas Noticias","og_description":"Durante las inspecciones para prevenir la comercializaci\u00f3n de parcelas no autorizadas, el gobierno varelense inhabilit\u00f3 el desarrollo de divisiones de terrenos en la zona rural de la localidad de Gobernador Julio A. Costa. La directora t\u00e9cnica en la Subsecretar\u00eda de Desarrollo Urbano y Vivienda -Lorena Herrera- explic\u00f3: \u201cPor estricta directiva del intendente Andr\u00e9s Watson, continuamos [&hellip;]","og_url":"https:\/\/treslineasnoticias.com.ar\/?p=21740","og_site_name":"Tres Lineas Noticias","article_published_time":"2026-01-20T23:34:00+00:00","article_modified_time":"2026-01-24T22:41:23+00:00","og_image":[{"width":1600,"height":1200,"url":"http:\/\/treslineasnoticias.com.ar\/wp-content\/uploads\/2026\/01\/c462abcf-2fe3-6cb5-347c-7f4926822aee.jpeg","type":"image\/jpeg"}],"author":"Horacio L\u00f3pez","twitter_card":"summary_large_image","twitter_misc":{"Escrito por":"Horacio L\u00f3pez","Tiempo de lectura":"2 minutos"},"schema":{"@context":"https:\/\/schema.org","@graph":[{"@type":"WebPage","@id":"https:\/\/treslineasnoticias.com.ar\/?p=21740","url":"https:\/\/treslineasnoticias.com.ar\/?p=21740","name":"El Municipio de Florencio Varela efectu\u00f3 relevamientos y operativos de clausura por loteos irregulares - Tres Lineas Noticias","isPartOf":{"@id":"https:\/\/treslineasnoticias.com.ar\/#website"},"primaryImageOfPage":{"@id":"https:\/\/treslineasnoticias.com.ar\/?p=21740#primaryimage"},"image":{"@id":"https:\/\/treslineasnoticias.com.ar\/?p=21740#primaryimage"},"thumbnailUrl":"https:\/\/treslineasnoticias.com.ar\/wp-content\/uploads\/2026\/01\/c462abcf-2fe3-6cb5-347c-7f4926822aee.jpeg","datePublished":"2026-01-20T23:34:00+00:00","dateModified":"2026-01-24T22:41:23+00:00","author":{"@id":"https:\/\/treslineasnoticias.com.ar\/#\/schema\/person\/c5f7249e50517b84c2379b145ca14895"},"breadcrumb":{"@id":"https:\/\/treslineasnoticias.com.ar\/?p=21740#breadcrumb"},"inLanguage":"es","potentialAction":[{"@type":"ReadAction","target":["https:\/\/treslineasnoticias.com.ar\/?p=21740"]}]},{"@type":"ImageObject","inLanguage":"es","@id":"https:\/\/treslineasnoticias.com.ar\/?p=21740#primaryimage","url":"https:\/\/treslineasnoticias.com.ar\/wp-content\/uploads\/2026\/01\/c462abcf-2fe3-6cb5-347c-7f4926822aee.jpeg","contentUrl":"https:\/\/treslineasnoticias.com.ar\/wp-content\/uploads\/2026\/01\/c462abcf-2fe3-6cb5-347c-7f4926822aee.jpeg","width":1600,"height":1200},{"@type":"BreadcrumbList","@id":"https:\/\/treslineasnoticias.com.ar\/?p=21740#breadcrumb","itemListElement":[{"@type":"ListItem","position":1,"name":"Portada","item":"https:\/\/treslineasnoticias.com.ar\/"},{"@type":"ListItem","position":2,"name":"El Municipio de Florencio Varela efectu\u00f3 relevamientos y operativos de clausura por loteos irregulares"}]},{"@type":"WebSite","@id":"https:\/\/treslineasnoticias.com.ar\/#website","url":"https:\/\/treslineasnoticias.com.ar\/","name":"Tres Lineas Noticias","description":"","potentialAction":[{"@type":"SearchAction","target":{"@type":"EntryPoint","urlTemplate":"https:\/\/treslineasnoticias.com.ar\/?s={search_term_string}"},"query-input":{"@type":"PropertyValueSpecification","valueRequired":true,"valueName":"search_term_string"}}],"inLanguage":"es"},{"@type":"Person","@id":"https:\/\/treslineasnoticias.com.ar\/#\/schema\/person\/c5f7249e50517b84c2379b145ca14895","name":"Horacio L\u00f3pez","image":{"@type":"ImageObject","inLanguage":"es","@id":"https:\/\/treslineasnoticias.com.ar\/#\/schema\/person\/image\/","url":"https:\/\/treslineasnoticias.com.ar\/wp-content\/litespeed\/avatar\/ddbec442f0224f940ce000570a0cb216.jpg?ver=1777068930","contentUrl":"https:\/\/treslineasnoticias.com.ar\/wp-content\/litespeed\/avatar\/ddbec442f0224f940ce000570a0cb216.jpg?ver=1777068930","caption":"Horacio L\u00f3pez"},"sameAs":["http:\/\/treslineasnoticias.com.ar"],"url":"https:\/\/treslineasnoticias.com.ar\/?author=3"}]}},"jetpack_featured_media_url":"https:\/\/treslineasnoticias.com.ar\/wp-content\/uploads\/2026\/01\/c462abcf-2fe3-6cb5-347c-7f4926822aee.jpeg","jetpack_sharing_enabled":true,"_links":{"self":[{"href":"https:\/\/treslineasnoticias.com.ar\/index.php?rest_route=\/wp\/v2\/posts\/21740","targetHints":{"allow":["GET"]}}],"collection":[{"href":"https:\/\/treslineasnoticias.com.ar\/index.php?rest_route=\/wp\/v2\/posts"}],"about":[{"href":"https:\/\/treslineasnoticias.com.ar\/index.php?rest_route=\/wp\/v2\/types\/post"}],"author":[{"embeddable":true,"href":"https:\/\/treslineasnoticias.com.ar\/index.php?rest_route=\/wp\/v2\/users\/3"}],"replies":[{"embeddable":true,"href":"https:\/\/treslineasnoticias.com.ar\/index.php?rest_route=%2Fwp%2Fv2%2Fcomments&post=21740"}],"version-history":[{"count":1,"href":"https:\/\/treslineasnoticias.com.ar\/index.php?rest_route=\/wp\/v2\/posts\/21740\/revisions"}],"predecessor-version":[{"id":21743,"href":"https:\/\/treslineasnoticias.com.ar\/index.php?rest_route=\/wp\/v2\/posts\/21740\/revisions\/21743"}],"wp:featuredmedia":[{"embeddable":true,"href":"https:\/\/treslineasnoticias.com.ar\/index.php?rest_route=\/wp\/v2\/media\/21742"}],"wp:attachment":[{"href":"https:\/\/treslineasnoticias.com.ar\/index.php?rest_route=%2Fwp%2Fv2%2Fmedia&parent=21740"}],"wp:term":[{"taxonomy":"category","embeddable":true,"href":"https:\/\/treslineasnoticias.com.ar\/index.php?rest_route=%2Fwp%2Fv2%2Fcategories&post=21740"},{"taxonomy":"post_tag","embeddable":true,"href":"https:\/\/treslineasnoticias.com.ar\/index.php?rest_route=%2Fwp%2Fv2%2Ftags&post=21740"}],"curies":[{"name":"wp","href":"https:\/\/api.w.org\/{rel}","templated":true}]}}