{"id":21749,"date":"2026-01-20T21:42:00","date_gmt":"2026-01-21T00:42:00","guid":{"rendered":"https:\/\/treslineasnoticias.com.ar\/?p=21749"},"modified":"2026-01-25T09:44:20","modified_gmt":"2026-01-25T12:44:20","slug":"mercado-de-productores-familiares-en-berazategui","status":"publish","type":"post","link":"https:\/\/treslineasnoticias.com.ar\/?p=21749","title":{"rendered":"Mercado de Productores Familiares en Berazategui"},"content":{"rendered":"\n<p><strong><em>Se realiz\u00f3 una nueva edici\u00f3n del Mercado de Productores Familiares, a trav\u00e9s del trabajo en conjunto entre el Gobierno Bonaerense y el Municipio de Berazategui, a cargo del intendente Carlos Balor. En el Centro de Jubilados Las Manzanas, vecinos y vecinas accedieron a productos de verduler\u00eda y fiambrer\u00eda de calidad, a precios accesibles e importantes descuentos con Cuenta DNI (billetera virtual del Banco Provincia).<\/em><\/strong><\/p>\n\n\n\n<figure class=\"wp-block-image size-large\"><img loading=\"lazy\" decoding=\"async\" width=\"1024\" height=\"683\" src=\"http:\/\/treslineasnoticias.com.ar\/wp-content\/uploads\/2026\/01\/Mercado-de-Productores-Familiares-en-Berazategui-1024x683.jpg\" alt=\"\" class=\"wp-image-21750\" srcset=\"https:\/\/treslineasnoticias.com.ar\/wp-content\/uploads\/2026\/01\/Mercado-de-Productores-Familiares-en-Berazategui-1024x683.jpg 1024w, https:\/\/treslineasnoticias.com.ar\/wp-content\/uploads\/2026\/01\/Mercado-de-Productores-Familiares-en-Berazategui-300x200.jpg 300w, https:\/\/treslineasnoticias.com.ar\/wp-content\/uploads\/2026\/01\/Mercado-de-Productores-Familiares-en-Berazategui-768x512.jpg 768w, https:\/\/treslineasnoticias.com.ar\/wp-content\/uploads\/2026\/01\/Mercado-de-Productores-Familiares-en-Berazategui-1536x1024.jpg 1536w, https:\/\/treslineasnoticias.com.ar\/wp-content\/uploads\/2026\/01\/Mercado-de-Productores-Familiares-en-Berazategui.jpg 1600w\" sizes=\"auto, (max-width: 1024px) 100vw, 1024px\" \/><\/figure>\n\n\n\n<p>De esta manera, Sandra Ventura, vecina de Hudson, afirm\u00f3: \u201cPara el barrio esto es buen\u00edsimo. La verdad que, desde el Municipio, est\u00e1n haciendo algo incre\u00edble a trav\u00e9s de las instituciones intermedias. Hace muy poco, por ejemplo, en este mismo Centro de Jubilados tuvimos una jornada de salud animal, otra de vacunaci\u00f3n y, ahora, esta feria. Estoy muy agradecida por esta iniciativa\u201d.<\/p>\n\n\n\n<p>Impulsados por el Ministerio de Desarrollo de la Comunidad de la provincia de Buenos Aires, los Mercados de Productores Familiares recorren el territorio bonaerense para acercar mercader\u00eda de calidad a precios accesibles, promoviendo el trabajo de productores y emprendedores de la econom\u00eda social. Las jornadas son articuladas con municipios, entidades gubernamentales, organizaciones sociales y productores locales.<\/p>\n","protected":false},"excerpt":{"rendered":"<p>Se realiz\u00f3 una nueva edici\u00f3n del Mercado de Productores Familiares, a trav\u00e9s del trabajo en conjunto entre el Gobierno Bonaerense y el Municipio de Berazategui, a cargo del intendente Carlos Balor. En el Centro de Jubilados Las Manzanas, vecinos y vecinas accedieron a productos de verduler\u00eda y fiambrer\u00eda de calidad, a precios accesibles e importantes [&hellip;]<\/p>\n","protected":false},"author":3,"featured_media":21751,"comment_status":"open","ping_status":"open","sticky":false,"template":"","format":"standard","meta":{"_jetpack_memberships_contains_paid_content":false,"footnotes":""},"categories":[4],"tags":[],"class_list":["post-21749","post","type-post","status-publish","format-standard","has-post-thumbnail","hentry","category-berazategui"],"yoast_head":"<!-- This site is optimized with the Yoast SEO plugin v24.7 - https:\/\/yoast.com\/wordpress\/plugins\/seo\/ -->\n<title>Mercado de Productores Familiares en Berazategui - Tres Lineas Noticias<\/title>\n<meta name=\"robots\" content=\"index, follow, max-snippet:-1, max-image-preview:large, max-video-preview:-1\" \/>\n<link rel=\"canonical\" href=\"https:\/\/treslineasnoticias.com.ar\/?p=21749\" \/>\n<meta property=\"og:locale\" content=\"es_ES\" \/>\n<meta property=\"og:type\" content=\"article\" \/>\n<meta property=\"og:title\" content=\"Mercado de Productores Familiares en Berazategui - Tres Lineas Noticias\" \/>\n<meta property=\"og:description\" content=\"Se realiz\u00f3 una nueva edici\u00f3n del Mercado de Productores Familiares, a trav\u00e9s del trabajo en conjunto entre el Gobierno Bonaerense y el Municipio de Berazategui, a cargo del intendente Carlos Balor. En el Centro de Jubilados Las Manzanas, vecinos y vecinas accedieron a productos de verduler\u00eda y fiambrer\u00eda de calidad, a precios accesibles e importantes [&hellip;]\" \/>\n<meta property=\"og:url\" content=\"https:\/\/treslineasnoticias.com.ar\/?p=21749\" \/>\n<meta property=\"og:site_name\" content=\"Tres Lineas Noticias\" \/>\n<meta property=\"article:published_time\" content=\"2026-01-21T00:42:00+00:00\" \/>\n<meta property=\"article:modified_time\" content=\"2026-01-25T12:44:20+00:00\" \/>\n<meta property=\"og:image\" content=\"http:\/\/treslineasnoticias.com.ar\/wp-content\/uploads\/2026\/01\/Mercado-de-Productores-Familiares-en-Berazategui-1.jpg\" \/>\n\t<meta property=\"og:image:width\" content=\"1600\" \/>\n\t<meta property=\"og:image:height\" content=\"1066\" \/>\n\t<meta property=\"og:image:type\" content=\"image\/jpeg\" \/>\n<meta name=\"author\" content=\"Horacio L\u00f3pez\" \/>\n<meta name=\"twitter:card\" content=\"summary_large_image\" \/>\n<meta name=\"twitter:label1\" content=\"Escrito por\" \/>\n\t<meta name=\"twitter:data1\" content=\"Horacio L\u00f3pez\" \/>\n\t<meta name=\"twitter:label2\" content=\"Tiempo de lectura\" \/>\n\t<meta name=\"twitter:data2\" content=\"2 minutos\" \/>\n<script type=\"application\/ld+json\" class=\"yoast-schema-graph\">{\"@context\":\"https:\/\/schema.org\",\"@graph\":[{\"@type\":\"WebPage\",\"@id\":\"https:\/\/treslineasnoticias.com.ar\/?p=21749\",\"url\":\"https:\/\/treslineasnoticias.com.ar\/?p=21749\",\"name\":\"Mercado de Productores Familiares en Berazategui - Tres Lineas Noticias\",\"isPartOf\":{\"@id\":\"https:\/\/treslineasnoticias.com.ar\/#website\"},\"primaryImageOfPage\":{\"@id\":\"https:\/\/treslineasnoticias.com.ar\/?p=21749#primaryimage\"},\"image\":{\"@id\":\"https:\/\/treslineasnoticias.com.ar\/?p=21749#primaryimage\"},\"thumbnailUrl\":\"https:\/\/treslineasnoticias.com.ar\/wp-content\/uploads\/2026\/01\/Mercado-de-Productores-Familiares-en-Berazategui-1.jpg\",\"datePublished\":\"2026-01-21T00:42:00+00:00\",\"dateModified\":\"2026-01-25T12:44:20+00:00\",\"author\":{\"@id\":\"https:\/\/treslineasnoticias.com.ar\/#\/schema\/person\/c5f7249e50517b84c2379b145ca14895\"},\"breadcrumb\":{\"@id\":\"https:\/\/treslineasnoticias.com.ar\/?p=21749#breadcrumb\"},\"inLanguage\":\"es\",\"potentialAction\":[{\"@type\":\"ReadAction\",\"target\":[\"https:\/\/treslineasnoticias.com.ar\/?p=21749\"]}]},{\"@type\":\"ImageObject\",\"inLanguage\":\"es\",\"@id\":\"https:\/\/treslineasnoticias.com.ar\/?p=21749#primaryimage\",\"url\":\"https:\/\/treslineasnoticias.com.ar\/wp-content\/uploads\/2026\/01\/Mercado-de-Productores-Familiares-en-Berazategui-1.jpg\",\"contentUrl\":\"https:\/\/treslineasnoticias.com.ar\/wp-content\/uploads\/2026\/01\/Mercado-de-Productores-Familiares-en-Berazategui-1.jpg\",\"width\":1600,\"height\":1066},{\"@type\":\"BreadcrumbList\",\"@id\":\"https:\/\/treslineasnoticias.com.ar\/?p=21749#breadcrumb\",\"itemListElement\":[{\"@type\":\"ListItem\",\"position\":1,\"name\":\"Portada\",\"item\":\"https:\/\/treslineasnoticias.com.ar\/\"},{\"@type\":\"ListItem\",\"position\":2,\"name\":\"Mercado de Productores Familiares en Berazategui\"}]},{\"@type\":\"WebSite\",\"@id\":\"https:\/\/treslineasnoticias.com.ar\/#website\",\"url\":\"https:\/\/treslineasnoticias.com.ar\/\",\"name\":\"Tres Lineas Noticias\",\"description\":\"\",\"potentialAction\":[{\"@type\":\"SearchAction\",\"target\":{\"@type\":\"EntryPoint\",\"urlTemplate\":\"https:\/\/treslineasnoticias.com.ar\/?s={search_term_string}\"},\"query-input\":{\"@type\":\"PropertyValueSpecification\",\"valueRequired\":true,\"valueName\":\"search_term_string\"}}],\"inLanguage\":\"es\"},{\"@type\":\"Person\",\"@id\":\"https:\/\/treslineasnoticias.com.ar\/#\/schema\/person\/c5f7249e50517b84c2379b145ca14895\",\"name\":\"Horacio L\u00f3pez\",\"image\":{\"@type\":\"ImageObject\",\"inLanguage\":\"es\",\"@id\":\"https:\/\/treslineasnoticias.com.ar\/#\/schema\/person\/image\/\",\"url\":\"https:\/\/treslineasnoticias.com.ar\/wp-content\/litespeed\/avatar\/ddbec442f0224f940ce000570a0cb216.jpg?ver=1777068930\",\"contentUrl\":\"https:\/\/treslineasnoticias.com.ar\/wp-content\/litespeed\/avatar\/ddbec442f0224f940ce000570a0cb216.jpg?ver=1777068930\",\"caption\":\"Horacio L\u00f3pez\"},\"sameAs\":[\"http:\/\/treslineasnoticias.com.ar\"],\"url\":\"https:\/\/treslineasnoticias.com.ar\/?author=3\"}]}<\/script>\n<!-- \/ Yoast SEO plugin. -->","yoast_head_json":{"title":"Mercado de Productores Familiares en Berazategui - Tres Lineas Noticias","robots":{"index":"index","follow":"follow","max-snippet":"max-snippet:-1","max-image-preview":"max-image-preview:large","max-video-preview":"max-video-preview:-1"},"canonical":"https:\/\/treslineasnoticias.com.ar\/?p=21749","og_locale":"es_ES","og_type":"article","og_title":"Mercado de Productores Familiares en Berazategui - Tres Lineas Noticias","og_description":"Se realiz\u00f3 una nueva edici\u00f3n del Mercado de Productores Familiares, a trav\u00e9s del trabajo en conjunto entre el Gobierno Bonaerense y el Municipio de Berazategui, a cargo del intendente Carlos Balor. En el Centro de Jubilados Las Manzanas, vecinos y vecinas accedieron a productos de verduler\u00eda y fiambrer\u00eda de calidad, a precios accesibles e importantes [&hellip;]","og_url":"https:\/\/treslineasnoticias.com.ar\/?p=21749","og_site_name":"Tres Lineas Noticias","article_published_time":"2026-01-21T00:42:00+00:00","article_modified_time":"2026-01-25T12:44:20+00:00","og_image":[{"width":1600,"height":1066,"url":"http:\/\/treslineasnoticias.com.ar\/wp-content\/uploads\/2026\/01\/Mercado-de-Productores-Familiares-en-Berazategui-1.jpg","type":"image\/jpeg"}],"author":"Horacio L\u00f3pez","twitter_card":"summary_large_image","twitter_misc":{"Escrito por":"Horacio L\u00f3pez","Tiempo de lectura":"2 minutos"},"schema":{"@context":"https:\/\/schema.org","@graph":[{"@type":"WebPage","@id":"https:\/\/treslineasnoticias.com.ar\/?p=21749","url":"https:\/\/treslineasnoticias.com.ar\/?p=21749","name":"Mercado de Productores Familiares en Berazategui - Tres Lineas Noticias","isPartOf":{"@id":"https:\/\/treslineasnoticias.com.ar\/#website"},"primaryImageOfPage":{"@id":"https:\/\/treslineasnoticias.com.ar\/?p=21749#primaryimage"},"image":{"@id":"https:\/\/treslineasnoticias.com.ar\/?p=21749#primaryimage"},"thumbnailUrl":"https:\/\/treslineasnoticias.com.ar\/wp-content\/uploads\/2026\/01\/Mercado-de-Productores-Familiares-en-Berazategui-1.jpg","datePublished":"2026-01-21T00:42:00+00:00","dateModified":"2026-01-25T12:44:20+00:00","author":{"@id":"https:\/\/treslineasnoticias.com.ar\/#\/schema\/person\/c5f7249e50517b84c2379b145ca14895"},"breadcrumb":{"@id":"https:\/\/treslineasnoticias.com.ar\/?p=21749#breadcrumb"},"inLanguage":"es","potentialAction":[{"@type":"ReadAction","target":["https:\/\/treslineasnoticias.com.ar\/?p=21749"]}]},{"@type":"ImageObject","inLanguage":"es","@id":"https:\/\/treslineasnoticias.com.ar\/?p=21749#primaryimage","url":"https:\/\/treslineasnoticias.com.ar\/wp-content\/uploads\/2026\/01\/Mercado-de-Productores-Familiares-en-Berazategui-1.jpg","contentUrl":"https:\/\/treslineasnoticias.com.ar\/wp-content\/uploads\/2026\/01\/Mercado-de-Productores-Familiares-en-Berazategui-1.jpg","width":1600,"height":1066},{"@type":"BreadcrumbList","@id":"https:\/\/treslineasnoticias.com.ar\/?p=21749#breadcrumb","itemListElement":[{"@type":"ListItem","position":1,"name":"Portada","item":"https:\/\/treslineasnoticias.com.ar\/"},{"@type":"ListItem","position":2,"name":"Mercado de Productores Familiares en Berazategui"}]},{"@type":"WebSite","@id":"https:\/\/treslineasnoticias.com.ar\/#website","url":"https:\/\/treslineasnoticias.com.ar\/","name":"Tres Lineas Noticias","description":"","potentialAction":[{"@type":"SearchAction","target":{"@type":"EntryPoint","urlTemplate":"https:\/\/treslineasnoticias.com.ar\/?s={search_term_string}"},"query-input":{"@type":"PropertyValueSpecification","valueRequired":true,"valueName":"search_term_string"}}],"inLanguage":"es"},{"@type":"Person","@id":"https:\/\/treslineasnoticias.com.ar\/#\/schema\/person\/c5f7249e50517b84c2379b145ca14895","name":"Horacio L\u00f3pez","image":{"@type":"ImageObject","inLanguage":"es","@id":"https:\/\/treslineasnoticias.com.ar\/#\/schema\/person\/image\/","url":"https:\/\/treslineasnoticias.com.ar\/wp-content\/litespeed\/avatar\/ddbec442f0224f940ce000570a0cb216.jpg?ver=1777068930","contentUrl":"https:\/\/treslineasnoticias.com.ar\/wp-content\/litespeed\/avatar\/ddbec442f0224f940ce000570a0cb216.jpg?ver=1777068930","caption":"Horacio L\u00f3pez"},"sameAs":["http:\/\/treslineasnoticias.com.ar"],"url":"https:\/\/treslineasnoticias.com.ar\/?author=3"}]}},"jetpack_featured_media_url":"https:\/\/treslineasnoticias.com.ar\/wp-content\/uploads\/2026\/01\/Mercado-de-Productores-Familiares-en-Berazategui-1.jpg","jetpack_sharing_enabled":true,"_links":{"self":[{"href":"https:\/\/treslineasnoticias.com.ar\/index.php?rest_route=\/wp\/v2\/posts\/21749","targetHints":{"allow":["GET"]}}],"collection":[{"href":"https:\/\/treslineasnoticias.com.ar\/index.php?rest_route=\/wp\/v2\/posts"}],"about":[{"href":"https:\/\/treslineasnoticias.com.ar\/index.php?rest_route=\/wp\/v2\/types\/post"}],"author":[{"embeddable":true,"href":"https:\/\/treslineasnoticias.com.ar\/index.php?rest_route=\/wp\/v2\/users\/3"}],"replies":[{"embeddable":true,"href":"https:\/\/treslineasnoticias.com.ar\/index.php?rest_route=%2Fwp%2Fv2%2Fcomments&post=21749"}],"version-history":[{"count":1,"href":"https:\/\/treslineasnoticias.com.ar\/index.php?rest_route=\/wp\/v2\/posts\/21749\/revisions"}],"predecessor-version":[{"id":21752,"href":"https:\/\/treslineasnoticias.com.ar\/index.php?rest_route=\/wp\/v2\/posts\/21749\/revisions\/21752"}],"wp:featuredmedia":[{"embeddable":true,"href":"https:\/\/treslineasnoticias.com.ar\/index.php?rest_route=\/wp\/v2\/media\/21751"}],"wp:attachment":[{"href":"https:\/\/treslineasnoticias.com.ar\/index.php?rest_route=%2Fwp%2Fv2%2Fmedia&parent=21749"}],"wp:term":[{"taxonomy":"category","embeddable":true,"href":"https:\/\/treslineasnoticias.com.ar\/index.php?rest_route=%2Fwp%2Fv2%2Fcategories&post=21749"},{"taxonomy":"post_tag","embeddable":true,"href":"https:\/\/treslineasnoticias.com.ar\/index.php?rest_route=%2Fwp%2Fv2%2Ftags&post=21749"}],"curies":[{"name":"wp","href":"https:\/\/api.w.org\/{rel}","templated":true}]}}