{"id":21772,"date":"2026-01-25T06:04:00","date_gmt":"2026-01-25T09:04:00","guid":{"rendered":"https:\/\/treslineasnoticias.com.ar\/?p=21772"},"modified":"2026-01-25T10:21:08","modified_gmt":"2026-01-25T13:21:08","slug":"y-ahora-a-quien-le-debemos","status":"publish","type":"post","link":"https:\/\/treslineasnoticias.com.ar\/?p=21772","title":{"rendered":"\u00bfY ahora, a qui\u00e9n le debemos?"},"content":{"rendered":"\n<p><strong><em>Interrogantes de gravedad institucional, financiera y pol\u00edtica. El swap con Estados Unidos ya no existe, pero se desconoce a qui\u00e9n le debe hoy el Banco Central los d\u00f3lares que us\u00f3 para pagarlo.<\/em><\/strong><\/p>\n\n\n\n<p>En un nuevo cap\u00edtulo de opacidad financiera, <strong>el BCRA inform\u00f3 el 9 de enero de 2026 que la l\u00ednea de swap acordada entre el ministro de Econom\u00eda, Luis Caputo, y el secretario del Tesoro de EE.UU., Scott Bessent, fue cancelada.<\/strong> El anuncio, realizado en el marco del denominado \u201cAcuerdo de Estabilizaci\u00f3n Cambiaria\u201d, lejos de despejar dudas, abre interrogantes de <strong>enorme gravedad institucional, financiera y pol\u00edtica.<\/strong><\/p>\n\n\n\n<p><strong>Cuatro elementos que el gobierno esconde:<\/strong><\/p>\n\n\n\n<p>La primera cuesti\u00f3n es elemental: <strong>se desconoce el origen de los fondos utilizados para cancelar el swap<\/strong>. La operaci\u00f3n habr\u00eda tenido lugar en diciembre de 2025, pero no existe informaci\u00f3n p\u00fablica que explique de d\u00f3nde surgieron los d\u00f3lares necesarios. No hubo anuncio previo, ni comunicado t\u00e9cnico, ni explicaci\u00f3n posterior.<\/p>\n\n\n\n<p>La segunda cuesti\u00f3n agrava el problema. <strong>De los balances semanales del BCRA surge que, entre el 15 y el 23 de diciembre de 2025, la deuda con organismos internacionales aument\u00f3 en USD 2.505 millones, mientras que los \u201cotros pasivos\u201d \u2014rubro donde se registraba el tramo activado del swap con EE.UU.\u2014 cayeron en USD 2.597 millones.<\/strong> La coincidencia sugiere que la cancelaci\u00f3n se habr\u00eda financiado con nueva deuda externa, evitando reflejar una baja directa de las reservas internacionales. \u00bfQu\u00e9 organismo prest\u00f3 esos fondos? \u00bfA qu\u00e9 tasa, plazo y condicionalidades? Nada de eso fue informado.<\/p>\n\n\n\n<p>Por cierto, <strong>de tratarse del uso del oro como garant\u00eda o colateral<\/strong>, para que el pr\u00e9stamo fuera facilitado por el banco de Basilea, la gravedad se incrementa a\u00fan m\u00e1s: en diciembre de 2025 la C\u00e1mara Federal en lo Contencioso Administrativo fall\u00f3 para que el Banco Central informe el destino del oro \u2013 luego de desconocer pedidos de informes sucesivos- y a\u00fan se resiste a hacerlo.<\/p>\n\n\n\n<p>La tercera cuesti\u00f3n es la m\u00e1s ins\u00f3lita. <strong>Nunca se anunci\u00f3 la activaci\u00f3n del swap<\/strong>. El BCRA comunic\u00f3 su firma el pasado 20 de octubre, pero jam\u00e1s se hab\u00eda informado su utilizaci\u00f3n. <strong>Sin embargo, ahora se anuncia su cancelaci\u00f3n.<\/strong><\/p>\n\n\n\n<p><strong>La cuarta cuesti\u00f3n conecta este episodio con la pol\u00edtica estadounidense<\/strong>. La cancelaci\u00f3n del swap ocurre en paralelo a la presi\u00f3n del Congreso de EE.UU. para acceder a la informaci\u00f3n del acuerdo, en el marco de los mecanismos de disclosure (revelaci\u00f3n) del Fondo de Estabilizaci\u00f3n Cambiaria (FSE). Frente al riesgo de una auditor\u00eda legislativa que expusiera el uso pol\u00edtico de esos fondos\u2026\u00bfla salida fue cancelar la l\u00ednea? <strong>Bessent evit\u00f3 el control del Congreso<\/strong> y <strong>Caputo ejecut\u00f3 una cancelaci\u00f3n que implic\u00f3 una erogaci\u00f3n en d\u00f3lares para financiar la intervenci\u00f3n cambiaria preelectoral.<\/strong><\/p>\n\n\n\n<figure class=\"wp-block-image size-large\"><img loading=\"lazy\" decoding=\"async\" width=\"1024\" height=\"682\" src=\"http:\/\/treslineasnoticias.com.ar\/wp-content\/uploads\/2026\/01\/UMSIVRFTG5GN5G7OUNDM5T6ZZQ-1024x682.jpg\" alt=\"\" class=\"wp-image-21774\" srcset=\"https:\/\/treslineasnoticias.com.ar\/wp-content\/uploads\/2026\/01\/UMSIVRFTG5GN5G7OUNDM5T6ZZQ-1024x682.jpg 1024w, https:\/\/treslineasnoticias.com.ar\/wp-content\/uploads\/2026\/01\/UMSIVRFTG5GN5G7OUNDM5T6ZZQ-300x200.jpg 300w, https:\/\/treslineasnoticias.com.ar\/wp-content\/uploads\/2026\/01\/UMSIVRFTG5GN5G7OUNDM5T6ZZQ-768x512.jpg 768w, https:\/\/treslineasnoticias.com.ar\/wp-content\/uploads\/2026\/01\/UMSIVRFTG5GN5G7OUNDM5T6ZZQ-1536x1023.jpg 1536w, https:\/\/treslineasnoticias.com.ar\/wp-content\/uploads\/2026\/01\/UMSIVRFTG5GN5G7OUNDM5T6ZZQ-2048x1364.jpg 2048w\" sizes=\"auto, (max-width: 1024px) 100vw, 1024px\" \/><\/figure>\n\n\n\n<p><strong>\u201cEl swap que evit\u00f3 el default\u2026\u00bb<br><\/strong><em>La relevancia del swap no es una interpretaci\u00f3n local. El 30 de diciembre, el Congressional Research Service (CRS) \u2014organismo t\u00e9cnico que asesora al Congreso de EE.UU.\u2014 public\u00f3 el informe \u201cU.S. Financial Support to Argentina\u201d.<\/em><\/p>\n\n\n\n<p><strong>All\u00ed afirma que el swap fue clave para evitar que el gobierno de Javier Milei enfrentara el d\u00e9cimo default o una devaluaci\u00f3n abrupta.<\/strong><\/p>\n\n\n\n<p><strong>El informe se\u00f1ala, de manera textual:<\/strong><\/p>\n\n\n\n<p><strong>\u201cLa principal fuente de divisas de Argentina es el saldo remanente de su l\u00ednea de swap de monedas con Estados Unidos. Los activos en moneda extranjera del Banco Central est\u00e1n en gran medida compensados por pasivos en moneda extranjera, y Argentina no cuenta con un fuerte super\u00e1vit comercial que genere ingresos significativos de divisas<\/strong>. Si el gobierno de Milei se encuentra sin las divisas suficientes para afrontar los pagos de deuda y sostener los objetivos de su pol\u00edtica cambiaria, probablemente enfrente decisiones de pol\u00edtica dif\u00edciles, como definir si incurre en un default de su deuda por d\u00e9cima vez o si permite una mayor flexibilidad en el valor del peso.\u201d<\/p>\n\n\n\n<p>A partir de este diagn\u00f3stico, <strong>el CRS plantea que el Congreso estadounidense puede aprobar, rechazar o limitar el alcance del swap<\/strong>, retir\u00e1ndolo de la discrecionalidad exclusiva del Tesoro. Esto ayuda a explicar la urgencia por cancelarlo y sacarlo del radar legislativo.<\/p>\n\n\n\n<p><strong>\u00bfM\u00e1s deuda para cancelar el swap?<br><\/strong>La cancelaci\u00f3n de un swap nunca informado como activo, presuntamente financiado con nueva deuda y sin datos sobre tasas, plazos ni garant\u00edas, motiv\u00f3 que el pasado lunes 12 de enero de 2026 presentara, en mi car\u00e1cter de Diputada Nacional, y junto a otros diputados y diputadas del bloque de Uni\u00f3n por la Patria, un pedido de informes al BCRA.<\/p>\n\n\n\n<p>Se exige conocer qu\u00e9 operaciones compensaron el egreso de divisas que signific\u00f3 la cancelaci\u00f3n del swap, si se recurri\u00f3 a organismos internacionales, bajo qu\u00e9 condiciones, por qu\u00e9 no se inform\u00f3 la activaci\u00f3n del swap y si la cancelaci\u00f3n guarda relaci\u00f3n con los procesos de divulgaci\u00f3n de informaci\u00f3n en curso en el Congreso de EE.UU.<\/p>\n\n\n\n<p>Lo que est\u00e1 en juego no es solo una discusi\u00f3n contable. Es determinar si la estabilidad cambiaria se sostuvo con endeudamiento opaco y sin control democr\u00e1tico. Si el swap con Estados Unidos ya no existe, la pregunta sigue vigente: <strong>\u00bfa qui\u00e9n le debe hoy el Banco Central los d\u00f3lares que us\u00f3 para pagarlo?<\/strong><br><\/p>\n","protected":false},"excerpt":{"rendered":"<p>Interrogantes de gravedad institucional, financiera y pol\u00edtica. El swap con Estados Unidos ya no existe, pero se desconoce a qui\u00e9n le debe hoy el Banco Central los d\u00f3lares que us\u00f3 para pagarlo. En un nuevo cap\u00edtulo de opacidad financiera, el BCRA inform\u00f3 el 9 de enero de 2026 que la l\u00ednea de swap acordada entre [&hellip;]<\/p>\n","protected":false},"author":3,"featured_media":21773,"comment_status":"open","ping_status":"open","sticky":false,"template":"","format":"standard","meta":{"_jetpack_memberships_contains_paid_content":false,"footnotes":""},"categories":[14,9],"tags":[],"class_list":["post-21772","post","type-post","status-publish","format-standard","has-post-thumbnail","hentry","category-interes-general","category-nacionales"],"yoast_head":"<!-- This site is optimized with the Yoast SEO plugin v24.7 - https:\/\/yoast.com\/wordpress\/plugins\/seo\/ -->\n<title>\u00bfY ahora, a qui\u00e9n le debemos? - Tres Lineas Noticias<\/title>\n<meta name=\"robots\" content=\"index, follow, max-snippet:-1, max-image-preview:large, max-video-preview:-1\" \/>\n<link rel=\"canonical\" href=\"https:\/\/treslineasnoticias.com.ar\/?p=21772\" \/>\n<meta property=\"og:locale\" content=\"es_ES\" \/>\n<meta property=\"og:type\" content=\"article\" \/>\n<meta property=\"og:title\" content=\"\u00bfY ahora, a qui\u00e9n le debemos? - Tres Lineas Noticias\" \/>\n<meta property=\"og:description\" content=\"Interrogantes de gravedad institucional, financiera y pol\u00edtica. El swap con Estados Unidos ya no existe, pero se desconoce a qui\u00e9n le debe hoy el Banco Central los d\u00f3lares que us\u00f3 para pagarlo. En un nuevo cap\u00edtulo de opacidad financiera, el BCRA inform\u00f3 el 9 de enero de 2026 que la l\u00ednea de swap acordada entre [&hellip;]\" \/>\n<meta property=\"og:url\" content=\"https:\/\/treslineasnoticias.com.ar\/?p=21772\" \/>\n<meta property=\"og:site_name\" content=\"Tres Lineas Noticias\" \/>\n<meta property=\"article:published_time\" content=\"2026-01-25T09:04:00+00:00\" \/>\n<meta property=\"article:modified_time\" content=\"2026-01-25T13:21:08+00:00\" \/>\n<meta property=\"og:image\" content=\"http:\/\/treslineasnoticias.com.ar\/wp-content\/uploads\/2026\/01\/caputo-en-al-carajop-capturas-1.jpg\" \/>\n\t<meta property=\"og:image:width\" content=\"1200\" \/>\n\t<meta property=\"og:image:height\" content=\"800\" \/>\n\t<meta property=\"og:image:type\" content=\"image\/jpeg\" \/>\n<meta name=\"author\" content=\"Horacio L\u00f3pez\" \/>\n<meta name=\"twitter:card\" content=\"summary_large_image\" \/>\n<meta name=\"twitter:label1\" content=\"Escrito por\" \/>\n\t<meta name=\"twitter:data1\" content=\"Horacio L\u00f3pez\" \/>\n\t<meta name=\"twitter:label2\" content=\"Tiempo de lectura\" \/>\n\t<meta name=\"twitter:data2\" content=\"5 minutos\" \/>\n<script type=\"application\/ld+json\" class=\"yoast-schema-graph\">{\"@context\":\"https:\/\/schema.org\",\"@graph\":[{\"@type\":\"WebPage\",\"@id\":\"https:\/\/treslineasnoticias.com.ar\/?p=21772\",\"url\":\"https:\/\/treslineasnoticias.com.ar\/?p=21772\",\"name\":\"\u00bfY ahora, a qui\u00e9n le debemos? - Tres Lineas Noticias\",\"isPartOf\":{\"@id\":\"https:\/\/treslineasnoticias.com.ar\/#website\"},\"primaryImageOfPage\":{\"@id\":\"https:\/\/treslineasnoticias.com.ar\/?p=21772#primaryimage\"},\"image\":{\"@id\":\"https:\/\/treslineasnoticias.com.ar\/?p=21772#primaryimage\"},\"thumbnailUrl\":\"https:\/\/treslineasnoticias.com.ar\/wp-content\/uploads\/2026\/01\/caputo-en-al-carajop-capturas-1.jpg\",\"datePublished\":\"2026-01-25T09:04:00+00:00\",\"dateModified\":\"2026-01-25T13:21:08+00:00\",\"author\":{\"@id\":\"https:\/\/treslineasnoticias.com.ar\/#\/schema\/person\/c5f7249e50517b84c2379b145ca14895\"},\"breadcrumb\":{\"@id\":\"https:\/\/treslineasnoticias.com.ar\/?p=21772#breadcrumb\"},\"inLanguage\":\"es\",\"potentialAction\":[{\"@type\":\"ReadAction\",\"target\":[\"https:\/\/treslineasnoticias.com.ar\/?p=21772\"]}]},{\"@type\":\"ImageObject\",\"inLanguage\":\"es\",\"@id\":\"https:\/\/treslineasnoticias.com.ar\/?p=21772#primaryimage\",\"url\":\"https:\/\/treslineasnoticias.com.ar\/wp-content\/uploads\/2026\/01\/caputo-en-al-carajop-capturas-1.jpg\",\"contentUrl\":\"https:\/\/treslineasnoticias.com.ar\/wp-content\/uploads\/2026\/01\/caputo-en-al-carajop-capturas-1.jpg\",\"width\":1200,\"height\":800},{\"@type\":\"BreadcrumbList\",\"@id\":\"https:\/\/treslineasnoticias.com.ar\/?p=21772#breadcrumb\",\"itemListElement\":[{\"@type\":\"ListItem\",\"position\":1,\"name\":\"Portada\",\"item\":\"https:\/\/treslineasnoticias.com.ar\/\"},{\"@type\":\"ListItem\",\"position\":2,\"name\":\"\u00bfY ahora, a qui\u00e9n le debemos?\"}]},{\"@type\":\"WebSite\",\"@id\":\"https:\/\/treslineasnoticias.com.ar\/#website\",\"url\":\"https:\/\/treslineasnoticias.com.ar\/\",\"name\":\"Tres Lineas Noticias\",\"description\":\"\",\"potentialAction\":[{\"@type\":\"SearchAction\",\"target\":{\"@type\":\"EntryPoint\",\"urlTemplate\":\"https:\/\/treslineasnoticias.com.ar\/?s={search_term_string}\"},\"query-input\":{\"@type\":\"PropertyValueSpecification\",\"valueRequired\":true,\"valueName\":\"search_term_string\"}}],\"inLanguage\":\"es\"},{\"@type\":\"Person\",\"@id\":\"https:\/\/treslineasnoticias.com.ar\/#\/schema\/person\/c5f7249e50517b84c2379b145ca14895\",\"name\":\"Horacio L\u00f3pez\",\"image\":{\"@type\":\"ImageObject\",\"inLanguage\":\"es\",\"@id\":\"https:\/\/treslineasnoticias.com.ar\/#\/schema\/person\/image\/\",\"url\":\"https:\/\/treslineasnoticias.com.ar\/wp-content\/litespeed\/avatar\/ddbec442f0224f940ce000570a0cb216.jpg?ver=1777068930\",\"contentUrl\":\"https:\/\/treslineasnoticias.com.ar\/wp-content\/litespeed\/avatar\/ddbec442f0224f940ce000570a0cb216.jpg?ver=1777068930\",\"caption\":\"Horacio L\u00f3pez\"},\"sameAs\":[\"http:\/\/treslineasnoticias.com.ar\"],\"url\":\"https:\/\/treslineasnoticias.com.ar\/?author=3\"}]}<\/script>\n<!-- \/ Yoast SEO plugin. -->","yoast_head_json":{"title":"\u00bfY ahora, a qui\u00e9n le debemos? - Tres Lineas Noticias","robots":{"index":"index","follow":"follow","max-snippet":"max-snippet:-1","max-image-preview":"max-image-preview:large","max-video-preview":"max-video-preview:-1"},"canonical":"https:\/\/treslineasnoticias.com.ar\/?p=21772","og_locale":"es_ES","og_type":"article","og_title":"\u00bfY ahora, a qui\u00e9n le debemos? - Tres Lineas Noticias","og_description":"Interrogantes de gravedad institucional, financiera y pol\u00edtica. El swap con Estados Unidos ya no existe, pero se desconoce a qui\u00e9n le debe hoy el Banco Central los d\u00f3lares que us\u00f3 para pagarlo. En un nuevo cap\u00edtulo de opacidad financiera, el BCRA inform\u00f3 el 9 de enero de 2026 que la l\u00ednea de swap acordada entre [&hellip;]","og_url":"https:\/\/treslineasnoticias.com.ar\/?p=21772","og_site_name":"Tres Lineas Noticias","article_published_time":"2026-01-25T09:04:00+00:00","article_modified_time":"2026-01-25T13:21:08+00:00","og_image":[{"width":1200,"height":800,"url":"http:\/\/treslineasnoticias.com.ar\/wp-content\/uploads\/2026\/01\/caputo-en-al-carajop-capturas-1.jpg","type":"image\/jpeg"}],"author":"Horacio L\u00f3pez","twitter_card":"summary_large_image","twitter_misc":{"Escrito por":"Horacio L\u00f3pez","Tiempo de lectura":"5 minutos"},"schema":{"@context":"https:\/\/schema.org","@graph":[{"@type":"WebPage","@id":"https:\/\/treslineasnoticias.com.ar\/?p=21772","url":"https:\/\/treslineasnoticias.com.ar\/?p=21772","name":"\u00bfY ahora, a qui\u00e9n le debemos? - Tres Lineas Noticias","isPartOf":{"@id":"https:\/\/treslineasnoticias.com.ar\/#website"},"primaryImageOfPage":{"@id":"https:\/\/treslineasnoticias.com.ar\/?p=21772#primaryimage"},"image":{"@id":"https:\/\/treslineasnoticias.com.ar\/?p=21772#primaryimage"},"thumbnailUrl":"https:\/\/treslineasnoticias.com.ar\/wp-content\/uploads\/2026\/01\/caputo-en-al-carajop-capturas-1.jpg","datePublished":"2026-01-25T09:04:00+00:00","dateModified":"2026-01-25T13:21:08+00:00","author":{"@id":"https:\/\/treslineasnoticias.com.ar\/#\/schema\/person\/c5f7249e50517b84c2379b145ca14895"},"breadcrumb":{"@id":"https:\/\/treslineasnoticias.com.ar\/?p=21772#breadcrumb"},"inLanguage":"es","potentialAction":[{"@type":"ReadAction","target":["https:\/\/treslineasnoticias.com.ar\/?p=21772"]}]},{"@type":"ImageObject","inLanguage":"es","@id":"https:\/\/treslineasnoticias.com.ar\/?p=21772#primaryimage","url":"https:\/\/treslineasnoticias.com.ar\/wp-content\/uploads\/2026\/01\/caputo-en-al-carajop-capturas-1.jpg","contentUrl":"https:\/\/treslineasnoticias.com.ar\/wp-content\/uploads\/2026\/01\/caputo-en-al-carajop-capturas-1.jpg","width":1200,"height":800},{"@type":"BreadcrumbList","@id":"https:\/\/treslineasnoticias.com.ar\/?p=21772#breadcrumb","itemListElement":[{"@type":"ListItem","position":1,"name":"Portada","item":"https:\/\/treslineasnoticias.com.ar\/"},{"@type":"ListItem","position":2,"name":"\u00bfY ahora, a qui\u00e9n le debemos?"}]},{"@type":"WebSite","@id":"https:\/\/treslineasnoticias.com.ar\/#website","url":"https:\/\/treslineasnoticias.com.ar\/","name":"Tres Lineas Noticias","description":"","potentialAction":[{"@type":"SearchAction","target":{"@type":"EntryPoint","urlTemplate":"https:\/\/treslineasnoticias.com.ar\/?s={search_term_string}"},"query-input":{"@type":"PropertyValueSpecification","valueRequired":true,"valueName":"search_term_string"}}],"inLanguage":"es"},{"@type":"Person","@id":"https:\/\/treslineasnoticias.com.ar\/#\/schema\/person\/c5f7249e50517b84c2379b145ca14895","name":"Horacio L\u00f3pez","image":{"@type":"ImageObject","inLanguage":"es","@id":"https:\/\/treslineasnoticias.com.ar\/#\/schema\/person\/image\/","url":"https:\/\/treslineasnoticias.com.ar\/wp-content\/litespeed\/avatar\/ddbec442f0224f940ce000570a0cb216.jpg?ver=1777068930","contentUrl":"https:\/\/treslineasnoticias.com.ar\/wp-content\/litespeed\/avatar\/ddbec442f0224f940ce000570a0cb216.jpg?ver=1777068930","caption":"Horacio L\u00f3pez"},"sameAs":["http:\/\/treslineasnoticias.com.ar"],"url":"https:\/\/treslineasnoticias.com.ar\/?author=3"}]}},"jetpack_featured_media_url":"https:\/\/treslineasnoticias.com.ar\/wp-content\/uploads\/2026\/01\/caputo-en-al-carajop-capturas-1.jpg","jetpack_sharing_enabled":true,"_links":{"self":[{"href":"https:\/\/treslineasnoticias.com.ar\/index.php?rest_route=\/wp\/v2\/posts\/21772","targetHints":{"allow":["GET"]}}],"collection":[{"href":"https:\/\/treslineasnoticias.com.ar\/index.php?rest_route=\/wp\/v2\/posts"}],"about":[{"href":"https:\/\/treslineasnoticias.com.ar\/index.php?rest_route=\/wp\/v2\/types\/post"}],"author":[{"embeddable":true,"href":"https:\/\/treslineasnoticias.com.ar\/index.php?rest_route=\/wp\/v2\/users\/3"}],"replies":[{"embeddable":true,"href":"https:\/\/treslineasnoticias.com.ar\/index.php?rest_route=%2Fwp%2Fv2%2Fcomments&post=21772"}],"version-history":[{"count":1,"href":"https:\/\/treslineasnoticias.com.ar\/index.php?rest_route=\/wp\/v2\/posts\/21772\/revisions"}],"predecessor-version":[{"id":21775,"href":"https:\/\/treslineasnoticias.com.ar\/index.php?rest_route=\/wp\/v2\/posts\/21772\/revisions\/21775"}],"wp:featuredmedia":[{"embeddable":true,"href":"https:\/\/treslineasnoticias.com.ar\/index.php?rest_route=\/wp\/v2\/media\/21773"}],"wp:attachment":[{"href":"https:\/\/treslineasnoticias.com.ar\/index.php?rest_route=%2Fwp%2Fv2%2Fmedia&parent=21772"}],"wp:term":[{"taxonomy":"category","embeddable":true,"href":"https:\/\/treslineasnoticias.com.ar\/index.php?rest_route=%2Fwp%2Fv2%2Fcategories&post=21772"},{"taxonomy":"post_tag","embeddable":true,"href":"https:\/\/treslineasnoticias.com.ar\/index.php?rest_route=%2Fwp%2Fv2%2Ftags&post=21772"}],"curies":[{"name":"wp","href":"https:\/\/api.w.org\/{rel}","templated":true}]}}