{"id":21784,"date":"2026-01-26T06:22:00","date_gmt":"2026-01-26T09:22:00","guid":{"rendered":"https:\/\/treslineasnoticias.com.ar\/?p=21784"},"modified":"2026-01-26T11:19:49","modified_gmt":"2026-01-26T14:19:49","slug":"provincia-invertira-mas-de-7-000-veces-mas-que-la-nacion-en-obra-publica-en-general-pueyrredon","status":"publish","type":"post","link":"https:\/\/treslineasnoticias.com.ar\/?p=21784","title":{"rendered":"Provincia invertir\u00e1 m\u00e1s de 7.000 veces m\u00e1s que la Naci\u00f3n en obra p\u00fablica en General Pueyrred\u00f3n"},"content":{"rendered":"\n<p><strong><em>El gobierno nacional realizar\u00e1 una m\u00ednima inversi\u00f3n en uno de los distritos que m\u00e1s lo respald\u00f3. El anuncio de la etapa II de la Rambla de Mar del Plata abre una comparaci\u00f3n de partidas y alcance de proyectos entre la gesti\u00f3n de Milei y la administraci\u00f3n provincial. Los datos bonaerenses.<\/em><\/strong><\/p>\n\n\n\n<p><strong>La Provincia invertir\u00e1 231.778 millones de pesos en obras p\u00fablicas para el municipio de General Pueyrred\u00f3n durante los a\u00f1os 2026 y 2027, una cifra que, seg\u00fan los datos del gobierno bonaerense, supera m\u00e1s de 7.000 veces el monto destinado por el gobierno nacional al mismo distrito<\/strong>. El contraste se vuelve a\u00fan m\u00e1s visible si se toma en cuenta que se trata de uno de los municipios m\u00e1s poblados de la provincia de Buenos Aires y donde, adem\u00e1s, el partido del presidente Javier Milei encuentra uno de sus principales respaldos pol\u00edticos y electorales.<\/p>\n\n\n\n<figure class=\"wp-block-image size-large\"><img loading=\"lazy\" decoding=\"async\" width=\"1024\" height=\"682\" src=\"http:\/\/treslineasnoticias.com.ar\/wp-content\/uploads\/2026\/01\/HUPAYTOERZFS3HALLDQAFLHIUM-1024x682.jpg\" alt=\"\" class=\"wp-image-21790\" srcset=\"https:\/\/treslineasnoticias.com.ar\/wp-content\/uploads\/2026\/01\/HUPAYTOERZFS3HALLDQAFLHIUM-1024x682.jpg 1024w, https:\/\/treslineasnoticias.com.ar\/wp-content\/uploads\/2026\/01\/HUPAYTOERZFS3HALLDQAFLHIUM-300x200.jpg 300w, https:\/\/treslineasnoticias.com.ar\/wp-content\/uploads\/2026\/01\/HUPAYTOERZFS3HALLDQAFLHIUM-768x511.jpg 768w, https:\/\/treslineasnoticias.com.ar\/wp-content\/uploads\/2026\/01\/HUPAYTOERZFS3HALLDQAFLHIUM-1536x1022.jpg 1536w, https:\/\/treslineasnoticias.com.ar\/wp-content\/uploads\/2026\/01\/HUPAYTOERZFS3HALLDQAFLHIUM-2048x1363.jpg 2048w\" sizes=\"auto, (max-width: 1024px) 100vw, 1024px\" \/><\/figure>\n\n\n\n<p>El disparador de esta comparaci\u00f3n es la presentaci\u00f3n de la Etapa II de la obra de renovaci\u00f3n integral de la Rambla de Mar del Plata, encabezada por el ministro de Infraestructura y Servicios P\u00fablicos bonaerense, Gabriel Katopodis. Se trata de la primera restauraci\u00f3n estructural y patrimonial de este s\u00edmbolo tur\u00edstico en 85 a\u00f1os. La intervenci\u00f3n, que ya transita su primera etapa, forma parte de una iniciativa provincial de gran escala que busca preservar el patrimonio arquitect\u00f3nico y mejorar la calidad urbana en uno de los principales polos tur\u00edsticos del pa\u00eds.<\/p>\n\n\n\n<p>Durante el anuncio, Katopodis se\u00f1al\u00f3: \u201cVinimos a explicar la etapa 2 de la renovaci\u00f3n integral de la Rambla y a dar cuenta de los avances a representantes y actores de la sociedad civil para que se apropien de esta obra, sean portavoces y que la comunidad y los turistas conozcan esta gran inversi\u00f3n que es un compromiso del gobernador Axel Kicillof\u201d.<\/p>\n\n\n\n<p>El contraste con el presupuesto nacional genera un punto de an\u00e1lisis relevante. Mientras que la Provincia de Buenos Aires prev\u00e9 completar una inversi\u00f3n de 231.000 millones de pesos en 72 obras para General Pueyrred\u00f3n \u2013que beneficiar\u00edan a m\u00e1s de 667.000 personas\u2013, la Naci\u00f3n solo destinar\u00e1 32 millones de pesos para dos proyectos espec\u00edficos hasta el momento, seg\u00fan los datos oficiales: la refuncionalizaci\u00f3n del Hotel N\u00b04 del Complejo Chapadmalal (20 millones) y la remodelaci\u00f3n del edificio de Migraciones en Mar del Plata (12 millones). Ambas obras, seg\u00fan fuentes oficiales, son la continuaci\u00f3n de proyectos iniciados durante la gesti\u00f3n anterior.<\/p>\n\n\n\n<p>Esta diferencia num\u00e9rica \u20137.243 veces mayor desde la Provincia\u2013 se da en un municipio donde tanto la intendencia como una parte de la representaci\u00f3n legislativa responden a La Libertad Avanza, con el ahora senador provincial Guillermo Montenegro a la cabeza.<\/p>\n\n\n<div class=\"wp-block-image\">\n<figure class=\"aligncenter size-full\"><img loading=\"lazy\" decoding=\"async\" width=\"680\" height=\"453\" src=\"http:\/\/treslineasnoticias.com.ar\/wp-content\/uploads\/2026\/01\/655e334128b5f__680x453.webp\" alt=\"\" class=\"wp-image-21786\" srcset=\"https:\/\/treslineasnoticias.com.ar\/wp-content\/uploads\/2026\/01\/655e334128b5f__680x453.webp 680w, https:\/\/treslineasnoticias.com.ar\/wp-content\/uploads\/2026\/01\/655e334128b5f__680x453-300x200.webp 300w\" sizes=\"auto, (max-width: 680px) 100vw, 680px\" \/><\/figure><\/div>\n\n\n<p>No obstante, los fondos provinciales contin\u00faan ejecut\u00e1ndose en el territorio sin distinciones partidarias. Seg\u00fan el Ministerio de Infraestructura bonaerense, los recursos forman parte de una estrategia de desarrollo a largo plazo que prioriza la infraestructura como herramienta para la inclusi\u00f3n y el desarrollo econ\u00f3mico.<\/p>\n\n\n\n<p>Desde el gobierno bonaerense se insiste en que esta pol\u00edtica contrasta con la posici\u00f3n de Javier Milei, que plantea un fuerte recorte del gasto p\u00fablico y la suspensi\u00f3n la mayor\u00eda de las obras en ejecuci\u00f3n. En ese contexto, la administraci\u00f3n provincial sostiene que la obra p\u00fablica \u201ces un deber indelegable del Estado\u201d, mientras que a nivel nacional se la presenta como un \u00e1rea sujeta a la iniciativa privada.<\/p>\n\n\n\n<p><strong><em>El presupuesto nacional para General Pueyrred\u00f3n representa apenas el 0,003 por ciento del total nacional, a pesar de que el municipio alberga al 1,44 por ciento de la poblaci\u00f3n del pa\u00eds.<\/em><\/strong><\/p>\n\n\n\n<p><strong>La Derecha Fest como trasfondo pol\u00edtico<\/strong><\/p>\n\n\n\n<p>Esta situaci\u00f3n se desarrolla en la previa del evento denominado \u201cDerecha Fest\u201d, que se realizar\u00e1 en Mar del Plata el pr\u00f3ximo 27 de enero. Est\u00e1 prevista la presencia del presidente Javier Milei, mientras que el d\u00eda anterior participar\u00e1 del Tour de la Gratitud en la misma ciudad. En el acto la dirigencia libertaria celebrar\u00e1 los presuntos logros de su gesti\u00f3n y el v\u00ednculo con un distrito que le dio un fuerte respaldo electoral. El evento, seg\u00fan confirmaron fuentes del entorno libertario, tiene un enfoque partidario y cultural, y se realiza en un contexto en el que la administraci\u00f3n local todav\u00eda no present\u00f3 su presupuesto.<\/p>\n\n\n\n<p>El show de la escuder\u00eda violeta se da en medio de una oleada de cr\u00edticas sobre la gesti\u00f3n municipal. El intendente en uso de licencia, Montenegro, dej\u00f3 el cargo en manos de Agust\u00edn Neme, en diciembre de 2025. Entre otras cosas, la administraci\u00f3n fue cuestionada por el uso de la \u201ctasa vial\u201d, creada para mantenimiento de calles, pero utilizada en parte para el pago de salarios municipales, situaci\u00f3n que fue admitida en el Concejo Deliberante.<\/p>\n\n\n<div class=\"wp-block-image\">\n<figure class=\"aligncenter size-full\"><img loading=\"lazy\" decoding=\"async\" width=\"612\" height=\"412\" src=\"http:\/\/treslineasnoticias.com.ar\/wp-content\/uploads\/2026\/01\/istockphoto-530744037-612x612-1.jpg\" alt=\"\" class=\"wp-image-21787\" srcset=\"https:\/\/treslineasnoticias.com.ar\/wp-content\/uploads\/2026\/01\/istockphoto-530744037-612x612-1.jpg 612w, https:\/\/treslineasnoticias.com.ar\/wp-content\/uploads\/2026\/01\/istockphoto-530744037-612x612-1-300x202.jpg 300w\" sizes=\"auto, (max-width: 612px) 100vw, 612px\" \/><figcaption class=\"wp-element-caption\">.<\/figcaption><\/figure><\/div>\n\n\n<p>Seg\u00fan datos de organismos provinciales, General Pueyrred\u00f3n ostenta la tasa vial m\u00e1s alta de los 135 municipios bonaerenses, con un 3 por ciento por litro de combustible, y ha desafectado tambi\u00e9n m\u00e1s de 1.200 millones de pesos del Fondo de Promoci\u00f3n Tur\u00edstica.<\/p>\n\n\n\n<p>Los debates sobre el uso de esos recursos se suman a un escenario econ\u00f3mico complejo para el distrito, donde la ocupaci\u00f3n hotelera no supera el 65 por ciento y donde las ventas y el consumo reflejan ca\u00eddas interanuales. <strong><em>La gesti\u00f3n local ha recibido una multa del Tribunal de Cuentas por un d\u00e9ficit de 1.100 millones de pesos en el Ente Municipal de Servicios Urbanos (EMSUR), mientras que las obras de envergadura en el municipio han quedado pr\u00e1cticamente paralizadas.<\/em><\/strong><\/p>\n\n\n\n<p><strong>El proyecto de la Rambla de Mar del Plata y otras obras<\/strong><\/p>\n\n\n\n<p>El proyecto comprende 41.505 metros cuadrados divididos en dos etapas. La inversi\u00f3n actual para esta segunda fase es de 21.409 millones de pesos y se enfocar\u00e1 en la renovaci\u00f3n de las recovas del Casino y el Hotel Provincial, incluyendo la red cloacal, tendido de agua corriente, recuperaci\u00f3n de cielorrasos y ba\u00f1os p\u00fablicos, iluminaci\u00f3n, carpinter\u00eda, frentes de locales comerciales y parquizaci\u00f3n.<\/p>\n\n\n\n<p>La obra tambi\u00e9n contempla el respeto por el dise\u00f1o original de la Rambla, creado por el arquitecto Alejandro Bustillo. Parte del trabajo consisti\u00f3 en relevar, recuperar y replicar las baldosas originales del paseo, labor que fue realizada por t\u00e9cnicos del CONICET, quienes desarrollaron las muestras para mantener la composici\u00f3n material, la tonalidad y el patr\u00f3n hist\u00f3rico del lugar. \u201cTenemos la responsabilidad de invertir recursos y explicar qu\u00e9 proyecto tenemos cuando hacemos intervenciones como estas, que recuperan y cuidan nuestro patrimonio. Somos un gran pa\u00eds y merecemos que Mar del Plata vuelva a brillar\u201d, concluy\u00f3 Katopodis.<\/p>\n\n\n\n<p>La etapa I, actualmente en marcha, abarca el desmonte y recambio de pisos en el Casino y Hotel Provincial, renovaci\u00f3n de instalaciones el\u00e9ctricas y pluviales, colocaci\u00f3n de mobiliario urbano y mejoras de accesibilidad. Adem\u00e1s, en la Plazoleta Almirante Brown y el bajo Rambla se realizaron tareas de reacondicionamiento de contrapisos, instalaci\u00f3n de canteros, cordones, solados y renovaci\u00f3n de sistemas de desag\u00fce y electricidad.<\/p>\n\n\n<div class=\"wp-block-image\">\n<figure class=\"aligncenter size-full\"><img loading=\"lazy\" decoding=\"async\" width=\"612\" height=\"408\" src=\"http:\/\/treslineasnoticias.com.ar\/wp-content\/uploads\/2026\/01\/istockphoto-480624361-612x612-1.jpg\" alt=\"\" class=\"wp-image-21788\" srcset=\"https:\/\/treslineasnoticias.com.ar\/wp-content\/uploads\/2026\/01\/istockphoto-480624361-612x612-1.jpg 612w, https:\/\/treslineasnoticias.com.ar\/wp-content\/uploads\/2026\/01\/istockphoto-480624361-612x612-1-300x200.jpg 300w\" sizes=\"auto, (max-width: 612px) 100vw, 612px\" \/><\/figure><\/div>\n\n\n<p>El plan de intervenci\u00f3n incluye tambi\u00e9n la reducci\u00f3n de la contaminaci\u00f3n visual sobre el frente mar\u00edtimo, un nuevo sistema de luminarias y espacios verdes renovados. La prioridad, indicaron desde la Provincia, es revalorizar un espacio p\u00fablico que forma parte del patrimonio colectivo, y al mismo tiempo revitalizar el eje tur\u00edstico de la ciudad. El enfoque busca integrar urban\u00edsticamente el sector costero y mejorar la calidad de los servicios en una zona que concentra gran parte de la actividad econ\u00f3mica local.<\/p>\n\n\n\n<p>El presupuesto nacional aprobado para 2026 no contempla nuevas obras en General Pueyrred\u00f3n, m\u00e1s all\u00e1 de las mencionadas, ambas reactivaciones de proyectos previos. Por su parte, la Provincia detall\u00f3 que las 72 obras contempladas abarcan desde infraestructura vial y conectividad hasta mejoras en redes de agua potable, cloacas, y proyectos para universidades p\u00fablicas.<\/p>\n\n\n\n<p>Entre ellas se encuentran la repavimentaci\u00f3n de la Autov\u00eda 2 en el tramo entre Coronel Vidal y Mar del Plata, la ampliaci\u00f3n de la red de agua en Chapadmalal, el colector cloacal en el Bosque Peralta Ramos, y la perforaci\u00f3n para agua potable en el barrio Colina Alegre. Tambi\u00e9n se incluye la construcci\u00f3n de una biblioteca central en la Universidad Nacional de Mar del Plata.<\/p>\n\n\n\n<p><\/p>\n","protected":false},"excerpt":{"rendered":"<p>El gobierno nacional realizar\u00e1 una m\u00ednima inversi\u00f3n en uno de los distritos que m\u00e1s lo respald\u00f3. El anuncio de la etapa II de la Rambla de Mar del Plata abre una comparaci\u00f3n de partidas y alcance de proyectos entre la gesti\u00f3n de Milei y la administraci\u00f3n provincial. Los datos bonaerenses. La Provincia invertir\u00e1 231.778 millones [&hellip;]<\/p>\n","protected":false},"author":3,"featured_media":21785,"comment_status":"open","ping_status":"open","sticky":false,"template":"","format":"standard","meta":{"_jetpack_memberships_contains_paid_content":false,"footnotes":""},"categories":[9,8],"tags":[],"class_list":["post-21784","post","type-post","status-publish","format-standard","has-post-thumbnail","hentry","category-nacionales","category-provincia"],"yoast_head":"<!-- This site is optimized with the Yoast SEO plugin v24.7 - https:\/\/yoast.com\/wordpress\/plugins\/seo\/ -->\n<title>Provincia invertir\u00e1 m\u00e1s de 7.000 veces m\u00e1s que la Naci\u00f3n en obra p\u00fablica en General Pueyrred\u00f3n - Tres Lineas Noticias<\/title>\n<meta name=\"robots\" content=\"index, follow, max-snippet:-1, max-image-preview:large, max-video-preview:-1\" \/>\n<link rel=\"canonical\" href=\"https:\/\/treslineasnoticias.com.ar\/?p=21784\" \/>\n<meta property=\"og:locale\" content=\"es_ES\" \/>\n<meta property=\"og:type\" content=\"article\" \/>\n<meta property=\"og:title\" content=\"Provincia invertir\u00e1 m\u00e1s de 7.000 veces m\u00e1s que la Naci\u00f3n en obra p\u00fablica en General Pueyrred\u00f3n - Tres Lineas Noticias\" \/>\n<meta property=\"og:description\" content=\"El gobierno nacional realizar\u00e1 una m\u00ednima inversi\u00f3n en uno de los distritos que m\u00e1s lo respald\u00f3. El anuncio de la etapa II de la Rambla de Mar del Plata abre una comparaci\u00f3n de partidas y alcance de proyectos entre la gesti\u00f3n de Milei y la administraci\u00f3n provincial. Los datos bonaerenses. La Provincia invertir\u00e1 231.778 millones [&hellip;]\" \/>\n<meta property=\"og:url\" content=\"https:\/\/treslineasnoticias.com.ar\/?p=21784\" \/>\n<meta property=\"og:site_name\" content=\"Tres Lineas Noticias\" \/>\n<meta property=\"article:published_time\" content=\"2026-01-26T09:22:00+00:00\" \/>\n<meta property=\"article:modified_time\" content=\"2026-01-26T14:19:49+00:00\" \/>\n<meta property=\"og:image\" content=\"http:\/\/treslineasnoticias.com.ar\/wp-content\/uploads\/2026\/01\/b58a47aa20f66d3a80b98a2edc74637a-scaled.webp\" \/>\n\t<meta property=\"og:image:width\" content=\"2560\" \/>\n\t<meta property=\"og:image:height\" content=\"1918\" \/>\n\t<meta property=\"og:image:type\" content=\"image\/webp\" \/>\n<meta name=\"author\" content=\"Horacio L\u00f3pez\" \/>\n<meta name=\"twitter:card\" content=\"summary_large_image\" \/>\n<meta name=\"twitter:label1\" content=\"Escrito por\" \/>\n\t<meta name=\"twitter:data1\" content=\"Horacio L\u00f3pez\" \/>\n\t<meta name=\"twitter:label2\" content=\"Tiempo de lectura\" \/>\n\t<meta name=\"twitter:data2\" content=\"7 minutos\" \/>\n<script type=\"application\/ld+json\" class=\"yoast-schema-graph\">{\"@context\":\"https:\/\/schema.org\",\"@graph\":[{\"@type\":\"WebPage\",\"@id\":\"https:\/\/treslineasnoticias.com.ar\/?p=21784\",\"url\":\"https:\/\/treslineasnoticias.com.ar\/?p=21784\",\"name\":\"Provincia invertir\u00e1 m\u00e1s de 7.000 veces m\u00e1s que la Naci\u00f3n en obra p\u00fablica en General Pueyrred\u00f3n - Tres Lineas Noticias\",\"isPartOf\":{\"@id\":\"https:\/\/treslineasnoticias.com.ar\/#website\"},\"primaryImageOfPage\":{\"@id\":\"https:\/\/treslineasnoticias.com.ar\/?p=21784#primaryimage\"},\"image\":{\"@id\":\"https:\/\/treslineasnoticias.com.ar\/?p=21784#primaryimage\"},\"thumbnailUrl\":\"https:\/\/treslineasnoticias.com.ar\/wp-content\/uploads\/2026\/01\/b58a47aa20f66d3a80b98a2edc74637a-scaled.webp\",\"datePublished\":\"2026-01-26T09:22:00+00:00\",\"dateModified\":\"2026-01-26T14:19:49+00:00\",\"author\":{\"@id\":\"https:\/\/treslineasnoticias.com.ar\/#\/schema\/person\/c5f7249e50517b84c2379b145ca14895\"},\"breadcrumb\":{\"@id\":\"https:\/\/treslineasnoticias.com.ar\/?p=21784#breadcrumb\"},\"inLanguage\":\"es\",\"potentialAction\":[{\"@type\":\"ReadAction\",\"target\":[\"https:\/\/treslineasnoticias.com.ar\/?p=21784\"]}]},{\"@type\":\"ImageObject\",\"inLanguage\":\"es\",\"@id\":\"https:\/\/treslineasnoticias.com.ar\/?p=21784#primaryimage\",\"url\":\"https:\/\/treslineasnoticias.com.ar\/wp-content\/uploads\/2026\/01\/b58a47aa20f66d3a80b98a2edc74637a-scaled.webp\",\"contentUrl\":\"https:\/\/treslineasnoticias.com.ar\/wp-content\/uploads\/2026\/01\/b58a47aa20f66d3a80b98a2edc74637a-scaled.webp\",\"width\":2560,\"height\":1918},{\"@type\":\"BreadcrumbList\",\"@id\":\"https:\/\/treslineasnoticias.com.ar\/?p=21784#breadcrumb\",\"itemListElement\":[{\"@type\":\"ListItem\",\"position\":1,\"name\":\"Portada\",\"item\":\"https:\/\/treslineasnoticias.com.ar\/\"},{\"@type\":\"ListItem\",\"position\":2,\"name\":\"Provincia invertir\u00e1 m\u00e1s de 7.000 veces m\u00e1s que la Naci\u00f3n en obra p\u00fablica en General Pueyrred\u00f3n\"}]},{\"@type\":\"WebSite\",\"@id\":\"https:\/\/treslineasnoticias.com.ar\/#website\",\"url\":\"https:\/\/treslineasnoticias.com.ar\/\",\"name\":\"Tres Lineas Noticias\",\"description\":\"\",\"potentialAction\":[{\"@type\":\"SearchAction\",\"target\":{\"@type\":\"EntryPoint\",\"urlTemplate\":\"https:\/\/treslineasnoticias.com.ar\/?s={search_term_string}\"},\"query-input\":{\"@type\":\"PropertyValueSpecification\",\"valueRequired\":true,\"valueName\":\"search_term_string\"}}],\"inLanguage\":\"es\"},{\"@type\":\"Person\",\"@id\":\"https:\/\/treslineasnoticias.com.ar\/#\/schema\/person\/c5f7249e50517b84c2379b145ca14895\",\"name\":\"Horacio L\u00f3pez\",\"image\":{\"@type\":\"ImageObject\",\"inLanguage\":\"es\",\"@id\":\"https:\/\/treslineasnoticias.com.ar\/#\/schema\/person\/image\/\",\"url\":\"https:\/\/treslineasnoticias.com.ar\/wp-content\/litespeed\/avatar\/ddbec442f0224f940ce000570a0cb216.jpg?ver=1777068930\",\"contentUrl\":\"https:\/\/treslineasnoticias.com.ar\/wp-content\/litespeed\/avatar\/ddbec442f0224f940ce000570a0cb216.jpg?ver=1777068930\",\"caption\":\"Horacio L\u00f3pez\"},\"sameAs\":[\"http:\/\/treslineasnoticias.com.ar\"],\"url\":\"https:\/\/treslineasnoticias.com.ar\/?author=3\"}]}<\/script>\n<!-- \/ Yoast SEO plugin. -->","yoast_head_json":{"title":"Provincia invertir\u00e1 m\u00e1s de 7.000 veces m\u00e1s que la Naci\u00f3n en obra p\u00fablica en General Pueyrred\u00f3n - Tres Lineas Noticias","robots":{"index":"index","follow":"follow","max-snippet":"max-snippet:-1","max-image-preview":"max-image-preview:large","max-video-preview":"max-video-preview:-1"},"canonical":"https:\/\/treslineasnoticias.com.ar\/?p=21784","og_locale":"es_ES","og_type":"article","og_title":"Provincia invertir\u00e1 m\u00e1s de 7.000 veces m\u00e1s que la Naci\u00f3n en obra p\u00fablica en General Pueyrred\u00f3n - Tres Lineas Noticias","og_description":"El gobierno nacional realizar\u00e1 una m\u00ednima inversi\u00f3n en uno de los distritos que m\u00e1s lo respald\u00f3. El anuncio de la etapa II de la Rambla de Mar del Plata abre una comparaci\u00f3n de partidas y alcance de proyectos entre la gesti\u00f3n de Milei y la administraci\u00f3n provincial. Los datos bonaerenses. La Provincia invertir\u00e1 231.778 millones [&hellip;]","og_url":"https:\/\/treslineasnoticias.com.ar\/?p=21784","og_site_name":"Tres Lineas Noticias","article_published_time":"2026-01-26T09:22:00+00:00","article_modified_time":"2026-01-26T14:19:49+00:00","og_image":[{"width":2560,"height":1918,"url":"http:\/\/treslineasnoticias.com.ar\/wp-content\/uploads\/2026\/01\/b58a47aa20f66d3a80b98a2edc74637a-scaled.webp","type":"image\/webp"}],"author":"Horacio L\u00f3pez","twitter_card":"summary_large_image","twitter_misc":{"Escrito por":"Horacio L\u00f3pez","Tiempo de lectura":"7 minutos"},"schema":{"@context":"https:\/\/schema.org","@graph":[{"@type":"WebPage","@id":"https:\/\/treslineasnoticias.com.ar\/?p=21784","url":"https:\/\/treslineasnoticias.com.ar\/?p=21784","name":"Provincia invertir\u00e1 m\u00e1s de 7.000 veces m\u00e1s que la Naci\u00f3n en obra p\u00fablica en General Pueyrred\u00f3n - Tres Lineas Noticias","isPartOf":{"@id":"https:\/\/treslineasnoticias.com.ar\/#website"},"primaryImageOfPage":{"@id":"https:\/\/treslineasnoticias.com.ar\/?p=21784#primaryimage"},"image":{"@id":"https:\/\/treslineasnoticias.com.ar\/?p=21784#primaryimage"},"thumbnailUrl":"https:\/\/treslineasnoticias.com.ar\/wp-content\/uploads\/2026\/01\/b58a47aa20f66d3a80b98a2edc74637a-scaled.webp","datePublished":"2026-01-26T09:22:00+00:00","dateModified":"2026-01-26T14:19:49+00:00","author":{"@id":"https:\/\/treslineasnoticias.com.ar\/#\/schema\/person\/c5f7249e50517b84c2379b145ca14895"},"breadcrumb":{"@id":"https:\/\/treslineasnoticias.com.ar\/?p=21784#breadcrumb"},"inLanguage":"es","potentialAction":[{"@type":"ReadAction","target":["https:\/\/treslineasnoticias.com.ar\/?p=21784"]}]},{"@type":"ImageObject","inLanguage":"es","@id":"https:\/\/treslineasnoticias.com.ar\/?p=21784#primaryimage","url":"https:\/\/treslineasnoticias.com.ar\/wp-content\/uploads\/2026\/01\/b58a47aa20f66d3a80b98a2edc74637a-scaled.webp","contentUrl":"https:\/\/treslineasnoticias.com.ar\/wp-content\/uploads\/2026\/01\/b58a47aa20f66d3a80b98a2edc74637a-scaled.webp","width":2560,"height":1918},{"@type":"BreadcrumbList","@id":"https:\/\/treslineasnoticias.com.ar\/?p=21784#breadcrumb","itemListElement":[{"@type":"ListItem","position":1,"name":"Portada","item":"https:\/\/treslineasnoticias.com.ar\/"},{"@type":"ListItem","position":2,"name":"Provincia invertir\u00e1 m\u00e1s de 7.000 veces m\u00e1s que la Naci\u00f3n en obra p\u00fablica en General Pueyrred\u00f3n"}]},{"@type":"WebSite","@id":"https:\/\/treslineasnoticias.com.ar\/#website","url":"https:\/\/treslineasnoticias.com.ar\/","name":"Tres Lineas Noticias","description":"","potentialAction":[{"@type":"SearchAction","target":{"@type":"EntryPoint","urlTemplate":"https:\/\/treslineasnoticias.com.ar\/?s={search_term_string}"},"query-input":{"@type":"PropertyValueSpecification","valueRequired":true,"valueName":"search_term_string"}}],"inLanguage":"es"},{"@type":"Person","@id":"https:\/\/treslineasnoticias.com.ar\/#\/schema\/person\/c5f7249e50517b84c2379b145ca14895","name":"Horacio L\u00f3pez","image":{"@type":"ImageObject","inLanguage":"es","@id":"https:\/\/treslineasnoticias.com.ar\/#\/schema\/person\/image\/","url":"https:\/\/treslineasnoticias.com.ar\/wp-content\/litespeed\/avatar\/ddbec442f0224f940ce000570a0cb216.jpg?ver=1777068930","contentUrl":"https:\/\/treslineasnoticias.com.ar\/wp-content\/litespeed\/avatar\/ddbec442f0224f940ce000570a0cb216.jpg?ver=1777068930","caption":"Horacio L\u00f3pez"},"sameAs":["http:\/\/treslineasnoticias.com.ar"],"url":"https:\/\/treslineasnoticias.com.ar\/?author=3"}]}},"jetpack_featured_media_url":"https:\/\/treslineasnoticias.com.ar\/wp-content\/uploads\/2026\/01\/b58a47aa20f66d3a80b98a2edc74637a-scaled.webp","jetpack_sharing_enabled":true,"_links":{"self":[{"href":"https:\/\/treslineasnoticias.com.ar\/index.php?rest_route=\/wp\/v2\/posts\/21784","targetHints":{"allow":["GET"]}}],"collection":[{"href":"https:\/\/treslineasnoticias.com.ar\/index.php?rest_route=\/wp\/v2\/posts"}],"about":[{"href":"https:\/\/treslineasnoticias.com.ar\/index.php?rest_route=\/wp\/v2\/types\/post"}],"author":[{"embeddable":true,"href":"https:\/\/treslineasnoticias.com.ar\/index.php?rest_route=\/wp\/v2\/users\/3"}],"replies":[{"embeddable":true,"href":"https:\/\/treslineasnoticias.com.ar\/index.php?rest_route=%2Fwp%2Fv2%2Fcomments&post=21784"}],"version-history":[{"count":1,"href":"https:\/\/treslineasnoticias.com.ar\/index.php?rest_route=\/wp\/v2\/posts\/21784\/revisions"}],"predecessor-version":[{"id":21791,"href":"https:\/\/treslineasnoticias.com.ar\/index.php?rest_route=\/wp\/v2\/posts\/21784\/revisions\/21791"}],"wp:featuredmedia":[{"embeddable":true,"href":"https:\/\/treslineasnoticias.com.ar\/index.php?rest_route=\/wp\/v2\/media\/21785"}],"wp:attachment":[{"href":"https:\/\/treslineasnoticias.com.ar\/index.php?rest_route=%2Fwp%2Fv2%2Fmedia&parent=21784"}],"wp:term":[{"taxonomy":"category","embeddable":true,"href":"https:\/\/treslineasnoticias.com.ar\/index.php?rest_route=%2Fwp%2Fv2%2Fcategories&post=21784"},{"taxonomy":"post_tag","embeddable":true,"href":"https:\/\/treslineasnoticias.com.ar\/index.php?rest_route=%2Fwp%2Fv2%2Ftags&post=21784"}],"curies":[{"name":"wp","href":"https:\/\/api.w.org\/{rel}","templated":true}]}}