{"id":21792,"date":"2026-01-26T06:19:00","date_gmt":"2026-01-26T09:19:00","guid":{"rendered":"https:\/\/treslineasnoticias.com.ar\/?p=21792"},"modified":"2026-01-26T11:36:18","modified_gmt":"2026-01-26T14:36:18","slug":"denuncias-contra-demian-reidel-investigan-un-sobreprecio-del-140-en-la-limpieza-de-atucha","status":"publish","type":"post","link":"https:\/\/treslineasnoticias.com.ar\/?p=21792","title":{"rendered":"Denuncias contra Demian Reidel: investigan un sobreprecio del 140% en la limpieza de Atucha"},"content":{"rendered":"\n<p><strong><em>El presidente de Nucleoel\u00e9ctrica Argentina qued\u00f3 en el centro de una pol\u00e9mica por presunto direccionamiento y sobrecostos en una licitaci\u00f3n clave para las centrales nucleares.<\/em><\/strong><\/p>\n\n\n\n<p>Demian Reidel, presidente de Nucleoel\u00e9ctrica Argentina S.A., enfrenta una escalada de denuncias internas y judiciales por presuntas irregularidades en procesos de contrataci\u00f3n, con foco en una licitaci\u00f3n del servicio de limpieza de las centrales nucleares de Atucha que habr\u00eda implicado un sobreprecio estimado en m\u00e1s del 140% respecto del contrato vigente y de los valores hist\u00f3ricos del servicio.<\/p>\n\n\n\n<p><strong>Reidel es un economista y f\u00edsico con pasado en el Banco Central durante la gesti\u00f3n de Federico Sturzenegger<\/strong> (o sea amigo de los amigos, captas?), y se consolid\u00f3 como uno de los asesores econ\u00f3micos m\u00e1s cercanos al presidente Javier Milei, supo la Agencia Noticias Argentinas.<\/p>\n\n\n\n<figure class=\"wp-block-image size-large\"><img loading=\"lazy\" decoding=\"async\" width=\"1024\" height=\"576\" src=\"http:\/\/treslineasnoticias.com.ar\/wp-content\/uploads\/2026\/01\/Atucha-1024x576.jpeg\" alt=\"\" class=\"wp-image-21793\" srcset=\"https:\/\/treslineasnoticias.com.ar\/wp-content\/uploads\/2026\/01\/Atucha-1024x576.jpeg 1024w, https:\/\/treslineasnoticias.com.ar\/wp-content\/uploads\/2026\/01\/Atucha-300x169.jpeg 300w, https:\/\/treslineasnoticias.com.ar\/wp-content\/uploads\/2026\/01\/Atucha-768x432.jpeg 768w, https:\/\/treslineasnoticias.com.ar\/wp-content\/uploads\/2026\/01\/Atucha.jpeg 1200w\" sizes=\"auto, (max-width: 1024px) 100vw, 1024px\" \/><figcaption class=\"wp-element-caption\">ATUCHA I<\/figcaption><\/figure>\n\n\n\n<p><em>En la interna libertaria es considerado un funcionario de alto perfil t\u00e9cnico y fuerte impronta ideol\u00f3gica, con influencia directa en \u00e1reas estrat\u00e9gicas del Estado, entre ellas el sector energ\u00e9tico y nuclear. <strong>Es conocido como \u201cSatan\u00e1s\u201d, pero nadie sabe el porqu\u00e9 de esa calificaci\u00f3n en el \u00e1mbito libertario.<\/strong><\/em><\/p>\n\n\n\n<p>La denuncia que deton\u00f3 el conflicto surgi\u00f3 a partir de una licitaci\u00f3n para el servicio de limpieza en \u00e1reas sensibles de las centrales Atucha I y II, un servicio cr\u00edtico por tratarse de zonas con riesgo radiactivo.<\/p>\n\n\n\n<p>Seg\u00fan informaci\u00f3n publicada por Perfil, el proceso incluy\u00f3 cambios en los requisitos de admisibilidad, plazos acotados y criterios t\u00e9cnicos que redujeron dr\u00e1sticamente la competencia. De un total de nueve empresas oferentes, s\u00f3lo dos superaron el an\u00e1lisis t\u00e9cnico inicial: LX Argentina y La Mantovana Servicios Generales.<\/p>\n\n\n\n<p><strong>D\u00edas despu\u00e9s, y sin haber sido evaluada t\u00e9cnicamente por el \u00e1rea requirente, Limpiolux apareci\u00f3 incorporada en la etapa econ\u00f3mica, un punto que gener\u00f3 fuertes cuestionamientos internos por afectar la trazabilidad y el debido proceso administrativo.<\/strong><\/p>\n\n\n\n<p>Las tres firmas presentaron ofertas muy superiores a los valores vigentes, pero la de LX Argentina result\u00f3 la m\u00e1s baja dentro de ese grupo, lo que la posicion\u00f3 como eventual adjudicataria. La denuncia interna se\u00f1ala que el precio ofertado por esa empresa superaba en <strong>al menos un 140% el costo del contrato<\/strong> en ejecuci\u00f3n, lo que hubiera generado un perjuicio econ\u00f3mico significativo para la empresa estatal.<\/p>\n\n\n\n<figure class=\"wp-block-image size-large\"><img loading=\"lazy\" decoding=\"async\" width=\"1024\" height=\"576\" src=\"http:\/\/treslineasnoticias.com.ar\/wp-content\/uploads\/2026\/01\/Atucha-1024x576.jpg\" alt=\"\" class=\"wp-image-21794\" srcset=\"https:\/\/treslineasnoticias.com.ar\/wp-content\/uploads\/2026\/01\/Atucha-1024x576.jpg 1024w, https:\/\/treslineasnoticias.com.ar\/wp-content\/uploads\/2026\/01\/Atucha-300x169.jpg 300w, https:\/\/treslineasnoticias.com.ar\/wp-content\/uploads\/2026\/01\/Atucha-768x432.jpg 768w, https:\/\/treslineasnoticias.com.ar\/wp-content\/uploads\/2026\/01\/Atucha-1536x864.jpg 1536w, https:\/\/treslineasnoticias.com.ar\/wp-content\/uploads\/2026\/01\/Atucha-2048x1152.jpg 2048w\" sizes=\"auto, (max-width: 1024px) 100vw, 1024px\" \/><figcaption class=\"wp-element-caption\">ATUCHA II<\/figcaption><\/figure>\n\n\n\n<p>El gerente de planta de Atucha I-II, Juan Pablo Nolasco S\u00e1enz, elev\u00f3 una presentaci\u00f3n ante el Comit\u00e9 de Integridad en la que advirti\u00f3 sobre presiones internas, intentos de reformular informes t\u00e9cnicos ya emitidos y pedidos para \u201cjustificar\u201d econ\u00f3micamente ofertas m\u00e1s caras.<\/p>\n\n\n\n<p>Seg\u00fan ese escrito, tambi\u00e9n hubo intervenciones de \u00e1reas sin competencia t\u00e9cnica directa y llamados reiterados con car\u00e1cter de urgencia. Tras conocerse el contenido de la denuncia, el directorio de Nucleoel\u00e9ctrica resolvi\u00f3 frenar la licitaci\u00f3n y apartar de sus funciones al gerente general Marcelo Fam\u00e1 y al gerente de Coordinaci\u00f3n Administrativa Hern\u00e1n Pantuso, ambos designados por Reidel y considerados hombres de su confianza. La decisi\u00f3n expuso una fuerte interna en la conducci\u00f3n de la empresa.<\/p>\n\n\n\n<p>El caso no es aislado. <strong>Antes de que el conflicto tomara estado p\u00fablico, la empresa Distrib\u00f3n SRL ya hab\u00eda recurrido a la Justicia Federal para impugnar otra licitaci\u00f3n de limpieza de NASA por presunto direccionamiento<\/strong>, al cuestionar requisitos que consider\u00f3 arbitrarios y plazos imposibles de cumplir para servicios de alta complejidad t\u00e9cnica.<\/p>\n\n\n\n<p>En ese contexto, las denuncias por sobreprecios y direccionamiento pusieron bajo la lupa el esquema de compras y contrataciones de una empresa estrat\u00e9gica, en momentos en que el Gobierno impulsa la privatizaci\u00f3n de una parte del capital de Nucleoel\u00e9ctrica. El silencio p\u00fablico de Reidel frente a los cuestionamientos refuerza el clima de tensi\u00f3n interna y mantiene abierto un conflicto que, lejos de cerrarse, suma nuevos cap\u00edtulos. #AgenciaNA<\/p>\n","protected":false},"excerpt":{"rendered":"<p>El presidente de Nucleoel\u00e9ctrica Argentina qued\u00f3 en el centro de una pol\u00e9mica por presunto direccionamiento y sobrecostos en una licitaci\u00f3n clave para las centrales nucleares. Demian Reidel, presidente de Nucleoel\u00e9ctrica Argentina S.A., enfrenta una escalada de denuncias internas y judiciales por presuntas irregularidades en procesos de contrataci\u00f3n, con foco en una licitaci\u00f3n del servicio de [&hellip;]<\/p>\n","protected":false},"author":3,"featured_media":21795,"comment_status":"open","ping_status":"open","sticky":false,"template":"","format":"standard","meta":{"_jetpack_memberships_contains_paid_content":false,"footnotes":""},"categories":[14,9],"tags":[],"class_list":["post-21792","post","type-post","status-publish","format-standard","has-post-thumbnail","hentry","category-interes-general","category-nacionales"],"yoast_head":"<!-- This site is optimized with the Yoast SEO plugin v24.7 - https:\/\/yoast.com\/wordpress\/plugins\/seo\/ -->\n<title>Denuncias contra Demian Reidel: investigan un sobreprecio del 140% en la limpieza de Atucha - Tres Lineas Noticias<\/title>\n<meta name=\"robots\" content=\"index, follow, max-snippet:-1, max-image-preview:large, max-video-preview:-1\" \/>\n<link rel=\"canonical\" href=\"https:\/\/treslineasnoticias.com.ar\/?p=21792\" \/>\n<meta property=\"og:locale\" content=\"es_ES\" \/>\n<meta property=\"og:type\" content=\"article\" \/>\n<meta property=\"og:title\" content=\"Denuncias contra Demian Reidel: investigan un sobreprecio del 140% en la limpieza de Atucha - Tres Lineas Noticias\" \/>\n<meta property=\"og:description\" content=\"El presidente de Nucleoel\u00e9ctrica Argentina qued\u00f3 en el centro de una pol\u00e9mica por presunto direccionamiento y sobrecostos en una licitaci\u00f3n clave para las centrales nucleares. Demian Reidel, presidente de Nucleoel\u00e9ctrica Argentina S.A., enfrenta una escalada de denuncias internas y judiciales por presuntas irregularidades en procesos de contrataci\u00f3n, con foco en una licitaci\u00f3n del servicio de [&hellip;]\" \/>\n<meta property=\"og:url\" content=\"https:\/\/treslineasnoticias.com.ar\/?p=21792\" \/>\n<meta property=\"og:site_name\" content=\"Tres Lineas Noticias\" \/>\n<meta property=\"article:published_time\" content=\"2026-01-26T09:19:00+00:00\" \/>\n<meta property=\"article:modified_time\" content=\"2026-01-26T14:36:18+00:00\" \/>\n<meta property=\"og:image\" content=\"http:\/\/treslineasnoticias.com.ar\/wp-content\/uploads\/2026\/01\/720-28.webp\" \/>\n\t<meta property=\"og:image:width\" content=\"983\" \/>\n\t<meta property=\"og:image:height\" content=\"720\" \/>\n\t<meta property=\"og:image:type\" content=\"image\/webp\" \/>\n<meta name=\"author\" content=\"Horacio L\u00f3pez\" \/>\n<meta name=\"twitter:card\" content=\"summary_large_image\" \/>\n<meta name=\"twitter:label1\" content=\"Escrito por\" \/>\n\t<meta name=\"twitter:data1\" content=\"Horacio L\u00f3pez\" \/>\n\t<meta name=\"twitter:label2\" content=\"Tiempo de lectura\" \/>\n\t<meta name=\"twitter:data2\" content=\"4 minutos\" \/>\n<script type=\"application\/ld+json\" class=\"yoast-schema-graph\">{\"@context\":\"https:\/\/schema.org\",\"@graph\":[{\"@type\":\"WebPage\",\"@id\":\"https:\/\/treslineasnoticias.com.ar\/?p=21792\",\"url\":\"https:\/\/treslineasnoticias.com.ar\/?p=21792\",\"name\":\"Denuncias contra Demian Reidel: investigan un sobreprecio del 140% en la limpieza de Atucha - Tres Lineas Noticias\",\"isPartOf\":{\"@id\":\"https:\/\/treslineasnoticias.com.ar\/#website\"},\"primaryImageOfPage\":{\"@id\":\"https:\/\/treslineasnoticias.com.ar\/?p=21792#primaryimage\"},\"image\":{\"@id\":\"https:\/\/treslineasnoticias.com.ar\/?p=21792#primaryimage\"},\"thumbnailUrl\":\"https:\/\/treslineasnoticias.com.ar\/wp-content\/uploads\/2026\/01\/720-28.webp\",\"datePublished\":\"2026-01-26T09:19:00+00:00\",\"dateModified\":\"2026-01-26T14:36:18+00:00\",\"author\":{\"@id\":\"https:\/\/treslineasnoticias.com.ar\/#\/schema\/person\/c5f7249e50517b84c2379b145ca14895\"},\"breadcrumb\":{\"@id\":\"https:\/\/treslineasnoticias.com.ar\/?p=21792#breadcrumb\"},\"inLanguage\":\"es\",\"potentialAction\":[{\"@type\":\"ReadAction\",\"target\":[\"https:\/\/treslineasnoticias.com.ar\/?p=21792\"]}]},{\"@type\":\"ImageObject\",\"inLanguage\":\"es\",\"@id\":\"https:\/\/treslineasnoticias.com.ar\/?p=21792#primaryimage\",\"url\":\"https:\/\/treslineasnoticias.com.ar\/wp-content\/uploads\/2026\/01\/720-28.webp\",\"contentUrl\":\"https:\/\/treslineasnoticias.com.ar\/wp-content\/uploads\/2026\/01\/720-28.webp\",\"width\":983,\"height\":720,\"caption\":\"El presidente Javier Milei y Demian Reidel\"},{\"@type\":\"BreadcrumbList\",\"@id\":\"https:\/\/treslineasnoticias.com.ar\/?p=21792#breadcrumb\",\"itemListElement\":[{\"@type\":\"ListItem\",\"position\":1,\"name\":\"Portada\",\"item\":\"https:\/\/treslineasnoticias.com.ar\/\"},{\"@type\":\"ListItem\",\"position\":2,\"name\":\"Denuncias contra Demian Reidel: investigan un sobreprecio del 140% en la limpieza de Atucha\"}]},{\"@type\":\"WebSite\",\"@id\":\"https:\/\/treslineasnoticias.com.ar\/#website\",\"url\":\"https:\/\/treslineasnoticias.com.ar\/\",\"name\":\"Tres Lineas Noticias\",\"description\":\"\",\"potentialAction\":[{\"@type\":\"SearchAction\",\"target\":{\"@type\":\"EntryPoint\",\"urlTemplate\":\"https:\/\/treslineasnoticias.com.ar\/?s={search_term_string}\"},\"query-input\":{\"@type\":\"PropertyValueSpecification\",\"valueRequired\":true,\"valueName\":\"search_term_string\"}}],\"inLanguage\":\"es\"},{\"@type\":\"Person\",\"@id\":\"https:\/\/treslineasnoticias.com.ar\/#\/schema\/person\/c5f7249e50517b84c2379b145ca14895\",\"name\":\"Horacio L\u00f3pez\",\"image\":{\"@type\":\"ImageObject\",\"inLanguage\":\"es\",\"@id\":\"https:\/\/treslineasnoticias.com.ar\/#\/schema\/person\/image\/\",\"url\":\"https:\/\/treslineasnoticias.com.ar\/wp-content\/litespeed\/avatar\/ddbec442f0224f940ce000570a0cb216.jpg?ver=1777068930\",\"contentUrl\":\"https:\/\/treslineasnoticias.com.ar\/wp-content\/litespeed\/avatar\/ddbec442f0224f940ce000570a0cb216.jpg?ver=1777068930\",\"caption\":\"Horacio L\u00f3pez\"},\"sameAs\":[\"http:\/\/treslineasnoticias.com.ar\"],\"url\":\"https:\/\/treslineasnoticias.com.ar\/?author=3\"}]}<\/script>\n<!-- \/ Yoast SEO plugin. -->","yoast_head_json":{"title":"Denuncias contra Demian Reidel: investigan un sobreprecio del 140% en la limpieza de Atucha - Tres Lineas Noticias","robots":{"index":"index","follow":"follow","max-snippet":"max-snippet:-1","max-image-preview":"max-image-preview:large","max-video-preview":"max-video-preview:-1"},"canonical":"https:\/\/treslineasnoticias.com.ar\/?p=21792","og_locale":"es_ES","og_type":"article","og_title":"Denuncias contra Demian Reidel: investigan un sobreprecio del 140% en la limpieza de Atucha - Tres Lineas Noticias","og_description":"El presidente de Nucleoel\u00e9ctrica Argentina qued\u00f3 en el centro de una pol\u00e9mica por presunto direccionamiento y sobrecostos en una licitaci\u00f3n clave para las centrales nucleares. Demian Reidel, presidente de Nucleoel\u00e9ctrica Argentina S.A., enfrenta una escalada de denuncias internas y judiciales por presuntas irregularidades en procesos de contrataci\u00f3n, con foco en una licitaci\u00f3n del servicio de [&hellip;]","og_url":"https:\/\/treslineasnoticias.com.ar\/?p=21792","og_site_name":"Tres Lineas Noticias","article_published_time":"2026-01-26T09:19:00+00:00","article_modified_time":"2026-01-26T14:36:18+00:00","og_image":[{"width":983,"height":720,"url":"http:\/\/treslineasnoticias.com.ar\/wp-content\/uploads\/2026\/01\/720-28.webp","type":"image\/webp"}],"author":"Horacio L\u00f3pez","twitter_card":"summary_large_image","twitter_misc":{"Escrito por":"Horacio L\u00f3pez","Tiempo de lectura":"4 minutos"},"schema":{"@context":"https:\/\/schema.org","@graph":[{"@type":"WebPage","@id":"https:\/\/treslineasnoticias.com.ar\/?p=21792","url":"https:\/\/treslineasnoticias.com.ar\/?p=21792","name":"Denuncias contra Demian Reidel: investigan un sobreprecio del 140% en la limpieza de Atucha - Tres Lineas Noticias","isPartOf":{"@id":"https:\/\/treslineasnoticias.com.ar\/#website"},"primaryImageOfPage":{"@id":"https:\/\/treslineasnoticias.com.ar\/?p=21792#primaryimage"},"image":{"@id":"https:\/\/treslineasnoticias.com.ar\/?p=21792#primaryimage"},"thumbnailUrl":"https:\/\/treslineasnoticias.com.ar\/wp-content\/uploads\/2026\/01\/720-28.webp","datePublished":"2026-01-26T09:19:00+00:00","dateModified":"2026-01-26T14:36:18+00:00","author":{"@id":"https:\/\/treslineasnoticias.com.ar\/#\/schema\/person\/c5f7249e50517b84c2379b145ca14895"},"breadcrumb":{"@id":"https:\/\/treslineasnoticias.com.ar\/?p=21792#breadcrumb"},"inLanguage":"es","potentialAction":[{"@type":"ReadAction","target":["https:\/\/treslineasnoticias.com.ar\/?p=21792"]}]},{"@type":"ImageObject","inLanguage":"es","@id":"https:\/\/treslineasnoticias.com.ar\/?p=21792#primaryimage","url":"https:\/\/treslineasnoticias.com.ar\/wp-content\/uploads\/2026\/01\/720-28.webp","contentUrl":"https:\/\/treslineasnoticias.com.ar\/wp-content\/uploads\/2026\/01\/720-28.webp","width":983,"height":720,"caption":"El presidente Javier Milei y Demian Reidel"},{"@type":"BreadcrumbList","@id":"https:\/\/treslineasnoticias.com.ar\/?p=21792#breadcrumb","itemListElement":[{"@type":"ListItem","position":1,"name":"Portada","item":"https:\/\/treslineasnoticias.com.ar\/"},{"@type":"ListItem","position":2,"name":"Denuncias contra Demian Reidel: investigan un sobreprecio del 140% en la limpieza de Atucha"}]},{"@type":"WebSite","@id":"https:\/\/treslineasnoticias.com.ar\/#website","url":"https:\/\/treslineasnoticias.com.ar\/","name":"Tres Lineas Noticias","description":"","potentialAction":[{"@type":"SearchAction","target":{"@type":"EntryPoint","urlTemplate":"https:\/\/treslineasnoticias.com.ar\/?s={search_term_string}"},"query-input":{"@type":"PropertyValueSpecification","valueRequired":true,"valueName":"search_term_string"}}],"inLanguage":"es"},{"@type":"Person","@id":"https:\/\/treslineasnoticias.com.ar\/#\/schema\/person\/c5f7249e50517b84c2379b145ca14895","name":"Horacio L\u00f3pez","image":{"@type":"ImageObject","inLanguage":"es","@id":"https:\/\/treslineasnoticias.com.ar\/#\/schema\/person\/image\/","url":"https:\/\/treslineasnoticias.com.ar\/wp-content\/litespeed\/avatar\/ddbec442f0224f940ce000570a0cb216.jpg?ver=1777068930","contentUrl":"https:\/\/treslineasnoticias.com.ar\/wp-content\/litespeed\/avatar\/ddbec442f0224f940ce000570a0cb216.jpg?ver=1777068930","caption":"Horacio L\u00f3pez"},"sameAs":["http:\/\/treslineasnoticias.com.ar"],"url":"https:\/\/treslineasnoticias.com.ar\/?author=3"}]}},"jetpack_featured_media_url":"https:\/\/treslineasnoticias.com.ar\/wp-content\/uploads\/2026\/01\/720-28.webp","jetpack_sharing_enabled":true,"_links":{"self":[{"href":"https:\/\/treslineasnoticias.com.ar\/index.php?rest_route=\/wp\/v2\/posts\/21792","targetHints":{"allow":["GET"]}}],"collection":[{"href":"https:\/\/treslineasnoticias.com.ar\/index.php?rest_route=\/wp\/v2\/posts"}],"about":[{"href":"https:\/\/treslineasnoticias.com.ar\/index.php?rest_route=\/wp\/v2\/types\/post"}],"author":[{"embeddable":true,"href":"https:\/\/treslineasnoticias.com.ar\/index.php?rest_route=\/wp\/v2\/users\/3"}],"replies":[{"embeddable":true,"href":"https:\/\/treslineasnoticias.com.ar\/index.php?rest_route=%2Fwp%2Fv2%2Fcomments&post=21792"}],"version-history":[{"count":1,"href":"https:\/\/treslineasnoticias.com.ar\/index.php?rest_route=\/wp\/v2\/posts\/21792\/revisions"}],"predecessor-version":[{"id":21796,"href":"https:\/\/treslineasnoticias.com.ar\/index.php?rest_route=\/wp\/v2\/posts\/21792\/revisions\/21796"}],"wp:featuredmedia":[{"embeddable":true,"href":"https:\/\/treslineasnoticias.com.ar\/index.php?rest_route=\/wp\/v2\/media\/21795"}],"wp:attachment":[{"href":"https:\/\/treslineasnoticias.com.ar\/index.php?rest_route=%2Fwp%2Fv2%2Fmedia&parent=21792"}],"wp:term":[{"taxonomy":"category","embeddable":true,"href":"https:\/\/treslineasnoticias.com.ar\/index.php?rest_route=%2Fwp%2Fv2%2Fcategories&post=21792"},{"taxonomy":"post_tag","embeddable":true,"href":"https:\/\/treslineasnoticias.com.ar\/index.php?rest_route=%2Fwp%2Fv2%2Ftags&post=21792"}],"curies":[{"name":"wp","href":"https:\/\/api.w.org\/{rel}","templated":true}]}}