{"id":21803,"date":"2026-01-26T18:15:24","date_gmt":"2026-01-26T21:15:24","guid":{"rendered":"https:\/\/treslineasnoticias.com.ar\/?p=21803"},"modified":"2026-01-26T18:15:26","modified_gmt":"2026-01-26T21:15:26","slug":"jornada-sobre-manejo-responsable-de-residuos-solidos-urbanos-en-la-escuela-de-jardineria-municipal","status":"publish","type":"post","link":"https:\/\/treslineasnoticias.com.ar\/?p=21803","title":{"rendered":"Jornada sobre manejo responsable de residuos s\u00f3lidos urbanos en la Escuela de Jardiner\u00eda Municipal"},"content":{"rendered":"\n<p><strong><em>Este lunes, y en el marco del D\u00eda Mundial de la Educaci\u00f3n Ambiental, se desarroll\u00f3 un taller de Residuos S\u00f3lidos Urbanos (RSU), en la Escuela de Jardiner\u00eda Municipal \u201cEnriqueta Dey\u00e1\u201d, ubicada en Don Bosco 457, en Bernal, en el cual estuvo presente la intendenta interina de Quilmes, Eva Mieri.<\/em><\/strong><\/p>\n\n\n\n<p>\u201cLes agradecemos el compromiso a cada uno de ustedes, que en representaci\u00f3n de sus instituciones van a poder llevar herramientas que hagan a la mitigaci\u00f3n del cambio clim\u00e1tico en sus barrios y a la conciencia de construir entre todos y todas un Quilmes m\u00e1s lindo, m\u00e1s verde, m\u00e1s limpio y ambientalmente responsable\u201d, se\u00f1al\u00f3 Eva, acompa\u00f1ada por el secretario de Ambiente y GIRSU, Roberto Gaudio y la secretaria de Ni\u00f1ez y Desarrollo Social, Florencia Di Tullio.<\/p>\n\n\n\n<figure class=\"wp-block-image size-large\"><img loading=\"lazy\" decoding=\"async\" width=\"1024\" height=\"682\" src=\"http:\/\/treslineasnoticias.com.ar\/wp-content\/uploads\/2026\/01\/JORNADA-SOBRE-MANEJO-RESPONSABLE-DE-RESIDUOS-SOLIDOS-URBANOS-EN-LA-ESCUELA-DE-JARDINERIA-MUNICIPAL-1-1024x682.jpg\" alt=\"\" class=\"wp-image-21806\" srcset=\"https:\/\/treslineasnoticias.com.ar\/wp-content\/uploads\/2026\/01\/JORNADA-SOBRE-MANEJO-RESPONSABLE-DE-RESIDUOS-SOLIDOS-URBANOS-EN-LA-ESCUELA-DE-JARDINERIA-MUNICIPAL-1-1024x682.jpg 1024w, https:\/\/treslineasnoticias.com.ar\/wp-content\/uploads\/2026\/01\/JORNADA-SOBRE-MANEJO-RESPONSABLE-DE-RESIDUOS-SOLIDOS-URBANOS-EN-LA-ESCUELA-DE-JARDINERIA-MUNICIPAL-1-300x200.jpg 300w, https:\/\/treslineasnoticias.com.ar\/wp-content\/uploads\/2026\/01\/JORNADA-SOBRE-MANEJO-RESPONSABLE-DE-RESIDUOS-SOLIDOS-URBANOS-EN-LA-ESCUELA-DE-JARDINERIA-MUNICIPAL-1-768x512.jpg 768w, https:\/\/treslineasnoticias.com.ar\/wp-content\/uploads\/2026\/01\/JORNADA-SOBRE-MANEJO-RESPONSABLE-DE-RESIDUOS-SOLIDOS-URBANOS-EN-LA-ESCUELA-DE-JARDINERIA-MUNICIPAL-1.jpg 1079w\" sizes=\"auto, (max-width: 1024px) 100vw, 1024px\" \/><\/figure>\n\n\n\n<p>Por su parte, Gaudio detall\u00f3: \u201cQueremos que cada uno de los ciudadanos y ciudadanas de Quilmes empiecen a incorporar el cuidado del ambiente no solamente separando los residuos y sacando la basura cuando corresponde, sino tambi\u00e9n anim\u00e1ndonos en los espacios comunitarios a producir, a tener huerta y a compostar\u201d.<\/p>\n\n\n\n<p>En tanto, Di Tullio, destac\u00f3 que \u201cen el D\u00eda Mundial de la Educaci\u00f3n Ambiental, nos parec\u00eda oportuno compartir con representantes de centros de jubilados, una actividad para que no solamente podamos pasar un tiempo juntos intercambiando experiencias, sino tambi\u00e9n para ser conscientes del cuidado de nuestra tierra\u201d.<\/p>\n\n\n\n<p>Vale recordar que el D\u00eda Mundial de la Educaci\u00f3n Ambiental se celebra cada 26 de enero para concientizar sobre la importancia de proteger el ambiente y promover la participaci\u00f3n ciudadana en la sostenibilidad, una fecha que se estableci\u00f3 a ra\u00edz de la Declaraci\u00f3n de Estocolmo en 1972 y la posterior Carta de Belgrado en 1975.<\/p>\n\n\n\n<p>En ese marco, y en articulaci\u00f3n con la Direcci\u00f3n de Personas Mayores, se realiz\u00f3 primeramente un recorrido por el Parque Ambiental Quilmes (sede de la Escuela de Jardiner\u00eda), donde participaron tanto las autoridades presentes como un gran n\u00famero de instituciones locales, y luego se hizo entrega de composteras, eco tachos para separar en origen y un kit de semillas y siembra para iniciar una huerta, al mismo tiempo que se realiz\u00f3 un taller sobre cultivo responsable y manejo de residuos.<\/p>\n\n\n\n<figure class=\"wp-block-image size-large\"><img loading=\"lazy\" decoding=\"async\" width=\"1024\" height=\"683\" src=\"http:\/\/treslineasnoticias.com.ar\/wp-content\/uploads\/2026\/01\/JORNADA-SOBRE-MANEJO-RESPONSABLE-DE-RESIDUOS-SOLIDOS-URBANOS-EN-LA-ESCUELA-DE-JARDINERIA-MUNICIPAL-3-1024x683.jpg\" alt=\"\" class=\"wp-image-21804\" srcset=\"https:\/\/treslineasnoticias.com.ar\/wp-content\/uploads\/2026\/01\/JORNADA-SOBRE-MANEJO-RESPONSABLE-DE-RESIDUOS-SOLIDOS-URBANOS-EN-LA-ESCUELA-DE-JARDINERIA-MUNICIPAL-3-1024x683.jpg 1024w, https:\/\/treslineasnoticias.com.ar\/wp-content\/uploads\/2026\/01\/JORNADA-SOBRE-MANEJO-RESPONSABLE-DE-RESIDUOS-SOLIDOS-URBANOS-EN-LA-ESCUELA-DE-JARDINERIA-MUNICIPAL-3-300x200.jpg 300w, https:\/\/treslineasnoticias.com.ar\/wp-content\/uploads\/2026\/01\/JORNADA-SOBRE-MANEJO-RESPONSABLE-DE-RESIDUOS-SOLIDOS-URBANOS-EN-LA-ESCUELA-DE-JARDINERIA-MUNICIPAL-3-768x512.jpg 768w, https:\/\/treslineasnoticias.com.ar\/wp-content\/uploads\/2026\/01\/JORNADA-SOBRE-MANEJO-RESPONSABLE-DE-RESIDUOS-SOLIDOS-URBANOS-EN-LA-ESCUELA-DE-JARDINERIA-MUNICIPAL-3.jpg 1078w\" sizes=\"auto, (max-width: 1024px) 100vw, 1024px\" \/><\/figure>\n\n\n\n<p>En este contexto, la Subsecretar\u00eda de Ambiente y Desarrollo Sostenible, lanz\u00f3 tambi\u00e9n la propuesta \u201cTalleres de Verano: Encuentros abiertos a la comunidad\u201d, los s\u00e1bados en el Vivero Municipal Yolanda Ortiz y en el Parque Ambiental Quilmes. Los encuentros inician el 31 de enero y se sostienen en ambos espacios durante todos los s\u00e1bados del mes de febrero.<\/p>\n\n\n\n<p>Formaron parte del encuentro las siguientes instituciones: Barrio Santa Mar\u00eda, Mar de J\u00f3venes, Tiempo de Encuentro, Sonrisa Eterna, Zorzal, Vivir con Alegr\u00eda, La Primavera de los Abuelos, Hijos de Fierro, Volver a Vivir, Nuestros Tiempos, Nuestros Derechos, Esperanza de la Florida, Recuperando Sue\u00f1os, Honrar la Vida, 9 de Julio y Villa Esmeralda.<\/p>\n\n\n\n<p>Participaron tambi\u00e9n de la actividad el subsecretario de Ambiente y Desarrollo Sostenible, Dar\u00edo Ortiz\u00e1; las directoras de Educaci\u00f3n Ambiental, Adriana L\u00f3pez Leiva; de Entidades de Bien P\u00fablico, Sharon Lombard\u00eda; de Personas Mayores, Daniela Broeders, y diversos representantes de las instituciones participantes, entre otras autoridades y funcionarios.<\/p>\n","protected":false},"excerpt":{"rendered":"<p>Este lunes, y en el marco del D\u00eda Mundial de la Educaci\u00f3n Ambiental, se desarroll\u00f3 un taller de Residuos S\u00f3lidos Urbanos (RSU), en la Escuela de Jardiner\u00eda Municipal \u201cEnriqueta Dey\u00e1\u201d, ubicada en Don Bosco 457, en Bernal, en el cual estuvo presente la intendenta interina de Quilmes, Eva Mieri. \u201cLes agradecemos el compromiso a cada [&hellip;]<\/p>\n","protected":false},"author":3,"featured_media":21805,"comment_status":"open","ping_status":"open","sticky":false,"template":"","format":"standard","meta":{"_jetpack_memberships_contains_paid_content":false,"footnotes":""},"categories":[5],"tags":[],"class_list":["post-21803","post","type-post","status-publish","format-standard","has-post-thumbnail","hentry","category-quilmes"],"yoast_head":"<!-- This site is optimized with the Yoast SEO plugin v24.7 - https:\/\/yoast.com\/wordpress\/plugins\/seo\/ -->\n<title>Jornada sobre manejo responsable de residuos s\u00f3lidos urbanos en la Escuela de Jardiner\u00eda Municipal - Tres Lineas Noticias<\/title>\n<meta name=\"robots\" content=\"index, follow, max-snippet:-1, max-image-preview:large, max-video-preview:-1\" \/>\n<link rel=\"canonical\" href=\"https:\/\/treslineasnoticias.com.ar\/?p=21803\" \/>\n<meta property=\"og:locale\" content=\"es_ES\" \/>\n<meta property=\"og:type\" content=\"article\" \/>\n<meta property=\"og:title\" content=\"Jornada sobre manejo responsable de residuos s\u00f3lidos urbanos en la Escuela de Jardiner\u00eda Municipal - Tres Lineas Noticias\" \/>\n<meta property=\"og:description\" content=\"Este lunes, y en el marco del D\u00eda Mundial de la Educaci\u00f3n Ambiental, se desarroll\u00f3 un taller de Residuos S\u00f3lidos Urbanos (RSU), en la Escuela de Jardiner\u00eda Municipal \u201cEnriqueta Dey\u00e1\u201d, ubicada en Don Bosco 457, en Bernal, en el cual estuvo presente la intendenta interina de Quilmes, Eva Mieri. \u201cLes agradecemos el compromiso a cada [&hellip;]\" \/>\n<meta property=\"og:url\" content=\"https:\/\/treslineasnoticias.com.ar\/?p=21803\" \/>\n<meta property=\"og:site_name\" content=\"Tres Lineas Noticias\" \/>\n<meta property=\"article:published_time\" content=\"2026-01-26T21:15:24+00:00\" \/>\n<meta property=\"article:modified_time\" content=\"2026-01-26T21:15:26+00:00\" \/>\n<meta property=\"og:image\" content=\"http:\/\/treslineasnoticias.com.ar\/wp-content\/uploads\/2026\/01\/JORNADA-SOBRE-MANEJO-RESPONSABLE-DE-RESIDUOS-SOLIDOS-URBANOS-EN-LA-ESCUELA-DE-JARDINERIA-MUNICIPAL-2.jpg\" \/>\n\t<meta property=\"og:image:width\" content=\"1078\" \/>\n\t<meta property=\"og:image:height\" content=\"719\" \/>\n\t<meta property=\"og:image:type\" content=\"image\/jpeg\" \/>\n<meta name=\"author\" content=\"Horacio L\u00f3pez\" \/>\n<meta name=\"twitter:card\" content=\"summary_large_image\" \/>\n<meta name=\"twitter:label1\" content=\"Escrito por\" \/>\n\t<meta name=\"twitter:data1\" content=\"Horacio L\u00f3pez\" \/>\n\t<meta name=\"twitter:label2\" content=\"Tiempo de lectura\" \/>\n\t<meta name=\"twitter:data2\" content=\"3 minutos\" \/>\n<script type=\"application\/ld+json\" class=\"yoast-schema-graph\">{\"@context\":\"https:\/\/schema.org\",\"@graph\":[{\"@type\":\"WebPage\",\"@id\":\"https:\/\/treslineasnoticias.com.ar\/?p=21803\",\"url\":\"https:\/\/treslineasnoticias.com.ar\/?p=21803\",\"name\":\"Jornada sobre manejo responsable de residuos s\u00f3lidos urbanos en la Escuela de Jardiner\u00eda Municipal - Tres Lineas Noticias\",\"isPartOf\":{\"@id\":\"https:\/\/treslineasnoticias.com.ar\/#website\"},\"primaryImageOfPage\":{\"@id\":\"https:\/\/treslineasnoticias.com.ar\/?p=21803#primaryimage\"},\"image\":{\"@id\":\"https:\/\/treslineasnoticias.com.ar\/?p=21803#primaryimage\"},\"thumbnailUrl\":\"https:\/\/treslineasnoticias.com.ar\/wp-content\/uploads\/2026\/01\/JORNADA-SOBRE-MANEJO-RESPONSABLE-DE-RESIDUOS-SOLIDOS-URBANOS-EN-LA-ESCUELA-DE-JARDINERIA-MUNICIPAL-2.jpg\",\"datePublished\":\"2026-01-26T21:15:24+00:00\",\"dateModified\":\"2026-01-26T21:15:26+00:00\",\"author\":{\"@id\":\"https:\/\/treslineasnoticias.com.ar\/#\/schema\/person\/c5f7249e50517b84c2379b145ca14895\"},\"breadcrumb\":{\"@id\":\"https:\/\/treslineasnoticias.com.ar\/?p=21803#breadcrumb\"},\"inLanguage\":\"es\",\"potentialAction\":[{\"@type\":\"ReadAction\",\"target\":[\"https:\/\/treslineasnoticias.com.ar\/?p=21803\"]}]},{\"@type\":\"ImageObject\",\"inLanguage\":\"es\",\"@id\":\"https:\/\/treslineasnoticias.com.ar\/?p=21803#primaryimage\",\"url\":\"https:\/\/treslineasnoticias.com.ar\/wp-content\/uploads\/2026\/01\/JORNADA-SOBRE-MANEJO-RESPONSABLE-DE-RESIDUOS-SOLIDOS-URBANOS-EN-LA-ESCUELA-DE-JARDINERIA-MUNICIPAL-2.jpg\",\"contentUrl\":\"https:\/\/treslineasnoticias.com.ar\/wp-content\/uploads\/2026\/01\/JORNADA-SOBRE-MANEJO-RESPONSABLE-DE-RESIDUOS-SOLIDOS-URBANOS-EN-LA-ESCUELA-DE-JARDINERIA-MUNICIPAL-2.jpg\",\"width\":1078,\"height\":719},{\"@type\":\"BreadcrumbList\",\"@id\":\"https:\/\/treslineasnoticias.com.ar\/?p=21803#breadcrumb\",\"itemListElement\":[{\"@type\":\"ListItem\",\"position\":1,\"name\":\"Portada\",\"item\":\"https:\/\/treslineasnoticias.com.ar\/\"},{\"@type\":\"ListItem\",\"position\":2,\"name\":\"Jornada sobre manejo responsable de residuos s\u00f3lidos urbanos en la Escuela de Jardiner\u00eda Municipal\"}]},{\"@type\":\"WebSite\",\"@id\":\"https:\/\/treslineasnoticias.com.ar\/#website\",\"url\":\"https:\/\/treslineasnoticias.com.ar\/\",\"name\":\"Tres Lineas Noticias\",\"description\":\"\",\"potentialAction\":[{\"@type\":\"SearchAction\",\"target\":{\"@type\":\"EntryPoint\",\"urlTemplate\":\"https:\/\/treslineasnoticias.com.ar\/?s={search_term_string}\"},\"query-input\":{\"@type\":\"PropertyValueSpecification\",\"valueRequired\":true,\"valueName\":\"search_term_string\"}}],\"inLanguage\":\"es\"},{\"@type\":\"Person\",\"@id\":\"https:\/\/treslineasnoticias.com.ar\/#\/schema\/person\/c5f7249e50517b84c2379b145ca14895\",\"name\":\"Horacio L\u00f3pez\",\"image\":{\"@type\":\"ImageObject\",\"inLanguage\":\"es\",\"@id\":\"https:\/\/treslineasnoticias.com.ar\/#\/schema\/person\/image\/\",\"url\":\"https:\/\/treslineasnoticias.com.ar\/wp-content\/litespeed\/avatar\/ddbec442f0224f940ce000570a0cb216.jpg?ver=1777068930\",\"contentUrl\":\"https:\/\/treslineasnoticias.com.ar\/wp-content\/litespeed\/avatar\/ddbec442f0224f940ce000570a0cb216.jpg?ver=1777068930\",\"caption\":\"Horacio L\u00f3pez\"},\"sameAs\":[\"http:\/\/treslineasnoticias.com.ar\"],\"url\":\"https:\/\/treslineasnoticias.com.ar\/?author=3\"}]}<\/script>\n<!-- \/ Yoast SEO plugin. -->","yoast_head_json":{"title":"Jornada sobre manejo responsable de residuos s\u00f3lidos urbanos en la Escuela de Jardiner\u00eda Municipal - Tres Lineas Noticias","robots":{"index":"index","follow":"follow","max-snippet":"max-snippet:-1","max-image-preview":"max-image-preview:large","max-video-preview":"max-video-preview:-1"},"canonical":"https:\/\/treslineasnoticias.com.ar\/?p=21803","og_locale":"es_ES","og_type":"article","og_title":"Jornada sobre manejo responsable de residuos s\u00f3lidos urbanos en la Escuela de Jardiner\u00eda Municipal - Tres Lineas Noticias","og_description":"Este lunes, y en el marco del D\u00eda Mundial de la Educaci\u00f3n Ambiental, se desarroll\u00f3 un taller de Residuos S\u00f3lidos Urbanos (RSU), en la Escuela de Jardiner\u00eda Municipal \u201cEnriqueta Dey\u00e1\u201d, ubicada en Don Bosco 457, en Bernal, en el cual estuvo presente la intendenta interina de Quilmes, Eva Mieri. \u201cLes agradecemos el compromiso a cada [&hellip;]","og_url":"https:\/\/treslineasnoticias.com.ar\/?p=21803","og_site_name":"Tres Lineas Noticias","article_published_time":"2026-01-26T21:15:24+00:00","article_modified_time":"2026-01-26T21:15:26+00:00","og_image":[{"width":1078,"height":719,"url":"http:\/\/treslineasnoticias.com.ar\/wp-content\/uploads\/2026\/01\/JORNADA-SOBRE-MANEJO-RESPONSABLE-DE-RESIDUOS-SOLIDOS-URBANOS-EN-LA-ESCUELA-DE-JARDINERIA-MUNICIPAL-2.jpg","type":"image\/jpeg"}],"author":"Horacio L\u00f3pez","twitter_card":"summary_large_image","twitter_misc":{"Escrito por":"Horacio L\u00f3pez","Tiempo de lectura":"3 minutos"},"schema":{"@context":"https:\/\/schema.org","@graph":[{"@type":"WebPage","@id":"https:\/\/treslineasnoticias.com.ar\/?p=21803","url":"https:\/\/treslineasnoticias.com.ar\/?p=21803","name":"Jornada sobre manejo responsable de residuos s\u00f3lidos urbanos en la Escuela de Jardiner\u00eda Municipal - Tres Lineas Noticias","isPartOf":{"@id":"https:\/\/treslineasnoticias.com.ar\/#website"},"primaryImageOfPage":{"@id":"https:\/\/treslineasnoticias.com.ar\/?p=21803#primaryimage"},"image":{"@id":"https:\/\/treslineasnoticias.com.ar\/?p=21803#primaryimage"},"thumbnailUrl":"https:\/\/treslineasnoticias.com.ar\/wp-content\/uploads\/2026\/01\/JORNADA-SOBRE-MANEJO-RESPONSABLE-DE-RESIDUOS-SOLIDOS-URBANOS-EN-LA-ESCUELA-DE-JARDINERIA-MUNICIPAL-2.jpg","datePublished":"2026-01-26T21:15:24+00:00","dateModified":"2026-01-26T21:15:26+00:00","author":{"@id":"https:\/\/treslineasnoticias.com.ar\/#\/schema\/person\/c5f7249e50517b84c2379b145ca14895"},"breadcrumb":{"@id":"https:\/\/treslineasnoticias.com.ar\/?p=21803#breadcrumb"},"inLanguage":"es","potentialAction":[{"@type":"ReadAction","target":["https:\/\/treslineasnoticias.com.ar\/?p=21803"]}]},{"@type":"ImageObject","inLanguage":"es","@id":"https:\/\/treslineasnoticias.com.ar\/?p=21803#primaryimage","url":"https:\/\/treslineasnoticias.com.ar\/wp-content\/uploads\/2026\/01\/JORNADA-SOBRE-MANEJO-RESPONSABLE-DE-RESIDUOS-SOLIDOS-URBANOS-EN-LA-ESCUELA-DE-JARDINERIA-MUNICIPAL-2.jpg","contentUrl":"https:\/\/treslineasnoticias.com.ar\/wp-content\/uploads\/2026\/01\/JORNADA-SOBRE-MANEJO-RESPONSABLE-DE-RESIDUOS-SOLIDOS-URBANOS-EN-LA-ESCUELA-DE-JARDINERIA-MUNICIPAL-2.jpg","width":1078,"height":719},{"@type":"BreadcrumbList","@id":"https:\/\/treslineasnoticias.com.ar\/?p=21803#breadcrumb","itemListElement":[{"@type":"ListItem","position":1,"name":"Portada","item":"https:\/\/treslineasnoticias.com.ar\/"},{"@type":"ListItem","position":2,"name":"Jornada sobre manejo responsable de residuos s\u00f3lidos urbanos en la Escuela de Jardiner\u00eda Municipal"}]},{"@type":"WebSite","@id":"https:\/\/treslineasnoticias.com.ar\/#website","url":"https:\/\/treslineasnoticias.com.ar\/","name":"Tres Lineas Noticias","description":"","potentialAction":[{"@type":"SearchAction","target":{"@type":"EntryPoint","urlTemplate":"https:\/\/treslineasnoticias.com.ar\/?s={search_term_string}"},"query-input":{"@type":"PropertyValueSpecification","valueRequired":true,"valueName":"search_term_string"}}],"inLanguage":"es"},{"@type":"Person","@id":"https:\/\/treslineasnoticias.com.ar\/#\/schema\/person\/c5f7249e50517b84c2379b145ca14895","name":"Horacio L\u00f3pez","image":{"@type":"ImageObject","inLanguage":"es","@id":"https:\/\/treslineasnoticias.com.ar\/#\/schema\/person\/image\/","url":"https:\/\/treslineasnoticias.com.ar\/wp-content\/litespeed\/avatar\/ddbec442f0224f940ce000570a0cb216.jpg?ver=1777068930","contentUrl":"https:\/\/treslineasnoticias.com.ar\/wp-content\/litespeed\/avatar\/ddbec442f0224f940ce000570a0cb216.jpg?ver=1777068930","caption":"Horacio L\u00f3pez"},"sameAs":["http:\/\/treslineasnoticias.com.ar"],"url":"https:\/\/treslineasnoticias.com.ar\/?author=3"}]}},"jetpack_featured_media_url":"https:\/\/treslineasnoticias.com.ar\/wp-content\/uploads\/2026\/01\/JORNADA-SOBRE-MANEJO-RESPONSABLE-DE-RESIDUOS-SOLIDOS-URBANOS-EN-LA-ESCUELA-DE-JARDINERIA-MUNICIPAL-2.jpg","jetpack_sharing_enabled":true,"_links":{"self":[{"href":"https:\/\/treslineasnoticias.com.ar\/index.php?rest_route=\/wp\/v2\/posts\/21803","targetHints":{"allow":["GET"]}}],"collection":[{"href":"https:\/\/treslineasnoticias.com.ar\/index.php?rest_route=\/wp\/v2\/posts"}],"about":[{"href":"https:\/\/treslineasnoticias.com.ar\/index.php?rest_route=\/wp\/v2\/types\/post"}],"author":[{"embeddable":true,"href":"https:\/\/treslineasnoticias.com.ar\/index.php?rest_route=\/wp\/v2\/users\/3"}],"replies":[{"embeddable":true,"href":"https:\/\/treslineasnoticias.com.ar\/index.php?rest_route=%2Fwp%2Fv2%2Fcomments&post=21803"}],"version-history":[{"count":1,"href":"https:\/\/treslineasnoticias.com.ar\/index.php?rest_route=\/wp\/v2\/posts\/21803\/revisions"}],"predecessor-version":[{"id":21807,"href":"https:\/\/treslineasnoticias.com.ar\/index.php?rest_route=\/wp\/v2\/posts\/21803\/revisions\/21807"}],"wp:featuredmedia":[{"embeddable":true,"href":"https:\/\/treslineasnoticias.com.ar\/index.php?rest_route=\/wp\/v2\/media\/21805"}],"wp:attachment":[{"href":"https:\/\/treslineasnoticias.com.ar\/index.php?rest_route=%2Fwp%2Fv2%2Fmedia&parent=21803"}],"wp:term":[{"taxonomy":"category","embeddable":true,"href":"https:\/\/treslineasnoticias.com.ar\/index.php?rest_route=%2Fwp%2Fv2%2Fcategories&post=21803"},{"taxonomy":"post_tag","embeddable":true,"href":"https:\/\/treslineasnoticias.com.ar\/index.php?rest_route=%2Fwp%2Fv2%2Ftags&post=21803"}],"curies":[{"name":"wp","href":"https:\/\/api.w.org\/{rel}","templated":true}]}}