{"id":23236,"date":"2026-03-11T19:32:13","date_gmt":"2026-03-11T22:32:13","guid":{"rendered":"https:\/\/treslineasnoticias.com.ar\/?p=23236"},"modified":"2026-03-11T19:32:16","modified_gmt":"2026-03-11T22:32:16","slug":"jorge-ferraresi-entrego-kits-de-punta-en-blanco-en-el-parque-la-estacion","status":"publish","type":"post","link":"https:\/\/treslineasnoticias.com.ar\/?p=23236","title":{"rendered":"Jorge Ferraresi entreg\u00f3 kits \u201cDe Punta En Blanco\u201d en el Parque La Estaci\u00f3n"},"content":{"rendered":"\n<p><strong><em>El programa municipal est\u00e1 destinado a chicos y chicas de escuelas primarias p\u00fablicas y 100% subvencionadas de Avellaneda.<\/em><\/strong><\/p>\n\n\n\n<p>El intendente de Avellaneda, Jorge Ferraresi, encabez\u00f3 ayer en el Parque La Estaci\u00f3n la entrega de kits a los alumnas y alumnos de las escuelas primarias N\u00b0 5, 24, 27, 61 y 66.<\/p>\n\n\n\n<figure class=\"wp-block-image size-large\"><img loading=\"lazy\" decoding=\"async\" width=\"1024\" height=\"683\" src=\"http:\/\/treslineasnoticias.com.ar\/wp-content\/uploads\/2026\/03\/648828984_1472406037578793_5763864173404103726_n-1024x683.jpg\" alt=\"\" class=\"wp-image-23238\" srcset=\"https:\/\/treslineasnoticias.com.ar\/wp-content\/uploads\/2026\/03\/648828984_1472406037578793_5763864173404103726_n-1024x683.jpg 1024w, https:\/\/treslineasnoticias.com.ar\/wp-content\/uploads\/2026\/03\/648828984_1472406037578793_5763864173404103726_n-300x200.jpg 300w, https:\/\/treslineasnoticias.com.ar\/wp-content\/uploads\/2026\/03\/648828984_1472406037578793_5763864173404103726_n-768x512.jpg 768w, https:\/\/treslineasnoticias.com.ar\/wp-content\/uploads\/2026\/03\/648828984_1472406037578793_5763864173404103726_n-1536x1024.jpg 1536w, https:\/\/treslineasnoticias.com.ar\/wp-content\/uploads\/2026\/03\/648828984_1472406037578793_5763864173404103726_n.jpg 1600w\" sizes=\"auto, (max-width: 1024px) 100vw, 1024px\" \/><\/figure>\n\n\n\n<p>Los kits contienen un par de zapatillas, una mochila y un guardapolvo. Como requisito, hay que presentar el DNI original y fotocopia del ni\u00f1o o ni\u00f1a y original del adulto responsable.<\/p>\n\n\n\n<p>\u201cDe punta en blanco\u201d es un programa municipal para todos los chicos de escuelas primarias p\u00fablicas y 100% subvencionadas de Avellaneda. Fue creado en 2019 y ya entreg\u00f3 m\u00e1s de 56.800 kits, llegando a 73 primarias locales de distintas modalidades de nuestra ciudad.<\/p>\n\n\n\n<p>Por otro lado, en articulaci\u00f3n con la Secretar\u00eda de Salud local, se llev\u00f3 adelante el operativo del programa \u201cTe veo bien\u201d que, luego de controles visuales, otorga un par de lentes a los ni\u00f1os sin cobertura m\u00e9dica. Adem\u00e1s, hay control bucal y de vacunas.<\/p>\n\n\n\n<figure class=\"wp-block-image size-large\"><img loading=\"lazy\" decoding=\"async\" width=\"1024\" height=\"682\" src=\"http:\/\/treslineasnoticias.com.ar\/wp-content\/uploads\/2026\/03\/649258982_1472406040912126_5155084220667471555_n-1024x682.jpg\" alt=\"\" class=\"wp-image-23239\" srcset=\"https:\/\/treslineasnoticias.com.ar\/wp-content\/uploads\/2026\/03\/649258982_1472406040912126_5155084220667471555_n-1024x682.jpg 1024w, https:\/\/treslineasnoticias.com.ar\/wp-content\/uploads\/2026\/03\/649258982_1472406040912126_5155084220667471555_n-300x200.jpg 300w, https:\/\/treslineasnoticias.com.ar\/wp-content\/uploads\/2026\/03\/649258982_1472406040912126_5155084220667471555_n-768x512.jpg 768w, https:\/\/treslineasnoticias.com.ar\/wp-content\/uploads\/2026\/03\/649258982_1472406040912126_5155084220667471555_n-1536x1023.jpg 1536w, https:\/\/treslineasnoticias.com.ar\/wp-content\/uploads\/2026\/03\/649258982_1472406040912126_5155084220667471555_n.jpg 1600w\" sizes=\"auto, (max-width: 1024px) 100vw, 1024px\" \/><\/figure>\n\n\n\n<p>Tambi\u00e9n se pueden realizar consultas y tr\u00e1mites en los stands del Observatorio Social y tramitar la actualizaci\u00f3n del DNI en el stand del Registro Provincial de las Personas.<\/p>\n\n\n\n<p>Del operativo participaron las secretarias de Desarrollo Social, Paula Bonetti; de Educaci\u00f3n, Claudia Colaso; y de Salud, Virginia Alga\u00f1araz.<\/p>\n\n\n\n<p>Las entregas se realizan de 17 a 18.30 en G\u00fcemes 700. La fecha de entrega correspondiente a cada escuela est\u00e1 disponible en&nbsp;<a href=\"https:\/\/www.mda.gob.ar\/noticias\/comienza-la-entrega-de-kits-de-punta-en-blanco\/\" target=\"_blank\" rel=\"noreferrer noopener\">https:\/\/www.mda.gob.ar\/noticias\/comienza-la-entrega-de-kits-de-punta-en-blanco\/<\/a><\/p>\n","protected":false},"excerpt":{"rendered":"<p>El programa municipal est\u00e1 destinado a chicos y chicas de escuelas primarias p\u00fablicas y 100% subvencionadas de Avellaneda. El intendente de Avellaneda, Jorge Ferraresi, encabez\u00f3 ayer en el Parque La Estaci\u00f3n la entrega de kits a los alumnas y alumnos de las escuelas primarias N\u00b0 5, 24, 27, 61 y 66. Los kits contienen un [&hellip;]<\/p>\n","protected":false},"author":3,"featured_media":23237,"comment_status":"open","ping_status":"open","sticky":false,"template":"","format":"standard","meta":{"_jetpack_memberships_contains_paid_content":false,"footnotes":""},"categories":[7],"tags":[],"class_list":["post-23236","post","type-post","status-publish","format-standard","has-post-thumbnail","hentry","category-avellaneda"],"yoast_head":"<!-- This site is optimized with the Yoast SEO plugin v24.7 - https:\/\/yoast.com\/wordpress\/plugins\/seo\/ -->\n<title>Jorge Ferraresi entreg\u00f3 kits \u201cDe Punta En Blanco\u201d en el Parque La Estaci\u00f3n - Tres Lineas Noticias<\/title>\n<meta name=\"robots\" content=\"index, follow, max-snippet:-1, max-image-preview:large, max-video-preview:-1\" \/>\n<link rel=\"canonical\" href=\"https:\/\/treslineasnoticias.com.ar\/?p=23236\" \/>\n<meta property=\"og:locale\" content=\"es_ES\" \/>\n<meta property=\"og:type\" content=\"article\" \/>\n<meta property=\"og:title\" content=\"Jorge Ferraresi entreg\u00f3 kits \u201cDe Punta En Blanco\u201d en el Parque La Estaci\u00f3n - Tres Lineas Noticias\" \/>\n<meta property=\"og:description\" content=\"El programa municipal est\u00e1 destinado a chicos y chicas de escuelas primarias p\u00fablicas y 100% subvencionadas de Avellaneda. El intendente de Avellaneda, Jorge Ferraresi, encabez\u00f3 ayer en el Parque La Estaci\u00f3n la entrega de kits a los alumnas y alumnos de las escuelas primarias N\u00b0 5, 24, 27, 61 y 66. Los kits contienen un [&hellip;]\" \/>\n<meta property=\"og:url\" content=\"https:\/\/treslineasnoticias.com.ar\/?p=23236\" \/>\n<meta property=\"og:site_name\" content=\"Tres Lineas Noticias\" \/>\n<meta property=\"article:published_time\" content=\"2026-03-11T22:32:13+00:00\" \/>\n<meta property=\"article:modified_time\" content=\"2026-03-11T22:32:16+00:00\" \/>\n<meta property=\"og:image\" content=\"http:\/\/treslineasnoticias.com.ar\/wp-content\/uploads\/2026\/03\/648903433_1472406010912129_2401337524025674002_n.jpg\" \/>\n\t<meta property=\"og:image:width\" content=\"1426\" \/>\n\t<meta property=\"og:image:height\" content=\"950\" \/>\n\t<meta property=\"og:image:type\" content=\"image\/jpeg\" \/>\n<meta name=\"author\" content=\"Horacio L\u00f3pez\" \/>\n<meta name=\"twitter:card\" content=\"summary_large_image\" \/>\n<meta name=\"twitter:label1\" content=\"Escrito por\" \/>\n\t<meta name=\"twitter:data1\" content=\"Horacio L\u00f3pez\" \/>\n\t<meta name=\"twitter:label2\" content=\"Tiempo de lectura\" \/>\n\t<meta name=\"twitter:data2\" content=\"2 minutos\" \/>\n<script type=\"application\/ld+json\" class=\"yoast-schema-graph\">{\"@context\":\"https:\/\/schema.org\",\"@graph\":[{\"@type\":\"WebPage\",\"@id\":\"https:\/\/treslineasnoticias.com.ar\/?p=23236\",\"url\":\"https:\/\/treslineasnoticias.com.ar\/?p=23236\",\"name\":\"Jorge Ferraresi entreg\u00f3 kits \u201cDe Punta En Blanco\u201d en el Parque La Estaci\u00f3n - Tres Lineas Noticias\",\"isPartOf\":{\"@id\":\"https:\/\/treslineasnoticias.com.ar\/#website\"},\"primaryImageOfPage\":{\"@id\":\"https:\/\/treslineasnoticias.com.ar\/?p=23236#primaryimage\"},\"image\":{\"@id\":\"https:\/\/treslineasnoticias.com.ar\/?p=23236#primaryimage\"},\"thumbnailUrl\":\"https:\/\/treslineasnoticias.com.ar\/wp-content\/uploads\/2026\/03\/648903433_1472406010912129_2401337524025674002_n.jpg\",\"datePublished\":\"2026-03-11T22:32:13+00:00\",\"dateModified\":\"2026-03-11T22:32:16+00:00\",\"author\":{\"@id\":\"https:\/\/treslineasnoticias.com.ar\/#\/schema\/person\/c5f7249e50517b84c2379b145ca14895\"},\"breadcrumb\":{\"@id\":\"https:\/\/treslineasnoticias.com.ar\/?p=23236#breadcrumb\"},\"inLanguage\":\"es\",\"potentialAction\":[{\"@type\":\"ReadAction\",\"target\":[\"https:\/\/treslineasnoticias.com.ar\/?p=23236\"]}]},{\"@type\":\"ImageObject\",\"inLanguage\":\"es\",\"@id\":\"https:\/\/treslineasnoticias.com.ar\/?p=23236#primaryimage\",\"url\":\"https:\/\/treslineasnoticias.com.ar\/wp-content\/uploads\/2026\/03\/648903433_1472406010912129_2401337524025674002_n.jpg\",\"contentUrl\":\"https:\/\/treslineasnoticias.com.ar\/wp-content\/uploads\/2026\/03\/648903433_1472406010912129_2401337524025674002_n.jpg\",\"width\":1426,\"height\":950},{\"@type\":\"BreadcrumbList\",\"@id\":\"https:\/\/treslineasnoticias.com.ar\/?p=23236#breadcrumb\",\"itemListElement\":[{\"@type\":\"ListItem\",\"position\":1,\"name\":\"Portada\",\"item\":\"https:\/\/treslineasnoticias.com.ar\/\"},{\"@type\":\"ListItem\",\"position\":2,\"name\":\"Jorge Ferraresi entreg\u00f3 kits \u201cDe Punta En Blanco\u201d en el Parque La Estaci\u00f3n\"}]},{\"@type\":\"WebSite\",\"@id\":\"https:\/\/treslineasnoticias.com.ar\/#website\",\"url\":\"https:\/\/treslineasnoticias.com.ar\/\",\"name\":\"Tres Lineas Noticias\",\"description\":\"\",\"potentialAction\":[{\"@type\":\"SearchAction\",\"target\":{\"@type\":\"EntryPoint\",\"urlTemplate\":\"https:\/\/treslineasnoticias.com.ar\/?s={search_term_string}\"},\"query-input\":{\"@type\":\"PropertyValueSpecification\",\"valueRequired\":true,\"valueName\":\"search_term_string\"}}],\"inLanguage\":\"es\"},{\"@type\":\"Person\",\"@id\":\"https:\/\/treslineasnoticias.com.ar\/#\/schema\/person\/c5f7249e50517b84c2379b145ca14895\",\"name\":\"Horacio L\u00f3pez\",\"image\":{\"@type\":\"ImageObject\",\"inLanguage\":\"es\",\"@id\":\"https:\/\/treslineasnoticias.com.ar\/#\/schema\/person\/image\/\",\"url\":\"https:\/\/treslineasnoticias.com.ar\/wp-content\/litespeed\/avatar\/ddbec442f0224f940ce000570a0cb216.jpg?ver=1777068930\",\"contentUrl\":\"https:\/\/treslineasnoticias.com.ar\/wp-content\/litespeed\/avatar\/ddbec442f0224f940ce000570a0cb216.jpg?ver=1777068930\",\"caption\":\"Horacio L\u00f3pez\"},\"sameAs\":[\"http:\/\/treslineasnoticias.com.ar\"],\"url\":\"https:\/\/treslineasnoticias.com.ar\/?author=3\"}]}<\/script>\n<!-- \/ Yoast SEO plugin. -->","yoast_head_json":{"title":"Jorge Ferraresi entreg\u00f3 kits \u201cDe Punta En Blanco\u201d en el Parque La Estaci\u00f3n - Tres Lineas Noticias","robots":{"index":"index","follow":"follow","max-snippet":"max-snippet:-1","max-image-preview":"max-image-preview:large","max-video-preview":"max-video-preview:-1"},"canonical":"https:\/\/treslineasnoticias.com.ar\/?p=23236","og_locale":"es_ES","og_type":"article","og_title":"Jorge Ferraresi entreg\u00f3 kits \u201cDe Punta En Blanco\u201d en el Parque La Estaci\u00f3n - Tres Lineas Noticias","og_description":"El programa municipal est\u00e1 destinado a chicos y chicas de escuelas primarias p\u00fablicas y 100% subvencionadas de Avellaneda. El intendente de Avellaneda, Jorge Ferraresi, encabez\u00f3 ayer en el Parque La Estaci\u00f3n la entrega de kits a los alumnas y alumnos de las escuelas primarias N\u00b0 5, 24, 27, 61 y 66. Los kits contienen un [&hellip;]","og_url":"https:\/\/treslineasnoticias.com.ar\/?p=23236","og_site_name":"Tres Lineas Noticias","article_published_time":"2026-03-11T22:32:13+00:00","article_modified_time":"2026-03-11T22:32:16+00:00","og_image":[{"width":1426,"height":950,"url":"http:\/\/treslineasnoticias.com.ar\/wp-content\/uploads\/2026\/03\/648903433_1472406010912129_2401337524025674002_n.jpg","type":"image\/jpeg"}],"author":"Horacio L\u00f3pez","twitter_card":"summary_large_image","twitter_misc":{"Escrito por":"Horacio L\u00f3pez","Tiempo de lectura":"2 minutos"},"schema":{"@context":"https:\/\/schema.org","@graph":[{"@type":"WebPage","@id":"https:\/\/treslineasnoticias.com.ar\/?p=23236","url":"https:\/\/treslineasnoticias.com.ar\/?p=23236","name":"Jorge Ferraresi entreg\u00f3 kits \u201cDe Punta En Blanco\u201d en el Parque La Estaci\u00f3n - Tres Lineas Noticias","isPartOf":{"@id":"https:\/\/treslineasnoticias.com.ar\/#website"},"primaryImageOfPage":{"@id":"https:\/\/treslineasnoticias.com.ar\/?p=23236#primaryimage"},"image":{"@id":"https:\/\/treslineasnoticias.com.ar\/?p=23236#primaryimage"},"thumbnailUrl":"https:\/\/treslineasnoticias.com.ar\/wp-content\/uploads\/2026\/03\/648903433_1472406010912129_2401337524025674002_n.jpg","datePublished":"2026-03-11T22:32:13+00:00","dateModified":"2026-03-11T22:32:16+00:00","author":{"@id":"https:\/\/treslineasnoticias.com.ar\/#\/schema\/person\/c5f7249e50517b84c2379b145ca14895"},"breadcrumb":{"@id":"https:\/\/treslineasnoticias.com.ar\/?p=23236#breadcrumb"},"inLanguage":"es","potentialAction":[{"@type":"ReadAction","target":["https:\/\/treslineasnoticias.com.ar\/?p=23236"]}]},{"@type":"ImageObject","inLanguage":"es","@id":"https:\/\/treslineasnoticias.com.ar\/?p=23236#primaryimage","url":"https:\/\/treslineasnoticias.com.ar\/wp-content\/uploads\/2026\/03\/648903433_1472406010912129_2401337524025674002_n.jpg","contentUrl":"https:\/\/treslineasnoticias.com.ar\/wp-content\/uploads\/2026\/03\/648903433_1472406010912129_2401337524025674002_n.jpg","width":1426,"height":950},{"@type":"BreadcrumbList","@id":"https:\/\/treslineasnoticias.com.ar\/?p=23236#breadcrumb","itemListElement":[{"@type":"ListItem","position":1,"name":"Portada","item":"https:\/\/treslineasnoticias.com.ar\/"},{"@type":"ListItem","position":2,"name":"Jorge Ferraresi entreg\u00f3 kits \u201cDe Punta En Blanco\u201d en el Parque La Estaci\u00f3n"}]},{"@type":"WebSite","@id":"https:\/\/treslineasnoticias.com.ar\/#website","url":"https:\/\/treslineasnoticias.com.ar\/","name":"Tres Lineas Noticias","description":"","potentialAction":[{"@type":"SearchAction","target":{"@type":"EntryPoint","urlTemplate":"https:\/\/treslineasnoticias.com.ar\/?s={search_term_string}"},"query-input":{"@type":"PropertyValueSpecification","valueRequired":true,"valueName":"search_term_string"}}],"inLanguage":"es"},{"@type":"Person","@id":"https:\/\/treslineasnoticias.com.ar\/#\/schema\/person\/c5f7249e50517b84c2379b145ca14895","name":"Horacio L\u00f3pez","image":{"@type":"ImageObject","inLanguage":"es","@id":"https:\/\/treslineasnoticias.com.ar\/#\/schema\/person\/image\/","url":"https:\/\/treslineasnoticias.com.ar\/wp-content\/litespeed\/avatar\/ddbec442f0224f940ce000570a0cb216.jpg?ver=1777068930","contentUrl":"https:\/\/treslineasnoticias.com.ar\/wp-content\/litespeed\/avatar\/ddbec442f0224f940ce000570a0cb216.jpg?ver=1777068930","caption":"Horacio L\u00f3pez"},"sameAs":["http:\/\/treslineasnoticias.com.ar"],"url":"https:\/\/treslineasnoticias.com.ar\/?author=3"}]}},"jetpack_featured_media_url":"https:\/\/treslineasnoticias.com.ar\/wp-content\/uploads\/2026\/03\/648903433_1472406010912129_2401337524025674002_n.jpg","jetpack_sharing_enabled":true,"_links":{"self":[{"href":"https:\/\/treslineasnoticias.com.ar\/index.php?rest_route=\/wp\/v2\/posts\/23236","targetHints":{"allow":["GET"]}}],"collection":[{"href":"https:\/\/treslineasnoticias.com.ar\/index.php?rest_route=\/wp\/v2\/posts"}],"about":[{"href":"https:\/\/treslineasnoticias.com.ar\/index.php?rest_route=\/wp\/v2\/types\/post"}],"author":[{"embeddable":true,"href":"https:\/\/treslineasnoticias.com.ar\/index.php?rest_route=\/wp\/v2\/users\/3"}],"replies":[{"embeddable":true,"href":"https:\/\/treslineasnoticias.com.ar\/index.php?rest_route=%2Fwp%2Fv2%2Fcomments&post=23236"}],"version-history":[{"count":1,"href":"https:\/\/treslineasnoticias.com.ar\/index.php?rest_route=\/wp\/v2\/posts\/23236\/revisions"}],"predecessor-version":[{"id":23240,"href":"https:\/\/treslineasnoticias.com.ar\/index.php?rest_route=\/wp\/v2\/posts\/23236\/revisions\/23240"}],"wp:featuredmedia":[{"embeddable":true,"href":"https:\/\/treslineasnoticias.com.ar\/index.php?rest_route=\/wp\/v2\/media\/23237"}],"wp:attachment":[{"href":"https:\/\/treslineasnoticias.com.ar\/index.php?rest_route=%2Fwp%2Fv2%2Fmedia&parent=23236"}],"wp:term":[{"taxonomy":"category","embeddable":true,"href":"https:\/\/treslineasnoticias.com.ar\/index.php?rest_route=%2Fwp%2Fv2%2Fcategories&post=23236"},{"taxonomy":"post_tag","embeddable":true,"href":"https:\/\/treslineasnoticias.com.ar\/index.php?rest_route=%2Fwp%2Fv2%2Ftags&post=23236"}],"curies":[{"name":"wp","href":"https:\/\/api.w.org\/{rel}","templated":true}]}}