{"id":23250,"date":"2026-03-11T19:44:22","date_gmt":"2026-03-11T22:44:22","guid":{"rendered":"https:\/\/treslineasnoticias.com.ar\/?p=23250"},"modified":"2026-03-11T19:44:24","modified_gmt":"2026-03-11T22:44:24","slug":"el-municipio-de-quilmes-informa-que-comienza-la-vacunacion-antigripal-2026","status":"publish","type":"post","link":"https:\/\/treslineasnoticias.com.ar\/?p=23250","title":{"rendered":"El Municipio de Quilmes informa que comienza la vacunaci\u00f3n antigripal 2026"},"content":{"rendered":"\n<p><strong><em>El Municipio de Quilmes informa que a partir de hoy, \u00a0mi\u00e9rcoles 11 de marzo, comienza \u00a0la campa\u00f1a de vacunaci\u00f3n antigripal 2026. La vacuna es gratuita, segura, no requiere orden m\u00e9dica y puede aplicarse junto a otras c\u00f3mo la del COVID, neumococo u otras del calendario nacional de vacunaci\u00f3n. Es segura y ayuda a prevenir complicaciones e internaciones.<\/em><\/strong><\/p>\n\n\n\n<p>Est\u00e1 indicada en personal de salud, adultos mayores de 65, ni\u00f1os\/as entre 6 y 24 meses, embarazadas y pu\u00e9rperas, &nbsp;personas de 2 a 64 a\u00f1os con factores de riesgo y personas en contacto con aves de corral.<\/p>\n\n\n\n<figure class=\"wp-block-image size-large\"><img loading=\"lazy\" decoding=\"async\" width=\"768\" height=\"1024\" src=\"http:\/\/treslineasnoticias.com.ar\/wp-content\/uploads\/2026\/03\/4-2-768x1024.jpeg\" alt=\"\" class=\"wp-image-23252\" srcset=\"https:\/\/treslineasnoticias.com.ar\/wp-content\/uploads\/2026\/03\/4-2-768x1024.jpeg 768w, https:\/\/treslineasnoticias.com.ar\/wp-content\/uploads\/2026\/03\/4-2-225x300.jpeg 225w, https:\/\/treslineasnoticias.com.ar\/wp-content\/uploads\/2026\/03\/4-2.jpeg 1081w\" sizes=\"auto, (max-width: 768px) 100vw, 768px\" \/><\/figure>\n\n\n\n<p>En la primera etapa se iniciar\u00e1 con personal de salud y adultos mayores de 65 a\u00f1os, y a partir del 23 de marzo se abrir\u00e1 al resto de la poblaci\u00f3n indicada.<\/p>\n\n\n\n<p>La vacuna est\u00e1 disponible en todos los Centros de Atenci\u00f3n Primaria de la Salud (CAPS\/CIC) del distrito, adem\u00e1s de en el Instituto Municipal de Salud y Medicina Preventiva Ram\u00f3n Carrillo (ex Dispensario), en el Centro Integral de Salud, Diagn\u00f3stico y Rehabilitaci\u00f3n Julio M\u00e9ndez y en los Hospitales Dr. Eduardo Oller e Isidoro Iriarte. Para m\u00e1s informaci\u00f3n, o conocer el centro de salud o vacunatorio m\u00e1s cercano &nbsp;ingresar al link:&nbsp;<a href=\"https:\/\/quilmes.gov.ar\/gestion\/salud.php\" target=\"_blank\" rel=\"noreferrer noopener\">https:\/\/quilmes.gov.ar\/gestion\/salud.php<\/a><\/p>\n","protected":false},"excerpt":{"rendered":"<p>El Municipio de Quilmes informa que a partir de hoy, \u00a0mi\u00e9rcoles 11 de marzo, comienza \u00a0la campa\u00f1a de vacunaci\u00f3n antigripal 2026. La vacuna es gratuita, segura, no requiere orden m\u00e9dica y puede aplicarse junto a otras c\u00f3mo la del COVID, neumococo u otras del calendario nacional de vacunaci\u00f3n. Es segura y ayuda a prevenir complicaciones [&hellip;]<\/p>\n","protected":false},"author":3,"featured_media":23251,"comment_status":"open","ping_status":"open","sticky":false,"template":"","format":"standard","meta":{"_jetpack_memberships_contains_paid_content":false,"footnotes":""},"categories":[5],"tags":[],"class_list":["post-23250","post","type-post","status-publish","format-standard","has-post-thumbnail","hentry","category-quilmes"],"yoast_head":"<!-- This site is optimized with the Yoast SEO plugin v24.7 - https:\/\/yoast.com\/wordpress\/plugins\/seo\/ -->\n<title>El Municipio de Quilmes informa que comienza la vacunaci\u00f3n antigripal 2026 - Tres Lineas Noticias<\/title>\n<meta name=\"robots\" content=\"index, follow, max-snippet:-1, max-image-preview:large, max-video-preview:-1\" \/>\n<link rel=\"canonical\" href=\"https:\/\/treslineasnoticias.com.ar\/?p=23250\" \/>\n<meta property=\"og:locale\" content=\"es_ES\" \/>\n<meta property=\"og:type\" content=\"article\" \/>\n<meta property=\"og:title\" content=\"El Municipio de Quilmes informa que comienza la vacunaci\u00f3n antigripal 2026 - Tres Lineas Noticias\" \/>\n<meta property=\"og:description\" content=\"El Municipio de Quilmes informa que a partir de hoy, \u00a0mi\u00e9rcoles 11 de marzo, comienza \u00a0la campa\u00f1a de vacunaci\u00f3n antigripal 2026. La vacuna es gratuita, segura, no requiere orden m\u00e9dica y puede aplicarse junto a otras c\u00f3mo la del COVID, neumococo u otras del calendario nacional de vacunaci\u00f3n. Es segura y ayuda a prevenir complicaciones [&hellip;]\" \/>\n<meta property=\"og:url\" content=\"https:\/\/treslineasnoticias.com.ar\/?p=23250\" \/>\n<meta property=\"og:site_name\" content=\"Tres Lineas Noticias\" \/>\n<meta property=\"article:published_time\" content=\"2026-03-11T22:44:22+00:00\" \/>\n<meta property=\"article:modified_time\" content=\"2026-03-11T22:44:24+00:00\" \/>\n<meta property=\"og:image\" content=\"http:\/\/treslineasnoticias.com.ar\/wp-content\/uploads\/2026\/03\/1-6.jpeg\" \/>\n\t<meta property=\"og:image:width\" content=\"1600\" \/>\n\t<meta property=\"og:image:height\" content=\"900\" \/>\n\t<meta property=\"og:image:type\" content=\"image\/jpeg\" \/>\n<meta name=\"author\" content=\"Horacio L\u00f3pez\" \/>\n<meta name=\"twitter:card\" content=\"summary_large_image\" \/>\n<meta name=\"twitter:label1\" content=\"Escrito por\" \/>\n\t<meta name=\"twitter:data1\" content=\"Horacio L\u00f3pez\" \/>\n\t<meta name=\"twitter:label2\" content=\"Tiempo de lectura\" \/>\n\t<meta name=\"twitter:data2\" content=\"2 minutos\" \/>\n<script type=\"application\/ld+json\" class=\"yoast-schema-graph\">{\"@context\":\"https:\/\/schema.org\",\"@graph\":[{\"@type\":\"WebPage\",\"@id\":\"https:\/\/treslineasnoticias.com.ar\/?p=23250\",\"url\":\"https:\/\/treslineasnoticias.com.ar\/?p=23250\",\"name\":\"El Municipio de Quilmes informa que comienza la vacunaci\u00f3n antigripal 2026 - Tres Lineas Noticias\",\"isPartOf\":{\"@id\":\"https:\/\/treslineasnoticias.com.ar\/#website\"},\"primaryImageOfPage\":{\"@id\":\"https:\/\/treslineasnoticias.com.ar\/?p=23250#primaryimage\"},\"image\":{\"@id\":\"https:\/\/treslineasnoticias.com.ar\/?p=23250#primaryimage\"},\"thumbnailUrl\":\"https:\/\/treslineasnoticias.com.ar\/wp-content\/uploads\/2026\/03\/1-6.jpeg\",\"datePublished\":\"2026-03-11T22:44:22+00:00\",\"dateModified\":\"2026-03-11T22:44:24+00:00\",\"author\":{\"@id\":\"https:\/\/treslineasnoticias.com.ar\/#\/schema\/person\/c5f7249e50517b84c2379b145ca14895\"},\"breadcrumb\":{\"@id\":\"https:\/\/treslineasnoticias.com.ar\/?p=23250#breadcrumb\"},\"inLanguage\":\"es\",\"potentialAction\":[{\"@type\":\"ReadAction\",\"target\":[\"https:\/\/treslineasnoticias.com.ar\/?p=23250\"]}]},{\"@type\":\"ImageObject\",\"inLanguage\":\"es\",\"@id\":\"https:\/\/treslineasnoticias.com.ar\/?p=23250#primaryimage\",\"url\":\"https:\/\/treslineasnoticias.com.ar\/wp-content\/uploads\/2026\/03\/1-6.jpeg\",\"contentUrl\":\"https:\/\/treslineasnoticias.com.ar\/wp-content\/uploads\/2026\/03\/1-6.jpeg\",\"width\":1600,\"height\":900},{\"@type\":\"BreadcrumbList\",\"@id\":\"https:\/\/treslineasnoticias.com.ar\/?p=23250#breadcrumb\",\"itemListElement\":[{\"@type\":\"ListItem\",\"position\":1,\"name\":\"Portada\",\"item\":\"https:\/\/treslineasnoticias.com.ar\/\"},{\"@type\":\"ListItem\",\"position\":2,\"name\":\"El Municipio de Quilmes informa que comienza la vacunaci\u00f3n antigripal 2026\"}]},{\"@type\":\"WebSite\",\"@id\":\"https:\/\/treslineasnoticias.com.ar\/#website\",\"url\":\"https:\/\/treslineasnoticias.com.ar\/\",\"name\":\"Tres Lineas Noticias\",\"description\":\"\",\"potentialAction\":[{\"@type\":\"SearchAction\",\"target\":{\"@type\":\"EntryPoint\",\"urlTemplate\":\"https:\/\/treslineasnoticias.com.ar\/?s={search_term_string}\"},\"query-input\":{\"@type\":\"PropertyValueSpecification\",\"valueRequired\":true,\"valueName\":\"search_term_string\"}}],\"inLanguage\":\"es\"},{\"@type\":\"Person\",\"@id\":\"https:\/\/treslineasnoticias.com.ar\/#\/schema\/person\/c5f7249e50517b84c2379b145ca14895\",\"name\":\"Horacio L\u00f3pez\",\"image\":{\"@type\":\"ImageObject\",\"inLanguage\":\"es\",\"@id\":\"https:\/\/treslineasnoticias.com.ar\/#\/schema\/person\/image\/\",\"url\":\"https:\/\/treslineasnoticias.com.ar\/wp-content\/litespeed\/avatar\/ddbec442f0224f940ce000570a0cb216.jpg?ver=1777068930\",\"contentUrl\":\"https:\/\/treslineasnoticias.com.ar\/wp-content\/litespeed\/avatar\/ddbec442f0224f940ce000570a0cb216.jpg?ver=1777068930\",\"caption\":\"Horacio L\u00f3pez\"},\"sameAs\":[\"http:\/\/treslineasnoticias.com.ar\"],\"url\":\"https:\/\/treslineasnoticias.com.ar\/?author=3\"}]}<\/script>\n<!-- \/ Yoast SEO plugin. -->","yoast_head_json":{"title":"El Municipio de Quilmes informa que comienza la vacunaci\u00f3n antigripal 2026 - Tres Lineas Noticias","robots":{"index":"index","follow":"follow","max-snippet":"max-snippet:-1","max-image-preview":"max-image-preview:large","max-video-preview":"max-video-preview:-1"},"canonical":"https:\/\/treslineasnoticias.com.ar\/?p=23250","og_locale":"es_ES","og_type":"article","og_title":"El Municipio de Quilmes informa que comienza la vacunaci\u00f3n antigripal 2026 - Tres Lineas Noticias","og_description":"El Municipio de Quilmes informa que a partir de hoy, \u00a0mi\u00e9rcoles 11 de marzo, comienza \u00a0la campa\u00f1a de vacunaci\u00f3n antigripal 2026. La vacuna es gratuita, segura, no requiere orden m\u00e9dica y puede aplicarse junto a otras c\u00f3mo la del COVID, neumococo u otras del calendario nacional de vacunaci\u00f3n. Es segura y ayuda a prevenir complicaciones [&hellip;]","og_url":"https:\/\/treslineasnoticias.com.ar\/?p=23250","og_site_name":"Tres Lineas Noticias","article_published_time":"2026-03-11T22:44:22+00:00","article_modified_time":"2026-03-11T22:44:24+00:00","og_image":[{"width":1600,"height":900,"url":"http:\/\/treslineasnoticias.com.ar\/wp-content\/uploads\/2026\/03\/1-6.jpeg","type":"image\/jpeg"}],"author":"Horacio L\u00f3pez","twitter_card":"summary_large_image","twitter_misc":{"Escrito por":"Horacio L\u00f3pez","Tiempo de lectura":"2 minutos"},"schema":{"@context":"https:\/\/schema.org","@graph":[{"@type":"WebPage","@id":"https:\/\/treslineasnoticias.com.ar\/?p=23250","url":"https:\/\/treslineasnoticias.com.ar\/?p=23250","name":"El Municipio de Quilmes informa que comienza la vacunaci\u00f3n antigripal 2026 - Tres Lineas Noticias","isPartOf":{"@id":"https:\/\/treslineasnoticias.com.ar\/#website"},"primaryImageOfPage":{"@id":"https:\/\/treslineasnoticias.com.ar\/?p=23250#primaryimage"},"image":{"@id":"https:\/\/treslineasnoticias.com.ar\/?p=23250#primaryimage"},"thumbnailUrl":"https:\/\/treslineasnoticias.com.ar\/wp-content\/uploads\/2026\/03\/1-6.jpeg","datePublished":"2026-03-11T22:44:22+00:00","dateModified":"2026-03-11T22:44:24+00:00","author":{"@id":"https:\/\/treslineasnoticias.com.ar\/#\/schema\/person\/c5f7249e50517b84c2379b145ca14895"},"breadcrumb":{"@id":"https:\/\/treslineasnoticias.com.ar\/?p=23250#breadcrumb"},"inLanguage":"es","potentialAction":[{"@type":"ReadAction","target":["https:\/\/treslineasnoticias.com.ar\/?p=23250"]}]},{"@type":"ImageObject","inLanguage":"es","@id":"https:\/\/treslineasnoticias.com.ar\/?p=23250#primaryimage","url":"https:\/\/treslineasnoticias.com.ar\/wp-content\/uploads\/2026\/03\/1-6.jpeg","contentUrl":"https:\/\/treslineasnoticias.com.ar\/wp-content\/uploads\/2026\/03\/1-6.jpeg","width":1600,"height":900},{"@type":"BreadcrumbList","@id":"https:\/\/treslineasnoticias.com.ar\/?p=23250#breadcrumb","itemListElement":[{"@type":"ListItem","position":1,"name":"Portada","item":"https:\/\/treslineasnoticias.com.ar\/"},{"@type":"ListItem","position":2,"name":"El Municipio de Quilmes informa que comienza la vacunaci\u00f3n antigripal 2026"}]},{"@type":"WebSite","@id":"https:\/\/treslineasnoticias.com.ar\/#website","url":"https:\/\/treslineasnoticias.com.ar\/","name":"Tres Lineas Noticias","description":"","potentialAction":[{"@type":"SearchAction","target":{"@type":"EntryPoint","urlTemplate":"https:\/\/treslineasnoticias.com.ar\/?s={search_term_string}"},"query-input":{"@type":"PropertyValueSpecification","valueRequired":true,"valueName":"search_term_string"}}],"inLanguage":"es"},{"@type":"Person","@id":"https:\/\/treslineasnoticias.com.ar\/#\/schema\/person\/c5f7249e50517b84c2379b145ca14895","name":"Horacio L\u00f3pez","image":{"@type":"ImageObject","inLanguage":"es","@id":"https:\/\/treslineasnoticias.com.ar\/#\/schema\/person\/image\/","url":"https:\/\/treslineasnoticias.com.ar\/wp-content\/litespeed\/avatar\/ddbec442f0224f940ce000570a0cb216.jpg?ver=1777068930","contentUrl":"https:\/\/treslineasnoticias.com.ar\/wp-content\/litespeed\/avatar\/ddbec442f0224f940ce000570a0cb216.jpg?ver=1777068930","caption":"Horacio L\u00f3pez"},"sameAs":["http:\/\/treslineasnoticias.com.ar"],"url":"https:\/\/treslineasnoticias.com.ar\/?author=3"}]}},"jetpack_featured_media_url":"https:\/\/treslineasnoticias.com.ar\/wp-content\/uploads\/2026\/03\/1-6.jpeg","jetpack_sharing_enabled":true,"_links":{"self":[{"href":"https:\/\/treslineasnoticias.com.ar\/index.php?rest_route=\/wp\/v2\/posts\/23250","targetHints":{"allow":["GET"]}}],"collection":[{"href":"https:\/\/treslineasnoticias.com.ar\/index.php?rest_route=\/wp\/v2\/posts"}],"about":[{"href":"https:\/\/treslineasnoticias.com.ar\/index.php?rest_route=\/wp\/v2\/types\/post"}],"author":[{"embeddable":true,"href":"https:\/\/treslineasnoticias.com.ar\/index.php?rest_route=\/wp\/v2\/users\/3"}],"replies":[{"embeddable":true,"href":"https:\/\/treslineasnoticias.com.ar\/index.php?rest_route=%2Fwp%2Fv2%2Fcomments&post=23250"}],"version-history":[{"count":1,"href":"https:\/\/treslineasnoticias.com.ar\/index.php?rest_route=\/wp\/v2\/posts\/23250\/revisions"}],"predecessor-version":[{"id":23253,"href":"https:\/\/treslineasnoticias.com.ar\/index.php?rest_route=\/wp\/v2\/posts\/23250\/revisions\/23253"}],"wp:featuredmedia":[{"embeddable":true,"href":"https:\/\/treslineasnoticias.com.ar\/index.php?rest_route=\/wp\/v2\/media\/23251"}],"wp:attachment":[{"href":"https:\/\/treslineasnoticias.com.ar\/index.php?rest_route=%2Fwp%2Fv2%2Fmedia&parent=23250"}],"wp:term":[{"taxonomy":"category","embeddable":true,"href":"https:\/\/treslineasnoticias.com.ar\/index.php?rest_route=%2Fwp%2Fv2%2Fcategories&post=23250"},{"taxonomy":"post_tag","embeddable":true,"href":"https:\/\/treslineasnoticias.com.ar\/index.php?rest_route=%2Fwp%2Fv2%2Ftags&post=23250"}],"curies":[{"name":"wp","href":"https:\/\/api.w.org\/{rel}","templated":true}]}}