{"id":23254,"date":"2026-03-12T18:26:25","date_gmt":"2026-03-12T21:26:25","guid":{"rendered":"https:\/\/treslineasnoticias.com.ar\/?p=23254"},"modified":"2026-03-12T18:26:26","modified_gmt":"2026-03-12T21:26:26","slug":"embellecieron-la-escuela-primaria-n-13","status":"publish","type":"post","link":"https:\/\/treslineasnoticias.com.ar\/?p=23254","title":{"rendered":"Embellecieron la Escuela Primaria N\u00b0 13"},"content":{"rendered":"\n<p><strong><em>Con organizaci\u00f3n del Consejo Escolar de Berazategui, se hizo una jornada de trabajo en la Escuela Primaria N\u00b0 13 Jos\u00e9 Hern\u00e1ndez. All\u00ed, padres, docentes, consejeros escolares, vecinos y vecinas embellecieron el establecimiento.<\/em><\/strong><\/p>\n\n\n\n<p>Junto a ellos estuvieron los secretarios municipales de Cultura y Educaci\u00f3n, Federico L\u00f3pez; y de Desarrollo Social, Recreaci\u00f3n, Turismo y Deportes, Mar\u00eda Laura Lacava; adem\u00e1s del presidente del Consejo Escolar, Fernando Cardozo.<\/p>\n\n\n\n<p>\u00abLa Municipalidad y el Consejo Escolar siempre apoyan a las instituciones educativas de Berazategui. Esta jornada es una muestra de eso\u201d, se\u00f1al\u00f3 la directora del establecimiento educativo, Yanina Taccetta.<\/p>\n\n\n\n<p>En Berazategui, estas jornadas comenzaron a realizarse hace a\u00f1os por iniciativa de Juan Jos\u00e9 Mussi y hoy contin\u00faan por impulso del intendente Carlos Balor.<\/p>\n","protected":false},"excerpt":{"rendered":"<p>Con organizaci\u00f3n del Consejo Escolar de Berazategui, se hizo una jornada de trabajo en la Escuela Primaria N\u00b0 13 Jos\u00e9 Hern\u00e1ndez. All\u00ed, padres, docentes, consejeros escolares, vecinos y vecinas embellecieron el establecimiento. Junto a ellos estuvieron los secretarios municipales de Cultura y Educaci\u00f3n, Federico L\u00f3pez; y de Desarrollo Social, Recreaci\u00f3n, Turismo y Deportes, Mar\u00eda Laura [&hellip;]<\/p>\n","protected":false},"author":3,"featured_media":23255,"comment_status":"open","ping_status":"open","sticky":false,"template":"","format":"standard","meta":{"_jetpack_memberships_contains_paid_content":false,"footnotes":""},"categories":[4],"tags":[],"class_list":["post-23254","post","type-post","status-publish","format-standard","has-post-thumbnail","hentry","category-berazategui"],"yoast_head":"<!-- This site is optimized with the Yoast SEO plugin v24.7 - https:\/\/yoast.com\/wordpress\/plugins\/seo\/ -->\n<title>Embellecieron la Escuela Primaria N\u00b0 13 - Tres Lineas Noticias<\/title>\n<meta name=\"robots\" content=\"index, follow, max-snippet:-1, max-image-preview:large, max-video-preview:-1\" \/>\n<link rel=\"canonical\" href=\"https:\/\/treslineasnoticias.com.ar\/?p=23254\" \/>\n<meta property=\"og:locale\" content=\"es_ES\" \/>\n<meta property=\"og:type\" content=\"article\" \/>\n<meta property=\"og:title\" content=\"Embellecieron la Escuela Primaria N\u00b0 13 - Tres Lineas Noticias\" \/>\n<meta property=\"og:description\" content=\"Con organizaci\u00f3n del Consejo Escolar de Berazategui, se hizo una jornada de trabajo en la Escuela Primaria N\u00b0 13 Jos\u00e9 Hern\u00e1ndez. All\u00ed, padres, docentes, consejeros escolares, vecinos y vecinas embellecieron el establecimiento. Junto a ellos estuvieron los secretarios municipales de Cultura y Educaci\u00f3n, Federico L\u00f3pez; y de Desarrollo Social, Recreaci\u00f3n, Turismo y Deportes, Mar\u00eda Laura [&hellip;]\" \/>\n<meta property=\"og:url\" content=\"https:\/\/treslineasnoticias.com.ar\/?p=23254\" \/>\n<meta property=\"og:site_name\" content=\"Tres Lineas Noticias\" \/>\n<meta property=\"article:published_time\" content=\"2026-03-12T21:26:25+00:00\" \/>\n<meta property=\"article:modified_time\" content=\"2026-03-12T21:26:26+00:00\" \/>\n<meta property=\"og:image\" content=\"http:\/\/treslineasnoticias.com.ar\/wp-content\/uploads\/2026\/03\/Embellecieron-la-Escuela-Primaria-N\u00b0-13.jpg\" \/>\n\t<meta property=\"og:image:width\" content=\"1600\" \/>\n\t<meta property=\"og:image:height\" content=\"1066\" \/>\n\t<meta property=\"og:image:type\" content=\"image\/jpeg\" \/>\n<meta name=\"author\" content=\"Horacio L\u00f3pez\" \/>\n<meta name=\"twitter:card\" content=\"summary_large_image\" \/>\n<meta name=\"twitter:label1\" content=\"Escrito por\" \/>\n\t<meta name=\"twitter:data1\" content=\"Horacio L\u00f3pez\" \/>\n\t<meta name=\"twitter:label2\" content=\"Tiempo de lectura\" \/>\n\t<meta name=\"twitter:data2\" content=\"1 minuto\" \/>\n<script type=\"application\/ld+json\" class=\"yoast-schema-graph\">{\"@context\":\"https:\/\/schema.org\",\"@graph\":[{\"@type\":\"WebPage\",\"@id\":\"https:\/\/treslineasnoticias.com.ar\/?p=23254\",\"url\":\"https:\/\/treslineasnoticias.com.ar\/?p=23254\",\"name\":\"Embellecieron la Escuela Primaria N\u00b0 13 - Tres Lineas Noticias\",\"isPartOf\":{\"@id\":\"https:\/\/treslineasnoticias.com.ar\/#website\"},\"primaryImageOfPage\":{\"@id\":\"https:\/\/treslineasnoticias.com.ar\/?p=23254#primaryimage\"},\"image\":{\"@id\":\"https:\/\/treslineasnoticias.com.ar\/?p=23254#primaryimage\"},\"thumbnailUrl\":\"https:\/\/treslineasnoticias.com.ar\/wp-content\/uploads\/2026\/03\/Embellecieron-la-Escuela-Primaria-N\u00b0-13.jpg\",\"datePublished\":\"2026-03-12T21:26:25+00:00\",\"dateModified\":\"2026-03-12T21:26:26+00:00\",\"author\":{\"@id\":\"https:\/\/treslineasnoticias.com.ar\/#\/schema\/person\/c5f7249e50517b84c2379b145ca14895\"},\"breadcrumb\":{\"@id\":\"https:\/\/treslineasnoticias.com.ar\/?p=23254#breadcrumb\"},\"inLanguage\":\"es\",\"potentialAction\":[{\"@type\":\"ReadAction\",\"target\":[\"https:\/\/treslineasnoticias.com.ar\/?p=23254\"]}]},{\"@type\":\"ImageObject\",\"inLanguage\":\"es\",\"@id\":\"https:\/\/treslineasnoticias.com.ar\/?p=23254#primaryimage\",\"url\":\"https:\/\/treslineasnoticias.com.ar\/wp-content\/uploads\/2026\/03\/Embellecieron-la-Escuela-Primaria-N\u00b0-13.jpg\",\"contentUrl\":\"https:\/\/treslineasnoticias.com.ar\/wp-content\/uploads\/2026\/03\/Embellecieron-la-Escuela-Primaria-N\u00b0-13.jpg\",\"width\":1600,\"height\":1066},{\"@type\":\"BreadcrumbList\",\"@id\":\"https:\/\/treslineasnoticias.com.ar\/?p=23254#breadcrumb\",\"itemListElement\":[{\"@type\":\"ListItem\",\"position\":1,\"name\":\"Portada\",\"item\":\"https:\/\/treslineasnoticias.com.ar\/\"},{\"@type\":\"ListItem\",\"position\":2,\"name\":\"Embellecieron la Escuela Primaria N\u00b0 13\"}]},{\"@type\":\"WebSite\",\"@id\":\"https:\/\/treslineasnoticias.com.ar\/#website\",\"url\":\"https:\/\/treslineasnoticias.com.ar\/\",\"name\":\"Tres Lineas Noticias\",\"description\":\"\",\"potentialAction\":[{\"@type\":\"SearchAction\",\"target\":{\"@type\":\"EntryPoint\",\"urlTemplate\":\"https:\/\/treslineasnoticias.com.ar\/?s={search_term_string}\"},\"query-input\":{\"@type\":\"PropertyValueSpecification\",\"valueRequired\":true,\"valueName\":\"search_term_string\"}}],\"inLanguage\":\"es\"},{\"@type\":\"Person\",\"@id\":\"https:\/\/treslineasnoticias.com.ar\/#\/schema\/person\/c5f7249e50517b84c2379b145ca14895\",\"name\":\"Horacio L\u00f3pez\",\"image\":{\"@type\":\"ImageObject\",\"inLanguage\":\"es\",\"@id\":\"https:\/\/treslineasnoticias.com.ar\/#\/schema\/person\/image\/\",\"url\":\"https:\/\/treslineasnoticias.com.ar\/wp-content\/litespeed\/avatar\/ddbec442f0224f940ce000570a0cb216.jpg?ver=1777068930\",\"contentUrl\":\"https:\/\/treslineasnoticias.com.ar\/wp-content\/litespeed\/avatar\/ddbec442f0224f940ce000570a0cb216.jpg?ver=1777068930\",\"caption\":\"Horacio L\u00f3pez\"},\"sameAs\":[\"http:\/\/treslineasnoticias.com.ar\"],\"url\":\"https:\/\/treslineasnoticias.com.ar\/?author=3\"}]}<\/script>\n<!-- \/ Yoast SEO plugin. -->","yoast_head_json":{"title":"Embellecieron la Escuela Primaria N\u00b0 13 - Tres Lineas Noticias","robots":{"index":"index","follow":"follow","max-snippet":"max-snippet:-1","max-image-preview":"max-image-preview:large","max-video-preview":"max-video-preview:-1"},"canonical":"https:\/\/treslineasnoticias.com.ar\/?p=23254","og_locale":"es_ES","og_type":"article","og_title":"Embellecieron la Escuela Primaria N\u00b0 13 - Tres Lineas Noticias","og_description":"Con organizaci\u00f3n del Consejo Escolar de Berazategui, se hizo una jornada de trabajo en la Escuela Primaria N\u00b0 13 Jos\u00e9 Hern\u00e1ndez. All\u00ed, padres, docentes, consejeros escolares, vecinos y vecinas embellecieron el establecimiento. Junto a ellos estuvieron los secretarios municipales de Cultura y Educaci\u00f3n, Federico L\u00f3pez; y de Desarrollo Social, Recreaci\u00f3n, Turismo y Deportes, Mar\u00eda Laura [&hellip;]","og_url":"https:\/\/treslineasnoticias.com.ar\/?p=23254","og_site_name":"Tres Lineas Noticias","article_published_time":"2026-03-12T21:26:25+00:00","article_modified_time":"2026-03-12T21:26:26+00:00","og_image":[{"width":1600,"height":1066,"url":"http:\/\/treslineasnoticias.com.ar\/wp-content\/uploads\/2026\/03\/Embellecieron-la-Escuela-Primaria-N\u00b0-13.jpg","type":"image\/jpeg"}],"author":"Horacio L\u00f3pez","twitter_card":"summary_large_image","twitter_misc":{"Escrito por":"Horacio L\u00f3pez","Tiempo de lectura":"1 minuto"},"schema":{"@context":"https:\/\/schema.org","@graph":[{"@type":"WebPage","@id":"https:\/\/treslineasnoticias.com.ar\/?p=23254","url":"https:\/\/treslineasnoticias.com.ar\/?p=23254","name":"Embellecieron la Escuela Primaria N\u00b0 13 - Tres Lineas Noticias","isPartOf":{"@id":"https:\/\/treslineasnoticias.com.ar\/#website"},"primaryImageOfPage":{"@id":"https:\/\/treslineasnoticias.com.ar\/?p=23254#primaryimage"},"image":{"@id":"https:\/\/treslineasnoticias.com.ar\/?p=23254#primaryimage"},"thumbnailUrl":"https:\/\/treslineasnoticias.com.ar\/wp-content\/uploads\/2026\/03\/Embellecieron-la-Escuela-Primaria-N\u00b0-13.jpg","datePublished":"2026-03-12T21:26:25+00:00","dateModified":"2026-03-12T21:26:26+00:00","author":{"@id":"https:\/\/treslineasnoticias.com.ar\/#\/schema\/person\/c5f7249e50517b84c2379b145ca14895"},"breadcrumb":{"@id":"https:\/\/treslineasnoticias.com.ar\/?p=23254#breadcrumb"},"inLanguage":"es","potentialAction":[{"@type":"ReadAction","target":["https:\/\/treslineasnoticias.com.ar\/?p=23254"]}]},{"@type":"ImageObject","inLanguage":"es","@id":"https:\/\/treslineasnoticias.com.ar\/?p=23254#primaryimage","url":"https:\/\/treslineasnoticias.com.ar\/wp-content\/uploads\/2026\/03\/Embellecieron-la-Escuela-Primaria-N\u00b0-13.jpg","contentUrl":"https:\/\/treslineasnoticias.com.ar\/wp-content\/uploads\/2026\/03\/Embellecieron-la-Escuela-Primaria-N\u00b0-13.jpg","width":1600,"height":1066},{"@type":"BreadcrumbList","@id":"https:\/\/treslineasnoticias.com.ar\/?p=23254#breadcrumb","itemListElement":[{"@type":"ListItem","position":1,"name":"Portada","item":"https:\/\/treslineasnoticias.com.ar\/"},{"@type":"ListItem","position":2,"name":"Embellecieron la Escuela Primaria N\u00b0 13"}]},{"@type":"WebSite","@id":"https:\/\/treslineasnoticias.com.ar\/#website","url":"https:\/\/treslineasnoticias.com.ar\/","name":"Tres Lineas Noticias","description":"","potentialAction":[{"@type":"SearchAction","target":{"@type":"EntryPoint","urlTemplate":"https:\/\/treslineasnoticias.com.ar\/?s={search_term_string}"},"query-input":{"@type":"PropertyValueSpecification","valueRequired":true,"valueName":"search_term_string"}}],"inLanguage":"es"},{"@type":"Person","@id":"https:\/\/treslineasnoticias.com.ar\/#\/schema\/person\/c5f7249e50517b84c2379b145ca14895","name":"Horacio L\u00f3pez","image":{"@type":"ImageObject","inLanguage":"es","@id":"https:\/\/treslineasnoticias.com.ar\/#\/schema\/person\/image\/","url":"https:\/\/treslineasnoticias.com.ar\/wp-content\/litespeed\/avatar\/ddbec442f0224f940ce000570a0cb216.jpg?ver=1777068930","contentUrl":"https:\/\/treslineasnoticias.com.ar\/wp-content\/litespeed\/avatar\/ddbec442f0224f940ce000570a0cb216.jpg?ver=1777068930","caption":"Horacio L\u00f3pez"},"sameAs":["http:\/\/treslineasnoticias.com.ar"],"url":"https:\/\/treslineasnoticias.com.ar\/?author=3"}]}},"jetpack_featured_media_url":"https:\/\/treslineasnoticias.com.ar\/wp-content\/uploads\/2026\/03\/Embellecieron-la-Escuela-Primaria-N\u00b0-13.jpg","jetpack_sharing_enabled":true,"_links":{"self":[{"href":"https:\/\/treslineasnoticias.com.ar\/index.php?rest_route=\/wp\/v2\/posts\/23254","targetHints":{"allow":["GET"]}}],"collection":[{"href":"https:\/\/treslineasnoticias.com.ar\/index.php?rest_route=\/wp\/v2\/posts"}],"about":[{"href":"https:\/\/treslineasnoticias.com.ar\/index.php?rest_route=\/wp\/v2\/types\/post"}],"author":[{"embeddable":true,"href":"https:\/\/treslineasnoticias.com.ar\/index.php?rest_route=\/wp\/v2\/users\/3"}],"replies":[{"embeddable":true,"href":"https:\/\/treslineasnoticias.com.ar\/index.php?rest_route=%2Fwp%2Fv2%2Fcomments&post=23254"}],"version-history":[{"count":1,"href":"https:\/\/treslineasnoticias.com.ar\/index.php?rest_route=\/wp\/v2\/posts\/23254\/revisions"}],"predecessor-version":[{"id":23256,"href":"https:\/\/treslineasnoticias.com.ar\/index.php?rest_route=\/wp\/v2\/posts\/23254\/revisions\/23256"}],"wp:featuredmedia":[{"embeddable":true,"href":"https:\/\/treslineasnoticias.com.ar\/index.php?rest_route=\/wp\/v2\/media\/23255"}],"wp:attachment":[{"href":"https:\/\/treslineasnoticias.com.ar\/index.php?rest_route=%2Fwp%2Fv2%2Fmedia&parent=23254"}],"wp:term":[{"taxonomy":"category","embeddable":true,"href":"https:\/\/treslineasnoticias.com.ar\/index.php?rest_route=%2Fwp%2Fv2%2Fcategories&post=23254"},{"taxonomy":"post_tag","embeddable":true,"href":"https:\/\/treslineasnoticias.com.ar\/index.php?rest_route=%2Fwp%2Fv2%2Ftags&post=23254"}],"curies":[{"name":"wp","href":"https:\/\/api.w.org\/{rel}","templated":true}]}}