{"id":23262,"date":"2026-03-11T21:31:00","date_gmt":"2026-03-12T00:31:00","guid":{"rendered":"https:\/\/treslineasnoticias.com.ar\/?p=23262"},"modified":"2026-03-12T18:34:05","modified_gmt":"2026-03-12T21:34:05","slug":"dia-internacional-de-la-mujer-cuidados-para-todas","status":"publish","type":"post","link":"https:\/\/treslineasnoticias.com.ar\/?p=23262","title":{"rendered":"D\u00eda Internacional de la Mujer: cuidados para todas"},"content":{"rendered":"\n<p><strong><em>Con la efem\u00e9ride mundial como contexto, la Comuna diagram\u00f3 una jornada de concientizaci\u00f3n m\u00e1s consultas sanitarias destinada a la poblaci\u00f3n femenina en el Centro de Atenci\u00f3n Primaria de Salud situado en Av. Novak esquina Lambardi -La Esmeralda-.<\/em><\/strong><\/p>\n\n\n\n<figure class=\"wp-block-image size-large\"><img loading=\"lazy\" decoding=\"async\" width=\"1024\" height=\"683\" src=\"http:\/\/treslineasnoticias.com.ar\/wp-content\/uploads\/2026\/03\/2021a3dc-8659-9d3b-c9a4-c91352d7c84d-1024x683.jpg\" alt=\"\" class=\"wp-image-23264\" srcset=\"https:\/\/treslineasnoticias.com.ar\/wp-content\/uploads\/2026\/03\/2021a3dc-8659-9d3b-c9a4-c91352d7c84d-1024x683.jpg 1024w, https:\/\/treslineasnoticias.com.ar\/wp-content\/uploads\/2026\/03\/2021a3dc-8659-9d3b-c9a4-c91352d7c84d-300x200.jpg 300w, https:\/\/treslineasnoticias.com.ar\/wp-content\/uploads\/2026\/03\/2021a3dc-8659-9d3b-c9a4-c91352d7c84d-768x512.jpg 768w, https:\/\/treslineasnoticias.com.ar\/wp-content\/uploads\/2026\/03\/2021a3dc-8659-9d3b-c9a4-c91352d7c84d-1536x1024.jpg 1536w, https:\/\/treslineasnoticias.com.ar\/wp-content\/uploads\/2026\/03\/2021a3dc-8659-9d3b-c9a4-c91352d7c84d-2048x1366.jpg 2048w\" sizes=\"auto, (max-width: 1024px) 100vw, 1024px\" \/><\/figure>\n\n\n\n<p>La responsable en la cartera de sanidad local, Adriana Alonso, resalt\u00f3 \u201cuna iniciativa donde revalorizar el rol de la mujer en la historia, adem\u00e1s de la importancia de sus cuidados\u201d. La funcionaria describi\u00f3 \u201cun cronograma especial de servicios sin turno, con ginecolog\u00eda, cl\u00ednica, odontolog\u00eda, vacunaci\u00f3n y m\u00e1s, disponible para todas las vecinas de la comunidad\u201d.<\/p>\n\n\n\n<p>\u201cPor mucho tiempo, la salud de las mujeres fue reducida a la maternidad\u201d, explic\u00f3 la enfermera a cargo del taller, M\u00f3nica Sagrado. \u201cHoy en d\u00eda, el sistema fue ampliado a la asistencia integral en la adolescencia, la educaci\u00f3n sexual, prevenci\u00f3n de enfermedades cr\u00f3nicas y acompa\u00f1amiento en la vejez\u201d, relat\u00f3 la profesional.<\/p>\n\n\n\n<figure class=\"wp-block-image size-large\"><img loading=\"lazy\" decoding=\"async\" width=\"1024\" height=\"683\" src=\"http:\/\/treslineasnoticias.com.ar\/wp-content\/uploads\/2026\/03\/2ebfade3-7e74-e275-9d2d-9a9a5bd8d373-1024x683.jpg\" alt=\"\" class=\"wp-image-23265\" srcset=\"https:\/\/treslineasnoticias.com.ar\/wp-content\/uploads\/2026\/03\/2ebfade3-7e74-e275-9d2d-9a9a5bd8d373-1024x683.jpg 1024w, https:\/\/treslineasnoticias.com.ar\/wp-content\/uploads\/2026\/03\/2ebfade3-7e74-e275-9d2d-9a9a5bd8d373-300x200.jpg 300w, https:\/\/treslineasnoticias.com.ar\/wp-content\/uploads\/2026\/03\/2ebfade3-7e74-e275-9d2d-9a9a5bd8d373-768x512.jpg 768w, https:\/\/treslineasnoticias.com.ar\/wp-content\/uploads\/2026\/03\/2ebfade3-7e74-e275-9d2d-9a9a5bd8d373-1536x1024.jpg 1536w, https:\/\/treslineasnoticias.com.ar\/wp-content\/uploads\/2026\/03\/2ebfade3-7e74-e275-9d2d-9a9a5bd8d373-2048x1365.jpg 2048w\" sizes=\"auto, (max-width: 1024px) 100vw, 1024px\" \/><\/figure>\n\n\n\n<p>Silvia \u00c1lvarez lleg\u00f3 a \u201cbuscar asesoramiento sobre tratamientos para la piel, con la dermat\u00f3loga\u201d. \u201cMe encant\u00f3 la charla, las propuestas que brindaron fueron buen\u00edsimas, tanto para las j\u00f3venes como para las adultas. Tambi\u00e9n las m\u00e9dicas fueron muy atentas\u201d, comparti\u00f3 la frentista de los alrededores.<\/p>\n","protected":false},"excerpt":{"rendered":"<p>Con la efem\u00e9ride mundial como contexto, la Comuna diagram\u00f3 una jornada de concientizaci\u00f3n m\u00e1s consultas sanitarias destinada a la poblaci\u00f3n femenina en el Centro de Atenci\u00f3n Primaria de Salud situado en Av. Novak esquina Lambardi -La Esmeralda-. La responsable en la cartera de sanidad local, Adriana Alonso, resalt\u00f3 \u201cuna iniciativa donde revalorizar el rol de [&hellip;]<\/p>\n","protected":false},"author":3,"featured_media":23263,"comment_status":"open","ping_status":"open","sticky":false,"template":"","format":"standard","meta":{"_jetpack_memberships_contains_paid_content":false,"footnotes":""},"categories":[6],"tags":[],"class_list":["post-23262","post","type-post","status-publish","format-standard","has-post-thumbnail","hentry","category-florencio-varela"],"yoast_head":"<!-- This site is optimized with the Yoast SEO plugin v24.7 - https:\/\/yoast.com\/wordpress\/plugins\/seo\/ -->\n<title>D\u00eda Internacional de la Mujer: cuidados para todas - Tres Lineas Noticias<\/title>\n<meta name=\"robots\" content=\"index, follow, max-snippet:-1, max-image-preview:large, max-video-preview:-1\" \/>\n<link rel=\"canonical\" href=\"https:\/\/treslineasnoticias.com.ar\/?p=23262\" \/>\n<meta property=\"og:locale\" content=\"es_ES\" \/>\n<meta property=\"og:type\" content=\"article\" \/>\n<meta property=\"og:title\" content=\"D\u00eda Internacional de la Mujer: cuidados para todas - Tres Lineas Noticias\" \/>\n<meta property=\"og:description\" content=\"Con la efem\u00e9ride mundial como contexto, la Comuna diagram\u00f3 una jornada de concientizaci\u00f3n m\u00e1s consultas sanitarias destinada a la poblaci\u00f3n femenina en el Centro de Atenci\u00f3n Primaria de Salud situado en Av. Novak esquina Lambardi -La Esmeralda-. La responsable en la cartera de sanidad local, Adriana Alonso, resalt\u00f3 \u201cuna iniciativa donde revalorizar el rol de [&hellip;]\" \/>\n<meta property=\"og:url\" content=\"https:\/\/treslineasnoticias.com.ar\/?p=23262\" \/>\n<meta property=\"og:site_name\" content=\"Tres Lineas Noticias\" \/>\n<meta property=\"article:published_time\" content=\"2026-03-12T00:31:00+00:00\" \/>\n<meta property=\"article:modified_time\" content=\"2026-03-12T21:34:05+00:00\" \/>\n<meta property=\"og:image\" content=\"http:\/\/treslineasnoticias.com.ar\/wp-content\/uploads\/2026\/03\/547417ac-14e2-1f59-9863-74282e1ebc3d-scaled.jpg\" \/>\n\t<meta property=\"og:image:width\" content=\"2560\" \/>\n\t<meta property=\"og:image:height\" content=\"1774\" \/>\n\t<meta property=\"og:image:type\" content=\"image\/jpeg\" \/>\n<meta name=\"author\" content=\"Horacio L\u00f3pez\" \/>\n<meta name=\"twitter:card\" content=\"summary_large_image\" \/>\n<meta name=\"twitter:label1\" content=\"Escrito por\" \/>\n\t<meta name=\"twitter:data1\" content=\"Horacio L\u00f3pez\" \/>\n\t<meta name=\"twitter:label2\" content=\"Tiempo de lectura\" \/>\n\t<meta name=\"twitter:data2\" content=\"2 minutos\" \/>\n<script type=\"application\/ld+json\" class=\"yoast-schema-graph\">{\"@context\":\"https:\/\/schema.org\",\"@graph\":[{\"@type\":\"WebPage\",\"@id\":\"https:\/\/treslineasnoticias.com.ar\/?p=23262\",\"url\":\"https:\/\/treslineasnoticias.com.ar\/?p=23262\",\"name\":\"D\u00eda Internacional de la Mujer: cuidados para todas - Tres Lineas Noticias\",\"isPartOf\":{\"@id\":\"https:\/\/treslineasnoticias.com.ar\/#website\"},\"primaryImageOfPage\":{\"@id\":\"https:\/\/treslineasnoticias.com.ar\/?p=23262#primaryimage\"},\"image\":{\"@id\":\"https:\/\/treslineasnoticias.com.ar\/?p=23262#primaryimage\"},\"thumbnailUrl\":\"https:\/\/treslineasnoticias.com.ar\/wp-content\/uploads\/2026\/03\/547417ac-14e2-1f59-9863-74282e1ebc3d-scaled.jpg\",\"datePublished\":\"2026-03-12T00:31:00+00:00\",\"dateModified\":\"2026-03-12T21:34:05+00:00\",\"author\":{\"@id\":\"https:\/\/treslineasnoticias.com.ar\/#\/schema\/person\/c5f7249e50517b84c2379b145ca14895\"},\"breadcrumb\":{\"@id\":\"https:\/\/treslineasnoticias.com.ar\/?p=23262#breadcrumb\"},\"inLanguage\":\"es\",\"potentialAction\":[{\"@type\":\"ReadAction\",\"target\":[\"https:\/\/treslineasnoticias.com.ar\/?p=23262\"]}]},{\"@type\":\"ImageObject\",\"inLanguage\":\"es\",\"@id\":\"https:\/\/treslineasnoticias.com.ar\/?p=23262#primaryimage\",\"url\":\"https:\/\/treslineasnoticias.com.ar\/wp-content\/uploads\/2026\/03\/547417ac-14e2-1f59-9863-74282e1ebc3d-scaled.jpg\",\"contentUrl\":\"https:\/\/treslineasnoticias.com.ar\/wp-content\/uploads\/2026\/03\/547417ac-14e2-1f59-9863-74282e1ebc3d-scaled.jpg\",\"width\":2560,\"height\":1774},{\"@type\":\"BreadcrumbList\",\"@id\":\"https:\/\/treslineasnoticias.com.ar\/?p=23262#breadcrumb\",\"itemListElement\":[{\"@type\":\"ListItem\",\"position\":1,\"name\":\"Portada\",\"item\":\"https:\/\/treslineasnoticias.com.ar\/\"},{\"@type\":\"ListItem\",\"position\":2,\"name\":\"D\u00eda Internacional de la Mujer: cuidados para todas\"}]},{\"@type\":\"WebSite\",\"@id\":\"https:\/\/treslineasnoticias.com.ar\/#website\",\"url\":\"https:\/\/treslineasnoticias.com.ar\/\",\"name\":\"Tres Lineas Noticias\",\"description\":\"\",\"potentialAction\":[{\"@type\":\"SearchAction\",\"target\":{\"@type\":\"EntryPoint\",\"urlTemplate\":\"https:\/\/treslineasnoticias.com.ar\/?s={search_term_string}\"},\"query-input\":{\"@type\":\"PropertyValueSpecification\",\"valueRequired\":true,\"valueName\":\"search_term_string\"}}],\"inLanguage\":\"es\"},{\"@type\":\"Person\",\"@id\":\"https:\/\/treslineasnoticias.com.ar\/#\/schema\/person\/c5f7249e50517b84c2379b145ca14895\",\"name\":\"Horacio L\u00f3pez\",\"image\":{\"@type\":\"ImageObject\",\"inLanguage\":\"es\",\"@id\":\"https:\/\/treslineasnoticias.com.ar\/#\/schema\/person\/image\/\",\"url\":\"https:\/\/treslineasnoticias.com.ar\/wp-content\/litespeed\/avatar\/ddbec442f0224f940ce000570a0cb216.jpg?ver=1777068930\",\"contentUrl\":\"https:\/\/treslineasnoticias.com.ar\/wp-content\/litespeed\/avatar\/ddbec442f0224f940ce000570a0cb216.jpg?ver=1777068930\",\"caption\":\"Horacio L\u00f3pez\"},\"sameAs\":[\"http:\/\/treslineasnoticias.com.ar\"],\"url\":\"https:\/\/treslineasnoticias.com.ar\/?author=3\"}]}<\/script>\n<!-- \/ Yoast SEO plugin. -->","yoast_head_json":{"title":"D\u00eda Internacional de la Mujer: cuidados para todas - Tres Lineas Noticias","robots":{"index":"index","follow":"follow","max-snippet":"max-snippet:-1","max-image-preview":"max-image-preview:large","max-video-preview":"max-video-preview:-1"},"canonical":"https:\/\/treslineasnoticias.com.ar\/?p=23262","og_locale":"es_ES","og_type":"article","og_title":"D\u00eda Internacional de la Mujer: cuidados para todas - Tres Lineas Noticias","og_description":"Con la efem\u00e9ride mundial como contexto, la Comuna diagram\u00f3 una jornada de concientizaci\u00f3n m\u00e1s consultas sanitarias destinada a la poblaci\u00f3n femenina en el Centro de Atenci\u00f3n Primaria de Salud situado en Av. Novak esquina Lambardi -La Esmeralda-. La responsable en la cartera de sanidad local, Adriana Alonso, resalt\u00f3 \u201cuna iniciativa donde revalorizar el rol de [&hellip;]","og_url":"https:\/\/treslineasnoticias.com.ar\/?p=23262","og_site_name":"Tres Lineas Noticias","article_published_time":"2026-03-12T00:31:00+00:00","article_modified_time":"2026-03-12T21:34:05+00:00","og_image":[{"width":2560,"height":1774,"url":"http:\/\/treslineasnoticias.com.ar\/wp-content\/uploads\/2026\/03\/547417ac-14e2-1f59-9863-74282e1ebc3d-scaled.jpg","type":"image\/jpeg"}],"author":"Horacio L\u00f3pez","twitter_card":"summary_large_image","twitter_misc":{"Escrito por":"Horacio L\u00f3pez","Tiempo de lectura":"2 minutos"},"schema":{"@context":"https:\/\/schema.org","@graph":[{"@type":"WebPage","@id":"https:\/\/treslineasnoticias.com.ar\/?p=23262","url":"https:\/\/treslineasnoticias.com.ar\/?p=23262","name":"D\u00eda Internacional de la Mujer: cuidados para todas - Tres Lineas Noticias","isPartOf":{"@id":"https:\/\/treslineasnoticias.com.ar\/#website"},"primaryImageOfPage":{"@id":"https:\/\/treslineasnoticias.com.ar\/?p=23262#primaryimage"},"image":{"@id":"https:\/\/treslineasnoticias.com.ar\/?p=23262#primaryimage"},"thumbnailUrl":"https:\/\/treslineasnoticias.com.ar\/wp-content\/uploads\/2026\/03\/547417ac-14e2-1f59-9863-74282e1ebc3d-scaled.jpg","datePublished":"2026-03-12T00:31:00+00:00","dateModified":"2026-03-12T21:34:05+00:00","author":{"@id":"https:\/\/treslineasnoticias.com.ar\/#\/schema\/person\/c5f7249e50517b84c2379b145ca14895"},"breadcrumb":{"@id":"https:\/\/treslineasnoticias.com.ar\/?p=23262#breadcrumb"},"inLanguage":"es","potentialAction":[{"@type":"ReadAction","target":["https:\/\/treslineasnoticias.com.ar\/?p=23262"]}]},{"@type":"ImageObject","inLanguage":"es","@id":"https:\/\/treslineasnoticias.com.ar\/?p=23262#primaryimage","url":"https:\/\/treslineasnoticias.com.ar\/wp-content\/uploads\/2026\/03\/547417ac-14e2-1f59-9863-74282e1ebc3d-scaled.jpg","contentUrl":"https:\/\/treslineasnoticias.com.ar\/wp-content\/uploads\/2026\/03\/547417ac-14e2-1f59-9863-74282e1ebc3d-scaled.jpg","width":2560,"height":1774},{"@type":"BreadcrumbList","@id":"https:\/\/treslineasnoticias.com.ar\/?p=23262#breadcrumb","itemListElement":[{"@type":"ListItem","position":1,"name":"Portada","item":"https:\/\/treslineasnoticias.com.ar\/"},{"@type":"ListItem","position":2,"name":"D\u00eda Internacional de la Mujer: cuidados para todas"}]},{"@type":"WebSite","@id":"https:\/\/treslineasnoticias.com.ar\/#website","url":"https:\/\/treslineasnoticias.com.ar\/","name":"Tres Lineas Noticias","description":"","potentialAction":[{"@type":"SearchAction","target":{"@type":"EntryPoint","urlTemplate":"https:\/\/treslineasnoticias.com.ar\/?s={search_term_string}"},"query-input":{"@type":"PropertyValueSpecification","valueRequired":true,"valueName":"search_term_string"}}],"inLanguage":"es"},{"@type":"Person","@id":"https:\/\/treslineasnoticias.com.ar\/#\/schema\/person\/c5f7249e50517b84c2379b145ca14895","name":"Horacio L\u00f3pez","image":{"@type":"ImageObject","inLanguage":"es","@id":"https:\/\/treslineasnoticias.com.ar\/#\/schema\/person\/image\/","url":"https:\/\/treslineasnoticias.com.ar\/wp-content\/litespeed\/avatar\/ddbec442f0224f940ce000570a0cb216.jpg?ver=1777068930","contentUrl":"https:\/\/treslineasnoticias.com.ar\/wp-content\/litespeed\/avatar\/ddbec442f0224f940ce000570a0cb216.jpg?ver=1777068930","caption":"Horacio L\u00f3pez"},"sameAs":["http:\/\/treslineasnoticias.com.ar"],"url":"https:\/\/treslineasnoticias.com.ar\/?author=3"}]}},"jetpack_featured_media_url":"https:\/\/treslineasnoticias.com.ar\/wp-content\/uploads\/2026\/03\/547417ac-14e2-1f59-9863-74282e1ebc3d-scaled.jpg","jetpack_sharing_enabled":true,"_links":{"self":[{"href":"https:\/\/treslineasnoticias.com.ar\/index.php?rest_route=\/wp\/v2\/posts\/23262","targetHints":{"allow":["GET"]}}],"collection":[{"href":"https:\/\/treslineasnoticias.com.ar\/index.php?rest_route=\/wp\/v2\/posts"}],"about":[{"href":"https:\/\/treslineasnoticias.com.ar\/index.php?rest_route=\/wp\/v2\/types\/post"}],"author":[{"embeddable":true,"href":"https:\/\/treslineasnoticias.com.ar\/index.php?rest_route=\/wp\/v2\/users\/3"}],"replies":[{"embeddable":true,"href":"https:\/\/treslineasnoticias.com.ar\/index.php?rest_route=%2Fwp%2Fv2%2Fcomments&post=23262"}],"version-history":[{"count":1,"href":"https:\/\/treslineasnoticias.com.ar\/index.php?rest_route=\/wp\/v2\/posts\/23262\/revisions"}],"predecessor-version":[{"id":23266,"href":"https:\/\/treslineasnoticias.com.ar\/index.php?rest_route=\/wp\/v2\/posts\/23262\/revisions\/23266"}],"wp:featuredmedia":[{"embeddable":true,"href":"https:\/\/treslineasnoticias.com.ar\/index.php?rest_route=\/wp\/v2\/media\/23263"}],"wp:attachment":[{"href":"https:\/\/treslineasnoticias.com.ar\/index.php?rest_route=%2Fwp%2Fv2%2Fmedia&parent=23262"}],"wp:term":[{"taxonomy":"category","embeddable":true,"href":"https:\/\/treslineasnoticias.com.ar\/index.php?rest_route=%2Fwp%2Fv2%2Fcategories&post=23262"},{"taxonomy":"post_tag","embeddable":true,"href":"https:\/\/treslineasnoticias.com.ar\/index.php?rest_route=%2Fwp%2Fv2%2Ftags&post=23262"}],"curies":[{"name":"wp","href":"https:\/\/api.w.org\/{rel}","templated":true}]}}