{"id":23267,"date":"2026-03-11T21:34:00","date_gmt":"2026-03-12T00:34:00","guid":{"rendered":"https:\/\/treslineasnoticias.com.ar\/?p=23267"},"modified":"2026-03-12T18:37:30","modified_gmt":"2026-03-12T21:37:30","slug":"mas-de-3000-personas-inscriptas-en-los-talleres-anuales-de-cultura","status":"publish","type":"post","link":"https:\/\/treslineasnoticias.com.ar\/?p=23267","title":{"rendered":"M\u00e1s de 3000 personas inscriptas en los talleres anuales de Cultura"},"content":{"rendered":"\n<p><strong><em>Miles de varelenses concurrieron a la dependencia c\u00e9ntrica -Mitre N\u00ba149- para obtener su cupo en las propuestas art\u00edsticas, de idioma y formaci\u00f3n en oficios, diagramadas por la Comuna para la temporada 2026.<\/em><\/strong><\/p>\n\n\n\n<p>De la Secretar\u00eda de Cultura, Deportes y Recreaci\u00f3n, Federico Guerra remarc\u00f3 \u00abla decisi\u00f3n del intendente Andr\u00e9s Watson de sostener estos espacios sin costo para la poblaci\u00f3n, donde capacitarse en diferentes \u00e1reas, pero tambi\u00e9n socializar\u00bb.<\/p>\n\n\n\n<p>\u201cEn estos primeros tres d\u00edas de la semana, tuvimos m\u00e1s de 3000 personas inscriptas. Un reflejo del gran inter\u00e9s de la comunidad en la variada gama de materias que abarcaron los seminarios\u00bb, se\u00f1al\u00f3.<\/p>\n\n\n\n<p>\u201cHasta el momento, los m\u00e1s buscados fueron los de instrumentos musicales, danzas y los de actuaci\u00f3n\u201d, detall\u00f3. \u00abAlgunos, incluso, acabaron sus vacantes muy r\u00e1pido: piano y bater\u00eda infantil, guitarra, franc\u00e9s, portugu\u00e9s, escritura, tejido a dos agujas, crochet, por ejemplo\u201d, puntualiz\u00f3.<\/p>\n\n\n\n<p>Guerra destac\u00f3: \u00abEn esta edici\u00f3n ampliamos la grilla. Sumamos saxof\u00f3n, taller de literatura, de memoria para adultos mayores, de interpretaci\u00f3n y canto para ni\u00f1eces\u00bb. Asimismo, anunci\u00f3 que durante el 2026 \u00abhabr\u00e1 m\u00e1s cursos mensuales con salida laboral vinculados al maquillaje, peluquer\u00eda, lifting de pesta\u00f1as, cocina, mosaiquismo y esmaltado de u\u00f1as\u00bb.&nbsp;<\/p>\n\n\n\n<p>Anunciaron la continuidad de la matriculaci\u00f3n del 12 al 13 y del 16 al 20 de marzo, de 9 a 16 hs. Para consultar la oferta, ingresar a la <a href=\"https:\/\/www.varela.gob.ar\/cursosytalleres\/talleresanuales2026.aspx\">web municipal<\/a>.<\/p>\n","protected":false},"excerpt":{"rendered":"<p>Miles de varelenses concurrieron a la dependencia c\u00e9ntrica -Mitre N\u00ba149- para obtener su cupo en las propuestas art\u00edsticas, de idioma y formaci\u00f3n en oficios, diagramadas por la Comuna para la temporada 2026. De la Secretar\u00eda de Cultura, Deportes y Recreaci\u00f3n, Federico Guerra remarc\u00f3 \u00abla decisi\u00f3n del intendente Andr\u00e9s Watson de sostener estos espacios sin costo [&hellip;]<\/p>\n","protected":false},"author":3,"featured_media":23268,"comment_status":"open","ping_status":"open","sticky":false,"template":"","format":"standard","meta":{"_jetpack_memberships_contains_paid_content":false,"footnotes":""},"categories":[6],"tags":[],"class_list":["post-23267","post","type-post","status-publish","format-standard","has-post-thumbnail","hentry","category-florencio-varela"],"yoast_head":"<!-- This site is optimized with the Yoast SEO plugin v24.7 - https:\/\/yoast.com\/wordpress\/plugins\/seo\/ -->\n<title>M\u00e1s de 3000 personas inscriptas en los talleres anuales de Cultura - Tres Lineas Noticias<\/title>\n<meta name=\"robots\" content=\"index, follow, max-snippet:-1, max-image-preview:large, max-video-preview:-1\" \/>\n<link rel=\"canonical\" href=\"https:\/\/treslineasnoticias.com.ar\/?p=23267\" \/>\n<meta property=\"og:locale\" content=\"es_ES\" \/>\n<meta property=\"og:type\" content=\"article\" \/>\n<meta property=\"og:title\" content=\"M\u00e1s de 3000 personas inscriptas en los talleres anuales de Cultura - Tres Lineas Noticias\" \/>\n<meta property=\"og:description\" content=\"Miles de varelenses concurrieron a la dependencia c\u00e9ntrica -Mitre N\u00ba149- para obtener su cupo en las propuestas art\u00edsticas, de idioma y formaci\u00f3n en oficios, diagramadas por la Comuna para la temporada 2026. De la Secretar\u00eda de Cultura, Deportes y Recreaci\u00f3n, Federico Guerra remarc\u00f3 \u00abla decisi\u00f3n del intendente Andr\u00e9s Watson de sostener estos espacios sin costo [&hellip;]\" \/>\n<meta property=\"og:url\" content=\"https:\/\/treslineasnoticias.com.ar\/?p=23267\" \/>\n<meta property=\"og:site_name\" content=\"Tres Lineas Noticias\" \/>\n<meta property=\"article:published_time\" content=\"2026-03-12T00:34:00+00:00\" \/>\n<meta property=\"article:modified_time\" content=\"2026-03-12T21:37:30+00:00\" \/>\n<meta property=\"og:image\" content=\"http:\/\/treslineasnoticias.com.ar\/wp-content\/uploads\/2026\/03\/unnamed-34-scaled.jpg\" \/>\n\t<meta property=\"og:image:width\" content=\"2560\" \/>\n\t<meta property=\"og:image:height\" content=\"1707\" \/>\n\t<meta property=\"og:image:type\" content=\"image\/jpeg\" \/>\n<meta name=\"author\" content=\"Horacio L\u00f3pez\" \/>\n<meta name=\"twitter:card\" content=\"summary_large_image\" \/>\n<meta name=\"twitter:label1\" content=\"Escrito por\" \/>\n\t<meta name=\"twitter:data1\" content=\"Horacio L\u00f3pez\" \/>\n\t<meta name=\"twitter:label2\" content=\"Tiempo de lectura\" \/>\n\t<meta name=\"twitter:data2\" content=\"2 minutos\" \/>\n<script type=\"application\/ld+json\" class=\"yoast-schema-graph\">{\"@context\":\"https:\/\/schema.org\",\"@graph\":[{\"@type\":\"WebPage\",\"@id\":\"https:\/\/treslineasnoticias.com.ar\/?p=23267\",\"url\":\"https:\/\/treslineasnoticias.com.ar\/?p=23267\",\"name\":\"M\u00e1s de 3000 personas inscriptas en los talleres anuales de Cultura - Tres Lineas Noticias\",\"isPartOf\":{\"@id\":\"https:\/\/treslineasnoticias.com.ar\/#website\"},\"primaryImageOfPage\":{\"@id\":\"https:\/\/treslineasnoticias.com.ar\/?p=23267#primaryimage\"},\"image\":{\"@id\":\"https:\/\/treslineasnoticias.com.ar\/?p=23267#primaryimage\"},\"thumbnailUrl\":\"https:\/\/treslineasnoticias.com.ar\/wp-content\/uploads\/2026\/03\/unnamed-34-scaled.jpg\",\"datePublished\":\"2026-03-12T00:34:00+00:00\",\"dateModified\":\"2026-03-12T21:37:30+00:00\",\"author\":{\"@id\":\"https:\/\/treslineasnoticias.com.ar\/#\/schema\/person\/c5f7249e50517b84c2379b145ca14895\"},\"breadcrumb\":{\"@id\":\"https:\/\/treslineasnoticias.com.ar\/?p=23267#breadcrumb\"},\"inLanguage\":\"es\",\"potentialAction\":[{\"@type\":\"ReadAction\",\"target\":[\"https:\/\/treslineasnoticias.com.ar\/?p=23267\"]}]},{\"@type\":\"ImageObject\",\"inLanguage\":\"es\",\"@id\":\"https:\/\/treslineasnoticias.com.ar\/?p=23267#primaryimage\",\"url\":\"https:\/\/treslineasnoticias.com.ar\/wp-content\/uploads\/2026\/03\/unnamed-34-scaled.jpg\",\"contentUrl\":\"https:\/\/treslineasnoticias.com.ar\/wp-content\/uploads\/2026\/03\/unnamed-34-scaled.jpg\",\"width\":2560,\"height\":1707},{\"@type\":\"BreadcrumbList\",\"@id\":\"https:\/\/treslineasnoticias.com.ar\/?p=23267#breadcrumb\",\"itemListElement\":[{\"@type\":\"ListItem\",\"position\":1,\"name\":\"Portada\",\"item\":\"https:\/\/treslineasnoticias.com.ar\/\"},{\"@type\":\"ListItem\",\"position\":2,\"name\":\"M\u00e1s de 3000 personas inscriptas en los talleres anuales de Cultura\"}]},{\"@type\":\"WebSite\",\"@id\":\"https:\/\/treslineasnoticias.com.ar\/#website\",\"url\":\"https:\/\/treslineasnoticias.com.ar\/\",\"name\":\"Tres Lineas Noticias\",\"description\":\"\",\"potentialAction\":[{\"@type\":\"SearchAction\",\"target\":{\"@type\":\"EntryPoint\",\"urlTemplate\":\"https:\/\/treslineasnoticias.com.ar\/?s={search_term_string}\"},\"query-input\":{\"@type\":\"PropertyValueSpecification\",\"valueRequired\":true,\"valueName\":\"search_term_string\"}}],\"inLanguage\":\"es\"},{\"@type\":\"Person\",\"@id\":\"https:\/\/treslineasnoticias.com.ar\/#\/schema\/person\/c5f7249e50517b84c2379b145ca14895\",\"name\":\"Horacio L\u00f3pez\",\"image\":{\"@type\":\"ImageObject\",\"inLanguage\":\"es\",\"@id\":\"https:\/\/treslineasnoticias.com.ar\/#\/schema\/person\/image\/\",\"url\":\"https:\/\/treslineasnoticias.com.ar\/wp-content\/litespeed\/avatar\/ddbec442f0224f940ce000570a0cb216.jpg?ver=1777068930\",\"contentUrl\":\"https:\/\/treslineasnoticias.com.ar\/wp-content\/litespeed\/avatar\/ddbec442f0224f940ce000570a0cb216.jpg?ver=1777068930\",\"caption\":\"Horacio L\u00f3pez\"},\"sameAs\":[\"http:\/\/treslineasnoticias.com.ar\"],\"url\":\"https:\/\/treslineasnoticias.com.ar\/?author=3\"}]}<\/script>\n<!-- \/ Yoast SEO plugin. -->","yoast_head_json":{"title":"M\u00e1s de 3000 personas inscriptas en los talleres anuales de Cultura - Tres Lineas Noticias","robots":{"index":"index","follow":"follow","max-snippet":"max-snippet:-1","max-image-preview":"max-image-preview:large","max-video-preview":"max-video-preview:-1"},"canonical":"https:\/\/treslineasnoticias.com.ar\/?p=23267","og_locale":"es_ES","og_type":"article","og_title":"M\u00e1s de 3000 personas inscriptas en los talleres anuales de Cultura - Tres Lineas Noticias","og_description":"Miles de varelenses concurrieron a la dependencia c\u00e9ntrica -Mitre N\u00ba149- para obtener su cupo en las propuestas art\u00edsticas, de idioma y formaci\u00f3n en oficios, diagramadas por la Comuna para la temporada 2026. De la Secretar\u00eda de Cultura, Deportes y Recreaci\u00f3n, Federico Guerra remarc\u00f3 \u00abla decisi\u00f3n del intendente Andr\u00e9s Watson de sostener estos espacios sin costo [&hellip;]","og_url":"https:\/\/treslineasnoticias.com.ar\/?p=23267","og_site_name":"Tres Lineas Noticias","article_published_time":"2026-03-12T00:34:00+00:00","article_modified_time":"2026-03-12T21:37:30+00:00","og_image":[{"width":2560,"height":1707,"url":"http:\/\/treslineasnoticias.com.ar\/wp-content\/uploads\/2026\/03\/unnamed-34-scaled.jpg","type":"image\/jpeg"}],"author":"Horacio L\u00f3pez","twitter_card":"summary_large_image","twitter_misc":{"Escrito por":"Horacio L\u00f3pez","Tiempo de lectura":"2 minutos"},"schema":{"@context":"https:\/\/schema.org","@graph":[{"@type":"WebPage","@id":"https:\/\/treslineasnoticias.com.ar\/?p=23267","url":"https:\/\/treslineasnoticias.com.ar\/?p=23267","name":"M\u00e1s de 3000 personas inscriptas en los talleres anuales de Cultura - Tres Lineas Noticias","isPartOf":{"@id":"https:\/\/treslineasnoticias.com.ar\/#website"},"primaryImageOfPage":{"@id":"https:\/\/treslineasnoticias.com.ar\/?p=23267#primaryimage"},"image":{"@id":"https:\/\/treslineasnoticias.com.ar\/?p=23267#primaryimage"},"thumbnailUrl":"https:\/\/treslineasnoticias.com.ar\/wp-content\/uploads\/2026\/03\/unnamed-34-scaled.jpg","datePublished":"2026-03-12T00:34:00+00:00","dateModified":"2026-03-12T21:37:30+00:00","author":{"@id":"https:\/\/treslineasnoticias.com.ar\/#\/schema\/person\/c5f7249e50517b84c2379b145ca14895"},"breadcrumb":{"@id":"https:\/\/treslineasnoticias.com.ar\/?p=23267#breadcrumb"},"inLanguage":"es","potentialAction":[{"@type":"ReadAction","target":["https:\/\/treslineasnoticias.com.ar\/?p=23267"]}]},{"@type":"ImageObject","inLanguage":"es","@id":"https:\/\/treslineasnoticias.com.ar\/?p=23267#primaryimage","url":"https:\/\/treslineasnoticias.com.ar\/wp-content\/uploads\/2026\/03\/unnamed-34-scaled.jpg","contentUrl":"https:\/\/treslineasnoticias.com.ar\/wp-content\/uploads\/2026\/03\/unnamed-34-scaled.jpg","width":2560,"height":1707},{"@type":"BreadcrumbList","@id":"https:\/\/treslineasnoticias.com.ar\/?p=23267#breadcrumb","itemListElement":[{"@type":"ListItem","position":1,"name":"Portada","item":"https:\/\/treslineasnoticias.com.ar\/"},{"@type":"ListItem","position":2,"name":"M\u00e1s de 3000 personas inscriptas en los talleres anuales de Cultura"}]},{"@type":"WebSite","@id":"https:\/\/treslineasnoticias.com.ar\/#website","url":"https:\/\/treslineasnoticias.com.ar\/","name":"Tres Lineas Noticias","description":"","potentialAction":[{"@type":"SearchAction","target":{"@type":"EntryPoint","urlTemplate":"https:\/\/treslineasnoticias.com.ar\/?s={search_term_string}"},"query-input":{"@type":"PropertyValueSpecification","valueRequired":true,"valueName":"search_term_string"}}],"inLanguage":"es"},{"@type":"Person","@id":"https:\/\/treslineasnoticias.com.ar\/#\/schema\/person\/c5f7249e50517b84c2379b145ca14895","name":"Horacio L\u00f3pez","image":{"@type":"ImageObject","inLanguage":"es","@id":"https:\/\/treslineasnoticias.com.ar\/#\/schema\/person\/image\/","url":"https:\/\/treslineasnoticias.com.ar\/wp-content\/litespeed\/avatar\/ddbec442f0224f940ce000570a0cb216.jpg?ver=1777068930","contentUrl":"https:\/\/treslineasnoticias.com.ar\/wp-content\/litespeed\/avatar\/ddbec442f0224f940ce000570a0cb216.jpg?ver=1777068930","caption":"Horacio L\u00f3pez"},"sameAs":["http:\/\/treslineasnoticias.com.ar"],"url":"https:\/\/treslineasnoticias.com.ar\/?author=3"}]}},"jetpack_featured_media_url":"https:\/\/treslineasnoticias.com.ar\/wp-content\/uploads\/2026\/03\/unnamed-34-scaled.jpg","jetpack_sharing_enabled":true,"_links":{"self":[{"href":"https:\/\/treslineasnoticias.com.ar\/index.php?rest_route=\/wp\/v2\/posts\/23267","targetHints":{"allow":["GET"]}}],"collection":[{"href":"https:\/\/treslineasnoticias.com.ar\/index.php?rest_route=\/wp\/v2\/posts"}],"about":[{"href":"https:\/\/treslineasnoticias.com.ar\/index.php?rest_route=\/wp\/v2\/types\/post"}],"author":[{"embeddable":true,"href":"https:\/\/treslineasnoticias.com.ar\/index.php?rest_route=\/wp\/v2\/users\/3"}],"replies":[{"embeddable":true,"href":"https:\/\/treslineasnoticias.com.ar\/index.php?rest_route=%2Fwp%2Fv2%2Fcomments&post=23267"}],"version-history":[{"count":1,"href":"https:\/\/treslineasnoticias.com.ar\/index.php?rest_route=\/wp\/v2\/posts\/23267\/revisions"}],"predecessor-version":[{"id":23269,"href":"https:\/\/treslineasnoticias.com.ar\/index.php?rest_route=\/wp\/v2\/posts\/23267\/revisions\/23269"}],"wp:featuredmedia":[{"embeddable":true,"href":"https:\/\/treslineasnoticias.com.ar\/index.php?rest_route=\/wp\/v2\/media\/23268"}],"wp:attachment":[{"href":"https:\/\/treslineasnoticias.com.ar\/index.php?rest_route=%2Fwp%2Fv2%2Fmedia&parent=23267"}],"wp:term":[{"taxonomy":"category","embeddable":true,"href":"https:\/\/treslineasnoticias.com.ar\/index.php?rest_route=%2Fwp%2Fv2%2Fcategories&post=23267"},{"taxonomy":"post_tag","embeddable":true,"href":"https:\/\/treslineasnoticias.com.ar\/index.php?rest_route=%2Fwp%2Fv2%2Ftags&post=23267"}],"curies":[{"name":"wp","href":"https:\/\/api.w.org\/{rel}","templated":true}]}}