{"id":23270,"date":"2026-03-12T18:43:14","date_gmt":"2026-03-12T21:43:14","guid":{"rendered":"https:\/\/treslineasnoticias.com.ar\/?p=23270"},"modified":"2026-03-12T18:43:16","modified_gmt":"2026-03-12T21:43:16","slug":"la-asociacion-de-bomberos-voluntarios-de-bernal-celebro-su-112o-aniversario","status":"publish","type":"post","link":"https:\/\/treslineasnoticias.com.ar\/?p=23270","title":{"rendered":"La Asociaci\u00f3n de Bomberos Voluntarios de Bernal celebr\u00f3 su 112\u00ba aniversario"},"content":{"rendered":"\n<p><strong><em>La Asociaci\u00f3n de Bomberos Voluntarios de Bernal llev\u00f3 adelante este jueves la ceremonia por el 112\u00ba aniversario de su creaci\u00f3n, en la sede del cuartel, ubicado en la avenida Dardo Rocha 270, en la zona oeste de la localidad, con un acto que cont\u00f3 con la participaci\u00f3n de la intendenta interina de Quilmes, Eva Mieri.<\/em><\/strong><\/p>\n\n\n\n<figure class=\"wp-block-image size-large\"><img loading=\"lazy\" decoding=\"async\" width=\"1024\" height=\"682\" src=\"http:\/\/treslineasnoticias.com.ar\/wp-content\/uploads\/2026\/03\/LA-ASOCIACION-DE-BOMBEROS-VOLUNTARIOS-DE-BERNAL-CELEBRO-SU-112o-ANIVERSARIO-1-1024x682.jpg\" alt=\"\" class=\"wp-image-23274\" srcset=\"https:\/\/treslineasnoticias.com.ar\/wp-content\/uploads\/2026\/03\/LA-ASOCIACION-DE-BOMBEROS-VOLUNTARIOS-DE-BERNAL-CELEBRO-SU-112o-ANIVERSARIO-1-1024x682.jpg 1024w, https:\/\/treslineasnoticias.com.ar\/wp-content\/uploads\/2026\/03\/LA-ASOCIACION-DE-BOMBEROS-VOLUNTARIOS-DE-BERNAL-CELEBRO-SU-112o-ANIVERSARIO-1-300x200.jpg 300w, https:\/\/treslineasnoticias.com.ar\/wp-content\/uploads\/2026\/03\/LA-ASOCIACION-DE-BOMBEROS-VOLUNTARIOS-DE-BERNAL-CELEBRO-SU-112o-ANIVERSARIO-1-768x512.jpg 768w, https:\/\/treslineasnoticias.com.ar\/wp-content\/uploads\/2026\/03\/LA-ASOCIACION-DE-BOMBEROS-VOLUNTARIOS-DE-BERNAL-CELEBRO-SU-112o-ANIVERSARIO-1.jpg 1280w\" sizes=\"auto, (max-width: 1024px) 100vw, 1024px\" \/><\/figure>\n\n\n\n<p>\u201cComo parte del equipo de gesti\u00f3n que encabeza nuestra ahora legisladora provincial, Mayra Mendoza, es un orgullo inmenso acompa\u00f1arlos en la celebraci\u00f3n del 112\u00ba aniversario de esta querida instituci\u00f3n\u201d, afirm\u00f3 Eva, acompa\u00f1ada por el presidente de la citada entidad bomberil, Daniel Persano, y el Jefe del Cuerpo, comandante Jorge Froio.<\/p>\n\n\n\n<p>Y destac\u00f3: \u201cHoy quiero felicitarlos y agradecerles de todo coraz\u00f3n lo que hacen a diario por nuestra comunidad. Hay instituciones que atraviesan la historia y hay otras que directamente la construyen. Ustedes, con m\u00e1s de un siglo de vida, son parte fundamental de la identidad de Bernal. Son un ejemplo de lo que significa la comunidad organizada. Reafirmamos hoy el compromiso de seguir acompa\u00f1\u00e1ndolos codo a codo en esta noble tarea y en nombre de todos los vecinos y vecinas del distrito de Quilmes, muchas gracias y \u00a1feliz aniversario!\u201d.<\/p>\n\n\n\n<p>Por su parte, Persano asegur\u00f3 que \u201cac\u00e1 hay mucha historia. Es un momento para recordar a todos los que pasaron por esta instituci\u00f3n. Hoy honramos a muchas vidas en estos m\u00e1s de cien a\u00f1os, compa\u00f1eros que la perdieron, algunos incluso en servicio. Ac\u00e1 hay buenas personas y pasaron muchas m\u00e1s que se interesan por la vida de los otros\u201d.<\/p>\n\n\n\n<figure class=\"wp-block-image size-large\"><img loading=\"lazy\" decoding=\"async\" width=\"1024\" height=\"683\" src=\"http:\/\/treslineasnoticias.com.ar\/wp-content\/uploads\/2026\/03\/LA-ASOCIACION-DE-BOMBEROS-VOLUNTARIOS-DE-BERNAL-CELEBRO-SU-112o-ANIVERSARIO-4-1024x683.jpg\" alt=\"\" class=\"wp-image-23272\" srcset=\"https:\/\/treslineasnoticias.com.ar\/wp-content\/uploads\/2026\/03\/LA-ASOCIACION-DE-BOMBEROS-VOLUNTARIOS-DE-BERNAL-CELEBRO-SU-112o-ANIVERSARIO-4-1024x683.jpg 1024w, https:\/\/treslineasnoticias.com.ar\/wp-content\/uploads\/2026\/03\/LA-ASOCIACION-DE-BOMBEROS-VOLUNTARIOS-DE-BERNAL-CELEBRO-SU-112o-ANIVERSARIO-4-300x200.jpg 300w, https:\/\/treslineasnoticias.com.ar\/wp-content\/uploads\/2026\/03\/LA-ASOCIACION-DE-BOMBEROS-VOLUNTARIOS-DE-BERNAL-CELEBRO-SU-112o-ANIVERSARIO-4-768x512.jpg 768w, https:\/\/treslineasnoticias.com.ar\/wp-content\/uploads\/2026\/03\/LA-ASOCIACION-DE-BOMBEROS-VOLUNTARIOS-DE-BERNAL-CELEBRO-SU-112o-ANIVERSARIO-4.jpg 1280w\" sizes=\"auto, (max-width: 1024px) 100vw, 1024px\" \/><\/figure>\n\n\n\n<p>Las actividades comenzaron con el habitual izamiento de bandera, seguido de la palabra de las autoridades presentes. Durante la jornada se dio el espacio para una serie de reconocimientos a la instituci\u00f3n en esta fecha tan especial. La intendenta interina Eva Mieri entreg\u00f3 una placa conmemorativa en nombre del Ejecutivo Local, al mismo tiempo que los representantes del Honorable Concejo Deliberante entregaron un diploma resaltando el compromiso que la Asociaci\u00f3n de Bomberos Voluntarios de Bernal tiene con la comunidad.<\/p>\n\n\n\n<p>El evento tuvo la presencia de la presidenta de la Asociaci\u00f3n de Bomberos Voluntarios de Esquel, provincia de Chubut, Mabel Huenchupan, que homenaje\u00f3 a los miembros del cuartel bernalense que viajaron a combatir los incendios forestales en la ciudad patag\u00f3nica pocas semanas atr\u00e1s, y se reconoci\u00f3 a brigadistas chubutenses, que tambi\u00e9n estuvieron presentes.<\/p>\n\n\n\n<p>\u201cUstedes dijeron presente cuando los necesitamos hace un mes, con mucha responsabilidad y amor viajaron m\u00e1s de dos mil kil\u00f3metros para ayudarnos y respaldar a nuestros bomberos, dejando a sus familias y sus obligaciones. Hoy estamos para acompa\u00f1arlos y agradecerles, nos dejaron una gran ense\u00f1anza y es un orgullo que sean nuestros padrinos y amigos\u201d, se\u00f1al\u00f3 la titular de los bomberos de Esquel.<\/p>\n\n\n\n<figure class=\"wp-block-image size-large\"><img loading=\"lazy\" decoding=\"async\" width=\"1024\" height=\"683\" src=\"http:\/\/treslineasnoticias.com.ar\/wp-content\/uploads\/2026\/03\/LA-ASOCIACION-DE-BOMBEROS-VOLUNTARIOS-DE-BERNAL-CELEBRO-SU-112o-ANIVERSARIO-2-1024x683.jpg\" alt=\"\" class=\"wp-image-23273\" srcset=\"https:\/\/treslineasnoticias.com.ar\/wp-content\/uploads\/2026\/03\/LA-ASOCIACION-DE-BOMBEROS-VOLUNTARIOS-DE-BERNAL-CELEBRO-SU-112o-ANIVERSARIO-2-1024x683.jpg 1024w, https:\/\/treslineasnoticias.com.ar\/wp-content\/uploads\/2026\/03\/LA-ASOCIACION-DE-BOMBEROS-VOLUNTARIOS-DE-BERNAL-CELEBRO-SU-112o-ANIVERSARIO-2-300x200.jpg 300w, https:\/\/treslineasnoticias.com.ar\/wp-content\/uploads\/2026\/03\/LA-ASOCIACION-DE-BOMBEROS-VOLUNTARIOS-DE-BERNAL-CELEBRO-SU-112o-ANIVERSARIO-2-768x512.jpg 768w, https:\/\/treslineasnoticias.com.ar\/wp-content\/uploads\/2026\/03\/LA-ASOCIACION-DE-BOMBEROS-VOLUNTARIOS-DE-BERNAL-CELEBRO-SU-112o-ANIVERSARIO-2.jpg 1280w\" sizes=\"auto, (max-width: 1024px) 100vw, 1024px\" \/><\/figure>\n\n\n\n<p>Estuvieron tambi\u00e9n presentes los secretarios de Servicios P\u00fablicos, Sebasti\u00e1n Garc\u00eda, y de Ambiente y Gesti\u00f3n Integral de Servicios S\u00f3lidos Urbanos (GIRSU), Roberto Gaudio; el subsecretario de Higiene Urbana, Alejandro De Fazio; la presidenta del Honorable Concejo Deliberante local, Berenice Latorre; las y los ediles Karina Jara, Florencia B\u00e1ez, Vanina C\u00e1mpora y Ezequiel Arauz; el director regional Base Operativa Bernal, C\u00e9sar Ugolini; el presidente de la Federaci\u00f3n Bonaerense de Asociaciones de Bomberos Voluntarios, Daniel Vicente, y el presidente del Centro de Veteranos de Malvinas de Quilmes, Jorge Irigoit\u00eda, entre otras autoridades.<\/p>\n","protected":false},"excerpt":{"rendered":"<p>La Asociaci\u00f3n de Bomberos Voluntarios de Bernal llev\u00f3 adelante este jueves la ceremonia por el 112\u00ba aniversario de su creaci\u00f3n, en la sede del cuartel, ubicado en la avenida Dardo Rocha 270, en la zona oeste de la localidad, con un acto que cont\u00f3 con la participaci\u00f3n de la intendenta interina de Quilmes, Eva Mieri. [&hellip;]<\/p>\n","protected":false},"author":3,"featured_media":23271,"comment_status":"open","ping_status":"open","sticky":false,"template":"","format":"standard","meta":{"_jetpack_memberships_contains_paid_content":false,"footnotes":""},"categories":[5],"tags":[],"class_list":["post-23270","post","type-post","status-publish","format-standard","has-post-thumbnail","hentry","category-quilmes"],"yoast_head":"<!-- This site is optimized with the Yoast SEO plugin v24.7 - https:\/\/yoast.com\/wordpress\/plugins\/seo\/ -->\n<title>La Asociaci\u00f3n de Bomberos Voluntarios de Bernal celebr\u00f3 su 112\u00ba aniversario - Tres Lineas Noticias<\/title>\n<meta name=\"robots\" content=\"index, follow, max-snippet:-1, max-image-preview:large, max-video-preview:-1\" \/>\n<link rel=\"canonical\" href=\"https:\/\/treslineasnoticias.com.ar\/?p=23270\" \/>\n<meta property=\"og:locale\" content=\"es_ES\" \/>\n<meta property=\"og:type\" content=\"article\" \/>\n<meta property=\"og:title\" content=\"La Asociaci\u00f3n de Bomberos Voluntarios de Bernal celebr\u00f3 su 112\u00ba aniversario - Tres Lineas Noticias\" \/>\n<meta property=\"og:description\" content=\"La Asociaci\u00f3n de Bomberos Voluntarios de Bernal llev\u00f3 adelante este jueves la ceremonia por el 112\u00ba aniversario de su creaci\u00f3n, en la sede del cuartel, ubicado en la avenida Dardo Rocha 270, en la zona oeste de la localidad, con un acto que cont\u00f3 con la participaci\u00f3n de la intendenta interina de Quilmes, Eva Mieri. [&hellip;]\" \/>\n<meta property=\"og:url\" content=\"https:\/\/treslineasnoticias.com.ar\/?p=23270\" \/>\n<meta property=\"og:site_name\" content=\"Tres Lineas Noticias\" \/>\n<meta property=\"article:published_time\" content=\"2026-03-12T21:43:14+00:00\" \/>\n<meta property=\"article:modified_time\" content=\"2026-03-12T21:43:16+00:00\" \/>\n<meta property=\"og:image\" content=\"http:\/\/treslineasnoticias.com.ar\/wp-content\/uploads\/2026\/03\/LA-ASOCIACION-DE-BOMBEROS-VOLUNTARIOS-DE-BERNAL-CELEBRO-SU-112o-ANIVERSARIO-3.jpg\" \/>\n\t<meta property=\"og:image:width\" content=\"1280\" \/>\n\t<meta property=\"og:image:height\" content=\"853\" \/>\n\t<meta property=\"og:image:type\" content=\"image\/jpeg\" \/>\n<meta name=\"author\" content=\"Horacio L\u00f3pez\" \/>\n<meta name=\"twitter:card\" content=\"summary_large_image\" \/>\n<meta name=\"twitter:label1\" content=\"Escrito por\" \/>\n\t<meta name=\"twitter:data1\" content=\"Horacio L\u00f3pez\" \/>\n\t<meta name=\"twitter:label2\" content=\"Tiempo de lectura\" \/>\n\t<meta name=\"twitter:data2\" content=\"4 minutos\" \/>\n<script type=\"application\/ld+json\" class=\"yoast-schema-graph\">{\"@context\":\"https:\/\/schema.org\",\"@graph\":[{\"@type\":\"WebPage\",\"@id\":\"https:\/\/treslineasnoticias.com.ar\/?p=23270\",\"url\":\"https:\/\/treslineasnoticias.com.ar\/?p=23270\",\"name\":\"La Asociaci\u00f3n de Bomberos Voluntarios de Bernal celebr\u00f3 su 112\u00ba aniversario - Tres Lineas Noticias\",\"isPartOf\":{\"@id\":\"https:\/\/treslineasnoticias.com.ar\/#website\"},\"primaryImageOfPage\":{\"@id\":\"https:\/\/treslineasnoticias.com.ar\/?p=23270#primaryimage\"},\"image\":{\"@id\":\"https:\/\/treslineasnoticias.com.ar\/?p=23270#primaryimage\"},\"thumbnailUrl\":\"https:\/\/treslineasnoticias.com.ar\/wp-content\/uploads\/2026\/03\/LA-ASOCIACION-DE-BOMBEROS-VOLUNTARIOS-DE-BERNAL-CELEBRO-SU-112o-ANIVERSARIO-3.jpg\",\"datePublished\":\"2026-03-12T21:43:14+00:00\",\"dateModified\":\"2026-03-12T21:43:16+00:00\",\"author\":{\"@id\":\"https:\/\/treslineasnoticias.com.ar\/#\/schema\/person\/c5f7249e50517b84c2379b145ca14895\"},\"breadcrumb\":{\"@id\":\"https:\/\/treslineasnoticias.com.ar\/?p=23270#breadcrumb\"},\"inLanguage\":\"es\",\"potentialAction\":[{\"@type\":\"ReadAction\",\"target\":[\"https:\/\/treslineasnoticias.com.ar\/?p=23270\"]}]},{\"@type\":\"ImageObject\",\"inLanguage\":\"es\",\"@id\":\"https:\/\/treslineasnoticias.com.ar\/?p=23270#primaryimage\",\"url\":\"https:\/\/treslineasnoticias.com.ar\/wp-content\/uploads\/2026\/03\/LA-ASOCIACION-DE-BOMBEROS-VOLUNTARIOS-DE-BERNAL-CELEBRO-SU-112o-ANIVERSARIO-3.jpg\",\"contentUrl\":\"https:\/\/treslineasnoticias.com.ar\/wp-content\/uploads\/2026\/03\/LA-ASOCIACION-DE-BOMBEROS-VOLUNTARIOS-DE-BERNAL-CELEBRO-SU-112o-ANIVERSARIO-3.jpg\",\"width\":1280,\"height\":853},{\"@type\":\"BreadcrumbList\",\"@id\":\"https:\/\/treslineasnoticias.com.ar\/?p=23270#breadcrumb\",\"itemListElement\":[{\"@type\":\"ListItem\",\"position\":1,\"name\":\"Portada\",\"item\":\"https:\/\/treslineasnoticias.com.ar\/\"},{\"@type\":\"ListItem\",\"position\":2,\"name\":\"La Asociaci\u00f3n de Bomberos Voluntarios de Bernal celebr\u00f3 su 112\u00ba aniversario\"}]},{\"@type\":\"WebSite\",\"@id\":\"https:\/\/treslineasnoticias.com.ar\/#website\",\"url\":\"https:\/\/treslineasnoticias.com.ar\/\",\"name\":\"Tres Lineas Noticias\",\"description\":\"\",\"potentialAction\":[{\"@type\":\"SearchAction\",\"target\":{\"@type\":\"EntryPoint\",\"urlTemplate\":\"https:\/\/treslineasnoticias.com.ar\/?s={search_term_string}\"},\"query-input\":{\"@type\":\"PropertyValueSpecification\",\"valueRequired\":true,\"valueName\":\"search_term_string\"}}],\"inLanguage\":\"es\"},{\"@type\":\"Person\",\"@id\":\"https:\/\/treslineasnoticias.com.ar\/#\/schema\/person\/c5f7249e50517b84c2379b145ca14895\",\"name\":\"Horacio L\u00f3pez\",\"image\":{\"@type\":\"ImageObject\",\"inLanguage\":\"es\",\"@id\":\"https:\/\/treslineasnoticias.com.ar\/#\/schema\/person\/image\/\",\"url\":\"https:\/\/treslineasnoticias.com.ar\/wp-content\/litespeed\/avatar\/ddbec442f0224f940ce000570a0cb216.jpg?ver=1777068930\",\"contentUrl\":\"https:\/\/treslineasnoticias.com.ar\/wp-content\/litespeed\/avatar\/ddbec442f0224f940ce000570a0cb216.jpg?ver=1777068930\",\"caption\":\"Horacio L\u00f3pez\"},\"sameAs\":[\"http:\/\/treslineasnoticias.com.ar\"],\"url\":\"https:\/\/treslineasnoticias.com.ar\/?author=3\"}]}<\/script>\n<!-- \/ Yoast SEO plugin. -->","yoast_head_json":{"title":"La Asociaci\u00f3n de Bomberos Voluntarios de Bernal celebr\u00f3 su 112\u00ba aniversario - Tres Lineas Noticias","robots":{"index":"index","follow":"follow","max-snippet":"max-snippet:-1","max-image-preview":"max-image-preview:large","max-video-preview":"max-video-preview:-1"},"canonical":"https:\/\/treslineasnoticias.com.ar\/?p=23270","og_locale":"es_ES","og_type":"article","og_title":"La Asociaci\u00f3n de Bomberos Voluntarios de Bernal celebr\u00f3 su 112\u00ba aniversario - Tres Lineas Noticias","og_description":"La Asociaci\u00f3n de Bomberos Voluntarios de Bernal llev\u00f3 adelante este jueves la ceremonia por el 112\u00ba aniversario de su creaci\u00f3n, en la sede del cuartel, ubicado en la avenida Dardo Rocha 270, en la zona oeste de la localidad, con un acto que cont\u00f3 con la participaci\u00f3n de la intendenta interina de Quilmes, Eva Mieri. [&hellip;]","og_url":"https:\/\/treslineasnoticias.com.ar\/?p=23270","og_site_name":"Tres Lineas Noticias","article_published_time":"2026-03-12T21:43:14+00:00","article_modified_time":"2026-03-12T21:43:16+00:00","og_image":[{"width":1280,"height":853,"url":"http:\/\/treslineasnoticias.com.ar\/wp-content\/uploads\/2026\/03\/LA-ASOCIACION-DE-BOMBEROS-VOLUNTARIOS-DE-BERNAL-CELEBRO-SU-112o-ANIVERSARIO-3.jpg","type":"image\/jpeg"}],"author":"Horacio L\u00f3pez","twitter_card":"summary_large_image","twitter_misc":{"Escrito por":"Horacio L\u00f3pez","Tiempo de lectura":"4 minutos"},"schema":{"@context":"https:\/\/schema.org","@graph":[{"@type":"WebPage","@id":"https:\/\/treslineasnoticias.com.ar\/?p=23270","url":"https:\/\/treslineasnoticias.com.ar\/?p=23270","name":"La Asociaci\u00f3n de Bomberos Voluntarios de Bernal celebr\u00f3 su 112\u00ba aniversario - Tres Lineas Noticias","isPartOf":{"@id":"https:\/\/treslineasnoticias.com.ar\/#website"},"primaryImageOfPage":{"@id":"https:\/\/treslineasnoticias.com.ar\/?p=23270#primaryimage"},"image":{"@id":"https:\/\/treslineasnoticias.com.ar\/?p=23270#primaryimage"},"thumbnailUrl":"https:\/\/treslineasnoticias.com.ar\/wp-content\/uploads\/2026\/03\/LA-ASOCIACION-DE-BOMBEROS-VOLUNTARIOS-DE-BERNAL-CELEBRO-SU-112o-ANIVERSARIO-3.jpg","datePublished":"2026-03-12T21:43:14+00:00","dateModified":"2026-03-12T21:43:16+00:00","author":{"@id":"https:\/\/treslineasnoticias.com.ar\/#\/schema\/person\/c5f7249e50517b84c2379b145ca14895"},"breadcrumb":{"@id":"https:\/\/treslineasnoticias.com.ar\/?p=23270#breadcrumb"},"inLanguage":"es","potentialAction":[{"@type":"ReadAction","target":["https:\/\/treslineasnoticias.com.ar\/?p=23270"]}]},{"@type":"ImageObject","inLanguage":"es","@id":"https:\/\/treslineasnoticias.com.ar\/?p=23270#primaryimage","url":"https:\/\/treslineasnoticias.com.ar\/wp-content\/uploads\/2026\/03\/LA-ASOCIACION-DE-BOMBEROS-VOLUNTARIOS-DE-BERNAL-CELEBRO-SU-112o-ANIVERSARIO-3.jpg","contentUrl":"https:\/\/treslineasnoticias.com.ar\/wp-content\/uploads\/2026\/03\/LA-ASOCIACION-DE-BOMBEROS-VOLUNTARIOS-DE-BERNAL-CELEBRO-SU-112o-ANIVERSARIO-3.jpg","width":1280,"height":853},{"@type":"BreadcrumbList","@id":"https:\/\/treslineasnoticias.com.ar\/?p=23270#breadcrumb","itemListElement":[{"@type":"ListItem","position":1,"name":"Portada","item":"https:\/\/treslineasnoticias.com.ar\/"},{"@type":"ListItem","position":2,"name":"La Asociaci\u00f3n de Bomberos Voluntarios de Bernal celebr\u00f3 su 112\u00ba aniversario"}]},{"@type":"WebSite","@id":"https:\/\/treslineasnoticias.com.ar\/#website","url":"https:\/\/treslineasnoticias.com.ar\/","name":"Tres Lineas Noticias","description":"","potentialAction":[{"@type":"SearchAction","target":{"@type":"EntryPoint","urlTemplate":"https:\/\/treslineasnoticias.com.ar\/?s={search_term_string}"},"query-input":{"@type":"PropertyValueSpecification","valueRequired":true,"valueName":"search_term_string"}}],"inLanguage":"es"},{"@type":"Person","@id":"https:\/\/treslineasnoticias.com.ar\/#\/schema\/person\/c5f7249e50517b84c2379b145ca14895","name":"Horacio L\u00f3pez","image":{"@type":"ImageObject","inLanguage":"es","@id":"https:\/\/treslineasnoticias.com.ar\/#\/schema\/person\/image\/","url":"https:\/\/treslineasnoticias.com.ar\/wp-content\/litespeed\/avatar\/ddbec442f0224f940ce000570a0cb216.jpg?ver=1777068930","contentUrl":"https:\/\/treslineasnoticias.com.ar\/wp-content\/litespeed\/avatar\/ddbec442f0224f940ce000570a0cb216.jpg?ver=1777068930","caption":"Horacio L\u00f3pez"},"sameAs":["http:\/\/treslineasnoticias.com.ar"],"url":"https:\/\/treslineasnoticias.com.ar\/?author=3"}]}},"jetpack_featured_media_url":"https:\/\/treslineasnoticias.com.ar\/wp-content\/uploads\/2026\/03\/LA-ASOCIACION-DE-BOMBEROS-VOLUNTARIOS-DE-BERNAL-CELEBRO-SU-112o-ANIVERSARIO-3.jpg","jetpack_sharing_enabled":true,"_links":{"self":[{"href":"https:\/\/treslineasnoticias.com.ar\/index.php?rest_route=\/wp\/v2\/posts\/23270","targetHints":{"allow":["GET"]}}],"collection":[{"href":"https:\/\/treslineasnoticias.com.ar\/index.php?rest_route=\/wp\/v2\/posts"}],"about":[{"href":"https:\/\/treslineasnoticias.com.ar\/index.php?rest_route=\/wp\/v2\/types\/post"}],"author":[{"embeddable":true,"href":"https:\/\/treslineasnoticias.com.ar\/index.php?rest_route=\/wp\/v2\/users\/3"}],"replies":[{"embeddable":true,"href":"https:\/\/treslineasnoticias.com.ar\/index.php?rest_route=%2Fwp%2Fv2%2Fcomments&post=23270"}],"version-history":[{"count":1,"href":"https:\/\/treslineasnoticias.com.ar\/index.php?rest_route=\/wp\/v2\/posts\/23270\/revisions"}],"predecessor-version":[{"id":23275,"href":"https:\/\/treslineasnoticias.com.ar\/index.php?rest_route=\/wp\/v2\/posts\/23270\/revisions\/23275"}],"wp:featuredmedia":[{"embeddable":true,"href":"https:\/\/treslineasnoticias.com.ar\/index.php?rest_route=\/wp\/v2\/media\/23271"}],"wp:attachment":[{"href":"https:\/\/treslineasnoticias.com.ar\/index.php?rest_route=%2Fwp%2Fv2%2Fmedia&parent=23270"}],"wp:term":[{"taxonomy":"category","embeddable":true,"href":"https:\/\/treslineasnoticias.com.ar\/index.php?rest_route=%2Fwp%2Fv2%2Fcategories&post=23270"},{"taxonomy":"post_tag","embeddable":true,"href":"https:\/\/treslineasnoticias.com.ar\/index.php?rest_route=%2Fwp%2Fv2%2Ftags&post=23270"}],"curies":[{"name":"wp","href":"https:\/\/api.w.org\/{rel}","templated":true}]}}