{"id":23276,"date":"2026-03-12T19:13:26","date_gmt":"2026-03-12T22:13:26","guid":{"rendered":"https:\/\/treslineasnoticias.com.ar\/?p=23276"},"modified":"2026-03-12T19:13:28","modified_gmt":"2026-03-12T22:13:28","slug":"carlos-balor-recorrio-la-9na-exposicion-chatas-del-sur","status":"publish","type":"post","link":"https:\/\/treslineasnoticias.com.ar\/?p=23276","title":{"rendered":"Carlos Balor recorri\u00f3 la 9na Exposici\u00f3n Chatas del Sur"},"content":{"rendered":"\n<p><strong><em>El intendente de Berazategui, Carlos Balor, recorri\u00f3 la 9na Exposici\u00f3n Chatas del Sur Ford F Series en el Parque Pereyra Iraola, donde los expositores pudieron acceder y exhibir sus camionetas, donando alimentos no perecederos que ser\u00e1n entregados a una organizaci\u00f3n ben\u00e9fica.<\/em><\/strong><\/p>\n\n\n\n<figure class=\"wp-block-image size-large\"><img loading=\"lazy\" decoding=\"async\" width=\"1024\" height=\"682\" src=\"http:\/\/treslineasnoticias.com.ar\/wp-content\/uploads\/2026\/03\/Carlos-Balor-recorrio-la-9na-Exposicion-Chatas-del-Sur-4-1024x682.jpg\" alt=\"\" class=\"wp-image-23278\" srcset=\"https:\/\/treslineasnoticias.com.ar\/wp-content\/uploads\/2026\/03\/Carlos-Balor-recorrio-la-9na-Exposicion-Chatas-del-Sur-4-1024x682.jpg 1024w, https:\/\/treslineasnoticias.com.ar\/wp-content\/uploads\/2026\/03\/Carlos-Balor-recorrio-la-9na-Exposicion-Chatas-del-Sur-4-300x200.jpg 300w, https:\/\/treslineasnoticias.com.ar\/wp-content\/uploads\/2026\/03\/Carlos-Balor-recorrio-la-9na-Exposicion-Chatas-del-Sur-4-768x512.jpg 768w, https:\/\/treslineasnoticias.com.ar\/wp-content\/uploads\/2026\/03\/Carlos-Balor-recorrio-la-9na-Exposicion-Chatas-del-Sur-4-1536x1023.jpg 1536w, https:\/\/treslineasnoticias.com.ar\/wp-content\/uploads\/2026\/03\/Carlos-Balor-recorrio-la-9na-Exposicion-Chatas-del-Sur-4.jpg 1600w\" sizes=\"auto, (max-width: 1024px) 100vw, 1024px\" \/><\/figure>\n\n\n\n<p>An\u00edbal Bustamante, uno de los organizadores, expres\u00f3 sobre el evento: \u201cEstamos muy contentos porque vivimos un maravilloso domingo, con un ambiente muy familiar. Pudimos disfrutar de m\u00e1s de cien camionetas\u201d. Y agreg\u00f3: \u201cAgradecemos la presencia del intendente Carlos Balor; el Municipio nos ayud\u00f3 mucho para poder hacer la muestra. Juan Jos\u00e9 Mussi siempre nos acompa\u00f1\u00f3 y el actual Intendente contin\u00faa ese camino. Llevamos a Berazategui en el alma\u201d.<\/p>\n\n\n\n<p>La 9na edici\u00f3n de la Exposici\u00f3n Chatas del Sur Ford F Series reuni\u00f3 a expositores de Berazategui, Saladillo, Pehuaj\u00f3, Chivilcoy, Roque P\u00e9rez, Marcos Paz, Rafaela (Santa Fe) y Mina Clavero (C\u00f3rdoba), entre otros distritos.<\/p>\n\n\n\n<figure class=\"wp-block-image size-large\"><img loading=\"lazy\" decoding=\"async\" width=\"1024\" height=\"682\" src=\"http:\/\/treslineasnoticias.com.ar\/wp-content\/uploads\/2026\/03\/Carlos-Balor-recorrio-la-9na-Exposicion-Chatas-del-Sur-1-1024x682.jpg\" alt=\"\" class=\"wp-image-23277\" srcset=\"https:\/\/treslineasnoticias.com.ar\/wp-content\/uploads\/2026\/03\/Carlos-Balor-recorrio-la-9na-Exposicion-Chatas-del-Sur-1-1024x682.jpg 1024w, https:\/\/treslineasnoticias.com.ar\/wp-content\/uploads\/2026\/03\/Carlos-Balor-recorrio-la-9na-Exposicion-Chatas-del-Sur-1-300x200.jpg 300w, https:\/\/treslineasnoticias.com.ar\/wp-content\/uploads\/2026\/03\/Carlos-Balor-recorrio-la-9na-Exposicion-Chatas-del-Sur-1-768x512.jpg 768w, https:\/\/treslineasnoticias.com.ar\/wp-content\/uploads\/2026\/03\/Carlos-Balor-recorrio-la-9na-Exposicion-Chatas-del-Sur-1-1536x1023.jpg 1536w, https:\/\/treslineasnoticias.com.ar\/wp-content\/uploads\/2026\/03\/Carlos-Balor-recorrio-la-9na-Exposicion-Chatas-del-Sur-1.jpg 1600w\" sizes=\"auto, (max-width: 1024px) 100vw, 1024px\" \/><\/figure>\n\n\n\n<p>Chatas del Sur es un grupo de berazateguenses apasionados por las Ford Series. Son pioneros en la organizaci\u00f3n de juntadas de camionetas.<\/p>\n","protected":false},"excerpt":{"rendered":"<p>El intendente de Berazategui, Carlos Balor, recorri\u00f3 la 9na Exposici\u00f3n Chatas del Sur Ford F Series en el Parque Pereyra Iraola, donde los expositores pudieron acceder y exhibir sus camionetas, donando alimentos no perecederos que ser\u00e1n entregados a una organizaci\u00f3n ben\u00e9fica. An\u00edbal Bustamante, uno de los organizadores, expres\u00f3 sobre el evento: \u201cEstamos muy contentos porque [&hellip;]<\/p>\n","protected":false},"author":3,"featured_media":23279,"comment_status":"open","ping_status":"open","sticky":false,"template":"","format":"standard","meta":{"_jetpack_memberships_contains_paid_content":false,"footnotes":""},"categories":[4],"tags":[],"class_list":["post-23276","post","type-post","status-publish","format-standard","has-post-thumbnail","hentry","category-berazategui"],"yoast_head":"<!-- This site is optimized with the Yoast SEO plugin v24.7 - https:\/\/yoast.com\/wordpress\/plugins\/seo\/ -->\n<title>Carlos Balor recorri\u00f3 la 9na Exposici\u00f3n Chatas del Sur - Tres Lineas Noticias<\/title>\n<meta name=\"robots\" content=\"index, follow, max-snippet:-1, max-image-preview:large, max-video-preview:-1\" \/>\n<link rel=\"canonical\" href=\"https:\/\/treslineasnoticias.com.ar\/?p=23276\" \/>\n<meta property=\"og:locale\" content=\"es_ES\" \/>\n<meta property=\"og:type\" content=\"article\" \/>\n<meta property=\"og:title\" content=\"Carlos Balor recorri\u00f3 la 9na Exposici\u00f3n Chatas del Sur - Tres Lineas Noticias\" \/>\n<meta property=\"og:description\" content=\"El intendente de Berazategui, Carlos Balor, recorri\u00f3 la 9na Exposici\u00f3n Chatas del Sur Ford F Series en el Parque Pereyra Iraola, donde los expositores pudieron acceder y exhibir sus camionetas, donando alimentos no perecederos que ser\u00e1n entregados a una organizaci\u00f3n ben\u00e9fica. An\u00edbal Bustamante, uno de los organizadores, expres\u00f3 sobre el evento: \u201cEstamos muy contentos porque [&hellip;]\" \/>\n<meta property=\"og:url\" content=\"https:\/\/treslineasnoticias.com.ar\/?p=23276\" \/>\n<meta property=\"og:site_name\" content=\"Tres Lineas Noticias\" \/>\n<meta property=\"article:published_time\" content=\"2026-03-12T22:13:26+00:00\" \/>\n<meta property=\"article:modified_time\" content=\"2026-03-12T22:13:28+00:00\" \/>\n<meta property=\"og:image\" content=\"http:\/\/treslineasnoticias.com.ar\/wp-content\/uploads\/2026\/03\/Carlos-Balor-recorrio-la-9na-Exposicion-Chatas-del-Sur.jpg\" \/>\n\t<meta property=\"og:image:width\" content=\"1600\" \/>\n\t<meta property=\"og:image:height\" content=\"1066\" \/>\n\t<meta property=\"og:image:type\" content=\"image\/jpeg\" \/>\n<meta name=\"author\" content=\"Horacio L\u00f3pez\" \/>\n<meta name=\"twitter:card\" content=\"summary_large_image\" \/>\n<meta name=\"twitter:label1\" content=\"Escrito por\" \/>\n\t<meta name=\"twitter:data1\" content=\"Horacio L\u00f3pez\" \/>\n\t<meta name=\"twitter:label2\" content=\"Tiempo de lectura\" \/>\n\t<meta name=\"twitter:data2\" content=\"2 minutos\" \/>\n<script type=\"application\/ld+json\" class=\"yoast-schema-graph\">{\"@context\":\"https:\/\/schema.org\",\"@graph\":[{\"@type\":\"WebPage\",\"@id\":\"https:\/\/treslineasnoticias.com.ar\/?p=23276\",\"url\":\"https:\/\/treslineasnoticias.com.ar\/?p=23276\",\"name\":\"Carlos Balor recorri\u00f3 la 9na Exposici\u00f3n Chatas del Sur - Tres Lineas Noticias\",\"isPartOf\":{\"@id\":\"https:\/\/treslineasnoticias.com.ar\/#website\"},\"primaryImageOfPage\":{\"@id\":\"https:\/\/treslineasnoticias.com.ar\/?p=23276#primaryimage\"},\"image\":{\"@id\":\"https:\/\/treslineasnoticias.com.ar\/?p=23276#primaryimage\"},\"thumbnailUrl\":\"https:\/\/treslineasnoticias.com.ar\/wp-content\/uploads\/2026\/03\/Carlos-Balor-recorrio-la-9na-Exposicion-Chatas-del-Sur.jpg\",\"datePublished\":\"2026-03-12T22:13:26+00:00\",\"dateModified\":\"2026-03-12T22:13:28+00:00\",\"author\":{\"@id\":\"https:\/\/treslineasnoticias.com.ar\/#\/schema\/person\/c5f7249e50517b84c2379b145ca14895\"},\"breadcrumb\":{\"@id\":\"https:\/\/treslineasnoticias.com.ar\/?p=23276#breadcrumb\"},\"inLanguage\":\"es\",\"potentialAction\":[{\"@type\":\"ReadAction\",\"target\":[\"https:\/\/treslineasnoticias.com.ar\/?p=23276\"]}]},{\"@type\":\"ImageObject\",\"inLanguage\":\"es\",\"@id\":\"https:\/\/treslineasnoticias.com.ar\/?p=23276#primaryimage\",\"url\":\"https:\/\/treslineasnoticias.com.ar\/wp-content\/uploads\/2026\/03\/Carlos-Balor-recorrio-la-9na-Exposicion-Chatas-del-Sur.jpg\",\"contentUrl\":\"https:\/\/treslineasnoticias.com.ar\/wp-content\/uploads\/2026\/03\/Carlos-Balor-recorrio-la-9na-Exposicion-Chatas-del-Sur.jpg\",\"width\":1600,\"height\":1066},{\"@type\":\"BreadcrumbList\",\"@id\":\"https:\/\/treslineasnoticias.com.ar\/?p=23276#breadcrumb\",\"itemListElement\":[{\"@type\":\"ListItem\",\"position\":1,\"name\":\"Portada\",\"item\":\"https:\/\/treslineasnoticias.com.ar\/\"},{\"@type\":\"ListItem\",\"position\":2,\"name\":\"Carlos Balor recorri\u00f3 la 9na Exposici\u00f3n Chatas del Sur\"}]},{\"@type\":\"WebSite\",\"@id\":\"https:\/\/treslineasnoticias.com.ar\/#website\",\"url\":\"https:\/\/treslineasnoticias.com.ar\/\",\"name\":\"Tres Lineas Noticias\",\"description\":\"\",\"potentialAction\":[{\"@type\":\"SearchAction\",\"target\":{\"@type\":\"EntryPoint\",\"urlTemplate\":\"https:\/\/treslineasnoticias.com.ar\/?s={search_term_string}\"},\"query-input\":{\"@type\":\"PropertyValueSpecification\",\"valueRequired\":true,\"valueName\":\"search_term_string\"}}],\"inLanguage\":\"es\"},{\"@type\":\"Person\",\"@id\":\"https:\/\/treslineasnoticias.com.ar\/#\/schema\/person\/c5f7249e50517b84c2379b145ca14895\",\"name\":\"Horacio L\u00f3pez\",\"image\":{\"@type\":\"ImageObject\",\"inLanguage\":\"es\",\"@id\":\"https:\/\/treslineasnoticias.com.ar\/#\/schema\/person\/image\/\",\"url\":\"https:\/\/treslineasnoticias.com.ar\/wp-content\/litespeed\/avatar\/ddbec442f0224f940ce000570a0cb216.jpg?ver=1777068930\",\"contentUrl\":\"https:\/\/treslineasnoticias.com.ar\/wp-content\/litespeed\/avatar\/ddbec442f0224f940ce000570a0cb216.jpg?ver=1777068930\",\"caption\":\"Horacio L\u00f3pez\"},\"sameAs\":[\"http:\/\/treslineasnoticias.com.ar\"],\"url\":\"https:\/\/treslineasnoticias.com.ar\/?author=3\"}]}<\/script>\n<!-- \/ Yoast SEO plugin. -->","yoast_head_json":{"title":"Carlos Balor recorri\u00f3 la 9na Exposici\u00f3n Chatas del Sur - Tres Lineas Noticias","robots":{"index":"index","follow":"follow","max-snippet":"max-snippet:-1","max-image-preview":"max-image-preview:large","max-video-preview":"max-video-preview:-1"},"canonical":"https:\/\/treslineasnoticias.com.ar\/?p=23276","og_locale":"es_ES","og_type":"article","og_title":"Carlos Balor recorri\u00f3 la 9na Exposici\u00f3n Chatas del Sur - Tres Lineas Noticias","og_description":"El intendente de Berazategui, Carlos Balor, recorri\u00f3 la 9na Exposici\u00f3n Chatas del Sur Ford F Series en el Parque Pereyra Iraola, donde los expositores pudieron acceder y exhibir sus camionetas, donando alimentos no perecederos que ser\u00e1n entregados a una organizaci\u00f3n ben\u00e9fica. An\u00edbal Bustamante, uno de los organizadores, expres\u00f3 sobre el evento: \u201cEstamos muy contentos porque [&hellip;]","og_url":"https:\/\/treslineasnoticias.com.ar\/?p=23276","og_site_name":"Tres Lineas Noticias","article_published_time":"2026-03-12T22:13:26+00:00","article_modified_time":"2026-03-12T22:13:28+00:00","og_image":[{"width":1600,"height":1066,"url":"http:\/\/treslineasnoticias.com.ar\/wp-content\/uploads\/2026\/03\/Carlos-Balor-recorrio-la-9na-Exposicion-Chatas-del-Sur.jpg","type":"image\/jpeg"}],"author":"Horacio L\u00f3pez","twitter_card":"summary_large_image","twitter_misc":{"Escrito por":"Horacio L\u00f3pez","Tiempo de lectura":"2 minutos"},"schema":{"@context":"https:\/\/schema.org","@graph":[{"@type":"WebPage","@id":"https:\/\/treslineasnoticias.com.ar\/?p=23276","url":"https:\/\/treslineasnoticias.com.ar\/?p=23276","name":"Carlos Balor recorri\u00f3 la 9na Exposici\u00f3n Chatas del Sur - Tres Lineas Noticias","isPartOf":{"@id":"https:\/\/treslineasnoticias.com.ar\/#website"},"primaryImageOfPage":{"@id":"https:\/\/treslineasnoticias.com.ar\/?p=23276#primaryimage"},"image":{"@id":"https:\/\/treslineasnoticias.com.ar\/?p=23276#primaryimage"},"thumbnailUrl":"https:\/\/treslineasnoticias.com.ar\/wp-content\/uploads\/2026\/03\/Carlos-Balor-recorrio-la-9na-Exposicion-Chatas-del-Sur.jpg","datePublished":"2026-03-12T22:13:26+00:00","dateModified":"2026-03-12T22:13:28+00:00","author":{"@id":"https:\/\/treslineasnoticias.com.ar\/#\/schema\/person\/c5f7249e50517b84c2379b145ca14895"},"breadcrumb":{"@id":"https:\/\/treslineasnoticias.com.ar\/?p=23276#breadcrumb"},"inLanguage":"es","potentialAction":[{"@type":"ReadAction","target":["https:\/\/treslineasnoticias.com.ar\/?p=23276"]}]},{"@type":"ImageObject","inLanguage":"es","@id":"https:\/\/treslineasnoticias.com.ar\/?p=23276#primaryimage","url":"https:\/\/treslineasnoticias.com.ar\/wp-content\/uploads\/2026\/03\/Carlos-Balor-recorrio-la-9na-Exposicion-Chatas-del-Sur.jpg","contentUrl":"https:\/\/treslineasnoticias.com.ar\/wp-content\/uploads\/2026\/03\/Carlos-Balor-recorrio-la-9na-Exposicion-Chatas-del-Sur.jpg","width":1600,"height":1066},{"@type":"BreadcrumbList","@id":"https:\/\/treslineasnoticias.com.ar\/?p=23276#breadcrumb","itemListElement":[{"@type":"ListItem","position":1,"name":"Portada","item":"https:\/\/treslineasnoticias.com.ar\/"},{"@type":"ListItem","position":2,"name":"Carlos Balor recorri\u00f3 la 9na Exposici\u00f3n Chatas del Sur"}]},{"@type":"WebSite","@id":"https:\/\/treslineasnoticias.com.ar\/#website","url":"https:\/\/treslineasnoticias.com.ar\/","name":"Tres Lineas Noticias","description":"","potentialAction":[{"@type":"SearchAction","target":{"@type":"EntryPoint","urlTemplate":"https:\/\/treslineasnoticias.com.ar\/?s={search_term_string}"},"query-input":{"@type":"PropertyValueSpecification","valueRequired":true,"valueName":"search_term_string"}}],"inLanguage":"es"},{"@type":"Person","@id":"https:\/\/treslineasnoticias.com.ar\/#\/schema\/person\/c5f7249e50517b84c2379b145ca14895","name":"Horacio L\u00f3pez","image":{"@type":"ImageObject","inLanguage":"es","@id":"https:\/\/treslineasnoticias.com.ar\/#\/schema\/person\/image\/","url":"https:\/\/treslineasnoticias.com.ar\/wp-content\/litespeed\/avatar\/ddbec442f0224f940ce000570a0cb216.jpg?ver=1777068930","contentUrl":"https:\/\/treslineasnoticias.com.ar\/wp-content\/litespeed\/avatar\/ddbec442f0224f940ce000570a0cb216.jpg?ver=1777068930","caption":"Horacio L\u00f3pez"},"sameAs":["http:\/\/treslineasnoticias.com.ar"],"url":"https:\/\/treslineasnoticias.com.ar\/?author=3"}]}},"jetpack_featured_media_url":"https:\/\/treslineasnoticias.com.ar\/wp-content\/uploads\/2026\/03\/Carlos-Balor-recorrio-la-9na-Exposicion-Chatas-del-Sur.jpg","jetpack_sharing_enabled":true,"_links":{"self":[{"href":"https:\/\/treslineasnoticias.com.ar\/index.php?rest_route=\/wp\/v2\/posts\/23276","targetHints":{"allow":["GET"]}}],"collection":[{"href":"https:\/\/treslineasnoticias.com.ar\/index.php?rest_route=\/wp\/v2\/posts"}],"about":[{"href":"https:\/\/treslineasnoticias.com.ar\/index.php?rest_route=\/wp\/v2\/types\/post"}],"author":[{"embeddable":true,"href":"https:\/\/treslineasnoticias.com.ar\/index.php?rest_route=\/wp\/v2\/users\/3"}],"replies":[{"embeddable":true,"href":"https:\/\/treslineasnoticias.com.ar\/index.php?rest_route=%2Fwp%2Fv2%2Fcomments&post=23276"}],"version-history":[{"count":1,"href":"https:\/\/treslineasnoticias.com.ar\/index.php?rest_route=\/wp\/v2\/posts\/23276\/revisions"}],"predecessor-version":[{"id":23280,"href":"https:\/\/treslineasnoticias.com.ar\/index.php?rest_route=\/wp\/v2\/posts\/23276\/revisions\/23280"}],"wp:featuredmedia":[{"embeddable":true,"href":"https:\/\/treslineasnoticias.com.ar\/index.php?rest_route=\/wp\/v2\/media\/23279"}],"wp:attachment":[{"href":"https:\/\/treslineasnoticias.com.ar\/index.php?rest_route=%2Fwp%2Fv2%2Fmedia&parent=23276"}],"wp:term":[{"taxonomy":"category","embeddable":true,"href":"https:\/\/treslineasnoticias.com.ar\/index.php?rest_route=%2Fwp%2Fv2%2Fcategories&post=23276"},{"taxonomy":"post_tag","embeddable":true,"href":"https:\/\/treslineasnoticias.com.ar\/index.php?rest_route=%2Fwp%2Fv2%2Ftags&post=23276"}],"curies":[{"name":"wp","href":"https:\/\/api.w.org\/{rel}","templated":true}]}}