{"id":23281,"date":"2026-03-12T19:16:45","date_gmt":"2026-03-12T22:16:45","guid":{"rendered":"https:\/\/treslineasnoticias.com.ar\/?p=23281"},"modified":"2026-03-12T19:16:47","modified_gmt":"2026-03-12T22:16:47","slug":"boleto-estudiantil-gratuito-para-garantizar-el-acceso-al-transporte-publico","status":"publish","type":"post","link":"https:\/\/treslineasnoticias.com.ar\/?p=23281","title":{"rendered":"Boleto estudiantil gratuito para garantizar el acceso al transporte p\u00fablico"},"content":{"rendered":"\n<p><strong><em>Ante el comienzo del ciclo lectivo, el gobierno local diagram\u00f3 una jornada para que alumnos y alumnas, desde nivel inicial hasta el terciario, pudieran inscribirse al programa provincial, en el Centro Educativo Integral Municipal (C.E.I.M.) N\u00ba2 -Posadas N\u00ba3100- durante la ma\u00f1ana del jueves.<\/em><\/strong><\/p>\n\n\n\n<figure class=\"wp-block-image size-large\"><img loading=\"lazy\" decoding=\"async\" width=\"1024\" height=\"683\" src=\"http:\/\/treslineasnoticias.com.ar\/wp-content\/uploads\/2026\/03\/695aa22c-0fde-b0b7-17d3-9e6b2f243700-1024x683.jpg\" alt=\"\" class=\"wp-image-23283\" srcset=\"https:\/\/treslineasnoticias.com.ar\/wp-content\/uploads\/2026\/03\/695aa22c-0fde-b0b7-17d3-9e6b2f243700-1024x683.jpg 1024w, https:\/\/treslineasnoticias.com.ar\/wp-content\/uploads\/2026\/03\/695aa22c-0fde-b0b7-17d3-9e6b2f243700-300x200.jpg 300w, https:\/\/treslineasnoticias.com.ar\/wp-content\/uploads\/2026\/03\/695aa22c-0fde-b0b7-17d3-9e6b2f243700-768x512.jpg 768w, https:\/\/treslineasnoticias.com.ar\/wp-content\/uploads\/2026\/03\/695aa22c-0fde-b0b7-17d3-9e6b2f243700-1536x1024.jpg 1536w, https:\/\/treslineasnoticias.com.ar\/wp-content\/uploads\/2026\/03\/695aa22c-0fde-b0b7-17d3-9e6b2f243700-2048x1365.jpg 2048w\" sizes=\"auto, (max-width: 1024px) 100vw, 1024px\" \/><\/figure>\n\n\n\n<p>Mariano Dom\u00ednguez -director de Fortalecimiento Educativo- remarc\u00f3 \u201cuna pol\u00edtica p\u00fablica, coordinada por la Comuna junto al Ejecutivo bonaerense, que le asegur\u00f3 a chicos y chicas de establecimientos pedag\u00f3gicos, de gesti\u00f3n tanto estatal como privada, acceder al boleto\u201d.<\/p>\n\n\n\n<p>Con respecto al procedimiento de la matriculaci\u00f3n, Dom\u00ednguez detall\u00f3: \u201cConcurrir con el DNI, la SUBE registrada y la constancia de regularidad\u201d.<\/p>\n\n\n\n<p>Luego de pasar por la dependencia, Maia Enrique -de La Pileta- coment\u00f3: \u201cFue la primera vez que me anot\u00e9. Me pareci\u00f3 una gran oportunidad tener este beneficio\u201d. La estudiante de 4to a\u00f1o de la E.S. N\u00ba10 record\u00f3: \u201cA veces no pod\u00eda sacar el pasaje por su costo\u201d. Sumado a eso, confirm\u00f3: \u201cLe avis\u00e9 a mis compa\u00f1eros de clase y dijeron que iban a tramitarlo\u201d.<\/p>\n\n\n\n<figure class=\"wp-block-image size-large\"><img loading=\"lazy\" decoding=\"async\" width=\"1024\" height=\"683\" src=\"http:\/\/treslineasnoticias.com.ar\/wp-content\/uploads\/2026\/03\/7729a05b-269e-f6d2-f7b7-8682b1f2b447-1024x683.jpg\" alt=\"\" class=\"wp-image-23284\" srcset=\"https:\/\/treslineasnoticias.com.ar\/wp-content\/uploads\/2026\/03\/7729a05b-269e-f6d2-f7b7-8682b1f2b447-1024x683.jpg 1024w, https:\/\/treslineasnoticias.com.ar\/wp-content\/uploads\/2026\/03\/7729a05b-269e-f6d2-f7b7-8682b1f2b447-300x200.jpg 300w, https:\/\/treslineasnoticias.com.ar\/wp-content\/uploads\/2026\/03\/7729a05b-269e-f6d2-f7b7-8682b1f2b447-768x512.jpg 768w, https:\/\/treslineasnoticias.com.ar\/wp-content\/uploads\/2026\/03\/7729a05b-269e-f6d2-f7b7-8682b1f2b447-1536x1024.jpg 1536w, https:\/\/treslineasnoticias.com.ar\/wp-content\/uploads\/2026\/03\/7729a05b-269e-f6d2-f7b7-8682b1f2b447-2048x1366.jpg 2048w\" sizes=\"auto, (max-width: 1024px) 100vw, 1024px\" \/><\/figure>\n\n\n\n<p>Rosa I\u00f1iguez -residente en Zeballos- consider\u00f3 \u201cuna chance muy importante debido al mal momento econ\u00f3mico y a los aumentos peri\u00f3dicos del transporte\u201d. A su vez, destac\u00f3: \u201cAl arrancar el secundario, mis ni\u00f1as a\u00f1adieron m\u00e1s viajes por las materias en contraturno. Esto fue una gran ayuda para el bolsillo\u201d.<\/p>\n\n\n\n<p>\u201cAcompa\u00f1\u00e9 a mi hija Kiara. Ella vino por sus estudios en la Escuela de Bellas Artes\u201d, explic\u00f3 H\u00e9ctor G\u00e1rnica. \u201cAprovech\u00e9 para averiguar por la m\u00e1s peque\u00f1a\u201d, mencion\u00f3 el vecino de San Nicol\u00e1s y agreg\u00f3: \u201cMe asesoraron a la perfecci\u00f3n, me explicaron claramente lo que deb\u00eda traer\u201d.&nbsp;&nbsp;&nbsp;<\/p>\n\n\n\n<p>Programaron dos encuentros m\u00e1s el 19 de marzo, en el C.E.I.M. N\u00ba4 -Int. Oliver N\u00ba4132-; y el 26, en el edificio comunal -25 de Mayo esquina Chacabuco-; en ambas fechas de 9 a 14 h.<\/p>\n","protected":false},"excerpt":{"rendered":"<p>Ante el comienzo del ciclo lectivo, el gobierno local diagram\u00f3 una jornada para que alumnos y alumnas, desde nivel inicial hasta el terciario, pudieran inscribirse al programa provincial, en el Centro Educativo Integral Municipal (C.E.I.M.) N\u00ba2 -Posadas N\u00ba3100- durante la ma\u00f1ana del jueves. Mariano Dom\u00ednguez -director de Fortalecimiento Educativo- remarc\u00f3 \u201cuna pol\u00edtica p\u00fablica, coordinada por [&hellip;]<\/p>\n","protected":false},"author":3,"featured_media":23282,"comment_status":"open","ping_status":"open","sticky":false,"template":"","format":"standard","meta":{"_jetpack_memberships_contains_paid_content":false,"footnotes":""},"categories":[6],"tags":[],"class_list":["post-23281","post","type-post","status-publish","format-standard","has-post-thumbnail","hentry","category-florencio-varela"],"yoast_head":"<!-- This site is optimized with the Yoast SEO plugin v24.7 - https:\/\/yoast.com\/wordpress\/plugins\/seo\/ -->\n<title>Boleto estudiantil gratuito para garantizar el acceso al transporte p\u00fablico - Tres Lineas Noticias<\/title>\n<meta name=\"robots\" content=\"index, follow, max-snippet:-1, max-image-preview:large, max-video-preview:-1\" \/>\n<link rel=\"canonical\" href=\"https:\/\/treslineasnoticias.com.ar\/?p=23281\" \/>\n<meta property=\"og:locale\" content=\"es_ES\" \/>\n<meta property=\"og:type\" content=\"article\" \/>\n<meta property=\"og:title\" content=\"Boleto estudiantil gratuito para garantizar el acceso al transporte p\u00fablico - Tres Lineas Noticias\" \/>\n<meta property=\"og:description\" content=\"Ante el comienzo del ciclo lectivo, el gobierno local diagram\u00f3 una jornada para que alumnos y alumnas, desde nivel inicial hasta el terciario, pudieran inscribirse al programa provincial, en el Centro Educativo Integral Municipal (C.E.I.M.) N\u00ba2 -Posadas N\u00ba3100- durante la ma\u00f1ana del jueves. Mariano Dom\u00ednguez -director de Fortalecimiento Educativo- remarc\u00f3 \u201cuna pol\u00edtica p\u00fablica, coordinada por [&hellip;]\" \/>\n<meta property=\"og:url\" content=\"https:\/\/treslineasnoticias.com.ar\/?p=23281\" \/>\n<meta property=\"og:site_name\" content=\"Tres Lineas Noticias\" \/>\n<meta property=\"article:published_time\" content=\"2026-03-12T22:16:45+00:00\" \/>\n<meta property=\"article:modified_time\" content=\"2026-03-12T22:16:47+00:00\" \/>\n<meta property=\"og:image\" content=\"http:\/\/treslineasnoticias.com.ar\/wp-content\/uploads\/2026\/03\/e6e69545-7b0c-fe05-0832-2c2644cdbce8-scaled.jpg\" \/>\n\t<meta property=\"og:image:width\" content=\"2560\" \/>\n\t<meta property=\"og:image:height\" content=\"1707\" \/>\n\t<meta property=\"og:image:type\" content=\"image\/jpeg\" \/>\n<meta name=\"author\" content=\"Horacio L\u00f3pez\" \/>\n<meta name=\"twitter:card\" content=\"summary_large_image\" \/>\n<meta name=\"twitter:label1\" content=\"Escrito por\" \/>\n\t<meta name=\"twitter:data1\" content=\"Horacio L\u00f3pez\" \/>\n\t<meta name=\"twitter:label2\" content=\"Tiempo de lectura\" \/>\n\t<meta name=\"twitter:data2\" content=\"2 minutos\" \/>\n<script type=\"application\/ld+json\" class=\"yoast-schema-graph\">{\"@context\":\"https:\/\/schema.org\",\"@graph\":[{\"@type\":\"WebPage\",\"@id\":\"https:\/\/treslineasnoticias.com.ar\/?p=23281\",\"url\":\"https:\/\/treslineasnoticias.com.ar\/?p=23281\",\"name\":\"Boleto estudiantil gratuito para garantizar el acceso al transporte p\u00fablico - Tres Lineas Noticias\",\"isPartOf\":{\"@id\":\"https:\/\/treslineasnoticias.com.ar\/#website\"},\"primaryImageOfPage\":{\"@id\":\"https:\/\/treslineasnoticias.com.ar\/?p=23281#primaryimage\"},\"image\":{\"@id\":\"https:\/\/treslineasnoticias.com.ar\/?p=23281#primaryimage\"},\"thumbnailUrl\":\"https:\/\/treslineasnoticias.com.ar\/wp-content\/uploads\/2026\/03\/e6e69545-7b0c-fe05-0832-2c2644cdbce8-scaled.jpg\",\"datePublished\":\"2026-03-12T22:16:45+00:00\",\"dateModified\":\"2026-03-12T22:16:47+00:00\",\"author\":{\"@id\":\"https:\/\/treslineasnoticias.com.ar\/#\/schema\/person\/c5f7249e50517b84c2379b145ca14895\"},\"breadcrumb\":{\"@id\":\"https:\/\/treslineasnoticias.com.ar\/?p=23281#breadcrumb\"},\"inLanguage\":\"es\",\"potentialAction\":[{\"@type\":\"ReadAction\",\"target\":[\"https:\/\/treslineasnoticias.com.ar\/?p=23281\"]}]},{\"@type\":\"ImageObject\",\"inLanguage\":\"es\",\"@id\":\"https:\/\/treslineasnoticias.com.ar\/?p=23281#primaryimage\",\"url\":\"https:\/\/treslineasnoticias.com.ar\/wp-content\/uploads\/2026\/03\/e6e69545-7b0c-fe05-0832-2c2644cdbce8-scaled.jpg\",\"contentUrl\":\"https:\/\/treslineasnoticias.com.ar\/wp-content\/uploads\/2026\/03\/e6e69545-7b0c-fe05-0832-2c2644cdbce8-scaled.jpg\",\"width\":2560,\"height\":1707},{\"@type\":\"BreadcrumbList\",\"@id\":\"https:\/\/treslineasnoticias.com.ar\/?p=23281#breadcrumb\",\"itemListElement\":[{\"@type\":\"ListItem\",\"position\":1,\"name\":\"Portada\",\"item\":\"https:\/\/treslineasnoticias.com.ar\/\"},{\"@type\":\"ListItem\",\"position\":2,\"name\":\"Boleto estudiantil gratuito para garantizar el acceso al transporte p\u00fablico\"}]},{\"@type\":\"WebSite\",\"@id\":\"https:\/\/treslineasnoticias.com.ar\/#website\",\"url\":\"https:\/\/treslineasnoticias.com.ar\/\",\"name\":\"Tres Lineas Noticias\",\"description\":\"\",\"potentialAction\":[{\"@type\":\"SearchAction\",\"target\":{\"@type\":\"EntryPoint\",\"urlTemplate\":\"https:\/\/treslineasnoticias.com.ar\/?s={search_term_string}\"},\"query-input\":{\"@type\":\"PropertyValueSpecification\",\"valueRequired\":true,\"valueName\":\"search_term_string\"}}],\"inLanguage\":\"es\"},{\"@type\":\"Person\",\"@id\":\"https:\/\/treslineasnoticias.com.ar\/#\/schema\/person\/c5f7249e50517b84c2379b145ca14895\",\"name\":\"Horacio L\u00f3pez\",\"image\":{\"@type\":\"ImageObject\",\"inLanguage\":\"es\",\"@id\":\"https:\/\/treslineasnoticias.com.ar\/#\/schema\/person\/image\/\",\"url\":\"https:\/\/treslineasnoticias.com.ar\/wp-content\/litespeed\/avatar\/ddbec442f0224f940ce000570a0cb216.jpg?ver=1777068930\",\"contentUrl\":\"https:\/\/treslineasnoticias.com.ar\/wp-content\/litespeed\/avatar\/ddbec442f0224f940ce000570a0cb216.jpg?ver=1777068930\",\"caption\":\"Horacio L\u00f3pez\"},\"sameAs\":[\"http:\/\/treslineasnoticias.com.ar\"],\"url\":\"https:\/\/treslineasnoticias.com.ar\/?author=3\"}]}<\/script>\n<!-- \/ Yoast SEO plugin. -->","yoast_head_json":{"title":"Boleto estudiantil gratuito para garantizar el acceso al transporte p\u00fablico - Tres Lineas Noticias","robots":{"index":"index","follow":"follow","max-snippet":"max-snippet:-1","max-image-preview":"max-image-preview:large","max-video-preview":"max-video-preview:-1"},"canonical":"https:\/\/treslineasnoticias.com.ar\/?p=23281","og_locale":"es_ES","og_type":"article","og_title":"Boleto estudiantil gratuito para garantizar el acceso al transporte p\u00fablico - Tres Lineas Noticias","og_description":"Ante el comienzo del ciclo lectivo, el gobierno local diagram\u00f3 una jornada para que alumnos y alumnas, desde nivel inicial hasta el terciario, pudieran inscribirse al programa provincial, en el Centro Educativo Integral Municipal (C.E.I.M.) N\u00ba2 -Posadas N\u00ba3100- durante la ma\u00f1ana del jueves. Mariano Dom\u00ednguez -director de Fortalecimiento Educativo- remarc\u00f3 \u201cuna pol\u00edtica p\u00fablica, coordinada por [&hellip;]","og_url":"https:\/\/treslineasnoticias.com.ar\/?p=23281","og_site_name":"Tres Lineas Noticias","article_published_time":"2026-03-12T22:16:45+00:00","article_modified_time":"2026-03-12T22:16:47+00:00","og_image":[{"width":2560,"height":1707,"url":"http:\/\/treslineasnoticias.com.ar\/wp-content\/uploads\/2026\/03\/e6e69545-7b0c-fe05-0832-2c2644cdbce8-scaled.jpg","type":"image\/jpeg"}],"author":"Horacio L\u00f3pez","twitter_card":"summary_large_image","twitter_misc":{"Escrito por":"Horacio L\u00f3pez","Tiempo de lectura":"2 minutos"},"schema":{"@context":"https:\/\/schema.org","@graph":[{"@type":"WebPage","@id":"https:\/\/treslineasnoticias.com.ar\/?p=23281","url":"https:\/\/treslineasnoticias.com.ar\/?p=23281","name":"Boleto estudiantil gratuito para garantizar el acceso al transporte p\u00fablico - Tres Lineas Noticias","isPartOf":{"@id":"https:\/\/treslineasnoticias.com.ar\/#website"},"primaryImageOfPage":{"@id":"https:\/\/treslineasnoticias.com.ar\/?p=23281#primaryimage"},"image":{"@id":"https:\/\/treslineasnoticias.com.ar\/?p=23281#primaryimage"},"thumbnailUrl":"https:\/\/treslineasnoticias.com.ar\/wp-content\/uploads\/2026\/03\/e6e69545-7b0c-fe05-0832-2c2644cdbce8-scaled.jpg","datePublished":"2026-03-12T22:16:45+00:00","dateModified":"2026-03-12T22:16:47+00:00","author":{"@id":"https:\/\/treslineasnoticias.com.ar\/#\/schema\/person\/c5f7249e50517b84c2379b145ca14895"},"breadcrumb":{"@id":"https:\/\/treslineasnoticias.com.ar\/?p=23281#breadcrumb"},"inLanguage":"es","potentialAction":[{"@type":"ReadAction","target":["https:\/\/treslineasnoticias.com.ar\/?p=23281"]}]},{"@type":"ImageObject","inLanguage":"es","@id":"https:\/\/treslineasnoticias.com.ar\/?p=23281#primaryimage","url":"https:\/\/treslineasnoticias.com.ar\/wp-content\/uploads\/2026\/03\/e6e69545-7b0c-fe05-0832-2c2644cdbce8-scaled.jpg","contentUrl":"https:\/\/treslineasnoticias.com.ar\/wp-content\/uploads\/2026\/03\/e6e69545-7b0c-fe05-0832-2c2644cdbce8-scaled.jpg","width":2560,"height":1707},{"@type":"BreadcrumbList","@id":"https:\/\/treslineasnoticias.com.ar\/?p=23281#breadcrumb","itemListElement":[{"@type":"ListItem","position":1,"name":"Portada","item":"https:\/\/treslineasnoticias.com.ar\/"},{"@type":"ListItem","position":2,"name":"Boleto estudiantil gratuito para garantizar el acceso al transporte p\u00fablico"}]},{"@type":"WebSite","@id":"https:\/\/treslineasnoticias.com.ar\/#website","url":"https:\/\/treslineasnoticias.com.ar\/","name":"Tres Lineas Noticias","description":"","potentialAction":[{"@type":"SearchAction","target":{"@type":"EntryPoint","urlTemplate":"https:\/\/treslineasnoticias.com.ar\/?s={search_term_string}"},"query-input":{"@type":"PropertyValueSpecification","valueRequired":true,"valueName":"search_term_string"}}],"inLanguage":"es"},{"@type":"Person","@id":"https:\/\/treslineasnoticias.com.ar\/#\/schema\/person\/c5f7249e50517b84c2379b145ca14895","name":"Horacio L\u00f3pez","image":{"@type":"ImageObject","inLanguage":"es","@id":"https:\/\/treslineasnoticias.com.ar\/#\/schema\/person\/image\/","url":"https:\/\/treslineasnoticias.com.ar\/wp-content\/litespeed\/avatar\/ddbec442f0224f940ce000570a0cb216.jpg?ver=1777068930","contentUrl":"https:\/\/treslineasnoticias.com.ar\/wp-content\/litespeed\/avatar\/ddbec442f0224f940ce000570a0cb216.jpg?ver=1777068930","caption":"Horacio L\u00f3pez"},"sameAs":["http:\/\/treslineasnoticias.com.ar"],"url":"https:\/\/treslineasnoticias.com.ar\/?author=3"}]}},"jetpack_featured_media_url":"https:\/\/treslineasnoticias.com.ar\/wp-content\/uploads\/2026\/03\/e6e69545-7b0c-fe05-0832-2c2644cdbce8-scaled.jpg","jetpack_sharing_enabled":true,"_links":{"self":[{"href":"https:\/\/treslineasnoticias.com.ar\/index.php?rest_route=\/wp\/v2\/posts\/23281","targetHints":{"allow":["GET"]}}],"collection":[{"href":"https:\/\/treslineasnoticias.com.ar\/index.php?rest_route=\/wp\/v2\/posts"}],"about":[{"href":"https:\/\/treslineasnoticias.com.ar\/index.php?rest_route=\/wp\/v2\/types\/post"}],"author":[{"embeddable":true,"href":"https:\/\/treslineasnoticias.com.ar\/index.php?rest_route=\/wp\/v2\/users\/3"}],"replies":[{"embeddable":true,"href":"https:\/\/treslineasnoticias.com.ar\/index.php?rest_route=%2Fwp%2Fv2%2Fcomments&post=23281"}],"version-history":[{"count":1,"href":"https:\/\/treslineasnoticias.com.ar\/index.php?rest_route=\/wp\/v2\/posts\/23281\/revisions"}],"predecessor-version":[{"id":23285,"href":"https:\/\/treslineasnoticias.com.ar\/index.php?rest_route=\/wp\/v2\/posts\/23281\/revisions\/23285"}],"wp:featuredmedia":[{"embeddable":true,"href":"https:\/\/treslineasnoticias.com.ar\/index.php?rest_route=\/wp\/v2\/media\/23282"}],"wp:attachment":[{"href":"https:\/\/treslineasnoticias.com.ar\/index.php?rest_route=%2Fwp%2Fv2%2Fmedia&parent=23281"}],"wp:term":[{"taxonomy":"category","embeddable":true,"href":"https:\/\/treslineasnoticias.com.ar\/index.php?rest_route=%2Fwp%2Fv2%2Fcategories&post=23281"},{"taxonomy":"post_tag","embeddable":true,"href":"https:\/\/treslineasnoticias.com.ar\/index.php?rest_route=%2Fwp%2Fv2%2Ftags&post=23281"}],"curies":[{"name":"wp","href":"https:\/\/api.w.org\/{rel}","templated":true}]}}