{"id":23286,"date":"2026-03-12T19:18:56","date_gmt":"2026-03-12T22:18:56","guid":{"rendered":"https:\/\/treslineasnoticias.com.ar\/?p=23286"},"modified":"2026-03-12T19:18:58","modified_gmt":"2026-03-12T22:18:58","slug":"vacunacion-antigripal-2026","status":"publish","type":"post","link":"https:\/\/treslineasnoticias.com.ar\/?p=23286","title":{"rendered":"Vacunaci\u00f3n antigripal 2026"},"content":{"rendered":"\n<p><strong><em>Desde el 11 de marzo est\u00e1 vigente la campa\u00f1a de inoculaci\u00f3n gratuita, con prioridad en la protecci\u00f3n de profesionales de la salud y mayores de 65 a\u00f1os.<\/em><\/strong><\/p>\n\n\n\n<p>\u201cA partir del lunes 23, estar\u00e1n disponibles las dosis para embarazadas, pu\u00e9rperas -hasta 10 d\u00edas tras el parto-, infancias de 6 a 24 meses y personal estrat\u00e9gico\u201d, adelanta la responsable de la cartera de sanidad, Adriana Alonso. \u201cNo es necesaria la orden m\u00e9dica, salvo en personas con factores de riesgo de los 2 a 64 a\u00f1os\u201d, aclara.<\/p>\n\n\n\n<p>Adem\u00e1s, la funcionaria destaca \u201cel comienzo de la estrategia en marzo a fin de contar con las semanas de inmunidad necesarias antes de la llegada del fr\u00edo, el periodo de m\u00e1s circulaci\u00f3n del virus influenza en la regi\u00f3n\u201d.<\/p>\n\n\n\n<p>\u201cNuestro prop\u00f3sito es alcanzar coberturas iguales o superiores al 95% en cada grupo para minimizar de manera efectiva las complicaciones, las secuelas y la mortalidad asociadas a la afecci\u00f3n\u201d, afirma.<\/p>\n\n\n\n<p>Por \u00faltimo, la Secretaria recuerda: \u201cDeber\u00e1n acercarse a cualquiera de los 43 vacunatorios y hospitales del distrito para recibir la inyecci\u00f3n sin costo\u201d.<\/p>\n","protected":false},"excerpt":{"rendered":"<p>Desde el 11 de marzo est\u00e1 vigente la campa\u00f1a de inoculaci\u00f3n gratuita, con prioridad en la protecci\u00f3n de profesionales de la salud y mayores de 65 a\u00f1os. \u201cA partir del lunes 23, estar\u00e1n disponibles las dosis para embarazadas, pu\u00e9rperas -hasta 10 d\u00edas tras el parto-, infancias de 6 a 24 meses y personal estrat\u00e9gico\u201d, adelanta [&hellip;]<\/p>\n","protected":false},"author":3,"featured_media":23287,"comment_status":"open","ping_status":"open","sticky":false,"template":"","format":"standard","meta":{"_jetpack_memberships_contains_paid_content":false,"footnotes":""},"categories":[6],"tags":[],"class_list":["post-23286","post","type-post","status-publish","format-standard","has-post-thumbnail","hentry","category-florencio-varela"],"yoast_head":"<!-- This site is optimized with the Yoast SEO plugin v24.7 - https:\/\/yoast.com\/wordpress\/plugins\/seo\/ -->\n<title>Vacunaci\u00f3n antigripal 2026 - Tres Lineas Noticias<\/title>\n<meta name=\"robots\" content=\"index, follow, max-snippet:-1, max-image-preview:large, max-video-preview:-1\" \/>\n<link rel=\"canonical\" href=\"https:\/\/treslineasnoticias.com.ar\/?p=23286\" \/>\n<meta property=\"og:locale\" content=\"es_ES\" \/>\n<meta property=\"og:type\" content=\"article\" \/>\n<meta property=\"og:title\" content=\"Vacunaci\u00f3n antigripal 2026 - Tres Lineas Noticias\" \/>\n<meta property=\"og:description\" content=\"Desde el 11 de marzo est\u00e1 vigente la campa\u00f1a de inoculaci\u00f3n gratuita, con prioridad en la protecci\u00f3n de profesionales de la salud y mayores de 65 a\u00f1os. \u201cA partir del lunes 23, estar\u00e1n disponibles las dosis para embarazadas, pu\u00e9rperas -hasta 10 d\u00edas tras el parto-, infancias de 6 a 24 meses y personal estrat\u00e9gico\u201d, adelanta [&hellip;]\" \/>\n<meta property=\"og:url\" content=\"https:\/\/treslineasnoticias.com.ar\/?p=23286\" \/>\n<meta property=\"og:site_name\" content=\"Tres Lineas Noticias\" \/>\n<meta property=\"article:published_time\" content=\"2026-03-12T22:18:56+00:00\" \/>\n<meta property=\"article:modified_time\" content=\"2026-03-12T22:18:58+00:00\" \/>\n<meta property=\"og:image\" content=\"http:\/\/treslineasnoticias.com.ar\/wp-content\/uploads\/2026\/03\/cd8927be-25aa-096a-4792-ea0ab0e82703-scaled.jpg\" \/>\n\t<meta property=\"og:image:width\" content=\"2560\" \/>\n\t<meta property=\"og:image:height\" content=\"1707\" \/>\n\t<meta property=\"og:image:type\" content=\"image\/jpeg\" \/>\n<meta name=\"author\" content=\"Horacio L\u00f3pez\" \/>\n<meta name=\"twitter:card\" content=\"summary_large_image\" \/>\n<meta name=\"twitter:label1\" content=\"Escrito por\" \/>\n\t<meta name=\"twitter:data1\" content=\"Horacio L\u00f3pez\" \/>\n\t<meta name=\"twitter:label2\" content=\"Tiempo de lectura\" \/>\n\t<meta name=\"twitter:data2\" content=\"2 minutos\" \/>\n<script type=\"application\/ld+json\" class=\"yoast-schema-graph\">{\"@context\":\"https:\/\/schema.org\",\"@graph\":[{\"@type\":\"WebPage\",\"@id\":\"https:\/\/treslineasnoticias.com.ar\/?p=23286\",\"url\":\"https:\/\/treslineasnoticias.com.ar\/?p=23286\",\"name\":\"Vacunaci\u00f3n antigripal 2026 - Tres Lineas Noticias\",\"isPartOf\":{\"@id\":\"https:\/\/treslineasnoticias.com.ar\/#website\"},\"primaryImageOfPage\":{\"@id\":\"https:\/\/treslineasnoticias.com.ar\/?p=23286#primaryimage\"},\"image\":{\"@id\":\"https:\/\/treslineasnoticias.com.ar\/?p=23286#primaryimage\"},\"thumbnailUrl\":\"https:\/\/treslineasnoticias.com.ar\/wp-content\/uploads\/2026\/03\/cd8927be-25aa-096a-4792-ea0ab0e82703-scaled.jpg\",\"datePublished\":\"2026-03-12T22:18:56+00:00\",\"dateModified\":\"2026-03-12T22:18:58+00:00\",\"author\":{\"@id\":\"https:\/\/treslineasnoticias.com.ar\/#\/schema\/person\/c5f7249e50517b84c2379b145ca14895\"},\"breadcrumb\":{\"@id\":\"https:\/\/treslineasnoticias.com.ar\/?p=23286#breadcrumb\"},\"inLanguage\":\"es\",\"potentialAction\":[{\"@type\":\"ReadAction\",\"target\":[\"https:\/\/treslineasnoticias.com.ar\/?p=23286\"]}]},{\"@type\":\"ImageObject\",\"inLanguage\":\"es\",\"@id\":\"https:\/\/treslineasnoticias.com.ar\/?p=23286#primaryimage\",\"url\":\"https:\/\/treslineasnoticias.com.ar\/wp-content\/uploads\/2026\/03\/cd8927be-25aa-096a-4792-ea0ab0e82703-scaled.jpg\",\"contentUrl\":\"https:\/\/treslineasnoticias.com.ar\/wp-content\/uploads\/2026\/03\/cd8927be-25aa-096a-4792-ea0ab0e82703-scaled.jpg\",\"width\":2560,\"height\":1707},{\"@type\":\"BreadcrumbList\",\"@id\":\"https:\/\/treslineasnoticias.com.ar\/?p=23286#breadcrumb\",\"itemListElement\":[{\"@type\":\"ListItem\",\"position\":1,\"name\":\"Portada\",\"item\":\"https:\/\/treslineasnoticias.com.ar\/\"},{\"@type\":\"ListItem\",\"position\":2,\"name\":\"Vacunaci\u00f3n antigripal 2026\"}]},{\"@type\":\"WebSite\",\"@id\":\"https:\/\/treslineasnoticias.com.ar\/#website\",\"url\":\"https:\/\/treslineasnoticias.com.ar\/\",\"name\":\"Tres Lineas Noticias\",\"description\":\"\",\"potentialAction\":[{\"@type\":\"SearchAction\",\"target\":{\"@type\":\"EntryPoint\",\"urlTemplate\":\"https:\/\/treslineasnoticias.com.ar\/?s={search_term_string}\"},\"query-input\":{\"@type\":\"PropertyValueSpecification\",\"valueRequired\":true,\"valueName\":\"search_term_string\"}}],\"inLanguage\":\"es\"},{\"@type\":\"Person\",\"@id\":\"https:\/\/treslineasnoticias.com.ar\/#\/schema\/person\/c5f7249e50517b84c2379b145ca14895\",\"name\":\"Horacio L\u00f3pez\",\"image\":{\"@type\":\"ImageObject\",\"inLanguage\":\"es\",\"@id\":\"https:\/\/treslineasnoticias.com.ar\/#\/schema\/person\/image\/\",\"url\":\"https:\/\/treslineasnoticias.com.ar\/wp-content\/litespeed\/avatar\/ddbec442f0224f940ce000570a0cb216.jpg?ver=1777068930\",\"contentUrl\":\"https:\/\/treslineasnoticias.com.ar\/wp-content\/litespeed\/avatar\/ddbec442f0224f940ce000570a0cb216.jpg?ver=1777068930\",\"caption\":\"Horacio L\u00f3pez\"},\"sameAs\":[\"http:\/\/treslineasnoticias.com.ar\"],\"url\":\"https:\/\/treslineasnoticias.com.ar\/?author=3\"}]}<\/script>\n<!-- \/ Yoast SEO plugin. -->","yoast_head_json":{"title":"Vacunaci\u00f3n antigripal 2026 - Tres Lineas Noticias","robots":{"index":"index","follow":"follow","max-snippet":"max-snippet:-1","max-image-preview":"max-image-preview:large","max-video-preview":"max-video-preview:-1"},"canonical":"https:\/\/treslineasnoticias.com.ar\/?p=23286","og_locale":"es_ES","og_type":"article","og_title":"Vacunaci\u00f3n antigripal 2026 - Tres Lineas Noticias","og_description":"Desde el 11 de marzo est\u00e1 vigente la campa\u00f1a de inoculaci\u00f3n gratuita, con prioridad en la protecci\u00f3n de profesionales de la salud y mayores de 65 a\u00f1os. \u201cA partir del lunes 23, estar\u00e1n disponibles las dosis para embarazadas, pu\u00e9rperas -hasta 10 d\u00edas tras el parto-, infancias de 6 a 24 meses y personal estrat\u00e9gico\u201d, adelanta [&hellip;]","og_url":"https:\/\/treslineasnoticias.com.ar\/?p=23286","og_site_name":"Tres Lineas Noticias","article_published_time":"2026-03-12T22:18:56+00:00","article_modified_time":"2026-03-12T22:18:58+00:00","og_image":[{"width":2560,"height":1707,"url":"http:\/\/treslineasnoticias.com.ar\/wp-content\/uploads\/2026\/03\/cd8927be-25aa-096a-4792-ea0ab0e82703-scaled.jpg","type":"image\/jpeg"}],"author":"Horacio L\u00f3pez","twitter_card":"summary_large_image","twitter_misc":{"Escrito por":"Horacio L\u00f3pez","Tiempo de lectura":"2 minutos"},"schema":{"@context":"https:\/\/schema.org","@graph":[{"@type":"WebPage","@id":"https:\/\/treslineasnoticias.com.ar\/?p=23286","url":"https:\/\/treslineasnoticias.com.ar\/?p=23286","name":"Vacunaci\u00f3n antigripal 2026 - Tres Lineas Noticias","isPartOf":{"@id":"https:\/\/treslineasnoticias.com.ar\/#website"},"primaryImageOfPage":{"@id":"https:\/\/treslineasnoticias.com.ar\/?p=23286#primaryimage"},"image":{"@id":"https:\/\/treslineasnoticias.com.ar\/?p=23286#primaryimage"},"thumbnailUrl":"https:\/\/treslineasnoticias.com.ar\/wp-content\/uploads\/2026\/03\/cd8927be-25aa-096a-4792-ea0ab0e82703-scaled.jpg","datePublished":"2026-03-12T22:18:56+00:00","dateModified":"2026-03-12T22:18:58+00:00","author":{"@id":"https:\/\/treslineasnoticias.com.ar\/#\/schema\/person\/c5f7249e50517b84c2379b145ca14895"},"breadcrumb":{"@id":"https:\/\/treslineasnoticias.com.ar\/?p=23286#breadcrumb"},"inLanguage":"es","potentialAction":[{"@type":"ReadAction","target":["https:\/\/treslineasnoticias.com.ar\/?p=23286"]}]},{"@type":"ImageObject","inLanguage":"es","@id":"https:\/\/treslineasnoticias.com.ar\/?p=23286#primaryimage","url":"https:\/\/treslineasnoticias.com.ar\/wp-content\/uploads\/2026\/03\/cd8927be-25aa-096a-4792-ea0ab0e82703-scaled.jpg","contentUrl":"https:\/\/treslineasnoticias.com.ar\/wp-content\/uploads\/2026\/03\/cd8927be-25aa-096a-4792-ea0ab0e82703-scaled.jpg","width":2560,"height":1707},{"@type":"BreadcrumbList","@id":"https:\/\/treslineasnoticias.com.ar\/?p=23286#breadcrumb","itemListElement":[{"@type":"ListItem","position":1,"name":"Portada","item":"https:\/\/treslineasnoticias.com.ar\/"},{"@type":"ListItem","position":2,"name":"Vacunaci\u00f3n antigripal 2026"}]},{"@type":"WebSite","@id":"https:\/\/treslineasnoticias.com.ar\/#website","url":"https:\/\/treslineasnoticias.com.ar\/","name":"Tres Lineas Noticias","description":"","potentialAction":[{"@type":"SearchAction","target":{"@type":"EntryPoint","urlTemplate":"https:\/\/treslineasnoticias.com.ar\/?s={search_term_string}"},"query-input":{"@type":"PropertyValueSpecification","valueRequired":true,"valueName":"search_term_string"}}],"inLanguage":"es"},{"@type":"Person","@id":"https:\/\/treslineasnoticias.com.ar\/#\/schema\/person\/c5f7249e50517b84c2379b145ca14895","name":"Horacio L\u00f3pez","image":{"@type":"ImageObject","inLanguage":"es","@id":"https:\/\/treslineasnoticias.com.ar\/#\/schema\/person\/image\/","url":"https:\/\/treslineasnoticias.com.ar\/wp-content\/litespeed\/avatar\/ddbec442f0224f940ce000570a0cb216.jpg?ver=1777068930","contentUrl":"https:\/\/treslineasnoticias.com.ar\/wp-content\/litespeed\/avatar\/ddbec442f0224f940ce000570a0cb216.jpg?ver=1777068930","caption":"Horacio L\u00f3pez"},"sameAs":["http:\/\/treslineasnoticias.com.ar"],"url":"https:\/\/treslineasnoticias.com.ar\/?author=3"}]}},"jetpack_featured_media_url":"https:\/\/treslineasnoticias.com.ar\/wp-content\/uploads\/2026\/03\/cd8927be-25aa-096a-4792-ea0ab0e82703-scaled.jpg","jetpack_sharing_enabled":true,"_links":{"self":[{"href":"https:\/\/treslineasnoticias.com.ar\/index.php?rest_route=\/wp\/v2\/posts\/23286","targetHints":{"allow":["GET"]}}],"collection":[{"href":"https:\/\/treslineasnoticias.com.ar\/index.php?rest_route=\/wp\/v2\/posts"}],"about":[{"href":"https:\/\/treslineasnoticias.com.ar\/index.php?rest_route=\/wp\/v2\/types\/post"}],"author":[{"embeddable":true,"href":"https:\/\/treslineasnoticias.com.ar\/index.php?rest_route=\/wp\/v2\/users\/3"}],"replies":[{"embeddable":true,"href":"https:\/\/treslineasnoticias.com.ar\/index.php?rest_route=%2Fwp%2Fv2%2Fcomments&post=23286"}],"version-history":[{"count":1,"href":"https:\/\/treslineasnoticias.com.ar\/index.php?rest_route=\/wp\/v2\/posts\/23286\/revisions"}],"predecessor-version":[{"id":23288,"href":"https:\/\/treslineasnoticias.com.ar\/index.php?rest_route=\/wp\/v2\/posts\/23286\/revisions\/23288"}],"wp:featuredmedia":[{"embeddable":true,"href":"https:\/\/treslineasnoticias.com.ar\/index.php?rest_route=\/wp\/v2\/media\/23287"}],"wp:attachment":[{"href":"https:\/\/treslineasnoticias.com.ar\/index.php?rest_route=%2Fwp%2Fv2%2Fmedia&parent=23286"}],"wp:term":[{"taxonomy":"category","embeddable":true,"href":"https:\/\/treslineasnoticias.com.ar\/index.php?rest_route=%2Fwp%2Fv2%2Fcategories&post=23286"},{"taxonomy":"post_tag","embeddable":true,"href":"https:\/\/treslineasnoticias.com.ar\/index.php?rest_route=%2Fwp%2Fv2%2Ftags&post=23286"}],"curies":[{"name":"wp","href":"https:\/\/api.w.org\/{rel}","templated":true}]}}