{"id":23297,"date":"2026-03-13T23:34:00","date_gmt":"2026-03-14T02:34:00","guid":{"rendered":"https:\/\/treslineasnoticias.com.ar\/?p=23297"},"modified":"2026-03-14T11:41:30","modified_gmt":"2026-03-14T14:41:30","slug":"un-varelense-con-sueno-de-gloria","status":"publish","type":"post","link":"https:\/\/treslineasnoticias.com.ar\/?p=23297","title":{"rendered":"Un varelense con sue\u00f1o de gloria \u00a0"},"content":{"rendered":"\n<p><strong><em>El mandatario local -Andr\u00e9s Watson- dialog\u00f3 con el atleta Ian Garc\u00eda en la antesala de su viaje al Campeonato Mundial Juvenil de Wushu en Tianj\u00edn -China-, la ma\u00f1ana del viernes en el Palacio Municipal.<\/em><\/strong><\/p>\n\n\n\n<p>La secretaria de Cultura, Deportes y Recreaci\u00f3n -Estefan\u00eda Nieva- expres\u00f3 \u201cel orgullo de toda la comunidad por tener a un deportista tan joven en llevar la bandera de Florencio Varela en el extranjero\u201d. A su vez, destac\u00f3 \u201cel compromiso del Intendente de apoyar a las distintas disciplinas para fomentar la vida sana en la ciudadan\u00eda\u201d.<\/p>\n\n\n\n<figure class=\"wp-block-image size-large\"><img loading=\"lazy\" decoding=\"async\" width=\"1024\" height=\"683\" src=\"http:\/\/treslineasnoticias.com.ar\/wp-content\/uploads\/2026\/03\/12ac1df1-d652-2549-6ca3-1a6233e3a2ca-1024x683.jpg\" alt=\"\" class=\"wp-image-23300\" srcset=\"https:\/\/treslineasnoticias.com.ar\/wp-content\/uploads\/2026\/03\/12ac1df1-d652-2549-6ca3-1a6233e3a2ca-1024x683.jpg 1024w, https:\/\/treslineasnoticias.com.ar\/wp-content\/uploads\/2026\/03\/12ac1df1-d652-2549-6ca3-1a6233e3a2ca-300x200.jpg 300w, https:\/\/treslineasnoticias.com.ar\/wp-content\/uploads\/2026\/03\/12ac1df1-d652-2549-6ca3-1a6233e3a2ca-768x512.jpg 768w, https:\/\/treslineasnoticias.com.ar\/wp-content\/uploads\/2026\/03\/12ac1df1-d652-2549-6ca3-1a6233e3a2ca-1536x1024.jpg 1536w, https:\/\/treslineasnoticias.com.ar\/wp-content\/uploads\/2026\/03\/12ac1df1-d652-2549-6ca3-1a6233e3a2ca-2048x1365.jpg 2048w\" sizes=\"auto, (max-width: 1024px) 100vw, 1024px\" \/><\/figure>\n\n\n\n<p>Por su lado, el adolescente de 14 a\u00f1os cont\u00f3 estar \u201ccon una alegr\u00eda y un nerviosismo tremendos por la chance de representar al partido, pero tambi\u00e9n al pa\u00eds\u201d. A pocos d\u00edas de su debut, rememor\u00f3: \u201cMi entrenamiento estuvo centrado en una parte f\u00edsica y luego en la t\u00e9cnica del arte marcial, con el uso de instrumentos m\u00e1s movimientos\u201d.<\/p>\n\n\n\n<p>Respecto a sus expectativas, el chico de Villa Vatteone confes\u00f3 su sue\u00f1o de \u201centrar a la alfombra y terminar las formas de la mejor manera posible en mi primer torneo internacional\u201d.<\/p>\n\n\n\n<p>Su madre -D\u00e9bora Ferreyra- record\u00f3: \u201cHizo un gran sacrificio para llegar hasta ac\u00e1. Dedic\u00f3 demasiadas horas en su preparaci\u00f3n y en su educaci\u00f3n en el colegio\u201d. \u201cSu constancia fue fundamental para alcanzar sus logros\u201d, asegur\u00f3 la se\u00f1ora.<\/p>\n\n\n\n<figure class=\"wp-block-image size-large\"><img loading=\"lazy\" decoding=\"async\" width=\"1024\" height=\"683\" src=\"http:\/\/treslineasnoticias.com.ar\/wp-content\/uploads\/2026\/03\/6e5204ae-aa1b-1c69-cbed-d048b6585a54-1024x683.jpg\" alt=\"\" class=\"wp-image-23299\" srcset=\"https:\/\/treslineasnoticias.com.ar\/wp-content\/uploads\/2026\/03\/6e5204ae-aa1b-1c69-cbed-d048b6585a54-1024x683.jpg 1024w, https:\/\/treslineasnoticias.com.ar\/wp-content\/uploads\/2026\/03\/6e5204ae-aa1b-1c69-cbed-d048b6585a54-300x200.jpg 300w, https:\/\/treslineasnoticias.com.ar\/wp-content\/uploads\/2026\/03\/6e5204ae-aa1b-1c69-cbed-d048b6585a54-768x512.jpg 768w, https:\/\/treslineasnoticias.com.ar\/wp-content\/uploads\/2026\/03\/6e5204ae-aa1b-1c69-cbed-d048b6585a54-1536x1024.jpg 1536w, https:\/\/treslineasnoticias.com.ar\/wp-content\/uploads\/2026\/03\/6e5204ae-aa1b-1c69-cbed-d048b6585a54-2048x1365.jpg 2048w\" sizes=\"auto, (max-width: 1024px) 100vw, 1024px\" \/><\/figure>\n\n\n\n<p>Mientras que Rodrigo Mu\u00f1oz -director de la escuela \u201cBoxeo Valiente\u201d- remarc\u00f3 \u201cun enorme optimismo para su presentaci\u00f3n. Tanto empe\u00f1o nos gener\u00f3 mucha emoci\u00f3n\u201d. Adem\u00e1s, agradeci\u00f3 \u201cla decisi\u00f3n de la Comuna de facilitarnos las instalaciones de la ex empresa AGFA para que \u00e9l pudiera practicar con comodidad\u201d.<\/p>\n\n\n\n<p>Estipularon el desarrollo de la competencia del 23 al 31 de marzo.<\/p>\n","protected":false},"excerpt":{"rendered":"<p>El mandatario local -Andr\u00e9s Watson- dialog\u00f3 con el atleta Ian Garc\u00eda en la antesala de su viaje al Campeonato Mundial Juvenil de Wushu en Tianj\u00edn -China-, la ma\u00f1ana del viernes en el Palacio Municipal. La secretaria de Cultura, Deportes y Recreaci\u00f3n -Estefan\u00eda Nieva- expres\u00f3 \u201cel orgullo de toda la comunidad por tener a un deportista [&hellip;]<\/p>\n","protected":false},"author":3,"featured_media":23298,"comment_status":"open","ping_status":"open","sticky":false,"template":"","format":"standard","meta":{"_jetpack_memberships_contains_paid_content":false,"footnotes":""},"categories":[6],"tags":[],"class_list":["post-23297","post","type-post","status-publish","format-standard","has-post-thumbnail","hentry","category-florencio-varela"],"yoast_head":"<!-- This site is optimized with the Yoast SEO plugin v24.7 - https:\/\/yoast.com\/wordpress\/plugins\/seo\/ -->\n<title>Un varelense con sue\u00f1o de gloria \u00a0 - Tres Lineas Noticias<\/title>\n<meta name=\"robots\" content=\"index, follow, max-snippet:-1, max-image-preview:large, max-video-preview:-1\" \/>\n<link rel=\"canonical\" href=\"https:\/\/treslineasnoticias.com.ar\/?p=23297\" \/>\n<meta property=\"og:locale\" content=\"es_ES\" \/>\n<meta property=\"og:type\" content=\"article\" \/>\n<meta property=\"og:title\" content=\"Un varelense con sue\u00f1o de gloria \u00a0 - Tres Lineas Noticias\" \/>\n<meta property=\"og:description\" content=\"El mandatario local -Andr\u00e9s Watson- dialog\u00f3 con el atleta Ian Garc\u00eda en la antesala de su viaje al Campeonato Mundial Juvenil de Wushu en Tianj\u00edn -China-, la ma\u00f1ana del viernes en el Palacio Municipal. La secretaria de Cultura, Deportes y Recreaci\u00f3n -Estefan\u00eda Nieva- expres\u00f3 \u201cel orgullo de toda la comunidad por tener a un deportista [&hellip;]\" \/>\n<meta property=\"og:url\" content=\"https:\/\/treslineasnoticias.com.ar\/?p=23297\" \/>\n<meta property=\"og:site_name\" content=\"Tres Lineas Noticias\" \/>\n<meta property=\"article:published_time\" content=\"2026-03-14T02:34:00+00:00\" \/>\n<meta property=\"article:modified_time\" content=\"2026-03-14T14:41:30+00:00\" \/>\n<meta property=\"og:image\" content=\"http:\/\/treslineasnoticias.com.ar\/wp-content\/uploads\/2026\/03\/64eed2ba-f368-bed9-c1f3-b68d1668f9b2-scaled.jpg\" \/>\n\t<meta property=\"og:image:width\" content=\"2560\" \/>\n\t<meta property=\"og:image:height\" content=\"1706\" \/>\n\t<meta property=\"og:image:type\" content=\"image\/jpeg\" \/>\n<meta name=\"author\" content=\"Horacio L\u00f3pez\" \/>\n<meta name=\"twitter:card\" content=\"summary_large_image\" \/>\n<meta name=\"twitter:label1\" content=\"Escrito por\" \/>\n\t<meta name=\"twitter:data1\" content=\"Horacio L\u00f3pez\" \/>\n\t<meta name=\"twitter:label2\" content=\"Tiempo de lectura\" \/>\n\t<meta name=\"twitter:data2\" content=\"2 minutos\" \/>\n<script type=\"application\/ld+json\" class=\"yoast-schema-graph\">{\"@context\":\"https:\/\/schema.org\",\"@graph\":[{\"@type\":\"WebPage\",\"@id\":\"https:\/\/treslineasnoticias.com.ar\/?p=23297\",\"url\":\"https:\/\/treslineasnoticias.com.ar\/?p=23297\",\"name\":\"Un varelense con sue\u00f1o de gloria \u00a0 - Tres Lineas Noticias\",\"isPartOf\":{\"@id\":\"https:\/\/treslineasnoticias.com.ar\/#website\"},\"primaryImageOfPage\":{\"@id\":\"https:\/\/treslineasnoticias.com.ar\/?p=23297#primaryimage\"},\"image\":{\"@id\":\"https:\/\/treslineasnoticias.com.ar\/?p=23297#primaryimage\"},\"thumbnailUrl\":\"https:\/\/treslineasnoticias.com.ar\/wp-content\/uploads\/2026\/03\/64eed2ba-f368-bed9-c1f3-b68d1668f9b2-scaled.jpg\",\"datePublished\":\"2026-03-14T02:34:00+00:00\",\"dateModified\":\"2026-03-14T14:41:30+00:00\",\"author\":{\"@id\":\"https:\/\/treslineasnoticias.com.ar\/#\/schema\/person\/c5f7249e50517b84c2379b145ca14895\"},\"breadcrumb\":{\"@id\":\"https:\/\/treslineasnoticias.com.ar\/?p=23297#breadcrumb\"},\"inLanguage\":\"es\",\"potentialAction\":[{\"@type\":\"ReadAction\",\"target\":[\"https:\/\/treslineasnoticias.com.ar\/?p=23297\"]}]},{\"@type\":\"ImageObject\",\"inLanguage\":\"es\",\"@id\":\"https:\/\/treslineasnoticias.com.ar\/?p=23297#primaryimage\",\"url\":\"https:\/\/treslineasnoticias.com.ar\/wp-content\/uploads\/2026\/03\/64eed2ba-f368-bed9-c1f3-b68d1668f9b2-scaled.jpg\",\"contentUrl\":\"https:\/\/treslineasnoticias.com.ar\/wp-content\/uploads\/2026\/03\/64eed2ba-f368-bed9-c1f3-b68d1668f9b2-scaled.jpg\",\"width\":2560,\"height\":1706},{\"@type\":\"BreadcrumbList\",\"@id\":\"https:\/\/treslineasnoticias.com.ar\/?p=23297#breadcrumb\",\"itemListElement\":[{\"@type\":\"ListItem\",\"position\":1,\"name\":\"Portada\",\"item\":\"https:\/\/treslineasnoticias.com.ar\/\"},{\"@type\":\"ListItem\",\"position\":2,\"name\":\"Un varelense con sue\u00f1o de gloria \u00a0\"}]},{\"@type\":\"WebSite\",\"@id\":\"https:\/\/treslineasnoticias.com.ar\/#website\",\"url\":\"https:\/\/treslineasnoticias.com.ar\/\",\"name\":\"Tres Lineas Noticias\",\"description\":\"\",\"potentialAction\":[{\"@type\":\"SearchAction\",\"target\":{\"@type\":\"EntryPoint\",\"urlTemplate\":\"https:\/\/treslineasnoticias.com.ar\/?s={search_term_string}\"},\"query-input\":{\"@type\":\"PropertyValueSpecification\",\"valueRequired\":true,\"valueName\":\"search_term_string\"}}],\"inLanguage\":\"es\"},{\"@type\":\"Person\",\"@id\":\"https:\/\/treslineasnoticias.com.ar\/#\/schema\/person\/c5f7249e50517b84c2379b145ca14895\",\"name\":\"Horacio L\u00f3pez\",\"image\":{\"@type\":\"ImageObject\",\"inLanguage\":\"es\",\"@id\":\"https:\/\/treslineasnoticias.com.ar\/#\/schema\/person\/image\/\",\"url\":\"https:\/\/treslineasnoticias.com.ar\/wp-content\/litespeed\/avatar\/ddbec442f0224f940ce000570a0cb216.jpg?ver=1777068930\",\"contentUrl\":\"https:\/\/treslineasnoticias.com.ar\/wp-content\/litespeed\/avatar\/ddbec442f0224f940ce000570a0cb216.jpg?ver=1777068930\",\"caption\":\"Horacio L\u00f3pez\"},\"sameAs\":[\"http:\/\/treslineasnoticias.com.ar\"],\"url\":\"https:\/\/treslineasnoticias.com.ar\/?author=3\"}]}<\/script>\n<!-- \/ Yoast SEO plugin. -->","yoast_head_json":{"title":"Un varelense con sue\u00f1o de gloria \u00a0 - Tres Lineas Noticias","robots":{"index":"index","follow":"follow","max-snippet":"max-snippet:-1","max-image-preview":"max-image-preview:large","max-video-preview":"max-video-preview:-1"},"canonical":"https:\/\/treslineasnoticias.com.ar\/?p=23297","og_locale":"es_ES","og_type":"article","og_title":"Un varelense con sue\u00f1o de gloria \u00a0 - Tres Lineas Noticias","og_description":"El mandatario local -Andr\u00e9s Watson- dialog\u00f3 con el atleta Ian Garc\u00eda en la antesala de su viaje al Campeonato Mundial Juvenil de Wushu en Tianj\u00edn -China-, la ma\u00f1ana del viernes en el Palacio Municipal. La secretaria de Cultura, Deportes y Recreaci\u00f3n -Estefan\u00eda Nieva- expres\u00f3 \u201cel orgullo de toda la comunidad por tener a un deportista [&hellip;]","og_url":"https:\/\/treslineasnoticias.com.ar\/?p=23297","og_site_name":"Tres Lineas Noticias","article_published_time":"2026-03-14T02:34:00+00:00","article_modified_time":"2026-03-14T14:41:30+00:00","og_image":[{"width":2560,"height":1706,"url":"http:\/\/treslineasnoticias.com.ar\/wp-content\/uploads\/2026\/03\/64eed2ba-f368-bed9-c1f3-b68d1668f9b2-scaled.jpg","type":"image\/jpeg"}],"author":"Horacio L\u00f3pez","twitter_card":"summary_large_image","twitter_misc":{"Escrito por":"Horacio L\u00f3pez","Tiempo de lectura":"2 minutos"},"schema":{"@context":"https:\/\/schema.org","@graph":[{"@type":"WebPage","@id":"https:\/\/treslineasnoticias.com.ar\/?p=23297","url":"https:\/\/treslineasnoticias.com.ar\/?p=23297","name":"Un varelense con sue\u00f1o de gloria \u00a0 - Tres Lineas Noticias","isPartOf":{"@id":"https:\/\/treslineasnoticias.com.ar\/#website"},"primaryImageOfPage":{"@id":"https:\/\/treslineasnoticias.com.ar\/?p=23297#primaryimage"},"image":{"@id":"https:\/\/treslineasnoticias.com.ar\/?p=23297#primaryimage"},"thumbnailUrl":"https:\/\/treslineasnoticias.com.ar\/wp-content\/uploads\/2026\/03\/64eed2ba-f368-bed9-c1f3-b68d1668f9b2-scaled.jpg","datePublished":"2026-03-14T02:34:00+00:00","dateModified":"2026-03-14T14:41:30+00:00","author":{"@id":"https:\/\/treslineasnoticias.com.ar\/#\/schema\/person\/c5f7249e50517b84c2379b145ca14895"},"breadcrumb":{"@id":"https:\/\/treslineasnoticias.com.ar\/?p=23297#breadcrumb"},"inLanguage":"es","potentialAction":[{"@type":"ReadAction","target":["https:\/\/treslineasnoticias.com.ar\/?p=23297"]}]},{"@type":"ImageObject","inLanguage":"es","@id":"https:\/\/treslineasnoticias.com.ar\/?p=23297#primaryimage","url":"https:\/\/treslineasnoticias.com.ar\/wp-content\/uploads\/2026\/03\/64eed2ba-f368-bed9-c1f3-b68d1668f9b2-scaled.jpg","contentUrl":"https:\/\/treslineasnoticias.com.ar\/wp-content\/uploads\/2026\/03\/64eed2ba-f368-bed9-c1f3-b68d1668f9b2-scaled.jpg","width":2560,"height":1706},{"@type":"BreadcrumbList","@id":"https:\/\/treslineasnoticias.com.ar\/?p=23297#breadcrumb","itemListElement":[{"@type":"ListItem","position":1,"name":"Portada","item":"https:\/\/treslineasnoticias.com.ar\/"},{"@type":"ListItem","position":2,"name":"Un varelense con sue\u00f1o de gloria \u00a0"}]},{"@type":"WebSite","@id":"https:\/\/treslineasnoticias.com.ar\/#website","url":"https:\/\/treslineasnoticias.com.ar\/","name":"Tres Lineas Noticias","description":"","potentialAction":[{"@type":"SearchAction","target":{"@type":"EntryPoint","urlTemplate":"https:\/\/treslineasnoticias.com.ar\/?s={search_term_string}"},"query-input":{"@type":"PropertyValueSpecification","valueRequired":true,"valueName":"search_term_string"}}],"inLanguage":"es"},{"@type":"Person","@id":"https:\/\/treslineasnoticias.com.ar\/#\/schema\/person\/c5f7249e50517b84c2379b145ca14895","name":"Horacio L\u00f3pez","image":{"@type":"ImageObject","inLanguage":"es","@id":"https:\/\/treslineasnoticias.com.ar\/#\/schema\/person\/image\/","url":"https:\/\/treslineasnoticias.com.ar\/wp-content\/litespeed\/avatar\/ddbec442f0224f940ce000570a0cb216.jpg?ver=1777068930","contentUrl":"https:\/\/treslineasnoticias.com.ar\/wp-content\/litespeed\/avatar\/ddbec442f0224f940ce000570a0cb216.jpg?ver=1777068930","caption":"Horacio L\u00f3pez"},"sameAs":["http:\/\/treslineasnoticias.com.ar"],"url":"https:\/\/treslineasnoticias.com.ar\/?author=3"}]}},"jetpack_featured_media_url":"https:\/\/treslineasnoticias.com.ar\/wp-content\/uploads\/2026\/03\/64eed2ba-f368-bed9-c1f3-b68d1668f9b2-scaled.jpg","jetpack_sharing_enabled":true,"_links":{"self":[{"href":"https:\/\/treslineasnoticias.com.ar\/index.php?rest_route=\/wp\/v2\/posts\/23297","targetHints":{"allow":["GET"]}}],"collection":[{"href":"https:\/\/treslineasnoticias.com.ar\/index.php?rest_route=\/wp\/v2\/posts"}],"about":[{"href":"https:\/\/treslineasnoticias.com.ar\/index.php?rest_route=\/wp\/v2\/types\/post"}],"author":[{"embeddable":true,"href":"https:\/\/treslineasnoticias.com.ar\/index.php?rest_route=\/wp\/v2\/users\/3"}],"replies":[{"embeddable":true,"href":"https:\/\/treslineasnoticias.com.ar\/index.php?rest_route=%2Fwp%2Fv2%2Fcomments&post=23297"}],"version-history":[{"count":1,"href":"https:\/\/treslineasnoticias.com.ar\/index.php?rest_route=\/wp\/v2\/posts\/23297\/revisions"}],"predecessor-version":[{"id":23301,"href":"https:\/\/treslineasnoticias.com.ar\/index.php?rest_route=\/wp\/v2\/posts\/23297\/revisions\/23301"}],"wp:featuredmedia":[{"embeddable":true,"href":"https:\/\/treslineasnoticias.com.ar\/index.php?rest_route=\/wp\/v2\/media\/23298"}],"wp:attachment":[{"href":"https:\/\/treslineasnoticias.com.ar\/index.php?rest_route=%2Fwp%2Fv2%2Fmedia&parent=23297"}],"wp:term":[{"taxonomy":"category","embeddable":true,"href":"https:\/\/treslineasnoticias.com.ar\/index.php?rest_route=%2Fwp%2Fv2%2Fcategories&post=23297"},{"taxonomy":"post_tag","embeddable":true,"href":"https:\/\/treslineasnoticias.com.ar\/index.php?rest_route=%2Fwp%2Fv2%2Ftags&post=23297"}],"curies":[{"name":"wp","href":"https:\/\/api.w.org\/{rel}","templated":true}]}}