{"id":23302,"date":"2026-03-13T23:41:00","date_gmt":"2026-03-14T02:41:00","guid":{"rendered":"https:\/\/treslineasnoticias.com.ar\/?p=23302"},"modified":"2026-03-14T11:44:13","modified_gmt":"2026-03-14T14:44:13","slug":"vacunacion-infantil-gratuita-para-un-regreso-seguro-a-las-aulas","status":"publish","type":"post","link":"https:\/\/treslineasnoticias.com.ar\/?p=23302","title":{"rendered":"Vacunaci\u00f3n infantil gratuita para un regreso seguro a las aulas"},"content":{"rendered":"\n<p><strong><em>En los establecimientos sanitarios del distrito contin\u00faa la inoculaci\u00f3n sin costo para ni\u00f1os y ni\u00f1as a fin de completar los esquemas requeridos en el inicio del ciclo lectivo.\u00a0<\/em><\/strong><\/p>\n\n\n\n<p>Como enfermera en el Centro de Atenci\u00f3n Primaria de la Salud de Villa M\u00f3nica Nueva, Ver\u00f3nica Mi\u00f1o explica: \u201cPrevio al ingreso escolar, es necesario contar con las dosis de triple viral, triple bacteriana, contra la polio y varicela\u201d. \u201cA los 11 a\u00f1os, aplicamos triple bacteriana acelular, junto a las preventivas ante el meningococo, adem\u00e1s del Virus del Papiloma Humano (VPH)\u201d.<\/p>\n\n\n\n<p>\u201cEs muy importante la vacunaci\u00f3n en las infancias: protege su sistema inmunol\u00f3gico, evita enfermedades, pero tambi\u00e9n impide el resurgimiento y propagaci\u00f3n de afecciones ya erradicadas, como el sarampi\u00f3n o la tos convulsa\u201d, afirma la profesional.<\/p>\n\n\n\n<p>Por \u00faltimo, remarca: \u201cLos chicos y chicas est\u00e1n en constante contacto con sus pares, en el aula, en la plaza, en sus actividades recreativas, por lo que es vital el compromiso de las familias en el cuidado frente a posibles contagios\u201d.<\/p>\n\n\n\n<p>Para acceder a la inmunizaci\u00f3n, acercarse al vacunatorio m\u00e1s cercano de lunes a viernes de 8 a 17 h.<\/p>\n","protected":false},"excerpt":{"rendered":"<p>En los establecimientos sanitarios del distrito contin\u00faa la inoculaci\u00f3n sin costo para ni\u00f1os y ni\u00f1as a fin de completar los esquemas requeridos en el inicio del ciclo lectivo.\u00a0 Como enfermera en el Centro de Atenci\u00f3n Primaria de la Salud de Villa M\u00f3nica Nueva, Ver\u00f3nica Mi\u00f1o explica: \u201cPrevio al ingreso escolar, es necesario contar con las [&hellip;]<\/p>\n","protected":false},"author":3,"featured_media":23303,"comment_status":"open","ping_status":"open","sticky":false,"template":"","format":"standard","meta":{"_jetpack_memberships_contains_paid_content":false,"footnotes":""},"categories":[6],"tags":[],"class_list":["post-23302","post","type-post","status-publish","format-standard","has-post-thumbnail","hentry","category-florencio-varela"],"yoast_head":"<!-- This site is optimized with the Yoast SEO plugin v24.7 - https:\/\/yoast.com\/wordpress\/plugins\/seo\/ -->\n<title>Vacunaci\u00f3n infantil gratuita para un regreso seguro a las aulas - Tres Lineas Noticias<\/title>\n<meta name=\"robots\" content=\"index, follow, max-snippet:-1, max-image-preview:large, max-video-preview:-1\" \/>\n<link rel=\"canonical\" href=\"https:\/\/treslineasnoticias.com.ar\/?p=23302\" \/>\n<meta property=\"og:locale\" content=\"es_ES\" \/>\n<meta property=\"og:type\" content=\"article\" \/>\n<meta property=\"og:title\" content=\"Vacunaci\u00f3n infantil gratuita para un regreso seguro a las aulas - Tres Lineas Noticias\" \/>\n<meta property=\"og:description\" content=\"En los establecimientos sanitarios del distrito contin\u00faa la inoculaci\u00f3n sin costo para ni\u00f1os y ni\u00f1as a fin de completar los esquemas requeridos en el inicio del ciclo lectivo.\u00a0 Como enfermera en el Centro de Atenci\u00f3n Primaria de la Salud de Villa M\u00f3nica Nueva, Ver\u00f3nica Mi\u00f1o explica: \u201cPrevio al ingreso escolar, es necesario contar con las [&hellip;]\" \/>\n<meta property=\"og:url\" content=\"https:\/\/treslineasnoticias.com.ar\/?p=23302\" \/>\n<meta property=\"og:site_name\" content=\"Tres Lineas Noticias\" \/>\n<meta property=\"article:published_time\" content=\"2026-03-14T02:41:00+00:00\" \/>\n<meta property=\"article:modified_time\" content=\"2026-03-14T14:44:13+00:00\" \/>\n<meta property=\"og:image\" content=\"http:\/\/treslineasnoticias.com.ar\/wp-content\/uploads\/2026\/03\/ccd5da39-5975-31f3-f2be-6a03b15f7585-scaled.jpg\" \/>\n\t<meta property=\"og:image:width\" content=\"2560\" \/>\n\t<meta property=\"og:image:height\" content=\"1707\" \/>\n\t<meta property=\"og:image:type\" content=\"image\/jpeg\" \/>\n<meta name=\"author\" content=\"Horacio L\u00f3pez\" \/>\n<meta name=\"twitter:card\" content=\"summary_large_image\" \/>\n<meta name=\"twitter:label1\" content=\"Escrito por\" \/>\n\t<meta name=\"twitter:data1\" content=\"Horacio L\u00f3pez\" \/>\n\t<meta name=\"twitter:label2\" content=\"Tiempo de lectura\" \/>\n\t<meta name=\"twitter:data2\" content=\"2 minutos\" \/>\n<script type=\"application\/ld+json\" class=\"yoast-schema-graph\">{\"@context\":\"https:\/\/schema.org\",\"@graph\":[{\"@type\":\"WebPage\",\"@id\":\"https:\/\/treslineasnoticias.com.ar\/?p=23302\",\"url\":\"https:\/\/treslineasnoticias.com.ar\/?p=23302\",\"name\":\"Vacunaci\u00f3n infantil gratuita para un regreso seguro a las aulas - Tres Lineas Noticias\",\"isPartOf\":{\"@id\":\"https:\/\/treslineasnoticias.com.ar\/#website\"},\"primaryImageOfPage\":{\"@id\":\"https:\/\/treslineasnoticias.com.ar\/?p=23302#primaryimage\"},\"image\":{\"@id\":\"https:\/\/treslineasnoticias.com.ar\/?p=23302#primaryimage\"},\"thumbnailUrl\":\"https:\/\/treslineasnoticias.com.ar\/wp-content\/uploads\/2026\/03\/ccd5da39-5975-31f3-f2be-6a03b15f7585-scaled.jpg\",\"datePublished\":\"2026-03-14T02:41:00+00:00\",\"dateModified\":\"2026-03-14T14:44:13+00:00\",\"author\":{\"@id\":\"https:\/\/treslineasnoticias.com.ar\/#\/schema\/person\/c5f7249e50517b84c2379b145ca14895\"},\"breadcrumb\":{\"@id\":\"https:\/\/treslineasnoticias.com.ar\/?p=23302#breadcrumb\"},\"inLanguage\":\"es\",\"potentialAction\":[{\"@type\":\"ReadAction\",\"target\":[\"https:\/\/treslineasnoticias.com.ar\/?p=23302\"]}]},{\"@type\":\"ImageObject\",\"inLanguage\":\"es\",\"@id\":\"https:\/\/treslineasnoticias.com.ar\/?p=23302#primaryimage\",\"url\":\"https:\/\/treslineasnoticias.com.ar\/wp-content\/uploads\/2026\/03\/ccd5da39-5975-31f3-f2be-6a03b15f7585-scaled.jpg\",\"contentUrl\":\"https:\/\/treslineasnoticias.com.ar\/wp-content\/uploads\/2026\/03\/ccd5da39-5975-31f3-f2be-6a03b15f7585-scaled.jpg\",\"width\":2560,\"height\":1707},{\"@type\":\"BreadcrumbList\",\"@id\":\"https:\/\/treslineasnoticias.com.ar\/?p=23302#breadcrumb\",\"itemListElement\":[{\"@type\":\"ListItem\",\"position\":1,\"name\":\"Portada\",\"item\":\"https:\/\/treslineasnoticias.com.ar\/\"},{\"@type\":\"ListItem\",\"position\":2,\"name\":\"Vacunaci\u00f3n infantil gratuita para un regreso seguro a las aulas\"}]},{\"@type\":\"WebSite\",\"@id\":\"https:\/\/treslineasnoticias.com.ar\/#website\",\"url\":\"https:\/\/treslineasnoticias.com.ar\/\",\"name\":\"Tres Lineas Noticias\",\"description\":\"\",\"potentialAction\":[{\"@type\":\"SearchAction\",\"target\":{\"@type\":\"EntryPoint\",\"urlTemplate\":\"https:\/\/treslineasnoticias.com.ar\/?s={search_term_string}\"},\"query-input\":{\"@type\":\"PropertyValueSpecification\",\"valueRequired\":true,\"valueName\":\"search_term_string\"}}],\"inLanguage\":\"es\"},{\"@type\":\"Person\",\"@id\":\"https:\/\/treslineasnoticias.com.ar\/#\/schema\/person\/c5f7249e50517b84c2379b145ca14895\",\"name\":\"Horacio L\u00f3pez\",\"image\":{\"@type\":\"ImageObject\",\"inLanguage\":\"es\",\"@id\":\"https:\/\/treslineasnoticias.com.ar\/#\/schema\/person\/image\/\",\"url\":\"https:\/\/treslineasnoticias.com.ar\/wp-content\/litespeed\/avatar\/ddbec442f0224f940ce000570a0cb216.jpg?ver=1777068930\",\"contentUrl\":\"https:\/\/treslineasnoticias.com.ar\/wp-content\/litespeed\/avatar\/ddbec442f0224f940ce000570a0cb216.jpg?ver=1777068930\",\"caption\":\"Horacio L\u00f3pez\"},\"sameAs\":[\"http:\/\/treslineasnoticias.com.ar\"],\"url\":\"https:\/\/treslineasnoticias.com.ar\/?author=3\"}]}<\/script>\n<!-- \/ Yoast SEO plugin. -->","yoast_head_json":{"title":"Vacunaci\u00f3n infantil gratuita para un regreso seguro a las aulas - Tres Lineas Noticias","robots":{"index":"index","follow":"follow","max-snippet":"max-snippet:-1","max-image-preview":"max-image-preview:large","max-video-preview":"max-video-preview:-1"},"canonical":"https:\/\/treslineasnoticias.com.ar\/?p=23302","og_locale":"es_ES","og_type":"article","og_title":"Vacunaci\u00f3n infantil gratuita para un regreso seguro a las aulas - Tres Lineas Noticias","og_description":"En los establecimientos sanitarios del distrito contin\u00faa la inoculaci\u00f3n sin costo para ni\u00f1os y ni\u00f1as a fin de completar los esquemas requeridos en el inicio del ciclo lectivo.\u00a0 Como enfermera en el Centro de Atenci\u00f3n Primaria de la Salud de Villa M\u00f3nica Nueva, Ver\u00f3nica Mi\u00f1o explica: \u201cPrevio al ingreso escolar, es necesario contar con las [&hellip;]","og_url":"https:\/\/treslineasnoticias.com.ar\/?p=23302","og_site_name":"Tres Lineas Noticias","article_published_time":"2026-03-14T02:41:00+00:00","article_modified_time":"2026-03-14T14:44:13+00:00","og_image":[{"width":2560,"height":1707,"url":"http:\/\/treslineasnoticias.com.ar\/wp-content\/uploads\/2026\/03\/ccd5da39-5975-31f3-f2be-6a03b15f7585-scaled.jpg","type":"image\/jpeg"}],"author":"Horacio L\u00f3pez","twitter_card":"summary_large_image","twitter_misc":{"Escrito por":"Horacio L\u00f3pez","Tiempo de lectura":"2 minutos"},"schema":{"@context":"https:\/\/schema.org","@graph":[{"@type":"WebPage","@id":"https:\/\/treslineasnoticias.com.ar\/?p=23302","url":"https:\/\/treslineasnoticias.com.ar\/?p=23302","name":"Vacunaci\u00f3n infantil gratuita para un regreso seguro a las aulas - Tres Lineas Noticias","isPartOf":{"@id":"https:\/\/treslineasnoticias.com.ar\/#website"},"primaryImageOfPage":{"@id":"https:\/\/treslineasnoticias.com.ar\/?p=23302#primaryimage"},"image":{"@id":"https:\/\/treslineasnoticias.com.ar\/?p=23302#primaryimage"},"thumbnailUrl":"https:\/\/treslineasnoticias.com.ar\/wp-content\/uploads\/2026\/03\/ccd5da39-5975-31f3-f2be-6a03b15f7585-scaled.jpg","datePublished":"2026-03-14T02:41:00+00:00","dateModified":"2026-03-14T14:44:13+00:00","author":{"@id":"https:\/\/treslineasnoticias.com.ar\/#\/schema\/person\/c5f7249e50517b84c2379b145ca14895"},"breadcrumb":{"@id":"https:\/\/treslineasnoticias.com.ar\/?p=23302#breadcrumb"},"inLanguage":"es","potentialAction":[{"@type":"ReadAction","target":["https:\/\/treslineasnoticias.com.ar\/?p=23302"]}]},{"@type":"ImageObject","inLanguage":"es","@id":"https:\/\/treslineasnoticias.com.ar\/?p=23302#primaryimage","url":"https:\/\/treslineasnoticias.com.ar\/wp-content\/uploads\/2026\/03\/ccd5da39-5975-31f3-f2be-6a03b15f7585-scaled.jpg","contentUrl":"https:\/\/treslineasnoticias.com.ar\/wp-content\/uploads\/2026\/03\/ccd5da39-5975-31f3-f2be-6a03b15f7585-scaled.jpg","width":2560,"height":1707},{"@type":"BreadcrumbList","@id":"https:\/\/treslineasnoticias.com.ar\/?p=23302#breadcrumb","itemListElement":[{"@type":"ListItem","position":1,"name":"Portada","item":"https:\/\/treslineasnoticias.com.ar\/"},{"@type":"ListItem","position":2,"name":"Vacunaci\u00f3n infantil gratuita para un regreso seguro a las aulas"}]},{"@type":"WebSite","@id":"https:\/\/treslineasnoticias.com.ar\/#website","url":"https:\/\/treslineasnoticias.com.ar\/","name":"Tres Lineas Noticias","description":"","potentialAction":[{"@type":"SearchAction","target":{"@type":"EntryPoint","urlTemplate":"https:\/\/treslineasnoticias.com.ar\/?s={search_term_string}"},"query-input":{"@type":"PropertyValueSpecification","valueRequired":true,"valueName":"search_term_string"}}],"inLanguage":"es"},{"@type":"Person","@id":"https:\/\/treslineasnoticias.com.ar\/#\/schema\/person\/c5f7249e50517b84c2379b145ca14895","name":"Horacio L\u00f3pez","image":{"@type":"ImageObject","inLanguage":"es","@id":"https:\/\/treslineasnoticias.com.ar\/#\/schema\/person\/image\/","url":"https:\/\/treslineasnoticias.com.ar\/wp-content\/litespeed\/avatar\/ddbec442f0224f940ce000570a0cb216.jpg?ver=1777068930","contentUrl":"https:\/\/treslineasnoticias.com.ar\/wp-content\/litespeed\/avatar\/ddbec442f0224f940ce000570a0cb216.jpg?ver=1777068930","caption":"Horacio L\u00f3pez"},"sameAs":["http:\/\/treslineasnoticias.com.ar"],"url":"https:\/\/treslineasnoticias.com.ar\/?author=3"}]}},"jetpack_featured_media_url":"https:\/\/treslineasnoticias.com.ar\/wp-content\/uploads\/2026\/03\/ccd5da39-5975-31f3-f2be-6a03b15f7585-scaled.jpg","jetpack_sharing_enabled":true,"_links":{"self":[{"href":"https:\/\/treslineasnoticias.com.ar\/index.php?rest_route=\/wp\/v2\/posts\/23302","targetHints":{"allow":["GET"]}}],"collection":[{"href":"https:\/\/treslineasnoticias.com.ar\/index.php?rest_route=\/wp\/v2\/posts"}],"about":[{"href":"https:\/\/treslineasnoticias.com.ar\/index.php?rest_route=\/wp\/v2\/types\/post"}],"author":[{"embeddable":true,"href":"https:\/\/treslineasnoticias.com.ar\/index.php?rest_route=\/wp\/v2\/users\/3"}],"replies":[{"embeddable":true,"href":"https:\/\/treslineasnoticias.com.ar\/index.php?rest_route=%2Fwp%2Fv2%2Fcomments&post=23302"}],"version-history":[{"count":1,"href":"https:\/\/treslineasnoticias.com.ar\/index.php?rest_route=\/wp\/v2\/posts\/23302\/revisions"}],"predecessor-version":[{"id":23304,"href":"https:\/\/treslineasnoticias.com.ar\/index.php?rest_route=\/wp\/v2\/posts\/23302\/revisions\/23304"}],"wp:featuredmedia":[{"embeddable":true,"href":"https:\/\/treslineasnoticias.com.ar\/index.php?rest_route=\/wp\/v2\/media\/23303"}],"wp:attachment":[{"href":"https:\/\/treslineasnoticias.com.ar\/index.php?rest_route=%2Fwp%2Fv2%2Fmedia&parent=23302"}],"wp:term":[{"taxonomy":"category","embeddable":true,"href":"https:\/\/treslineasnoticias.com.ar\/index.php?rest_route=%2Fwp%2Fv2%2Fcategories&post=23302"},{"taxonomy":"post_tag","embeddable":true,"href":"https:\/\/treslineasnoticias.com.ar\/index.php?rest_route=%2Fwp%2Fv2%2Ftags&post=23302"}],"curies":[{"name":"wp","href":"https:\/\/api.w.org\/{rel}","templated":true}]}}