{"id":23305,"date":"2026-03-13T23:44:00","date_gmt":"2026-03-14T02:44:00","guid":{"rendered":"https:\/\/treslineasnoticias.com.ar\/?p=23305"},"modified":"2026-03-14T11:50:03","modified_gmt":"2026-03-14T14:50:03","slug":"modernizacion-del-alumbrado-publico-en-villa-monica-vieja","status":"publish","type":"post","link":"https:\/\/treslineasnoticias.com.ar\/?p=23305","title":{"rendered":"Modernizaci\u00f3n del alumbrado p\u00fablico en Villa M\u00f3nica Vieja"},"content":{"rendered":"\n<p><strong><em>El mandatario comunal, Andr\u00e9s Watson, dialog\u00f3 con frentistas reunidos en el espacio verde de calle Madrid esquina Holanda, al supervisar la renovaci\u00f3n del parque lum\u00ednico en la regi\u00f3n.<\/em><\/strong><\/p>\n\n\n\n<p>\u00abTodas estas labores fueron posibles a partir del pago de las tasas municipales\u00bb, subray\u00f3 el Alcalde. En ese sentido, destac\u00f3 \u00abel esfuerzo de cada vecino y vecina, aun con la compleja situaci\u00f3n econ\u00f3mica del pa\u00eds, para cumplir con sus compromisos ciudadanos\u00bb.<\/p>\n\n\n\n<figure class=\"wp-block-image size-large\"><img loading=\"lazy\" decoding=\"async\" width=\"1024\" height=\"683\" src=\"http:\/\/treslineasnoticias.com.ar\/wp-content\/uploads\/2026\/03\/317c358c-9991-ccd4-6ae9-901e4ff150ff-1024x683.jpg\" alt=\"\" class=\"wp-image-23307\" srcset=\"https:\/\/treslineasnoticias.com.ar\/wp-content\/uploads\/2026\/03\/317c358c-9991-ccd4-6ae9-901e4ff150ff-1024x683.jpg 1024w, https:\/\/treslineasnoticias.com.ar\/wp-content\/uploads\/2026\/03\/317c358c-9991-ccd4-6ae9-901e4ff150ff-300x200.jpg 300w, https:\/\/treslineasnoticias.com.ar\/wp-content\/uploads\/2026\/03\/317c358c-9991-ccd4-6ae9-901e4ff150ff-768x512.jpg 768w, https:\/\/treslineasnoticias.com.ar\/wp-content\/uploads\/2026\/03\/317c358c-9991-ccd4-6ae9-901e4ff150ff-1536x1024.jpg 1536w, https:\/\/treslineasnoticias.com.ar\/wp-content\/uploads\/2026\/03\/317c358c-9991-ccd4-6ae9-901e4ff150ff-2048x1365.jpg 2048w\" sizes=\"auto, (max-width: 1024px) 100vw, 1024px\" \/><\/figure>\n\n\n\n<p>El titular en el Ejecutivo varelense detall\u00f3 \u00ablos trabajos en el 63\u00b0 barrio del partido en completar su alumbrado p\u00fablico con tecnolog\u00eda LED\u201d. Se\u00f1al\u00f3 \u201cla instalaci\u00f3n de 379 l\u00e1mparas, sumado a los arreglos y tareas de mantenimiento que realizamos en los predios de uso com\u00fan de los alrededores\u00bb.<\/p>\n\n\n\n<p>Cecilia Oviedo acompa\u00f1\u00f3 a su hija Olivia a la plaza. \u00abAntes hab\u00eda muchos sectores sin iluminaci\u00f3n, demasiado oscuros. Ahora cambi\u00f3 un mont\u00f3n. Hubo m\u00e1s claridad tanto en las calles con conexi\u00f3n con la avenida como en las internas\u00bb, coment\u00f3 la ciudadana radicada por m\u00e1s de dos d\u00e9cadas en la zona.<\/p>\n\n\n\n<p>Con m\u00e1s de medio siglo de residencia en las inmediaciones, Nicolasa Herrera reconoci\u00f3 estar \u00abmuy agradecida con las mejoras\u201d. \u201cEste sitio siempre fue muy concurrido por j\u00f3venes de la Secundaria N\u00b03, as\u00ed que esto fue fundamental\u00bb, consider\u00f3. \u00abCuando mis hijos estudiaban, estas cuadras eran bastante peligrosas. En los \u00faltimos tiempos not\u00e9 que los chicos iban m\u00e1s seguros y tranquilos. Los nenes empezaron a jugar hasta tarde en las hamacas\u00bb, asegur\u00f3 la mujer.<\/p>\n\n\n\n<figure class=\"wp-block-image size-large\"><img loading=\"lazy\" decoding=\"async\" width=\"1024\" height=\"683\" src=\"http:\/\/treslineasnoticias.com.ar\/wp-content\/uploads\/2026\/03\/5925f19a-9991-e14b-fd9b-15190b8e9ab7-1024x683.jpg\" alt=\"\" class=\"wp-image-23308\" srcset=\"https:\/\/treslineasnoticias.com.ar\/wp-content\/uploads\/2026\/03\/5925f19a-9991-e14b-fd9b-15190b8e9ab7-1024x683.jpg 1024w, https:\/\/treslineasnoticias.com.ar\/wp-content\/uploads\/2026\/03\/5925f19a-9991-e14b-fd9b-15190b8e9ab7-300x200.jpg 300w, https:\/\/treslineasnoticias.com.ar\/wp-content\/uploads\/2026\/03\/5925f19a-9991-e14b-fd9b-15190b8e9ab7-768x512.jpg 768w, https:\/\/treslineasnoticias.com.ar\/wp-content\/uploads\/2026\/03\/5925f19a-9991-e14b-fd9b-15190b8e9ab7-1536x1024.jpg 1536w, https:\/\/treslineasnoticias.com.ar\/wp-content\/uploads\/2026\/03\/5925f19a-9991-e14b-fd9b-15190b8e9ab7-2048x1365.jpg 2048w\" sizes=\"auto, (max-width: 1024px) 100vw, 1024px\" \/><\/figure>\n\n\n\n<p>\u00abViv\u00ed ac\u00e1 por 67 a\u00f1os y lo que hizo el Intendente fue una maravilla\u00bb, cont\u00f3 Armando Rol\u00f3n. \u00abA pesar de los recortes constantes en el presupuesto por parte del Estado nacional, el gobierno local concret\u00f3 much\u00edsimas obras en el distrito, incluso con los pocos recursos que ten\u00edan. Fue un gesto muy loable\u00bb, agreg\u00f3.<\/p>\n\n\n\n<p>Estuvo el secretario de Obras, Servicios P\u00fablicos, Ambiente y Planificaci\u00f3n Urbana, Diego Trejo.<\/p>\n","protected":false},"excerpt":{"rendered":"<p>El mandatario comunal, Andr\u00e9s Watson, dialog\u00f3 con frentistas reunidos en el espacio verde de calle Madrid esquina Holanda, al supervisar la renovaci\u00f3n del parque lum\u00ednico en la regi\u00f3n. \u00abTodas estas labores fueron posibles a partir del pago de las tasas municipales\u00bb, subray\u00f3 el Alcalde. En ese sentido, destac\u00f3 \u00abel esfuerzo de cada vecino y vecina, [&hellip;]<\/p>\n","protected":false},"author":3,"featured_media":23306,"comment_status":"open","ping_status":"open","sticky":false,"template":"","format":"standard","meta":{"_jetpack_memberships_contains_paid_content":false,"footnotes":""},"categories":[6],"tags":[],"class_list":["post-23305","post","type-post","status-publish","format-standard","has-post-thumbnail","hentry","category-florencio-varela"],"yoast_head":"<!-- This site is optimized with the Yoast SEO plugin v24.7 - https:\/\/yoast.com\/wordpress\/plugins\/seo\/ -->\n<title>Modernizaci\u00f3n del alumbrado p\u00fablico en Villa M\u00f3nica Vieja - Tres Lineas Noticias<\/title>\n<meta name=\"robots\" content=\"index, follow, max-snippet:-1, max-image-preview:large, max-video-preview:-1\" \/>\n<link rel=\"canonical\" href=\"https:\/\/treslineasnoticias.com.ar\/?p=23305\" \/>\n<meta property=\"og:locale\" content=\"es_ES\" \/>\n<meta property=\"og:type\" content=\"article\" \/>\n<meta property=\"og:title\" content=\"Modernizaci\u00f3n del alumbrado p\u00fablico en Villa M\u00f3nica Vieja - Tres Lineas Noticias\" \/>\n<meta property=\"og:description\" content=\"El mandatario comunal, Andr\u00e9s Watson, dialog\u00f3 con frentistas reunidos en el espacio verde de calle Madrid esquina Holanda, al supervisar la renovaci\u00f3n del parque lum\u00ednico en la regi\u00f3n. \u00abTodas estas labores fueron posibles a partir del pago de las tasas municipales\u00bb, subray\u00f3 el Alcalde. En ese sentido, destac\u00f3 \u00abel esfuerzo de cada vecino y vecina, [&hellip;]\" \/>\n<meta property=\"og:url\" content=\"https:\/\/treslineasnoticias.com.ar\/?p=23305\" \/>\n<meta property=\"og:site_name\" content=\"Tres Lineas Noticias\" \/>\n<meta property=\"article:published_time\" content=\"2026-03-14T02:44:00+00:00\" \/>\n<meta property=\"article:modified_time\" content=\"2026-03-14T14:50:03+00:00\" \/>\n<meta property=\"og:image\" content=\"http:\/\/treslineasnoticias.com.ar\/wp-content\/uploads\/2026\/03\/94bdbcea-8759-465f-f9a1-56f5af138bcf-scaled.jpg\" \/>\n\t<meta property=\"og:image:width\" content=\"2560\" \/>\n\t<meta property=\"og:image:height\" content=\"1707\" \/>\n\t<meta property=\"og:image:type\" content=\"image\/jpeg\" \/>\n<meta name=\"author\" content=\"Horacio L\u00f3pez\" \/>\n<meta name=\"twitter:card\" content=\"summary_large_image\" \/>\n<meta name=\"twitter:label1\" content=\"Escrito por\" \/>\n\t<meta name=\"twitter:data1\" content=\"Horacio L\u00f3pez\" \/>\n\t<meta name=\"twitter:label2\" content=\"Tiempo de lectura\" \/>\n\t<meta name=\"twitter:data2\" content=\"2 minutos\" \/>\n<script type=\"application\/ld+json\" class=\"yoast-schema-graph\">{\"@context\":\"https:\/\/schema.org\",\"@graph\":[{\"@type\":\"WebPage\",\"@id\":\"https:\/\/treslineasnoticias.com.ar\/?p=23305\",\"url\":\"https:\/\/treslineasnoticias.com.ar\/?p=23305\",\"name\":\"Modernizaci\u00f3n del alumbrado p\u00fablico en Villa M\u00f3nica Vieja - Tres Lineas Noticias\",\"isPartOf\":{\"@id\":\"https:\/\/treslineasnoticias.com.ar\/#website\"},\"primaryImageOfPage\":{\"@id\":\"https:\/\/treslineasnoticias.com.ar\/?p=23305#primaryimage\"},\"image\":{\"@id\":\"https:\/\/treslineasnoticias.com.ar\/?p=23305#primaryimage\"},\"thumbnailUrl\":\"https:\/\/treslineasnoticias.com.ar\/wp-content\/uploads\/2026\/03\/94bdbcea-8759-465f-f9a1-56f5af138bcf-scaled.jpg\",\"datePublished\":\"2026-03-14T02:44:00+00:00\",\"dateModified\":\"2026-03-14T14:50:03+00:00\",\"author\":{\"@id\":\"https:\/\/treslineasnoticias.com.ar\/#\/schema\/person\/c5f7249e50517b84c2379b145ca14895\"},\"breadcrumb\":{\"@id\":\"https:\/\/treslineasnoticias.com.ar\/?p=23305#breadcrumb\"},\"inLanguage\":\"es\",\"potentialAction\":[{\"@type\":\"ReadAction\",\"target\":[\"https:\/\/treslineasnoticias.com.ar\/?p=23305\"]}]},{\"@type\":\"ImageObject\",\"inLanguage\":\"es\",\"@id\":\"https:\/\/treslineasnoticias.com.ar\/?p=23305#primaryimage\",\"url\":\"https:\/\/treslineasnoticias.com.ar\/wp-content\/uploads\/2026\/03\/94bdbcea-8759-465f-f9a1-56f5af138bcf-scaled.jpg\",\"contentUrl\":\"https:\/\/treslineasnoticias.com.ar\/wp-content\/uploads\/2026\/03\/94bdbcea-8759-465f-f9a1-56f5af138bcf-scaled.jpg\",\"width\":2560,\"height\":1707},{\"@type\":\"BreadcrumbList\",\"@id\":\"https:\/\/treslineasnoticias.com.ar\/?p=23305#breadcrumb\",\"itemListElement\":[{\"@type\":\"ListItem\",\"position\":1,\"name\":\"Portada\",\"item\":\"https:\/\/treslineasnoticias.com.ar\/\"},{\"@type\":\"ListItem\",\"position\":2,\"name\":\"Modernizaci\u00f3n del alumbrado p\u00fablico en Villa M\u00f3nica Vieja\"}]},{\"@type\":\"WebSite\",\"@id\":\"https:\/\/treslineasnoticias.com.ar\/#website\",\"url\":\"https:\/\/treslineasnoticias.com.ar\/\",\"name\":\"Tres Lineas Noticias\",\"description\":\"\",\"potentialAction\":[{\"@type\":\"SearchAction\",\"target\":{\"@type\":\"EntryPoint\",\"urlTemplate\":\"https:\/\/treslineasnoticias.com.ar\/?s={search_term_string}\"},\"query-input\":{\"@type\":\"PropertyValueSpecification\",\"valueRequired\":true,\"valueName\":\"search_term_string\"}}],\"inLanguage\":\"es\"},{\"@type\":\"Person\",\"@id\":\"https:\/\/treslineasnoticias.com.ar\/#\/schema\/person\/c5f7249e50517b84c2379b145ca14895\",\"name\":\"Horacio L\u00f3pez\",\"image\":{\"@type\":\"ImageObject\",\"inLanguage\":\"es\",\"@id\":\"https:\/\/treslineasnoticias.com.ar\/#\/schema\/person\/image\/\",\"url\":\"https:\/\/treslineasnoticias.com.ar\/wp-content\/litespeed\/avatar\/ddbec442f0224f940ce000570a0cb216.jpg?ver=1777068930\",\"contentUrl\":\"https:\/\/treslineasnoticias.com.ar\/wp-content\/litespeed\/avatar\/ddbec442f0224f940ce000570a0cb216.jpg?ver=1777068930\",\"caption\":\"Horacio L\u00f3pez\"},\"sameAs\":[\"http:\/\/treslineasnoticias.com.ar\"],\"url\":\"https:\/\/treslineasnoticias.com.ar\/?author=3\"}]}<\/script>\n<!-- \/ Yoast SEO plugin. -->","yoast_head_json":{"title":"Modernizaci\u00f3n del alumbrado p\u00fablico en Villa M\u00f3nica Vieja - Tres Lineas Noticias","robots":{"index":"index","follow":"follow","max-snippet":"max-snippet:-1","max-image-preview":"max-image-preview:large","max-video-preview":"max-video-preview:-1"},"canonical":"https:\/\/treslineasnoticias.com.ar\/?p=23305","og_locale":"es_ES","og_type":"article","og_title":"Modernizaci\u00f3n del alumbrado p\u00fablico en Villa M\u00f3nica Vieja - Tres Lineas Noticias","og_description":"El mandatario comunal, Andr\u00e9s Watson, dialog\u00f3 con frentistas reunidos en el espacio verde de calle Madrid esquina Holanda, al supervisar la renovaci\u00f3n del parque lum\u00ednico en la regi\u00f3n. \u00abTodas estas labores fueron posibles a partir del pago de las tasas municipales\u00bb, subray\u00f3 el Alcalde. En ese sentido, destac\u00f3 \u00abel esfuerzo de cada vecino y vecina, [&hellip;]","og_url":"https:\/\/treslineasnoticias.com.ar\/?p=23305","og_site_name":"Tres Lineas Noticias","article_published_time":"2026-03-14T02:44:00+00:00","article_modified_time":"2026-03-14T14:50:03+00:00","og_image":[{"width":2560,"height":1707,"url":"http:\/\/treslineasnoticias.com.ar\/wp-content\/uploads\/2026\/03\/94bdbcea-8759-465f-f9a1-56f5af138bcf-scaled.jpg","type":"image\/jpeg"}],"author":"Horacio L\u00f3pez","twitter_card":"summary_large_image","twitter_misc":{"Escrito por":"Horacio L\u00f3pez","Tiempo de lectura":"2 minutos"},"schema":{"@context":"https:\/\/schema.org","@graph":[{"@type":"WebPage","@id":"https:\/\/treslineasnoticias.com.ar\/?p=23305","url":"https:\/\/treslineasnoticias.com.ar\/?p=23305","name":"Modernizaci\u00f3n del alumbrado p\u00fablico en Villa M\u00f3nica Vieja - Tres Lineas Noticias","isPartOf":{"@id":"https:\/\/treslineasnoticias.com.ar\/#website"},"primaryImageOfPage":{"@id":"https:\/\/treslineasnoticias.com.ar\/?p=23305#primaryimage"},"image":{"@id":"https:\/\/treslineasnoticias.com.ar\/?p=23305#primaryimage"},"thumbnailUrl":"https:\/\/treslineasnoticias.com.ar\/wp-content\/uploads\/2026\/03\/94bdbcea-8759-465f-f9a1-56f5af138bcf-scaled.jpg","datePublished":"2026-03-14T02:44:00+00:00","dateModified":"2026-03-14T14:50:03+00:00","author":{"@id":"https:\/\/treslineasnoticias.com.ar\/#\/schema\/person\/c5f7249e50517b84c2379b145ca14895"},"breadcrumb":{"@id":"https:\/\/treslineasnoticias.com.ar\/?p=23305#breadcrumb"},"inLanguage":"es","potentialAction":[{"@type":"ReadAction","target":["https:\/\/treslineasnoticias.com.ar\/?p=23305"]}]},{"@type":"ImageObject","inLanguage":"es","@id":"https:\/\/treslineasnoticias.com.ar\/?p=23305#primaryimage","url":"https:\/\/treslineasnoticias.com.ar\/wp-content\/uploads\/2026\/03\/94bdbcea-8759-465f-f9a1-56f5af138bcf-scaled.jpg","contentUrl":"https:\/\/treslineasnoticias.com.ar\/wp-content\/uploads\/2026\/03\/94bdbcea-8759-465f-f9a1-56f5af138bcf-scaled.jpg","width":2560,"height":1707},{"@type":"BreadcrumbList","@id":"https:\/\/treslineasnoticias.com.ar\/?p=23305#breadcrumb","itemListElement":[{"@type":"ListItem","position":1,"name":"Portada","item":"https:\/\/treslineasnoticias.com.ar\/"},{"@type":"ListItem","position":2,"name":"Modernizaci\u00f3n del alumbrado p\u00fablico en Villa M\u00f3nica Vieja"}]},{"@type":"WebSite","@id":"https:\/\/treslineasnoticias.com.ar\/#website","url":"https:\/\/treslineasnoticias.com.ar\/","name":"Tres Lineas Noticias","description":"","potentialAction":[{"@type":"SearchAction","target":{"@type":"EntryPoint","urlTemplate":"https:\/\/treslineasnoticias.com.ar\/?s={search_term_string}"},"query-input":{"@type":"PropertyValueSpecification","valueRequired":true,"valueName":"search_term_string"}}],"inLanguage":"es"},{"@type":"Person","@id":"https:\/\/treslineasnoticias.com.ar\/#\/schema\/person\/c5f7249e50517b84c2379b145ca14895","name":"Horacio L\u00f3pez","image":{"@type":"ImageObject","inLanguage":"es","@id":"https:\/\/treslineasnoticias.com.ar\/#\/schema\/person\/image\/","url":"https:\/\/treslineasnoticias.com.ar\/wp-content\/litespeed\/avatar\/ddbec442f0224f940ce000570a0cb216.jpg?ver=1777068930","contentUrl":"https:\/\/treslineasnoticias.com.ar\/wp-content\/litespeed\/avatar\/ddbec442f0224f940ce000570a0cb216.jpg?ver=1777068930","caption":"Horacio L\u00f3pez"},"sameAs":["http:\/\/treslineasnoticias.com.ar"],"url":"https:\/\/treslineasnoticias.com.ar\/?author=3"}]}},"jetpack_featured_media_url":"https:\/\/treslineasnoticias.com.ar\/wp-content\/uploads\/2026\/03\/94bdbcea-8759-465f-f9a1-56f5af138bcf-scaled.jpg","jetpack_sharing_enabled":true,"_links":{"self":[{"href":"https:\/\/treslineasnoticias.com.ar\/index.php?rest_route=\/wp\/v2\/posts\/23305","targetHints":{"allow":["GET"]}}],"collection":[{"href":"https:\/\/treslineasnoticias.com.ar\/index.php?rest_route=\/wp\/v2\/posts"}],"about":[{"href":"https:\/\/treslineasnoticias.com.ar\/index.php?rest_route=\/wp\/v2\/types\/post"}],"author":[{"embeddable":true,"href":"https:\/\/treslineasnoticias.com.ar\/index.php?rest_route=\/wp\/v2\/users\/3"}],"replies":[{"embeddable":true,"href":"https:\/\/treslineasnoticias.com.ar\/index.php?rest_route=%2Fwp%2Fv2%2Fcomments&post=23305"}],"version-history":[{"count":1,"href":"https:\/\/treslineasnoticias.com.ar\/index.php?rest_route=\/wp\/v2\/posts\/23305\/revisions"}],"predecessor-version":[{"id":23309,"href":"https:\/\/treslineasnoticias.com.ar\/index.php?rest_route=\/wp\/v2\/posts\/23305\/revisions\/23309"}],"wp:featuredmedia":[{"embeddable":true,"href":"https:\/\/treslineasnoticias.com.ar\/index.php?rest_route=\/wp\/v2\/media\/23306"}],"wp:attachment":[{"href":"https:\/\/treslineasnoticias.com.ar\/index.php?rest_route=%2Fwp%2Fv2%2Fmedia&parent=23305"}],"wp:term":[{"taxonomy":"category","embeddable":true,"href":"https:\/\/treslineasnoticias.com.ar\/index.php?rest_route=%2Fwp%2Fv2%2Fcategories&post=23305"},{"taxonomy":"post_tag","embeddable":true,"href":"https:\/\/treslineasnoticias.com.ar\/index.php?rest_route=%2Fwp%2Fv2%2Ftags&post=23305"}],"curies":[{"name":"wp","href":"https:\/\/api.w.org\/{rel}","templated":true}]}}