{"id":23310,"date":"2026-03-13T23:50:00","date_gmt":"2026-03-14T02:50:00","guid":{"rendered":"https:\/\/treslineasnoticias.com.ar\/?p=23310"},"modified":"2026-03-14T11:53:06","modified_gmt":"2026-03-14T14:53:06","slug":"operativos-de-documentacion-en-barrios-varelenses","status":"publish","type":"post","link":"https:\/\/treslineasnoticias.com.ar\/?p=23310","title":{"rendered":"Operativos de documentaci\u00f3n en barrios varelenses"},"content":{"rendered":"\n<p><strong><em>El Ejecutivo local, en articulaci\u00f3n con la Provincia de Buenos Aires, impulsa un cronograma de tres instancias descentralizadas para facilitar gestiones a vecinos y vecinas en distintos puntos del distrito.<\/em><\/strong><\/p>\n\n\n\n<p>\u201cLa comunidad podr\u00e1 acceder a la tramitaci\u00f3n y actualizaci\u00f3n del Documento Nacional de Identidad (DNI), solicitud de partidas de nacimiento, matrimonio o defunci\u00f3n, certificados de domicilio, empadronamiento de personas extranjeras, inicio de cambio de g\u00e9nero, entre otros procesos\u201d, explica el subsecretario de Gobierno municipal, Mat\u00edas Schneeberger.<\/p>\n\n\n\n<p>Las fechas ser\u00e1n de 9 a 15 hs. el lunes 16 de marzo en la Sociedad de Fomento \u201c26 de Diciembre\u201d de Villa Ang\u00e9lica -Roque P\u00e9rez N\u00ba2270-; el martes 17 en Libertad -calle 579 entre 509 y 511-. El mi\u00e9rcoles 18, la iniciativa ser\u00e1 desplegada junto a una edici\u00f3n de \u201cLa Muni Cerca Tuyo\u201d en la plaza situada en 1523 esquina 1550 -Los Tronquitos- con stands de las diferentes carteras comunales.<\/p>\n\n\n\n<p>El funcionario describe \u201cuna estrategia fundamental que permite acercar el Estado a los barrios, adem\u00e1s de garantizar el acceso a derechos\u201d. \u201cMuchas veces las y los ciudadanos tienen dificultades para trasladarse o conseguir turnos en oficinas c\u00e9ntricas, por lo que llevar estos servicios a diversas regiones del partido simplifica los tr\u00e1mites\u201d, remarca.<\/p>\n\n\n\n<p>Por otro lado, recomienda a las y los frentistas \u201cacudir con la documentaci\u00f3n que tengan disponible relacionada con lo que necesiten realizar\u201d. \u201cDe todas formas, durante el encuentro, el equipo orientar\u00e1 a cada persona seg\u00fan su situaci\u00f3n particular para avanzar con lo que corresponda\u201d, aclara.<\/p>\n\n\n\n<p>En caso de lluvias, reprogramar\u00e1n las jornadas.<\/p>\n","protected":false},"excerpt":{"rendered":"<p>El Ejecutivo local, en articulaci\u00f3n con la Provincia de Buenos Aires, impulsa un cronograma de tres instancias descentralizadas para facilitar gestiones a vecinos y vecinas en distintos puntos del distrito. \u201cLa comunidad podr\u00e1 acceder a la tramitaci\u00f3n y actualizaci\u00f3n del Documento Nacional de Identidad (DNI), solicitud de partidas de nacimiento, matrimonio o defunci\u00f3n, certificados de [&hellip;]<\/p>\n","protected":false},"author":3,"featured_media":23311,"comment_status":"open","ping_status":"open","sticky":false,"template":"","format":"standard","meta":{"_jetpack_memberships_contains_paid_content":false,"footnotes":""},"categories":[6],"tags":[],"class_list":["post-23310","post","type-post","status-publish","format-standard","has-post-thumbnail","hentry","category-florencio-varela"],"yoast_head":"<!-- This site is optimized with the Yoast SEO plugin v24.7 - https:\/\/yoast.com\/wordpress\/plugins\/seo\/ -->\n<title>Operativos de documentaci\u00f3n en barrios varelenses - Tres Lineas Noticias<\/title>\n<meta name=\"robots\" content=\"index, follow, max-snippet:-1, max-image-preview:large, max-video-preview:-1\" \/>\n<link rel=\"canonical\" href=\"https:\/\/treslineasnoticias.com.ar\/?p=23310\" \/>\n<meta property=\"og:locale\" content=\"es_ES\" \/>\n<meta property=\"og:type\" content=\"article\" \/>\n<meta property=\"og:title\" content=\"Operativos de documentaci\u00f3n en barrios varelenses - Tres Lineas Noticias\" \/>\n<meta property=\"og:description\" content=\"El Ejecutivo local, en articulaci\u00f3n con la Provincia de Buenos Aires, impulsa un cronograma de tres instancias descentralizadas para facilitar gestiones a vecinos y vecinas en distintos puntos del distrito. \u201cLa comunidad podr\u00e1 acceder a la tramitaci\u00f3n y actualizaci\u00f3n del Documento Nacional de Identidad (DNI), solicitud de partidas de nacimiento, matrimonio o defunci\u00f3n, certificados de [&hellip;]\" \/>\n<meta property=\"og:url\" content=\"https:\/\/treslineasnoticias.com.ar\/?p=23310\" \/>\n<meta property=\"og:site_name\" content=\"Tres Lineas Noticias\" \/>\n<meta property=\"article:published_time\" content=\"2026-03-14T02:50:00+00:00\" \/>\n<meta property=\"article:modified_time\" content=\"2026-03-14T14:53:06+00:00\" \/>\n<meta property=\"og:image\" content=\"http:\/\/treslineasnoticias.com.ar\/wp-content\/uploads\/2026\/03\/unnamed-35-scaled.jpg\" \/>\n\t<meta property=\"og:image:width\" content=\"2560\" \/>\n\t<meta property=\"og:image:height\" content=\"1707\" \/>\n\t<meta property=\"og:image:type\" content=\"image\/jpeg\" \/>\n<meta name=\"author\" content=\"Horacio L\u00f3pez\" \/>\n<meta name=\"twitter:card\" content=\"summary_large_image\" \/>\n<meta name=\"twitter:label1\" content=\"Escrito por\" \/>\n\t<meta name=\"twitter:data1\" content=\"Horacio L\u00f3pez\" \/>\n\t<meta name=\"twitter:label2\" content=\"Tiempo de lectura\" \/>\n\t<meta name=\"twitter:data2\" content=\"2 minutos\" \/>\n<script type=\"application\/ld+json\" class=\"yoast-schema-graph\">{\"@context\":\"https:\/\/schema.org\",\"@graph\":[{\"@type\":\"WebPage\",\"@id\":\"https:\/\/treslineasnoticias.com.ar\/?p=23310\",\"url\":\"https:\/\/treslineasnoticias.com.ar\/?p=23310\",\"name\":\"Operativos de documentaci\u00f3n en barrios varelenses - Tres Lineas Noticias\",\"isPartOf\":{\"@id\":\"https:\/\/treslineasnoticias.com.ar\/#website\"},\"primaryImageOfPage\":{\"@id\":\"https:\/\/treslineasnoticias.com.ar\/?p=23310#primaryimage\"},\"image\":{\"@id\":\"https:\/\/treslineasnoticias.com.ar\/?p=23310#primaryimage\"},\"thumbnailUrl\":\"https:\/\/treslineasnoticias.com.ar\/wp-content\/uploads\/2026\/03\/unnamed-35-scaled.jpg\",\"datePublished\":\"2026-03-14T02:50:00+00:00\",\"dateModified\":\"2026-03-14T14:53:06+00:00\",\"author\":{\"@id\":\"https:\/\/treslineasnoticias.com.ar\/#\/schema\/person\/c5f7249e50517b84c2379b145ca14895\"},\"breadcrumb\":{\"@id\":\"https:\/\/treslineasnoticias.com.ar\/?p=23310#breadcrumb\"},\"inLanguage\":\"es\",\"potentialAction\":[{\"@type\":\"ReadAction\",\"target\":[\"https:\/\/treslineasnoticias.com.ar\/?p=23310\"]}]},{\"@type\":\"ImageObject\",\"inLanguage\":\"es\",\"@id\":\"https:\/\/treslineasnoticias.com.ar\/?p=23310#primaryimage\",\"url\":\"https:\/\/treslineasnoticias.com.ar\/wp-content\/uploads\/2026\/03\/unnamed-35-scaled.jpg\",\"contentUrl\":\"https:\/\/treslineasnoticias.com.ar\/wp-content\/uploads\/2026\/03\/unnamed-35-scaled.jpg\",\"width\":2560,\"height\":1707},{\"@type\":\"BreadcrumbList\",\"@id\":\"https:\/\/treslineasnoticias.com.ar\/?p=23310#breadcrumb\",\"itemListElement\":[{\"@type\":\"ListItem\",\"position\":1,\"name\":\"Portada\",\"item\":\"https:\/\/treslineasnoticias.com.ar\/\"},{\"@type\":\"ListItem\",\"position\":2,\"name\":\"Operativos de documentaci\u00f3n en barrios varelenses\"}]},{\"@type\":\"WebSite\",\"@id\":\"https:\/\/treslineasnoticias.com.ar\/#website\",\"url\":\"https:\/\/treslineasnoticias.com.ar\/\",\"name\":\"Tres Lineas Noticias\",\"description\":\"\",\"potentialAction\":[{\"@type\":\"SearchAction\",\"target\":{\"@type\":\"EntryPoint\",\"urlTemplate\":\"https:\/\/treslineasnoticias.com.ar\/?s={search_term_string}\"},\"query-input\":{\"@type\":\"PropertyValueSpecification\",\"valueRequired\":true,\"valueName\":\"search_term_string\"}}],\"inLanguage\":\"es\"},{\"@type\":\"Person\",\"@id\":\"https:\/\/treslineasnoticias.com.ar\/#\/schema\/person\/c5f7249e50517b84c2379b145ca14895\",\"name\":\"Horacio L\u00f3pez\",\"image\":{\"@type\":\"ImageObject\",\"inLanguage\":\"es\",\"@id\":\"https:\/\/treslineasnoticias.com.ar\/#\/schema\/person\/image\/\",\"url\":\"https:\/\/treslineasnoticias.com.ar\/wp-content\/litespeed\/avatar\/ddbec442f0224f940ce000570a0cb216.jpg?ver=1777068930\",\"contentUrl\":\"https:\/\/treslineasnoticias.com.ar\/wp-content\/litespeed\/avatar\/ddbec442f0224f940ce000570a0cb216.jpg?ver=1777068930\",\"caption\":\"Horacio L\u00f3pez\"},\"sameAs\":[\"http:\/\/treslineasnoticias.com.ar\"],\"url\":\"https:\/\/treslineasnoticias.com.ar\/?author=3\"}]}<\/script>\n<!-- \/ Yoast SEO plugin. -->","yoast_head_json":{"title":"Operativos de documentaci\u00f3n en barrios varelenses - Tres Lineas Noticias","robots":{"index":"index","follow":"follow","max-snippet":"max-snippet:-1","max-image-preview":"max-image-preview:large","max-video-preview":"max-video-preview:-1"},"canonical":"https:\/\/treslineasnoticias.com.ar\/?p=23310","og_locale":"es_ES","og_type":"article","og_title":"Operativos de documentaci\u00f3n en barrios varelenses - Tres Lineas Noticias","og_description":"El Ejecutivo local, en articulaci\u00f3n con la Provincia de Buenos Aires, impulsa un cronograma de tres instancias descentralizadas para facilitar gestiones a vecinos y vecinas en distintos puntos del distrito. \u201cLa comunidad podr\u00e1 acceder a la tramitaci\u00f3n y actualizaci\u00f3n del Documento Nacional de Identidad (DNI), solicitud de partidas de nacimiento, matrimonio o defunci\u00f3n, certificados de [&hellip;]","og_url":"https:\/\/treslineasnoticias.com.ar\/?p=23310","og_site_name":"Tres Lineas Noticias","article_published_time":"2026-03-14T02:50:00+00:00","article_modified_time":"2026-03-14T14:53:06+00:00","og_image":[{"width":2560,"height":1707,"url":"http:\/\/treslineasnoticias.com.ar\/wp-content\/uploads\/2026\/03\/unnamed-35-scaled.jpg","type":"image\/jpeg"}],"author":"Horacio L\u00f3pez","twitter_card":"summary_large_image","twitter_misc":{"Escrito por":"Horacio L\u00f3pez","Tiempo de lectura":"2 minutos"},"schema":{"@context":"https:\/\/schema.org","@graph":[{"@type":"WebPage","@id":"https:\/\/treslineasnoticias.com.ar\/?p=23310","url":"https:\/\/treslineasnoticias.com.ar\/?p=23310","name":"Operativos de documentaci\u00f3n en barrios varelenses - Tres Lineas Noticias","isPartOf":{"@id":"https:\/\/treslineasnoticias.com.ar\/#website"},"primaryImageOfPage":{"@id":"https:\/\/treslineasnoticias.com.ar\/?p=23310#primaryimage"},"image":{"@id":"https:\/\/treslineasnoticias.com.ar\/?p=23310#primaryimage"},"thumbnailUrl":"https:\/\/treslineasnoticias.com.ar\/wp-content\/uploads\/2026\/03\/unnamed-35-scaled.jpg","datePublished":"2026-03-14T02:50:00+00:00","dateModified":"2026-03-14T14:53:06+00:00","author":{"@id":"https:\/\/treslineasnoticias.com.ar\/#\/schema\/person\/c5f7249e50517b84c2379b145ca14895"},"breadcrumb":{"@id":"https:\/\/treslineasnoticias.com.ar\/?p=23310#breadcrumb"},"inLanguage":"es","potentialAction":[{"@type":"ReadAction","target":["https:\/\/treslineasnoticias.com.ar\/?p=23310"]}]},{"@type":"ImageObject","inLanguage":"es","@id":"https:\/\/treslineasnoticias.com.ar\/?p=23310#primaryimage","url":"https:\/\/treslineasnoticias.com.ar\/wp-content\/uploads\/2026\/03\/unnamed-35-scaled.jpg","contentUrl":"https:\/\/treslineasnoticias.com.ar\/wp-content\/uploads\/2026\/03\/unnamed-35-scaled.jpg","width":2560,"height":1707},{"@type":"BreadcrumbList","@id":"https:\/\/treslineasnoticias.com.ar\/?p=23310#breadcrumb","itemListElement":[{"@type":"ListItem","position":1,"name":"Portada","item":"https:\/\/treslineasnoticias.com.ar\/"},{"@type":"ListItem","position":2,"name":"Operativos de documentaci\u00f3n en barrios varelenses"}]},{"@type":"WebSite","@id":"https:\/\/treslineasnoticias.com.ar\/#website","url":"https:\/\/treslineasnoticias.com.ar\/","name":"Tres Lineas Noticias","description":"","potentialAction":[{"@type":"SearchAction","target":{"@type":"EntryPoint","urlTemplate":"https:\/\/treslineasnoticias.com.ar\/?s={search_term_string}"},"query-input":{"@type":"PropertyValueSpecification","valueRequired":true,"valueName":"search_term_string"}}],"inLanguage":"es"},{"@type":"Person","@id":"https:\/\/treslineasnoticias.com.ar\/#\/schema\/person\/c5f7249e50517b84c2379b145ca14895","name":"Horacio L\u00f3pez","image":{"@type":"ImageObject","inLanguage":"es","@id":"https:\/\/treslineasnoticias.com.ar\/#\/schema\/person\/image\/","url":"https:\/\/treslineasnoticias.com.ar\/wp-content\/litespeed\/avatar\/ddbec442f0224f940ce000570a0cb216.jpg?ver=1777068930","contentUrl":"https:\/\/treslineasnoticias.com.ar\/wp-content\/litespeed\/avatar\/ddbec442f0224f940ce000570a0cb216.jpg?ver=1777068930","caption":"Horacio L\u00f3pez"},"sameAs":["http:\/\/treslineasnoticias.com.ar"],"url":"https:\/\/treslineasnoticias.com.ar\/?author=3"}]}},"jetpack_featured_media_url":"https:\/\/treslineasnoticias.com.ar\/wp-content\/uploads\/2026\/03\/unnamed-35-scaled.jpg","jetpack_sharing_enabled":true,"_links":{"self":[{"href":"https:\/\/treslineasnoticias.com.ar\/index.php?rest_route=\/wp\/v2\/posts\/23310","targetHints":{"allow":["GET"]}}],"collection":[{"href":"https:\/\/treslineasnoticias.com.ar\/index.php?rest_route=\/wp\/v2\/posts"}],"about":[{"href":"https:\/\/treslineasnoticias.com.ar\/index.php?rest_route=\/wp\/v2\/types\/post"}],"author":[{"embeddable":true,"href":"https:\/\/treslineasnoticias.com.ar\/index.php?rest_route=\/wp\/v2\/users\/3"}],"replies":[{"embeddable":true,"href":"https:\/\/treslineasnoticias.com.ar\/index.php?rest_route=%2Fwp%2Fv2%2Fcomments&post=23310"}],"version-history":[{"count":1,"href":"https:\/\/treslineasnoticias.com.ar\/index.php?rest_route=\/wp\/v2\/posts\/23310\/revisions"}],"predecessor-version":[{"id":23312,"href":"https:\/\/treslineasnoticias.com.ar\/index.php?rest_route=\/wp\/v2\/posts\/23310\/revisions\/23312"}],"wp:featuredmedia":[{"embeddable":true,"href":"https:\/\/treslineasnoticias.com.ar\/index.php?rest_route=\/wp\/v2\/media\/23311"}],"wp:attachment":[{"href":"https:\/\/treslineasnoticias.com.ar\/index.php?rest_route=%2Fwp%2Fv2%2Fmedia&parent=23310"}],"wp:term":[{"taxonomy":"category","embeddable":true,"href":"https:\/\/treslineasnoticias.com.ar\/index.php?rest_route=%2Fwp%2Fv2%2Fcategories&post=23310"},{"taxonomy":"post_tag","embeddable":true,"href":"https:\/\/treslineasnoticias.com.ar\/index.php?rest_route=%2Fwp%2Fv2%2Ftags&post=23310"}],"curies":[{"name":"wp","href":"https:\/\/api.w.org\/{rel}","templated":true}]}}